{"id":106334,"date":"2017-07-20T09:40:38","date_gmt":"2017-07-20T08:40:38","guid":{"rendered":"http:\/\/www.visit-ulcinj.com\/blog\/?p=106334"},"modified":"2017-07-23T13:58:43","modified_gmt":"2017-07-23T12:58:43","slug":"nimanbegu-pds-si-po-shkel-marreveshjen-e-koalicionit","status":"publish","type":"post","link":"https:\/\/www.visit-ulcinj.com\/blog\/2017\/07\/20\/nimanbegu-pds-si-po-shkel-marreveshjen-e-koalicionit\/","title":{"rendered":"Nimanbegu: PDS-si po shkel marr\u00ebveshjen e koalicionit"},"content":{"rendered":"<p class=\"post-title\"><strong><a href=\"http:\/\/www.visit-ulcinj.com\/blog\/wp-content\/uploads\/2017\/04\/K\u00ebshilli-Komb\u00ebtar-i-Shqiptar\u00ebve-n\u00eb-Mal-t\u00eb-Zi-uron-Presidentin-Ilir-Meta-nimanbegu.jpg\"><img loading=\"lazy\" class=\"alignleft wp-image-104715\" src=\"http:\/\/www.visit-ulcinj.com\/blog\/wp-content\/uploads\/2017\/04\/K\u00ebshilli-Komb\u00ebtar-i-Shqiptar\u00ebve-n\u00eb-Mal-t\u00eb-Zi-uron-Presidentin-Ilir-Meta-nimanbegu.jpg\" alt=\"\" width=\"508\" height=\"350\" srcset=\"https:\/\/www.visit-ulcinj.com\/blog\/wp-content\/uploads\/2017\/04\/K\u00ebshilli-Komb\u00ebtar-i-Shqiptar\u00ebve-n\u00eb-Mal-t\u00eb-Zi-uron-Presidentin-Ilir-Meta-nimanbegu.jpg 960w, https:\/\/www.visit-ulcinj.com\/blog\/wp-content\/uploads\/2017\/04\/K\u00ebshilli-Komb\u00ebtar-i-Shqiptar\u00ebve-n\u00eb-Mal-t\u00eb-Zi-uron-Presidentin-Ilir-Meta-nimanbegu-300x207.jpg 300w, https:\/\/www.visit-ulcinj.com\/blog\/wp-content\/uploads\/2017\/04\/K\u00ebshilli-Komb\u00ebtar-i-Shqiptar\u00ebve-n\u00eb-Mal-t\u00eb-Zi-uron-Presidentin-Ilir-Meta-nimanbegu-768x530.jpg 768w\" sizes=\"(max-width: 508px) 100vw, 508px\" \/><\/a>PDS pa arsye po vonon implementimin e marr\u00ebveshjes me pakicat<\/strong><\/p>\n<p>Deputeti i koalicionit \u201cShqiptar\u00ebt t\u00eb vendosur\u201d, Genci Nimanbegu deklaroi se Partia Demokratike e Socialist\u00ebve pa asnj\u00eb arsyetim real po vonon p\u00ebrmbushjen e detyrimeve nga marr\u00ebveshja e koalicionit, me fokus n\u00eb kthimin e Valdanosit, ndarjen e funksioneve n\u00eb pushtet dhe p\u00ebrdorimin e lir\u00eb t\u00eb simboleve komb\u00ebtare, transmeton portali TV Teuta.<\/p>\n<p>Nimanbegu shtoi se Forca e Re Demokratike nuk jep p\u00ebrkrahje t\u00eb pakusht\u00ebzuar dhe nuk do ta b\u00ebj\u00eb k\u00ebt\u00eb as p\u00ebr zgjedhjet presidenciale. Ai cil\u00ebsoi se partit\u00eb shqiptare jan\u00eb t\u00eb vet\u00ebdijshme se vet\u00ebm nuk mund t\u00eb arrijn\u00eb shum\u00eb por k\u00ebrkesat e tyre jan\u00eb t\u00eb gjitha legjitime dhe racionale. N\u00eb lidhje me kriz\u00ebn politike n\u00eb vend, Nimanbegu vler\u00ebsoi se q\u00ebndrimet e pozits\u00eb dhe opozit\u00ebs jan\u00eb mjaft larg nj\u00ebra tjetr\u00ebs, sidomos sa i p\u00ebrket k\u00ebrkes\u00ebs s\u00eb k\u00ebsaj t\u00eb fundit p\u00ebr p\u00ebrs\u00ebritjen e zgjedhjeve parlamentare.<\/p>\n","protected":false},"excerpt":{"rendered":"<p>PDS pa arsye po vonon implementimin e marr\u00ebveshjes me pakicat Deputeti i koalicionit \u201cShqiptar\u00ebt t\u00eb vendosur\u201d, Genci Nimanbegu deklaroi se Partia Demokratike e Socialist\u00ebve pa asnj\u00eb arsyetim real po vonon p\u00ebrmbushjen e detyrimeve nga marr\u00ebveshja e koalicionit, me fokus n\u00eb kthimin e Valdanosit, ndarjen e funksioneve n\u00eb pushtet dhe p\u00ebrdorimin e lir\u00eb t\u00eb simboleve komb\u00ebtare, [&hellip;]<\/p>\n","protected":false},"author":1,"featured_media":0,"comment_status":"closed","ping_status":"closed","sticky":false,"template":"","format":"standard","meta":{"spay_email":"","jetpack_publicize_message":"","jetpack_is_tweetstorm":false,"jetpack_publicize_feature_enabled":true},"categories":[1,12],"tags":[],"jetpack_publicize_connections":[],"yoast_head":"<!-- This site is optimized with the Yoast SEO plugin v19.1 - https:\/\/yoast.com\/wordpress\/plugins\/seo\/ -->\n<title>Nimanbegu: PDS-si po shkel marr\u00ebveshjen e koalicionit - Lajme nga Ulqini<\/title>\n<meta name=\"description\" content=\"PDS pa arsye po vonon implementimin e marr\u00ebveshjes me pakicat Deputeti i koalicionit \u201cShqiptar\u00ebt t\u00eb vendosur\u201d, Genci Nimanbegu deklaroi se Partia\" \/>\n<meta name=\"robots\" content=\"index, follow, max-snippet:-1, max-image-preview:large, max-video-preview:-1\" \/>\n<link rel=\"canonical\" href=\"https:\/\/www.visit-ulcinj.com\/blog\/2017\/07\/20\/nimanbegu-pds-si-po-shkel-marreveshjen-e-koalicionit\/\" \/>\n<meta property=\"og:locale\" content=\"en_US\" \/>\n<meta property=\"og:type\" content=\"article\" \/>\n<meta property=\"og:title\" content=\"Nimanbegu: PDS-si po shkel marr\u00ebveshjen e koalicionit - Lajme nga Ulqini\" \/>\n<meta property=\"og:description\" content=\"PDS pa arsye po vonon implementimin e marr\u00ebveshjes me pakicat Deputeti i koalicionit \u201cShqiptar\u00ebt t\u00eb vendosur\u201d, Genci Nimanbegu deklaroi se Partia\" \/>\n<meta property=\"og:url\" content=\"https:\/\/www.visit-ulcinj.com\/blog\/2017\/07\/20\/nimanbegu-pds-si-po-shkel-marreveshjen-e-koalicionit\/\" \/>\n<meta property=\"og:site_name\" content=\"Lajme nga Ulqini\" \/>\n<meta property=\"article:published_time\" content=\"2017-07-20T08:40:38+00:00\" \/>\n<meta property=\"article:modified_time\" content=\"2017-07-23T12:58:43+00:00\" \/>\n<meta name=\"twitter:label1\" content=\"Written by\" \/>\n\t<meta name=\"twitter:data1\" content=\"ulqini\" \/>\n\t<meta name=\"twitter:label2\" content=\"Est. reading time\" \/>\n\t<meta name=\"twitter:data2\" content=\"1 minute\" \/>\n<script type=\"application\/ld+json\" class=\"yoast-schema-graph\">{\"@context\":\"https:\/\/schema.org\",\"@graph\":[{\"@type\":\"WebSite\",\"@id\":\"https:\/\/www.visit-ulcinj.com\/blog\/#website\",\"url\":\"https:\/\/www.visit-ulcinj.com\/blog\/\",\"name\":\"Lajme nga Ulqini\",\"description\":\"Lajme,Vijesti,Ulqini,Ulqin,Crna Gora,Mali i Zi\",\"potentialAction\":[{\"@type\":\"SearchAction\",\"target\":{\"@type\":\"EntryPoint\",\"urlTemplate\":\"https:\/\/www.visit-ulcinj.com\/blog\/?s={search_term_string}\"},\"query-input\":\"required name=search_term_string\"}],\"inLanguage\":\"en-US\"},{\"@type\":\"WebPage\",\"@id\":\"https:\/\/www.visit-ulcinj.com\/blog\/2017\/07\/20\/nimanbegu-pds-si-po-shkel-marreveshjen-e-koalicionit\/#webpage\",\"url\":\"https:\/\/www.visit-ulcinj.com\/blog\/2017\/07\/20\/nimanbegu-pds-si-po-shkel-marreveshjen-e-koalicionit\/\",\"name\":\"Nimanbegu: PDS-si po shkel marr\u00ebveshjen e koalicionit - Lajme nga Ulqini\",\"isPartOf\":{\"@id\":\"https:\/\/www.visit-ulcinj.com\/blog\/#website\"},\"datePublished\":\"2017-07-20T08:40:38+00:00\",\"dateModified\":\"2017-07-23T12:58:43+00:00\",\"author\":{\"@id\":\"https:\/\/www.visit-ulcinj.com\/blog\/#\/schema\/person\/dcab619c614d3038751c63bc2aadc06d\"},\"description\":\"PDS pa arsye po vonon implementimin e marr\u00ebveshjes me pakicat Deputeti i koalicionit \u201cShqiptar\u00ebt t\u00eb vendosur\u201d, Genci Nimanbegu deklaroi se Partia\",\"breadcrumb\":{\"@id\":\"https:\/\/www.visit-ulcinj.com\/blog\/2017\/07\/20\/nimanbegu-pds-si-po-shkel-marreveshjen-e-koalicionit\/#breadcrumb\"},\"inLanguage\":\"en-US\",\"potentialAction\":[{\"@type\":\"ReadAction\",\"target\":[\"https:\/\/www.visit-ulcinj.com\/blog\/2017\/07\/20\/nimanbegu-pds-si-po-shkel-marreveshjen-e-koalicionit\/\"]}]},{\"@type\":\"BreadcrumbList\",\"@id\":\"https:\/\/www.visit-ulcinj.com\/blog\/2017\/07\/20\/nimanbegu-pds-si-po-shkel-marreveshjen-e-koalicionit\/#breadcrumb\",\"itemListElement\":[{\"@type\":\"ListItem\",\"position\":1,\"name\":\"Nimanbegu: PDS-si po shkel marr\u00ebveshjen e koalicionit\"}]},{\"@type\":\"Person\",\"@id\":\"https:\/\/www.visit-ulcinj.com\/blog\/#\/schema\/person\/dcab619c614d3038751c63bc2aadc06d\",\"name\":\"ulqini\",\"sameAs\":[\"http:\/\/www.visit-ulcinj.com\"],\"url\":\"https:\/\/www.visit-ulcinj.com\/blog\/author\/admin\/\"}]}<\/script>\n<!-- \/ Yoast SEO plugin. -->","yoast_head_json":{"title":"Nimanbegu: PDS-si po shkel marr\u00ebveshjen e koalicionit - Lajme nga Ulqini","description":"PDS pa arsye po vonon implementimin e marr\u00ebveshjes me pakicat Deputeti i koalicionit \u201cShqiptar\u00ebt t\u00eb vendosur\u201d, Genci Nimanbegu deklaroi se Partia","robots":{"index":"index","follow":"follow","max-snippet":"max-snippet:-1","max-image-preview":"max-image-preview:large","max-video-preview":"max-video-preview:-1"},"canonical":"https:\/\/www.visit-ulcinj.com\/blog\/2017\/07\/20\/nimanbegu-pds-si-po-shkel-marreveshjen-e-koalicionit\/","og_locale":"en_US","og_type":"article","og_title":"Nimanbegu: PDS-si po shkel marr\u00ebveshjen e koalicionit - Lajme nga Ulqini","og_description":"PDS pa arsye po vonon implementimin e marr\u00ebveshjes me pakicat Deputeti i koalicionit \u201cShqiptar\u00ebt t\u00eb vendosur\u201d, Genci Nimanbegu deklaroi se Partia","og_url":"https:\/\/www.visit-ulcinj.com\/blog\/2017\/07\/20\/nimanbegu-pds-si-po-shkel-marreveshjen-e-koalicionit\/","og_site_name":"Lajme nga Ulqini","article_published_time":"2017-07-20T08:40:38+00:00","article_modified_time":"2017-07-23T12:58:43+00:00","twitter_misc":{"Written by":"ulqini","Est. reading time":"1 minute"},"schema":{"@context":"https:\/\/schema.org","@graph":[{"@type":"WebSite","@id":"https:\/\/www.visit-ulcinj.com\/blog\/#website","url":"https:\/\/www.visit-ulcinj.com\/blog\/","name":"Lajme nga Ulqini","description":"Lajme,Vijesti,Ulqini,Ulqin,Crna Gora,Mali i Zi","potentialAction":[{"@type":"SearchAction","target":{"@type":"EntryPoint","urlTemplate":"https:\/\/www.visit-ulcinj.com\/blog\/?s={search_term_string}"},"query-input":"required name=search_term_string"}],"inLanguage":"en-US"},{"@type":"WebPage","@id":"https:\/\/www.visit-ulcinj.com\/blog\/2017\/07\/20\/nimanbegu-pds-si-po-shkel-marreveshjen-e-koalicionit\/#webpage","url":"https:\/\/www.visit-ulcinj.com\/blog\/2017\/07\/20\/nimanbegu-pds-si-po-shkel-marreveshjen-e-koalicionit\/","name":"Nimanbegu: PDS-si po shkel marr\u00ebveshjen e koalicionit - Lajme nga Ulqini","isPartOf":{"@id":"https:\/\/www.visit-ulcinj.com\/blog\/#website"},"datePublished":"2017-07-20T08:40:38+00:00","dateModified":"2017-07-23T12:58:43+00:00","author":{"@id":"https:\/\/www.visit-ulcinj.com\/blog\/#\/schema\/person\/dcab619c614d3038751c63bc2aadc06d"},"description":"PDS pa arsye po vonon implementimin e marr\u00ebveshjes me pakicat Deputeti i koalicionit \u201cShqiptar\u00ebt t\u00eb vendosur\u201d, Genci Nimanbegu deklaroi se Partia","breadcrumb":{"@id":"https:\/\/www.visit-ulcinj.com\/blog\/2017\/07\/20\/nimanbegu-pds-si-po-shkel-marreveshjen-e-koalicionit\/#breadcrumb"},"inLanguage":"en-US","potentialAction":[{"@type":"ReadAction","target":["https:\/\/www.visit-ulcinj.com\/blog\/2017\/07\/20\/nimanbegu-pds-si-po-shkel-marreveshjen-e-koalicionit\/"]}]},{"@type":"BreadcrumbList","@id":"https:\/\/www.visit-ulcinj.com\/blog\/2017\/07\/20\/nimanbegu-pds-si-po-shkel-marreveshjen-e-koalicionit\/#breadcrumb","itemListElement":[{"@type":"ListItem","position":1,"name":"Nimanbegu: PDS-si po shkel marr\u00ebveshjen e koalicionit"}]},{"@type":"Person","@id":"https:\/\/www.visit-ulcinj.com\/blog\/#\/schema\/person\/dcab619c614d3038751c63bc2aadc06d","name":"ulqini","sameAs":["http:\/\/www.visit-ulcinj.com"],"url":"https:\/\/www.visit-ulcinj.com\/blog\/author\/admin\/"}]}},"jetpack_featured_media_url":"","jetpack_sharing_enabled":true,"jetpack_shortlink":"https:\/\/wp.me\/pe6lTn-rF4","_links":{"self":[{"href":"https:\/\/www.visit-ulcinj.com\/blog\/wp-json\/wp\/v2\/posts\/106334"}],"collection":[{"href":"https:\/\/www.visit-ulcinj.com\/blog\/wp-json\/wp\/v2\/posts"}],"about":[{"href":"https:\/\/www.visit-ulcinj.com\/blog\/wp-json\/wp\/v2\/types\/post"}],"author":[{"embeddable":true,"href":"https:\/\/www.visit-ulcinj.com\/blog\/wp-json\/wp\/v2\/users\/1"}],"replies":[{"embeddable":true,"href":"https:\/\/www.visit-ulcinj.com\/blog\/wp-json\/wp\/v2\/comments?post=106334"}],"version-history":[{"count":1,"href":"https:\/\/www.visit-ulcinj.com\/blog\/wp-json\/wp\/v2\/posts\/106334\/revisions"}],"predecessor-version":[{"id":106335,"href":"https:\/\/www.visit-ulcinj.com\/blog\/wp-json\/wp\/v2\/posts\/106334\/revisions\/106335"}],"wp:attachment":[{"href":"https:\/\/www.visit-ulcinj.com\/blog\/wp-json\/wp\/v2\/media?parent=106334"}],"wp:term":[{"taxonomy":"category","embeddable":true,"href":"https:\/\/www.visit-ulcinj.com\/blog\/wp-json\/wp\/v2\/categories?post=106334"},{"taxonomy":"post_tag","embeddable":true,"href":"https:\/\/www.visit-ulcinj.com\/blog\/wp-json\/wp\/v2\/tags?post=106334"}],"curies":[{"name":"wp","href":"https:\/\/api.w.org\/{rel}","templated":true}]}}