{"id":106341,"date":"2017-07-20T21:50:16","date_gmt":"2017-07-20T20:50:16","guid":{"rendered":"http:\/\/www.visit-ulcinj.com\/blog\/?p=106341"},"modified":"2017-07-20T21:50:16","modified_gmt":"2017-07-20T20:50:16","slug":"kovaci-ceshtja-e-perdorimit-te-gjuhes-shqipe-per-ne-eshte-fundamentale","status":"publish","type":"post","link":"https:\/\/www.visit-ulcinj.com\/blog\/2017\/07\/20\/kovaci-ceshtja-e-perdorimit-te-gjuhes-shqipe-per-ne-eshte-fundamentale\/","title":{"rendered":"Kova\u00e7i: \u00c7\u00ebshtja e p\u00ebrdorimit t\u00eb gjuh\u00ebs shqipe p\u00ebr ne \u00ebsht\u00eb fundamentale"},"content":{"rendered":"<p><strong><a href=\"http:\/\/www.visit-ulcinj.com\/blog\/wp-content\/uploads\/2017\/07\/Hajredin-Kova\u00e7i-1.jpg\"><img loading=\"lazy\" class=\"alignleft wp-image-106342\" src=\"http:\/\/www.visit-ulcinj.com\/blog\/wp-content\/uploads\/2017\/07\/Hajredin-Kova\u00e7i-1.jpg\" alt=\"\" width=\"508\" height=\"311\" srcset=\"https:\/\/www.visit-ulcinj.com\/blog\/wp-content\/uploads\/2017\/07\/Hajredin-Kova\u00e7i-1.jpg 637w, https:\/\/www.visit-ulcinj.com\/blog\/wp-content\/uploads\/2017\/07\/Hajredin-Kova\u00e7i-1-300x184.jpg 300w\" sizes=\"(max-width: 508px) 100vw, 508px\" \/><\/a>K\u00ebshilltari i Lidhjes demokratike n\u00eb Mal t\u00eb Zi dhe i Koalicionit \u201cBashk\u00eb p\u00ebr t\u00eb ardhmen e Ulqinit\u201d Hajredin Kova\u00e7i n\u00eb m\u00ebnyr\u00eb demonstrative e ka l\u00ebshuar t\u00eb enjten mbledhjen e Kuvendit komunal, raporton partali Ul.info.<\/strong><\/p>\n<p>\u201cTash disa muaj k\u00ebrkojm\u00eb q\u00eb t\u00eb na mund\u00ebsohet e drejta jon\u00eb kushtetuese, ligjore dhe statutore dhe t\u00eb gjith\u00eb materialet t\u00eb na dor\u00ebzohen n\u00eb gjuh\u00ebn shqipe. K\u00ebt\u00eb t\u00eb drejt\u00eb n\u00eb k\u00ebt\u00eb kuvend ne nuk mund ta realizojm\u00eb\u201d, tha ai.<\/p>\n<p>Sipas fjal\u00ebve t\u00eb tija, kjo e drejt\u00eb \u00ebsht\u00eb fundamentale. \u201c\u00cbsht\u00eb p\u00ebrcaktuesi ky\u00e7 i identitetit ton\u00eb. Prandaj, p\u00ebr dike kjo mund t\u00eb jet\u00eb pak, por p\u00ebr ne \u00ebsht\u00eb shum\u00eb e madhe\u201d, theksoi Kova\u00e7i duke k\u00ebrkuar po ashtu q\u00eb emri t\u2019i shkruhet n\u00eb origjinal.<\/p>\n","protected":false},"excerpt":{"rendered":"<p>K\u00ebshilltari i Lidhjes demokratike n\u00eb Mal t\u00eb Zi dhe i Koalicionit \u201cBashk\u00eb p\u00ebr t\u00eb ardhmen e Ulqinit\u201d Hajredin Kova\u00e7i n\u00eb m\u00ebnyr\u00eb demonstrative e ka l\u00ebshuar t\u00eb enjten mbledhjen e Kuvendit komunal, raporton partali Ul.info. \u201cTash disa muaj k\u00ebrkojm\u00eb q\u00eb t\u00eb na mund\u00ebsohet e drejta jon\u00eb kushtetuese, ligjore dhe statutore dhe t\u00eb gjith\u00eb materialet t\u00eb na [&hellip;]<\/p>\n","protected":false},"author":1,"featured_media":0,"comment_status":"closed","ping_status":"closed","sticky":false,"template":"","format":"standard","meta":{"spay_email":"","jetpack_publicize_message":"","jetpack_is_tweetstorm":false,"jetpack_publicize_feature_enabled":true},"categories":[6],"tags":[],"jetpack_publicize_connections":[],"yoast_head":"<!-- This site is optimized with the Yoast SEO plugin v19.1 - https:\/\/yoast.com\/wordpress\/plugins\/seo\/ -->\n<title>Kova\u00e7i: \u00c7\u00ebshtja e p\u00ebrdorimit t\u00eb gjuh\u00ebs shqipe p\u00ebr ne \u00ebsht\u00eb fundamentale - Lajme nga Ulqini<\/title>\n<meta name=\"description\" content=\"K\u00ebshilltari i Lidhjes demokratike n\u00eb Mal t\u00eb Zi dhe i Koalicionit \u201cBashk\u00eb p\u00ebr t\u00eb ardhmen e Ulqinit\u201d Hajredin Kova\u00e7i n\u00eb m\u00ebnyr\u00eb demonstrative e ka l\u00ebshuar t\u00eb\" \/>\n<meta name=\"robots\" content=\"index, follow, max-snippet:-1, max-image-preview:large, max-video-preview:-1\" \/>\n<link rel=\"canonical\" href=\"https:\/\/www.visit-ulcinj.com\/blog\/2017\/07\/20\/kovaci-ceshtja-e-perdorimit-te-gjuhes-shqipe-per-ne-eshte-fundamentale\/\" \/>\n<meta property=\"og:locale\" content=\"en_US\" \/>\n<meta property=\"og:type\" content=\"article\" \/>\n<meta property=\"og:title\" content=\"Kova\u00e7i: \u00c7\u00ebshtja e p\u00ebrdorimit t\u00eb gjuh\u00ebs shqipe p\u00ebr ne \u00ebsht\u00eb fundamentale - Lajme nga Ulqini\" \/>\n<meta property=\"og:description\" content=\"K\u00ebshilltari i Lidhjes demokratike n\u00eb Mal t\u00eb Zi dhe i Koalicionit \u201cBashk\u00eb p\u00ebr t\u00eb ardhmen e Ulqinit\u201d Hajredin Kova\u00e7i n\u00eb m\u00ebnyr\u00eb demonstrative e ka l\u00ebshuar t\u00eb\" \/>\n<meta property=\"og:url\" content=\"https:\/\/www.visit-ulcinj.com\/blog\/2017\/07\/20\/kovaci-ceshtja-e-perdorimit-te-gjuhes-shqipe-per-ne-eshte-fundamentale\/\" \/>\n<meta property=\"og:site_name\" content=\"Lajme nga Ulqini\" \/>\n<meta property=\"article:published_time\" content=\"2017-07-20T20:50:16+00:00\" \/>\n<meta name=\"twitter:label1\" content=\"Written by\" \/>\n\t<meta name=\"twitter:data1\" content=\"ulqini\" \/>\n\t<meta name=\"twitter:label2\" content=\"Est. reading time\" \/>\n\t<meta name=\"twitter:data2\" content=\"1 minute\" \/>\n<script type=\"application\/ld+json\" class=\"yoast-schema-graph\">{\"@context\":\"https:\/\/schema.org\",\"@graph\":[{\"@type\":\"WebSite\",\"@id\":\"https:\/\/www.visit-ulcinj.com\/blog\/#website\",\"url\":\"https:\/\/www.visit-ulcinj.com\/blog\/\",\"name\":\"Lajme nga Ulqini\",\"description\":\"Lajme,Vijesti,Ulqini,Ulqin,Crna Gora,Mali i Zi\",\"potentialAction\":[{\"@type\":\"SearchAction\",\"target\":{\"@type\":\"EntryPoint\",\"urlTemplate\":\"https:\/\/www.visit-ulcinj.com\/blog\/?s={search_term_string}\"},\"query-input\":\"required name=search_term_string\"}],\"inLanguage\":\"en-US\"},{\"@type\":\"WebPage\",\"@id\":\"https:\/\/www.visit-ulcinj.com\/blog\/2017\/07\/20\/kovaci-ceshtja-e-perdorimit-te-gjuhes-shqipe-per-ne-eshte-fundamentale\/#webpage\",\"url\":\"https:\/\/www.visit-ulcinj.com\/blog\/2017\/07\/20\/kovaci-ceshtja-e-perdorimit-te-gjuhes-shqipe-per-ne-eshte-fundamentale\/\",\"name\":\"Kova\u00e7i: \u00c7\u00ebshtja e p\u00ebrdorimit t\u00eb gjuh\u00ebs shqipe p\u00ebr ne \u00ebsht\u00eb fundamentale - Lajme nga Ulqini\",\"isPartOf\":{\"@id\":\"https:\/\/www.visit-ulcinj.com\/blog\/#website\"},\"datePublished\":\"2017-07-20T20:50:16+00:00\",\"dateModified\":\"2017-07-20T20:50:16+00:00\",\"author\":{\"@id\":\"https:\/\/www.visit-ulcinj.com\/blog\/#\/schema\/person\/dcab619c614d3038751c63bc2aadc06d\"},\"description\":\"K\u00ebshilltari i Lidhjes demokratike n\u00eb Mal t\u00eb Zi dhe i Koalicionit \u201cBashk\u00eb p\u00ebr t\u00eb ardhmen e Ulqinit\u201d Hajredin Kova\u00e7i n\u00eb m\u00ebnyr\u00eb demonstrative e ka l\u00ebshuar t\u00eb\",\"breadcrumb\":{\"@id\":\"https:\/\/www.visit-ulcinj.com\/blog\/2017\/07\/20\/kovaci-ceshtja-e-perdorimit-te-gjuhes-shqipe-per-ne-eshte-fundamentale\/#breadcrumb\"},\"inLanguage\":\"en-US\",\"potentialAction\":[{\"@type\":\"ReadAction\",\"target\":[\"https:\/\/www.visit-ulcinj.com\/blog\/2017\/07\/20\/kovaci-ceshtja-e-perdorimit-te-gjuhes-shqipe-per-ne-eshte-fundamentale\/\"]}]},{\"@type\":\"BreadcrumbList\",\"@id\":\"https:\/\/www.visit-ulcinj.com\/blog\/2017\/07\/20\/kovaci-ceshtja-e-perdorimit-te-gjuhes-shqipe-per-ne-eshte-fundamentale\/#breadcrumb\",\"itemListElement\":[{\"@type\":\"ListItem\",\"position\":1,\"name\":\"Kova\u00e7i: \u00c7\u00ebshtja e p\u00ebrdorimit t\u00eb gjuh\u00ebs shqipe p\u00ebr ne \u00ebsht\u00eb fundamentale\"}]},{\"@type\":\"Person\",\"@id\":\"https:\/\/www.visit-ulcinj.com\/blog\/#\/schema\/person\/dcab619c614d3038751c63bc2aadc06d\",\"name\":\"ulqini\",\"sameAs\":[\"http:\/\/www.visit-ulcinj.com\"],\"url\":\"https:\/\/www.visit-ulcinj.com\/blog\/author\/admin\/\"}]}<\/script>\n<!-- \/ Yoast SEO plugin. -->","yoast_head_json":{"title":"Kova\u00e7i: \u00c7\u00ebshtja e p\u00ebrdorimit t\u00eb gjuh\u00ebs shqipe p\u00ebr ne \u00ebsht\u00eb fundamentale - Lajme nga Ulqini","description":"K\u00ebshilltari i Lidhjes demokratike n\u00eb Mal t\u00eb Zi dhe i Koalicionit \u201cBashk\u00eb p\u00ebr t\u00eb ardhmen e Ulqinit\u201d Hajredin Kova\u00e7i n\u00eb m\u00ebnyr\u00eb demonstrative e ka l\u00ebshuar t\u00eb","robots":{"index":"index","follow":"follow","max-snippet":"max-snippet:-1","max-image-preview":"max-image-preview:large","max-video-preview":"max-video-preview:-1"},"canonical":"https:\/\/www.visit-ulcinj.com\/blog\/2017\/07\/20\/kovaci-ceshtja-e-perdorimit-te-gjuhes-shqipe-per-ne-eshte-fundamentale\/","og_locale":"en_US","og_type":"article","og_title":"Kova\u00e7i: \u00c7\u00ebshtja e p\u00ebrdorimit t\u00eb gjuh\u00ebs shqipe p\u00ebr ne \u00ebsht\u00eb fundamentale - Lajme nga Ulqini","og_description":"K\u00ebshilltari i Lidhjes demokratike n\u00eb Mal t\u00eb Zi dhe i Koalicionit \u201cBashk\u00eb p\u00ebr t\u00eb ardhmen e Ulqinit\u201d Hajredin Kova\u00e7i n\u00eb m\u00ebnyr\u00eb demonstrative e ka l\u00ebshuar t\u00eb","og_url":"https:\/\/www.visit-ulcinj.com\/blog\/2017\/07\/20\/kovaci-ceshtja-e-perdorimit-te-gjuhes-shqipe-per-ne-eshte-fundamentale\/","og_site_name":"Lajme nga Ulqini","article_published_time":"2017-07-20T20:50:16+00:00","twitter_misc":{"Written by":"ulqini","Est. reading time":"1 minute"},"schema":{"@context":"https:\/\/schema.org","@graph":[{"@type":"WebSite","@id":"https:\/\/www.visit-ulcinj.com\/blog\/#website","url":"https:\/\/www.visit-ulcinj.com\/blog\/","name":"Lajme nga Ulqini","description":"Lajme,Vijesti,Ulqini,Ulqin,Crna Gora,Mali i Zi","potentialAction":[{"@type":"SearchAction","target":{"@type":"EntryPoint","urlTemplate":"https:\/\/www.visit-ulcinj.com\/blog\/?s={search_term_string}"},"query-input":"required name=search_term_string"}],"inLanguage":"en-US"},{"@type":"WebPage","@id":"https:\/\/www.visit-ulcinj.com\/blog\/2017\/07\/20\/kovaci-ceshtja-e-perdorimit-te-gjuhes-shqipe-per-ne-eshte-fundamentale\/#webpage","url":"https:\/\/www.visit-ulcinj.com\/blog\/2017\/07\/20\/kovaci-ceshtja-e-perdorimit-te-gjuhes-shqipe-per-ne-eshte-fundamentale\/","name":"Kova\u00e7i: \u00c7\u00ebshtja e p\u00ebrdorimit t\u00eb gjuh\u00ebs shqipe p\u00ebr ne \u00ebsht\u00eb fundamentale - Lajme nga Ulqini","isPartOf":{"@id":"https:\/\/www.visit-ulcinj.com\/blog\/#website"},"datePublished":"2017-07-20T20:50:16+00:00","dateModified":"2017-07-20T20:50:16+00:00","author":{"@id":"https:\/\/www.visit-ulcinj.com\/blog\/#\/schema\/person\/dcab619c614d3038751c63bc2aadc06d"},"description":"K\u00ebshilltari i Lidhjes demokratike n\u00eb Mal t\u00eb Zi dhe i Koalicionit \u201cBashk\u00eb p\u00ebr t\u00eb ardhmen e Ulqinit\u201d Hajredin Kova\u00e7i n\u00eb m\u00ebnyr\u00eb demonstrative e ka l\u00ebshuar t\u00eb","breadcrumb":{"@id":"https:\/\/www.visit-ulcinj.com\/blog\/2017\/07\/20\/kovaci-ceshtja-e-perdorimit-te-gjuhes-shqipe-per-ne-eshte-fundamentale\/#breadcrumb"},"inLanguage":"en-US","potentialAction":[{"@type":"ReadAction","target":["https:\/\/www.visit-ulcinj.com\/blog\/2017\/07\/20\/kovaci-ceshtja-e-perdorimit-te-gjuhes-shqipe-per-ne-eshte-fundamentale\/"]}]},{"@type":"BreadcrumbList","@id":"https:\/\/www.visit-ulcinj.com\/blog\/2017\/07\/20\/kovaci-ceshtja-e-perdorimit-te-gjuhes-shqipe-per-ne-eshte-fundamentale\/#breadcrumb","itemListElement":[{"@type":"ListItem","position":1,"name":"Kova\u00e7i: \u00c7\u00ebshtja e p\u00ebrdorimit t\u00eb gjuh\u00ebs shqipe p\u00ebr ne \u00ebsht\u00eb fundamentale"}]},{"@type":"Person","@id":"https:\/\/www.visit-ulcinj.com\/blog\/#\/schema\/person\/dcab619c614d3038751c63bc2aadc06d","name":"ulqini","sameAs":["http:\/\/www.visit-ulcinj.com"],"url":"https:\/\/www.visit-ulcinj.com\/blog\/author\/admin\/"}]}},"jetpack_featured_media_url":"","jetpack_sharing_enabled":true,"jetpack_shortlink":"https:\/\/wp.me\/pe6lTn-rFb","_links":{"self":[{"href":"https:\/\/www.visit-ulcinj.com\/blog\/wp-json\/wp\/v2\/posts\/106341"}],"collection":[{"href":"https:\/\/www.visit-ulcinj.com\/blog\/wp-json\/wp\/v2\/posts"}],"about":[{"href":"https:\/\/www.visit-ulcinj.com\/blog\/wp-json\/wp\/v2\/types\/post"}],"author":[{"embeddable":true,"href":"https:\/\/www.visit-ulcinj.com\/blog\/wp-json\/wp\/v2\/users\/1"}],"replies":[{"embeddable":true,"href":"https:\/\/www.visit-ulcinj.com\/blog\/wp-json\/wp\/v2\/comments?post=106341"}],"version-history":[{"count":1,"href":"https:\/\/www.visit-ulcinj.com\/blog\/wp-json\/wp\/v2\/posts\/106341\/revisions"}],"predecessor-version":[{"id":106343,"href":"https:\/\/www.visit-ulcinj.com\/blog\/wp-json\/wp\/v2\/posts\/106341\/revisions\/106343"}],"wp:attachment":[{"href":"https:\/\/www.visit-ulcinj.com\/blog\/wp-json\/wp\/v2\/media?parent=106341"}],"wp:term":[{"taxonomy":"category","embeddable":true,"href":"https:\/\/www.visit-ulcinj.com\/blog\/wp-json\/wp\/v2\/categories?post=106341"},{"taxonomy":"post_tag","embeddable":true,"href":"https:\/\/www.visit-ulcinj.com\/blog\/wp-json\/wp\/v2\/tags?post=106341"}],"curies":[{"name":"wp","href":"https:\/\/api.w.org\/{rel}","templated":true}]}}