{"id":106344,"date":"2017-07-21T16:30:09","date_gmt":"2017-07-21T15:30:09","guid":{"rendered":"http:\/\/www.visit-ulcinj.com\/blog\/?p=106344"},"modified":"2017-07-21T16:34:02","modified_gmt":"2017-07-21T15:34:02","slug":"arian-agushi-e-kalle-atmosferen-ne-ulqin-video","status":"publish","type":"post","link":"https:\/\/www.visit-ulcinj.com\/blog\/2017\/07\/21\/arian-agushi-e-kalle-atmosferen-ne-ulqin-video\/","title":{"rendered":"Arian Agushi e &#8216;kall\u00eb&#8217; atmosfer\u00ebn n\u00eb Ulqin &#8211; Video"},"content":{"rendered":"<p><span class=\"st\"><strong> <a href=\"http:\/\/www.visit-ulcinj.com\/blog\/wp-content\/uploads\/2017\/07\/Arian-Agushi-e-kall\u00eb-atmosfer\u00ebn-n\u00eb-Ulqin-Video.jpg\"><img loading=\"lazy\" class=\"alignleft wp-image-106345\" src=\"http:\/\/www.visit-ulcinj.com\/blog\/wp-content\/uploads\/2017\/07\/Arian-Agushi-e-kall\u00eb-atmosfer\u00ebn-n\u00eb-Ulqin-Video.jpg\" alt=\"\" width=\"508\" height=\"285\" \/><\/a>Reperi i njohur Gold AG, performon hitet e tij m\u00eb t\u00eb fundit n\u00eb koncertin e tij\u00eb n\u00eb Hollegro t\u00eb Ulqinit, ku pas pak\u00eb kohe, ka b\u00ebr\u00eb buj\u00eb n\u00eb rrjetet sociale.<\/strong><br \/>\n<\/span><\/p>\n<p>Ariani ka b\u00eb nj\u00eb spektak\u00ebl t\u00eb v\u00ebrtet\u00eb, me sken\u00eb spektakulare dhe ambient fantastik sikurse fansat q\u00eb prit\u00ebn me duar\u00eb-hap\u00ebt n\u00eb Hollegro.<\/p>\n<p>N\u00eb baz\u00eb t\u00eb fotove t\u00eb publikuara nga reperi Gold AG,\u00a0 shihet atmosfera q\u00eb ai ka krijuar me publikun. E n\u00eb baz\u00eb t\u00eb fotografive dhe videos shihet q\u00eb i t\u00ebr\u00eb publiku \u00ebsht\u00eb ngritur n\u00eb k\u00ebmb\u00eb gjat\u00eb performanc\u00ebs s\u00eb Arian Agushit n\u00eb Ulqin.\/Lajme nga Ulqin<\/p>\n<p><iframe loading=\"lazy\" style=\"border: none; overflow: hidden;\" src=\"https:\/\/www.facebook.com\/plugins\/video.php?href=https%3A%2F%2Fwww.facebook.com%2Fgold.ag%2Fvideos%2F10155052148064751%2F&amp;show_text=0&amp;width=508\" width=\"508\" height=\"325\" frameborder=\"0\" scrolling=\"no\" allowfullscreen=\"allowfullscreen\"><\/iframe><\/p>\n","protected":false},"excerpt":{"rendered":"<p>Reperi i njohur Gold AG, performon hitet e tij m\u00eb t\u00eb fundit n\u00eb koncertin e tij\u00eb n\u00eb Hollegro t\u00eb Ulqinit, ku pas pak\u00eb kohe, ka b\u00ebr\u00eb buj\u00eb n\u00eb rrjetet sociale. Ariani ka b\u00eb nj\u00eb spektak\u00ebl t\u00eb v\u00ebrtet\u00eb, me sken\u00eb spektakulare dhe ambient fantastik sikurse fansat q\u00eb prit\u00ebn me duar\u00eb-hap\u00ebt n\u00eb Hollegro. N\u00eb baz\u00eb t\u00eb fotove [&hellip;]<\/p>\n","protected":false},"author":1,"featured_media":0,"comment_status":"closed","ping_status":"closed","sticky":false,"template":"","format":"standard","meta":{"spay_email":"","jetpack_publicize_message":"","jetpack_is_tweetstorm":false,"jetpack_publicize_feature_enabled":true},"categories":[1],"tags":[],"jetpack_publicize_connections":[],"yoast_head":"<!-- This site is optimized with the Yoast SEO plugin v19.1 - https:\/\/yoast.com\/wordpress\/plugins\/seo\/ -->\n<title>Arian Agushi e &#039;kall\u00eb&#039; atmosfer\u00ebn n\u00eb Ulqin - Video - Lajme nga Ulqini<\/title>\n<meta name=\"description\" content=\"Reperi i njohur Gold AG, performon hitet e tij m\u00eb t\u00eb fundit n\u00eb koncertin e tij\u00eb n\u00eb Hollegro t\u00eb Ulqinit, ku pas pak\u00eb kohe, ka b\u00ebr\u00eb buj\u00eb n\u00eb rrjetet sociale.\" \/>\n<meta name=\"robots\" content=\"index, follow, max-snippet:-1, max-image-preview:large, max-video-preview:-1\" \/>\n<link rel=\"canonical\" href=\"https:\/\/www.visit-ulcinj.com\/blog\/2017\/07\/21\/arian-agushi-e-kalle-atmosferen-ne-ulqin-video\/\" \/>\n<meta property=\"og:locale\" content=\"en_US\" \/>\n<meta property=\"og:type\" content=\"article\" \/>\n<meta property=\"og:title\" content=\"Arian Agushi e &#039;kall\u00eb&#039; atmosfer\u00ebn n\u00eb Ulqin - Video - Lajme nga Ulqini\" \/>\n<meta property=\"og:description\" content=\"Reperi i njohur Gold AG, performon hitet e tij m\u00eb t\u00eb fundit n\u00eb koncertin e tij\u00eb n\u00eb Hollegro t\u00eb Ulqinit, ku pas pak\u00eb kohe, ka b\u00ebr\u00eb buj\u00eb n\u00eb rrjetet sociale.\" \/>\n<meta property=\"og:url\" content=\"https:\/\/www.visit-ulcinj.com\/blog\/2017\/07\/21\/arian-agushi-e-kalle-atmosferen-ne-ulqin-video\/\" \/>\n<meta property=\"og:site_name\" content=\"Lajme nga Ulqini\" \/>\n<meta property=\"article:published_time\" content=\"2017-07-21T15:30:09+00:00\" \/>\n<meta property=\"article:modified_time\" content=\"2017-07-21T15:34:02+00:00\" \/>\n<meta name=\"twitter:label1\" content=\"Written by\" \/>\n\t<meta name=\"twitter:data1\" content=\"ulqini\" \/>\n\t<meta name=\"twitter:label2\" content=\"Est. reading time\" \/>\n\t<meta name=\"twitter:data2\" content=\"1 minute\" \/>\n<script type=\"application\/ld+json\" class=\"yoast-schema-graph\">{\"@context\":\"https:\/\/schema.org\",\"@graph\":[{\"@type\":\"WebSite\",\"@id\":\"https:\/\/www.visit-ulcinj.com\/blog\/#website\",\"url\":\"https:\/\/www.visit-ulcinj.com\/blog\/\",\"name\":\"Lajme nga Ulqini\",\"description\":\"Lajme,Vijesti,Ulqini,Ulqin,Crna Gora,Mali i Zi\",\"potentialAction\":[{\"@type\":\"SearchAction\",\"target\":{\"@type\":\"EntryPoint\",\"urlTemplate\":\"https:\/\/www.visit-ulcinj.com\/blog\/?s={search_term_string}\"},\"query-input\":\"required name=search_term_string\"}],\"inLanguage\":\"en-US\"},{\"@type\":\"WebPage\",\"@id\":\"https:\/\/www.visit-ulcinj.com\/blog\/2017\/07\/21\/arian-agushi-e-kalle-atmosferen-ne-ulqin-video\/#webpage\",\"url\":\"https:\/\/www.visit-ulcinj.com\/blog\/2017\/07\/21\/arian-agushi-e-kalle-atmosferen-ne-ulqin-video\/\",\"name\":\"Arian Agushi e 'kall\u00eb' atmosfer\u00ebn n\u00eb Ulqin - Video - Lajme nga Ulqini\",\"isPartOf\":{\"@id\":\"https:\/\/www.visit-ulcinj.com\/blog\/#website\"},\"datePublished\":\"2017-07-21T15:30:09+00:00\",\"dateModified\":\"2017-07-21T15:34:02+00:00\",\"author\":{\"@id\":\"https:\/\/www.visit-ulcinj.com\/blog\/#\/schema\/person\/dcab619c614d3038751c63bc2aadc06d\"},\"description\":\"Reperi i njohur Gold AG, performon hitet e tij m\u00eb t\u00eb fundit n\u00eb koncertin e tij\u00eb n\u00eb Hollegro t\u00eb Ulqinit, ku pas pak\u00eb kohe, ka b\u00ebr\u00eb buj\u00eb n\u00eb rrjetet sociale.\",\"breadcrumb\":{\"@id\":\"https:\/\/www.visit-ulcinj.com\/blog\/2017\/07\/21\/arian-agushi-e-kalle-atmosferen-ne-ulqin-video\/#breadcrumb\"},\"inLanguage\":\"en-US\",\"potentialAction\":[{\"@type\":\"ReadAction\",\"target\":[\"https:\/\/www.visit-ulcinj.com\/blog\/2017\/07\/21\/arian-agushi-e-kalle-atmosferen-ne-ulqin-video\/\"]}]},{\"@type\":\"BreadcrumbList\",\"@id\":\"https:\/\/www.visit-ulcinj.com\/blog\/2017\/07\/21\/arian-agushi-e-kalle-atmosferen-ne-ulqin-video\/#breadcrumb\",\"itemListElement\":[{\"@type\":\"ListItem\",\"position\":1,\"name\":\"Arian Agushi e &#8216;kall\u00eb&#8217; atmosfer\u00ebn n\u00eb Ulqin &#8211; Video\"}]},{\"@type\":\"Person\",\"@id\":\"https:\/\/www.visit-ulcinj.com\/blog\/#\/schema\/person\/dcab619c614d3038751c63bc2aadc06d\",\"name\":\"ulqini\",\"sameAs\":[\"http:\/\/www.visit-ulcinj.com\"],\"url\":\"https:\/\/www.visit-ulcinj.com\/blog\/author\/admin\/\"}]}<\/script>\n<!-- \/ Yoast SEO plugin. -->","yoast_head_json":{"title":"Arian Agushi e 'kall\u00eb' atmosfer\u00ebn n\u00eb Ulqin - Video - Lajme nga Ulqini","description":"Reperi i njohur Gold AG, performon hitet e tij m\u00eb t\u00eb fundit n\u00eb koncertin e tij\u00eb n\u00eb Hollegro t\u00eb Ulqinit, ku pas pak\u00eb kohe, ka b\u00ebr\u00eb buj\u00eb n\u00eb rrjetet sociale.","robots":{"index":"index","follow":"follow","max-snippet":"max-snippet:-1","max-image-preview":"max-image-preview:large","max-video-preview":"max-video-preview:-1"},"canonical":"https:\/\/www.visit-ulcinj.com\/blog\/2017\/07\/21\/arian-agushi-e-kalle-atmosferen-ne-ulqin-video\/","og_locale":"en_US","og_type":"article","og_title":"Arian Agushi e 'kall\u00eb' atmosfer\u00ebn n\u00eb Ulqin - Video - Lajme nga Ulqini","og_description":"Reperi i njohur Gold AG, performon hitet e tij m\u00eb t\u00eb fundit n\u00eb koncertin e tij\u00eb n\u00eb Hollegro t\u00eb Ulqinit, ku pas pak\u00eb kohe, ka b\u00ebr\u00eb buj\u00eb n\u00eb rrjetet sociale.","og_url":"https:\/\/www.visit-ulcinj.com\/blog\/2017\/07\/21\/arian-agushi-e-kalle-atmosferen-ne-ulqin-video\/","og_site_name":"Lajme nga Ulqini","article_published_time":"2017-07-21T15:30:09+00:00","article_modified_time":"2017-07-21T15:34:02+00:00","twitter_misc":{"Written by":"ulqini","Est. reading time":"1 minute"},"schema":{"@context":"https:\/\/schema.org","@graph":[{"@type":"WebSite","@id":"https:\/\/www.visit-ulcinj.com\/blog\/#website","url":"https:\/\/www.visit-ulcinj.com\/blog\/","name":"Lajme nga Ulqini","description":"Lajme,Vijesti,Ulqini,Ulqin,Crna Gora,Mali i Zi","potentialAction":[{"@type":"SearchAction","target":{"@type":"EntryPoint","urlTemplate":"https:\/\/www.visit-ulcinj.com\/blog\/?s={search_term_string}"},"query-input":"required name=search_term_string"}],"inLanguage":"en-US"},{"@type":"WebPage","@id":"https:\/\/www.visit-ulcinj.com\/blog\/2017\/07\/21\/arian-agushi-e-kalle-atmosferen-ne-ulqin-video\/#webpage","url":"https:\/\/www.visit-ulcinj.com\/blog\/2017\/07\/21\/arian-agushi-e-kalle-atmosferen-ne-ulqin-video\/","name":"Arian Agushi e 'kall\u00eb' atmosfer\u00ebn n\u00eb Ulqin - Video - Lajme nga Ulqini","isPartOf":{"@id":"https:\/\/www.visit-ulcinj.com\/blog\/#website"},"datePublished":"2017-07-21T15:30:09+00:00","dateModified":"2017-07-21T15:34:02+00:00","author":{"@id":"https:\/\/www.visit-ulcinj.com\/blog\/#\/schema\/person\/dcab619c614d3038751c63bc2aadc06d"},"description":"Reperi i njohur Gold AG, performon hitet e tij m\u00eb t\u00eb fundit n\u00eb koncertin e tij\u00eb n\u00eb Hollegro t\u00eb Ulqinit, ku pas pak\u00eb kohe, ka b\u00ebr\u00eb buj\u00eb n\u00eb rrjetet sociale.","breadcrumb":{"@id":"https:\/\/www.visit-ulcinj.com\/blog\/2017\/07\/21\/arian-agushi-e-kalle-atmosferen-ne-ulqin-video\/#breadcrumb"},"inLanguage":"en-US","potentialAction":[{"@type":"ReadAction","target":["https:\/\/www.visit-ulcinj.com\/blog\/2017\/07\/21\/arian-agushi-e-kalle-atmosferen-ne-ulqin-video\/"]}]},{"@type":"BreadcrumbList","@id":"https:\/\/www.visit-ulcinj.com\/blog\/2017\/07\/21\/arian-agushi-e-kalle-atmosferen-ne-ulqin-video\/#breadcrumb","itemListElement":[{"@type":"ListItem","position":1,"name":"Arian Agushi e &#8216;kall\u00eb&#8217; atmosfer\u00ebn n\u00eb Ulqin &#8211; Video"}]},{"@type":"Person","@id":"https:\/\/www.visit-ulcinj.com\/blog\/#\/schema\/person\/dcab619c614d3038751c63bc2aadc06d","name":"ulqini","sameAs":["http:\/\/www.visit-ulcinj.com"],"url":"https:\/\/www.visit-ulcinj.com\/blog\/author\/admin\/"}]}},"jetpack_featured_media_url":"","jetpack_sharing_enabled":true,"jetpack_shortlink":"https:\/\/wp.me\/pe6lTn-rFe","_links":{"self":[{"href":"https:\/\/www.visit-ulcinj.com\/blog\/wp-json\/wp\/v2\/posts\/106344"}],"collection":[{"href":"https:\/\/www.visit-ulcinj.com\/blog\/wp-json\/wp\/v2\/posts"}],"about":[{"href":"https:\/\/www.visit-ulcinj.com\/blog\/wp-json\/wp\/v2\/types\/post"}],"author":[{"embeddable":true,"href":"https:\/\/www.visit-ulcinj.com\/blog\/wp-json\/wp\/v2\/users\/1"}],"replies":[{"embeddable":true,"href":"https:\/\/www.visit-ulcinj.com\/blog\/wp-json\/wp\/v2\/comments?post=106344"}],"version-history":[{"count":1,"href":"https:\/\/www.visit-ulcinj.com\/blog\/wp-json\/wp\/v2\/posts\/106344\/revisions"}],"predecessor-version":[{"id":106346,"href":"https:\/\/www.visit-ulcinj.com\/blog\/wp-json\/wp\/v2\/posts\/106344\/revisions\/106346"}],"wp:attachment":[{"href":"https:\/\/www.visit-ulcinj.com\/blog\/wp-json\/wp\/v2\/media?parent=106344"}],"wp:term":[{"taxonomy":"category","embeddable":true,"href":"https:\/\/www.visit-ulcinj.com\/blog\/wp-json\/wp\/v2\/categories?post=106344"},{"taxonomy":"post_tag","embeddable":true,"href":"https:\/\/www.visit-ulcinj.com\/blog\/wp-json\/wp\/v2\/tags?post=106344"}],"curies":[{"name":"wp","href":"https:\/\/api.w.org\/{rel}","templated":true}]}}