{"id":106347,"date":"2017-07-21T17:02:16","date_gmt":"2017-07-21T16:02:16","guid":{"rendered":"http:\/\/www.visit-ulcinj.com\/blog\/?p=106347"},"modified":"2017-07-21T17:23:10","modified_gmt":"2017-07-21T16:23:10","slug":"pishina-qe-po-trondite-te-gjithe-ne-far-beach-ne-ulqin-hidhet-vallja-video","status":"publish","type":"post","link":"https:\/\/www.visit-ulcinj.com\/blog\/2017\/07\/21\/pishina-qe-po-trondite-te-gjithe-ne-far-beach-ne-ulqin-hidhet-vallja-video\/","title":{"rendered":"Pishina q\u00eb po &#8216;trondit\u00eb&#8217; t\u00eb gjith\u00eb n\u00eb Far Beach n\u00eb Ulqin, hidhet vallja &#8211; Video"},"content":{"rendered":"<p><a href=\"http:\/\/www.visit-ulcinj.com\/blog\/wp-content\/uploads\/2017\/07\/Pishina-q\u00eb-po-trondit\u00eb-t\u00eb-gjith\u00eb-n\u00eb-Far-Beach-n\u00eb-Ulqin-Video.jpg\"><img loading=\"lazy\" class=\"alignleft wp-image-106348 size-full\" src=\"http:\/\/www.visit-ulcinj.com\/blog\/wp-content\/uploads\/2017\/07\/Pishina-q\u00eb-po-trondit\u00eb-t\u00eb-gjith\u00eb-n\u00eb-Far-Beach-n\u00eb-Ulqin-Video.jpg\" alt=\"\" width=\"270\" height=\"373\" srcset=\"https:\/\/www.visit-ulcinj.com\/blog\/wp-content\/uploads\/2017\/07\/Pishina-q\u00eb-po-trondit\u00eb-t\u00eb-gjith\u00eb-n\u00eb-Far-Beach-n\u00eb-Ulqin-Video.jpg 270w, https:\/\/www.visit-ulcinj.com\/blog\/wp-content\/uploads\/2017\/07\/Pishina-q\u00eb-po-trondit\u00eb-t\u00eb-gjith\u00eb-n\u00eb-Far-Beach-n\u00eb-Ulqin-Video-217x300.jpg 217w\" sizes=\"(max-width: 270px) 100vw, 270px\" \/><\/a>Pushuesit nga Kosova q\u00eb po q\u00ebndrojn\u00eb n\u00eb Far Beach n\u00eb Ulqin, po e shijon \u00e7do moment t\u00eb jet\u00ebs. Admini i\u00a0Far Beach n\u00eb Facebook e ka postuar nj\u00eb video, ku shihet se si k\u00ebrcehet vallja ne <span class=\"st\">pishin\u00eb.<\/span><\/p>\n<p>Kjo nuk \u00ebsht\u00eb hera e par\u00eb q\u00eb shqiptar\u00ebt kudo ku ndodhen kremtojn\u00eb n\u00eb m\u00ebnyra nga m\u00eb t\u00eb ndryshmet festat dhe g\u00ebzimet shqiptare.\/Lajme nga Ulqini<\/p>\n<p><iframe loading=\"lazy\" src=\"https:\/\/www.facebook.com\/plugins\/video.php?href=https%3A%2F%2Fwww.facebook.com%2FFarBeachUlqin%2Fvideos%2F493741890963935%2F&#038;show_text=0&#038;width=508\" width=\"508\" height=\"900\" style=\"border:none;overflow:hidden\" scrolling=\"no\" frameborder=\"0\" allowTransparency=\"true\" allowFullScreen=\"true\"><\/iframe><\/p>\n","protected":false},"excerpt":{"rendered":"<p>Pushuesit nga Kosova q\u00eb po q\u00ebndrojn\u00eb n\u00eb Far Beach n\u00eb Ulqin, po e shijon \u00e7do moment t\u00eb jet\u00ebs. Admini i\u00a0Far Beach n\u00eb Facebook e ka postuar nj\u00eb video, ku shihet se si k\u00ebrcehet vallja ne pishin\u00eb. Kjo nuk \u00ebsht\u00eb hera e par\u00eb q\u00eb shqiptar\u00ebt kudo ku ndodhen kremtojn\u00eb n\u00eb m\u00ebnyra nga m\u00eb t\u00eb ndryshmet festat [&hellip;]<\/p>\n","protected":false},"author":1,"featured_media":0,"comment_status":"closed","ping_status":"closed","sticky":false,"template":"","format":"standard","meta":{"spay_email":"","jetpack_publicize_message":"","jetpack_is_tweetstorm":false,"jetpack_publicize_feature_enabled":true},"categories":[1],"tags":[],"jetpack_publicize_connections":[],"yoast_head":"<!-- This site is optimized with the Yoast SEO plugin v19.1 - https:\/\/yoast.com\/wordpress\/plugins\/seo\/ -->\n<title>Pishina q\u00eb po &#039;trondit\u00eb&#039; t\u00eb gjith\u00eb n\u00eb Far Beach n\u00eb Ulqin, hidhet vallja - Video - Lajme nga Ulqini<\/title>\n<meta name=\"description\" content=\"Pushuesit nga Kosova q\u00eb po q\u00ebndrojn\u00eb n\u00eb Far Beach n\u00eb Ulqin, po e shijon \u00e7do moment t\u00eb jet\u00ebs. Admini i\u00a0Far Beach n\u00eb Facebook e ka postuar nj\u00eb video, ku\" \/>\n<meta name=\"robots\" content=\"index, follow, max-snippet:-1, max-image-preview:large, max-video-preview:-1\" \/>\n<link rel=\"canonical\" href=\"https:\/\/www.visit-ulcinj.com\/blog\/2017\/07\/21\/pishina-qe-po-trondite-te-gjithe-ne-far-beach-ne-ulqin-hidhet-vallja-video\/\" \/>\n<meta property=\"og:locale\" content=\"en_US\" \/>\n<meta property=\"og:type\" content=\"article\" \/>\n<meta property=\"og:title\" content=\"Pishina q\u00eb po &#039;trondit\u00eb&#039; t\u00eb gjith\u00eb n\u00eb Far Beach n\u00eb Ulqin, hidhet vallja - Video - Lajme nga Ulqini\" \/>\n<meta property=\"og:description\" content=\"Pushuesit nga Kosova q\u00eb po q\u00ebndrojn\u00eb n\u00eb Far Beach n\u00eb Ulqin, po e shijon \u00e7do moment t\u00eb jet\u00ebs. Admini i\u00a0Far Beach n\u00eb Facebook e ka postuar nj\u00eb video, ku\" \/>\n<meta property=\"og:url\" content=\"https:\/\/www.visit-ulcinj.com\/blog\/2017\/07\/21\/pishina-qe-po-trondite-te-gjithe-ne-far-beach-ne-ulqin-hidhet-vallja-video\/\" \/>\n<meta property=\"og:site_name\" content=\"Lajme nga Ulqini\" \/>\n<meta property=\"article:published_time\" content=\"2017-07-21T16:02:16+00:00\" \/>\n<meta property=\"article:modified_time\" content=\"2017-07-21T16:23:10+00:00\" \/>\n<meta name=\"twitter:label1\" content=\"Written by\" \/>\n\t<meta name=\"twitter:data1\" content=\"ulqini\" \/>\n<script type=\"application\/ld+json\" class=\"yoast-schema-graph\">{\"@context\":\"https:\/\/schema.org\",\"@graph\":[{\"@type\":\"WebSite\",\"@id\":\"https:\/\/www.visit-ulcinj.com\/blog\/#website\",\"url\":\"https:\/\/www.visit-ulcinj.com\/blog\/\",\"name\":\"Lajme nga Ulqini\",\"description\":\"Lajme,Vijesti,Ulqini,Ulqin,Crna Gora,Mali i Zi\",\"potentialAction\":[{\"@type\":\"SearchAction\",\"target\":{\"@type\":\"EntryPoint\",\"urlTemplate\":\"https:\/\/www.visit-ulcinj.com\/blog\/?s={search_term_string}\"},\"query-input\":\"required name=search_term_string\"}],\"inLanguage\":\"en-US\"},{\"@type\":\"WebPage\",\"@id\":\"https:\/\/www.visit-ulcinj.com\/blog\/2017\/07\/21\/pishina-qe-po-trondite-te-gjithe-ne-far-beach-ne-ulqin-hidhet-vallja-video\/#webpage\",\"url\":\"https:\/\/www.visit-ulcinj.com\/blog\/2017\/07\/21\/pishina-qe-po-trondite-te-gjithe-ne-far-beach-ne-ulqin-hidhet-vallja-video\/\",\"name\":\"Pishina q\u00eb po 'trondit\u00eb' t\u00eb gjith\u00eb n\u00eb Far Beach n\u00eb Ulqin, hidhet vallja - Video - Lajme nga Ulqini\",\"isPartOf\":{\"@id\":\"https:\/\/www.visit-ulcinj.com\/blog\/#website\"},\"datePublished\":\"2017-07-21T16:02:16+00:00\",\"dateModified\":\"2017-07-21T16:23:10+00:00\",\"author\":{\"@id\":\"https:\/\/www.visit-ulcinj.com\/blog\/#\/schema\/person\/dcab619c614d3038751c63bc2aadc06d\"},\"description\":\"Pushuesit nga Kosova q\u00eb po q\u00ebndrojn\u00eb n\u00eb Far Beach n\u00eb Ulqin, po e shijon \u00e7do moment t\u00eb jet\u00ebs. Admini i\u00a0Far Beach n\u00eb Facebook e ka postuar nj\u00eb video, ku\",\"breadcrumb\":{\"@id\":\"https:\/\/www.visit-ulcinj.com\/blog\/2017\/07\/21\/pishina-qe-po-trondite-te-gjithe-ne-far-beach-ne-ulqin-hidhet-vallja-video\/#breadcrumb\"},\"inLanguage\":\"en-US\",\"potentialAction\":[{\"@type\":\"ReadAction\",\"target\":[\"https:\/\/www.visit-ulcinj.com\/blog\/2017\/07\/21\/pishina-qe-po-trondite-te-gjithe-ne-far-beach-ne-ulqin-hidhet-vallja-video\/\"]}]},{\"@type\":\"BreadcrumbList\",\"@id\":\"https:\/\/www.visit-ulcinj.com\/blog\/2017\/07\/21\/pishina-qe-po-trondite-te-gjithe-ne-far-beach-ne-ulqin-hidhet-vallja-video\/#breadcrumb\",\"itemListElement\":[{\"@type\":\"ListItem\",\"position\":1,\"name\":\"Pishina q\u00eb po &#8216;trondit\u00eb&#8217; t\u00eb gjith\u00eb n\u00eb Far Beach n\u00eb Ulqin, hidhet vallja &#8211; Video\"}]},{\"@type\":\"Person\",\"@id\":\"https:\/\/www.visit-ulcinj.com\/blog\/#\/schema\/person\/dcab619c614d3038751c63bc2aadc06d\",\"name\":\"ulqini\",\"sameAs\":[\"http:\/\/www.visit-ulcinj.com\"],\"url\":\"https:\/\/www.visit-ulcinj.com\/blog\/author\/admin\/\"}]}<\/script>\n<!-- \/ Yoast SEO plugin. -->","yoast_head_json":{"title":"Pishina q\u00eb po 'trondit\u00eb' t\u00eb gjith\u00eb n\u00eb Far Beach n\u00eb Ulqin, hidhet vallja - Video - Lajme nga Ulqini","description":"Pushuesit nga Kosova q\u00eb po q\u00ebndrojn\u00eb n\u00eb Far Beach n\u00eb Ulqin, po e shijon \u00e7do moment t\u00eb jet\u00ebs. Admini i\u00a0Far Beach n\u00eb Facebook e ka postuar nj\u00eb video, ku","robots":{"index":"index","follow":"follow","max-snippet":"max-snippet:-1","max-image-preview":"max-image-preview:large","max-video-preview":"max-video-preview:-1"},"canonical":"https:\/\/www.visit-ulcinj.com\/blog\/2017\/07\/21\/pishina-qe-po-trondite-te-gjithe-ne-far-beach-ne-ulqin-hidhet-vallja-video\/","og_locale":"en_US","og_type":"article","og_title":"Pishina q\u00eb po 'trondit\u00eb' t\u00eb gjith\u00eb n\u00eb Far Beach n\u00eb Ulqin, hidhet vallja - Video - Lajme nga Ulqini","og_description":"Pushuesit nga Kosova q\u00eb po q\u00ebndrojn\u00eb n\u00eb Far Beach n\u00eb Ulqin, po e shijon \u00e7do moment t\u00eb jet\u00ebs. Admini i\u00a0Far Beach n\u00eb Facebook e ka postuar nj\u00eb video, ku","og_url":"https:\/\/www.visit-ulcinj.com\/blog\/2017\/07\/21\/pishina-qe-po-trondite-te-gjithe-ne-far-beach-ne-ulqin-hidhet-vallja-video\/","og_site_name":"Lajme nga Ulqini","article_published_time":"2017-07-21T16:02:16+00:00","article_modified_time":"2017-07-21T16:23:10+00:00","twitter_misc":{"Written by":"ulqini"},"schema":{"@context":"https:\/\/schema.org","@graph":[{"@type":"WebSite","@id":"https:\/\/www.visit-ulcinj.com\/blog\/#website","url":"https:\/\/www.visit-ulcinj.com\/blog\/","name":"Lajme nga Ulqini","description":"Lajme,Vijesti,Ulqini,Ulqin,Crna Gora,Mali i Zi","potentialAction":[{"@type":"SearchAction","target":{"@type":"EntryPoint","urlTemplate":"https:\/\/www.visit-ulcinj.com\/blog\/?s={search_term_string}"},"query-input":"required name=search_term_string"}],"inLanguage":"en-US"},{"@type":"WebPage","@id":"https:\/\/www.visit-ulcinj.com\/blog\/2017\/07\/21\/pishina-qe-po-trondite-te-gjithe-ne-far-beach-ne-ulqin-hidhet-vallja-video\/#webpage","url":"https:\/\/www.visit-ulcinj.com\/blog\/2017\/07\/21\/pishina-qe-po-trondite-te-gjithe-ne-far-beach-ne-ulqin-hidhet-vallja-video\/","name":"Pishina q\u00eb po 'trondit\u00eb' t\u00eb gjith\u00eb n\u00eb Far Beach n\u00eb Ulqin, hidhet vallja - Video - Lajme nga Ulqini","isPartOf":{"@id":"https:\/\/www.visit-ulcinj.com\/blog\/#website"},"datePublished":"2017-07-21T16:02:16+00:00","dateModified":"2017-07-21T16:23:10+00:00","author":{"@id":"https:\/\/www.visit-ulcinj.com\/blog\/#\/schema\/person\/dcab619c614d3038751c63bc2aadc06d"},"description":"Pushuesit nga Kosova q\u00eb po q\u00ebndrojn\u00eb n\u00eb Far Beach n\u00eb Ulqin, po e shijon \u00e7do moment t\u00eb jet\u00ebs. Admini i\u00a0Far Beach n\u00eb Facebook e ka postuar nj\u00eb video, ku","breadcrumb":{"@id":"https:\/\/www.visit-ulcinj.com\/blog\/2017\/07\/21\/pishina-qe-po-trondite-te-gjithe-ne-far-beach-ne-ulqin-hidhet-vallja-video\/#breadcrumb"},"inLanguage":"en-US","potentialAction":[{"@type":"ReadAction","target":["https:\/\/www.visit-ulcinj.com\/blog\/2017\/07\/21\/pishina-qe-po-trondite-te-gjithe-ne-far-beach-ne-ulqin-hidhet-vallja-video\/"]}]},{"@type":"BreadcrumbList","@id":"https:\/\/www.visit-ulcinj.com\/blog\/2017\/07\/21\/pishina-qe-po-trondite-te-gjithe-ne-far-beach-ne-ulqin-hidhet-vallja-video\/#breadcrumb","itemListElement":[{"@type":"ListItem","position":1,"name":"Pishina q\u00eb po &#8216;trondit\u00eb&#8217; t\u00eb gjith\u00eb n\u00eb Far Beach n\u00eb Ulqin, hidhet vallja &#8211; Video"}]},{"@type":"Person","@id":"https:\/\/www.visit-ulcinj.com\/blog\/#\/schema\/person\/dcab619c614d3038751c63bc2aadc06d","name":"ulqini","sameAs":["http:\/\/www.visit-ulcinj.com"],"url":"https:\/\/www.visit-ulcinj.com\/blog\/author\/admin\/"}]}},"jetpack_featured_media_url":"","jetpack_sharing_enabled":true,"jetpack_shortlink":"https:\/\/wp.me\/pe6lTn-rFh","_links":{"self":[{"href":"https:\/\/www.visit-ulcinj.com\/blog\/wp-json\/wp\/v2\/posts\/106347"}],"collection":[{"href":"https:\/\/www.visit-ulcinj.com\/blog\/wp-json\/wp\/v2\/posts"}],"about":[{"href":"https:\/\/www.visit-ulcinj.com\/blog\/wp-json\/wp\/v2\/types\/post"}],"author":[{"embeddable":true,"href":"https:\/\/www.visit-ulcinj.com\/blog\/wp-json\/wp\/v2\/users\/1"}],"replies":[{"embeddable":true,"href":"https:\/\/www.visit-ulcinj.com\/blog\/wp-json\/wp\/v2\/comments?post=106347"}],"version-history":[{"count":8,"href":"https:\/\/www.visit-ulcinj.com\/blog\/wp-json\/wp\/v2\/posts\/106347\/revisions"}],"predecessor-version":[{"id":106356,"href":"https:\/\/www.visit-ulcinj.com\/blog\/wp-json\/wp\/v2\/posts\/106347\/revisions\/106356"}],"wp:attachment":[{"href":"https:\/\/www.visit-ulcinj.com\/blog\/wp-json\/wp\/v2\/media?parent=106347"}],"wp:term":[{"taxonomy":"category","embeddable":true,"href":"https:\/\/www.visit-ulcinj.com\/blog\/wp-json\/wp\/v2\/categories?post=106347"},{"taxonomy":"post_tag","embeddable":true,"href":"https:\/\/www.visit-ulcinj.com\/blog\/wp-json\/wp\/v2\/tags?post=106347"}],"curies":[{"name":"wp","href":"https:\/\/api.w.org\/{rel}","templated":true}]}}