{"id":106357,"date":"2017-07-21T17:39:49","date_gmt":"2017-07-21T16:39:49","guid":{"rendered":"http:\/\/www.visit-ulcinj.com\/blog\/?p=106357"},"modified":"2017-07-21T17:39:49","modified_gmt":"2017-07-21T16:39:49","slug":"gudrun-steinacker-dalje-zabrinuta-za-solanu","status":"publish","type":"post","link":"https:\/\/www.visit-ulcinj.com\/blog\/2017\/07\/21\/gudrun-steinacker-dalje-zabrinuta-za-solanu\/","title":{"rendered":"Gudrun Steinacker, i dalje zabrinuta za Solanu"},"content":{"rendered":"<p><strong><a href=\"http:\/\/www.visit-ulcinj.com\/blog\/wp-content\/uploads\/2017\/07\/ulcinjska-solana.jpg\"><img loading=\"lazy\" class=\"alignleft wp-image-106358\" src=\"http:\/\/www.visit-ulcinj.com\/blog\/wp-content\/uploads\/2017\/07\/ulcinjska-solana.jpg\" alt=\"\" width=\"508\" height=\"381\" srcset=\"https:\/\/www.visit-ulcinj.com\/blog\/wp-content\/uploads\/2017\/07\/ulcinjska-solana.jpg 480w, https:\/\/www.visit-ulcinj.com\/blog\/wp-content\/uploads\/2017\/07\/ulcinjska-solana-300x225.jpg 300w\" sizes=\"(max-width: 508px) 100vw, 508px\" \/><\/a>Biv\u0161a ambasadorka Njema\u010dke, Gudrun \u0160tajnaker (Gudrun Steinacker), uputila je zvani\u010dno pismo predsjedniku Evropskog parlamenta, Antoniju Tajaniju, koji je ove sedmice boravio u zvani\u010dnoj posjeti Crnoj Gori u kome je iskazala zabrinutost stanjem u oblasti za\u0161tite prirode u na\u0161oj zemlji.<\/strong><\/p>\n<p>Kako je saop\u0161teno iz Centra za za\u0161titu i prou\u010davanje prica Crne Gore, posebnu zabrinutost \u0160tajnaker je iskazala po pitanju izostanka za\u0161tite Ulcinjske solane, \u0161to je kako su kazali tri godine za redom bila klju\u010dna stavka Rezolucija Evropskog parlamenta (2015, 2016 i 2017. godine).<\/p>\n<p>&#8220;U pismu \u0160tajnaker zaklju\u010duje da rezolucije nijesu postigle da Vlada Crne Gore ispuni svoju posve\u0107enost i obavezu koja proizilazi iz brojnih akata koji se ti\u010du za\u0161tite biodiverziteta kao \u0161to su Bernska i Ramsarska konvencija, \u010dija potpisnica je i Crna Gora. Neposve\u0107enost Vlade rje\u0161avanju problema devastacije stani\u0161ta Ulcinjske solane, ogleda se u finansijskim interesima mo\u0107nih porodica koji je u suprotnosti sa stavovima rezolucije, a to je hitna za\u0161tita ovog va\u017enog stani\u0161ta&#8221;, navodi se u saop\u0161tenju.<\/p>\n<p>U pismu se tako\u0111e zaklju\u010duje da se politika Vlade ne razlikuje u odnosu na pre\u0111a\u0161nji sastav, nastavlja se uobi\u010dajena praksa devastacije prostora i prirode u korist nekolicine, \u0161to rezultira evidentnom ekonomskom nestabilno\u0161\u0107u u zemlji i dubokim podjelama.<\/p>\n<p>Pismo je upu\u0107eno predstavnicima Evropske komisije, komesaru za pro\u0161irenje Johanesu Hanu, poslanicama EU parlamenta Ulrike Luna\u010dek, Analiese Dods, Teri Reintkle i me\u0111unarodnim organizacijama BirdLife International i Euronatur.<\/p>\n<p>Sastavni dio pisma je i sadr\u017eina onog upu\u0107enog \u0161efu Delegacije Evropske unije u Crnoj Gori, Aivu Oravu koje je upu\u0107eno nakon tre\u0107e me\u0111unarodne konferencije o za\u0161titi Ulcinjske solane, koja je kako se navodi o\u010digledno dala prostora neizvjesnosti obzirom da Studija koju finansira Delegacija, bar po tada\u0161njim zaklju\u010dcima predstavnika Ministarstva odr\u017eivog razvoja i turizma, ne\u0107e biti dovoljna za za\u0161titu ovog lokaliteta.<\/p>\n<p>&#8220;U me\u0111uvremenu Ulcinjska solana, usljed izostanka proizvodnje soli, a samim tim i adekvatnog upravljanja vodama, prolazi kroz fazu sistematskog uru\u0161avanja ekosistemskih vrijednosti. Ista obe\u0107anja se ponavljaju iz godine u godinu ali se niti jedno od njih ne ispunjava, pa \u010dak ni kada su izne\u0161ene javno od strane samog ministra (biv\u0161i ministar Gvozdenovi\u0107 je obe\u0107ao za\u0161titu solane i proizvodnju soli jo\u0161 polovinom 2016. godine). Na osnovu toga zaklju\u010duje se da ne postoji politi\u010dka volja za za\u0161titu solane. I dok se o\u010digledno radi na sistematskom uni\u0161tavanju fabrike i stani\u0161ta do nivoa kada ne\u0107e biti mogu\u0107e izvr\u0161iti revitalizaciju stani\u0161ta i pokretanje proizvodnje, pitanje vlasni\u0161tva i privatizacije ostaje nerije\u0161eno, a od klju\u010dne va\u017enosti je za dalju sudbinu lokaliteta&#8221;, navodi se u saop\u0161tenju.<\/p>\n<p>U zaklju\u010dku pisma Delegaciji, koje je proslije\u0111eno i predsjedniku Evropskog parlamenta, nagla\u0161eno je o\u010digledno neslaganje sa stavom ministra evropskih poslova, Andrije Pejovi\u0107a, da Ulcinjska solana ne predstavlja uslov za otvaranje poglavlja 27.<\/p>\n<p>&#8220;Naprotiv, Ulcinjska solana i za\u0161tita ovog jedinstvenog biodiverziteta, predstavlja test posve\u0107enosti Crne Gore ka usvajanju i implementaciji vrijednosti koje ba\u0161tini Evropska unija, a koji se odnose na \u017eivotnu sredinu, za\u0161titu prirode, vladavinu prava i odr\u017eivi razvoj&#8221;, zaklju\u010duje se u saop\u0161tenju.<\/p>\n<p>Izvor: TVCG<\/p>\n","protected":false},"excerpt":{"rendered":"<p>Biv\u0161a ambasadorka Njema\u010dke, Gudrun \u0160tajnaker (Gudrun Steinacker), uputila je zvani\u010dno pismo predsjedniku Evropskog parlamenta, Antoniju Tajaniju, koji je ove sedmice boravio u zvani\u010dnoj posjeti Crnoj Gori u kome je iskazala zabrinutost stanjem u oblasti za\u0161tite prirode u na\u0161oj zemlji. Kako je saop\u0161teno iz Centra za za\u0161titu i prou\u010davanje prica Crne Gore, posebnu zabrinutost \u0160tajnaker je [&hellip;]<\/p>\n","protected":false},"author":1,"featured_media":0,"comment_status":"closed","ping_status":"closed","sticky":false,"template":"","format":"standard","meta":{"spay_email":"","jetpack_publicize_message":"","jetpack_is_tweetstorm":false,"jetpack_publicize_feature_enabled":true},"categories":[8337],"tags":[],"jetpack_publicize_connections":[],"yoast_head":"<!-- This site is optimized with the Yoast SEO plugin v19.1 - https:\/\/yoast.com\/wordpress\/plugins\/seo\/ -->\n<title>Gudrun Steinacker, i dalje zabrinuta za Solanu - Lajme nga Ulqini<\/title>\n<meta name=\"description\" content=\"Biv\u0161a ambasadorka Njema\u010dke, Gudrun \u0160tajnaker (Gudrun Steinacker), uputila je zvani\u010dno pismo predsjedniku Evropskog parlamenta, Antoniju Tajaniju, koji je\" \/>\n<meta name=\"robots\" content=\"index, follow, max-snippet:-1, max-image-preview:large, max-video-preview:-1\" \/>\n<link rel=\"canonical\" href=\"https:\/\/www.visit-ulcinj.com\/blog\/2017\/07\/21\/gudrun-steinacker-dalje-zabrinuta-za-solanu\/\" \/>\n<meta property=\"og:locale\" content=\"en_US\" \/>\n<meta property=\"og:type\" content=\"article\" \/>\n<meta property=\"og:title\" content=\"Gudrun Steinacker, i dalje zabrinuta za Solanu - Lajme nga Ulqini\" \/>\n<meta property=\"og:description\" content=\"Biv\u0161a ambasadorka Njema\u010dke, Gudrun \u0160tajnaker (Gudrun Steinacker), uputila je zvani\u010dno pismo predsjedniku Evropskog parlamenta, Antoniju Tajaniju, koji je\" \/>\n<meta property=\"og:url\" content=\"https:\/\/www.visit-ulcinj.com\/blog\/2017\/07\/21\/gudrun-steinacker-dalje-zabrinuta-za-solanu\/\" \/>\n<meta property=\"og:site_name\" content=\"Lajme nga Ulqini\" \/>\n<meta property=\"article:published_time\" content=\"2017-07-21T16:39:49+00:00\" \/>\n<meta property=\"og:image\" content=\"http:\/\/www.visit-ulcinj.com\/blog\/wp-content\/uploads\/2017\/07\/ulcinjska-solana.jpg\" \/>\n<meta name=\"twitter:label1\" content=\"Written by\" \/>\n\t<meta name=\"twitter:data1\" content=\"ulqini\" \/>\n\t<meta name=\"twitter:label2\" content=\"Est. reading time\" \/>\n\t<meta name=\"twitter:data2\" content=\"3 minutes\" \/>\n<script type=\"application\/ld+json\" class=\"yoast-schema-graph\">{\"@context\":\"https:\/\/schema.org\",\"@graph\":[{\"@type\":\"WebSite\",\"@id\":\"https:\/\/www.visit-ulcinj.com\/blog\/#website\",\"url\":\"https:\/\/www.visit-ulcinj.com\/blog\/\",\"name\":\"Lajme nga Ulqini\",\"description\":\"Lajme,Vijesti,Ulqini,Ulqin,Crna Gora,Mali i Zi\",\"potentialAction\":[{\"@type\":\"SearchAction\",\"target\":{\"@type\":\"EntryPoint\",\"urlTemplate\":\"https:\/\/www.visit-ulcinj.com\/blog\/?s={search_term_string}\"},\"query-input\":\"required name=search_term_string\"}],\"inLanguage\":\"en-US\"},{\"@type\":\"ImageObject\",\"inLanguage\":\"en-US\",\"@id\":\"https:\/\/www.visit-ulcinj.com\/blog\/2017\/07\/21\/gudrun-steinacker-dalje-zabrinuta-za-solanu\/#primaryimage\",\"url\":\"https:\/\/www.visit-ulcinj.com\/blog\/wp-content\/uploads\/2017\/07\/ulcinjska-solana.jpg\",\"contentUrl\":\"https:\/\/www.visit-ulcinj.com\/blog\/wp-content\/uploads\/2017\/07\/ulcinjska-solana.jpg\",\"width\":480,\"height\":360},{\"@type\":\"WebPage\",\"@id\":\"https:\/\/www.visit-ulcinj.com\/blog\/2017\/07\/21\/gudrun-steinacker-dalje-zabrinuta-za-solanu\/#webpage\",\"url\":\"https:\/\/www.visit-ulcinj.com\/blog\/2017\/07\/21\/gudrun-steinacker-dalje-zabrinuta-za-solanu\/\",\"name\":\"Gudrun Steinacker, i dalje zabrinuta za Solanu - Lajme nga Ulqini\",\"isPartOf\":{\"@id\":\"https:\/\/www.visit-ulcinj.com\/blog\/#website\"},\"primaryImageOfPage\":{\"@id\":\"https:\/\/www.visit-ulcinj.com\/blog\/2017\/07\/21\/gudrun-steinacker-dalje-zabrinuta-za-solanu\/#primaryimage\"},\"datePublished\":\"2017-07-21T16:39:49+00:00\",\"dateModified\":\"2017-07-21T16:39:49+00:00\",\"author\":{\"@id\":\"https:\/\/www.visit-ulcinj.com\/blog\/#\/schema\/person\/dcab619c614d3038751c63bc2aadc06d\"},\"description\":\"Biv\u0161a ambasadorka Njema\u010dke, Gudrun \u0160tajnaker (Gudrun Steinacker), uputila je zvani\u010dno pismo predsjedniku Evropskog parlamenta, Antoniju Tajaniju, koji je\",\"breadcrumb\":{\"@id\":\"https:\/\/www.visit-ulcinj.com\/blog\/2017\/07\/21\/gudrun-steinacker-dalje-zabrinuta-za-solanu\/#breadcrumb\"},\"inLanguage\":\"en-US\",\"potentialAction\":[{\"@type\":\"ReadAction\",\"target\":[\"https:\/\/www.visit-ulcinj.com\/blog\/2017\/07\/21\/gudrun-steinacker-dalje-zabrinuta-za-solanu\/\"]}]},{\"@type\":\"BreadcrumbList\",\"@id\":\"https:\/\/www.visit-ulcinj.com\/blog\/2017\/07\/21\/gudrun-steinacker-dalje-zabrinuta-za-solanu\/#breadcrumb\",\"itemListElement\":[{\"@type\":\"ListItem\",\"position\":1,\"name\":\"Gudrun Steinacker, i dalje zabrinuta za Solanu\"}]},{\"@type\":\"Person\",\"@id\":\"https:\/\/www.visit-ulcinj.com\/blog\/#\/schema\/person\/dcab619c614d3038751c63bc2aadc06d\",\"name\":\"ulqini\",\"sameAs\":[\"http:\/\/www.visit-ulcinj.com\"],\"url\":\"https:\/\/www.visit-ulcinj.com\/blog\/author\/admin\/\"}]}<\/script>\n<!-- \/ Yoast SEO plugin. -->","yoast_head_json":{"title":"Gudrun Steinacker, i dalje zabrinuta za Solanu - Lajme nga Ulqini","description":"Biv\u0161a ambasadorka Njema\u010dke, Gudrun \u0160tajnaker (Gudrun Steinacker), uputila je zvani\u010dno pismo predsjedniku Evropskog parlamenta, Antoniju Tajaniju, koji je","robots":{"index":"index","follow":"follow","max-snippet":"max-snippet:-1","max-image-preview":"max-image-preview:large","max-video-preview":"max-video-preview:-1"},"canonical":"https:\/\/www.visit-ulcinj.com\/blog\/2017\/07\/21\/gudrun-steinacker-dalje-zabrinuta-za-solanu\/","og_locale":"en_US","og_type":"article","og_title":"Gudrun Steinacker, i dalje zabrinuta za Solanu - Lajme nga Ulqini","og_description":"Biv\u0161a ambasadorka Njema\u010dke, Gudrun \u0160tajnaker (Gudrun Steinacker), uputila je zvani\u010dno pismo predsjedniku Evropskog parlamenta, Antoniju Tajaniju, koji je","og_url":"https:\/\/www.visit-ulcinj.com\/blog\/2017\/07\/21\/gudrun-steinacker-dalje-zabrinuta-za-solanu\/","og_site_name":"Lajme nga Ulqini","article_published_time":"2017-07-21T16:39:49+00:00","og_image":[{"url":"http:\/\/www.visit-ulcinj.com\/blog\/wp-content\/uploads\/2017\/07\/ulcinjska-solana.jpg"}],"twitter_misc":{"Written by":"ulqini","Est. reading time":"3 minutes"},"schema":{"@context":"https:\/\/schema.org","@graph":[{"@type":"WebSite","@id":"https:\/\/www.visit-ulcinj.com\/blog\/#website","url":"https:\/\/www.visit-ulcinj.com\/blog\/","name":"Lajme nga Ulqini","description":"Lajme,Vijesti,Ulqini,Ulqin,Crna Gora,Mali i Zi","potentialAction":[{"@type":"SearchAction","target":{"@type":"EntryPoint","urlTemplate":"https:\/\/www.visit-ulcinj.com\/blog\/?s={search_term_string}"},"query-input":"required name=search_term_string"}],"inLanguage":"en-US"},{"@type":"ImageObject","inLanguage":"en-US","@id":"https:\/\/www.visit-ulcinj.com\/blog\/2017\/07\/21\/gudrun-steinacker-dalje-zabrinuta-za-solanu\/#primaryimage","url":"https:\/\/www.visit-ulcinj.com\/blog\/wp-content\/uploads\/2017\/07\/ulcinjska-solana.jpg","contentUrl":"https:\/\/www.visit-ulcinj.com\/blog\/wp-content\/uploads\/2017\/07\/ulcinjska-solana.jpg","width":480,"height":360},{"@type":"WebPage","@id":"https:\/\/www.visit-ulcinj.com\/blog\/2017\/07\/21\/gudrun-steinacker-dalje-zabrinuta-za-solanu\/#webpage","url":"https:\/\/www.visit-ulcinj.com\/blog\/2017\/07\/21\/gudrun-steinacker-dalje-zabrinuta-za-solanu\/","name":"Gudrun Steinacker, i dalje zabrinuta za Solanu - Lajme nga Ulqini","isPartOf":{"@id":"https:\/\/www.visit-ulcinj.com\/blog\/#website"},"primaryImageOfPage":{"@id":"https:\/\/www.visit-ulcinj.com\/blog\/2017\/07\/21\/gudrun-steinacker-dalje-zabrinuta-za-solanu\/#primaryimage"},"datePublished":"2017-07-21T16:39:49+00:00","dateModified":"2017-07-21T16:39:49+00:00","author":{"@id":"https:\/\/www.visit-ulcinj.com\/blog\/#\/schema\/person\/dcab619c614d3038751c63bc2aadc06d"},"description":"Biv\u0161a ambasadorka Njema\u010dke, Gudrun \u0160tajnaker (Gudrun Steinacker), uputila je zvani\u010dno pismo predsjedniku Evropskog parlamenta, Antoniju Tajaniju, koji je","breadcrumb":{"@id":"https:\/\/www.visit-ulcinj.com\/blog\/2017\/07\/21\/gudrun-steinacker-dalje-zabrinuta-za-solanu\/#breadcrumb"},"inLanguage":"en-US","potentialAction":[{"@type":"ReadAction","target":["https:\/\/www.visit-ulcinj.com\/blog\/2017\/07\/21\/gudrun-steinacker-dalje-zabrinuta-za-solanu\/"]}]},{"@type":"BreadcrumbList","@id":"https:\/\/www.visit-ulcinj.com\/blog\/2017\/07\/21\/gudrun-steinacker-dalje-zabrinuta-za-solanu\/#breadcrumb","itemListElement":[{"@type":"ListItem","position":1,"name":"Gudrun Steinacker, i dalje zabrinuta za Solanu"}]},{"@type":"Person","@id":"https:\/\/www.visit-ulcinj.com\/blog\/#\/schema\/person\/dcab619c614d3038751c63bc2aadc06d","name":"ulqini","sameAs":["http:\/\/www.visit-ulcinj.com"],"url":"https:\/\/www.visit-ulcinj.com\/blog\/author\/admin\/"}]}},"jetpack_featured_media_url":"","jetpack_sharing_enabled":true,"jetpack_shortlink":"https:\/\/wp.me\/pe6lTn-rFr","_links":{"self":[{"href":"https:\/\/www.visit-ulcinj.com\/blog\/wp-json\/wp\/v2\/posts\/106357"}],"collection":[{"href":"https:\/\/www.visit-ulcinj.com\/blog\/wp-json\/wp\/v2\/posts"}],"about":[{"href":"https:\/\/www.visit-ulcinj.com\/blog\/wp-json\/wp\/v2\/types\/post"}],"author":[{"embeddable":true,"href":"https:\/\/www.visit-ulcinj.com\/blog\/wp-json\/wp\/v2\/users\/1"}],"replies":[{"embeddable":true,"href":"https:\/\/www.visit-ulcinj.com\/blog\/wp-json\/wp\/v2\/comments?post=106357"}],"version-history":[{"count":1,"href":"https:\/\/www.visit-ulcinj.com\/blog\/wp-json\/wp\/v2\/posts\/106357\/revisions"}],"predecessor-version":[{"id":106359,"href":"https:\/\/www.visit-ulcinj.com\/blog\/wp-json\/wp\/v2\/posts\/106357\/revisions\/106359"}],"wp:attachment":[{"href":"https:\/\/www.visit-ulcinj.com\/blog\/wp-json\/wp\/v2\/media?parent=106357"}],"wp:term":[{"taxonomy":"category","embeddable":true,"href":"https:\/\/www.visit-ulcinj.com\/blog\/wp-json\/wp\/v2\/categories?post=106357"},{"taxonomy":"post_tag","embeddable":true,"href":"https:\/\/www.visit-ulcinj.com\/blog\/wp-json\/wp\/v2\/tags?post=106357"}],"curies":[{"name":"wp","href":"https:\/\/api.w.org\/{rel}","templated":true}]}}