{"id":106362,"date":"2017-07-22T17:57:29","date_gmt":"2017-07-22T16:57:29","guid":{"rendered":"http:\/\/www.visit-ulcinj.com\/blog\/?p=106362"},"modified":"2017-07-22T17:57:29","modified_gmt":"2017-07-22T16:57:29","slug":"dhurata-dora-kalle-atmosferen-ne-ulqin","status":"publish","type":"post","link":"https:\/\/www.visit-ulcinj.com\/blog\/2017\/07\/22\/dhurata-dora-kalle-atmosferen-ne-ulqin\/","title":{"rendered":"Dhurata Dora kall\u00eb Atmosfer\u00ebn n\u00eb Ulqin"},"content":{"rendered":"<p><a href=\"http:\/\/www.visit-ulcinj.com\/blog\/wp-content\/uploads\/2017\/07\/Dhurata-Dora-kall\u00eb-Atmosfer\u00ebn-n\u00eb-Ulqin.jpg\"><img loading=\"lazy\" class=\"alignleft wp-image-106363\" src=\"http:\/\/www.visit-ulcinj.com\/blog\/wp-content\/uploads\/2017\/07\/Dhurata-Dora-kall\u00eb-Atmosfer\u00ebn-n\u00eb-Ulqin.jpg\" alt=\"\" width=\"508\" height=\"357\" \/><\/a>Performanca e Dhurata Dor\u00ebs n\u00eb Ulqin nuk do fjal\u00eb.<\/p>\n<p>K\u00ebng\u00ebtarja e &#8216;ndezi&#8217; me t\u00eb v\u00ebrtet\u00eb publikun e pranish\u00ebm, shkruan Indeksonline.<\/p>\n<p>Nj\u00eb num\u00ebr i madh i fansave t\u00eb pranish\u00ebm, nuk i rezistuan dot atmosfer\u00ebs s\u00eb Dhurat\u00ebs duke k\u00ebnduar e vall\u00ebzuar gjithashtu.<\/p>\n<p>Kjo gj\u00eb m\u00eb s\u00eb miri shihet edhe n\u00eb videon e publikuar nga vet\u00eb k\u00ebng\u00ebtarja n\u00eb Instagram.\/Indeksonline\/<\/p>\n","protected":false},"excerpt":{"rendered":"<p>Performanca e Dhurata Dor\u00ebs n\u00eb Ulqin nuk do fjal\u00eb. K\u00ebng\u00ebtarja e &#8216;ndezi&#8217; me t\u00eb v\u00ebrtet\u00eb publikun e pranish\u00ebm, shkruan Indeksonline. Nj\u00eb num\u00ebr i madh i fansave t\u00eb pranish\u00ebm, nuk i rezistuan dot atmosfer\u00ebs s\u00eb Dhurat\u00ebs duke k\u00ebnduar e vall\u00ebzuar gjithashtu. Kjo gj\u00eb m\u00eb s\u00eb miri shihet edhe n\u00eb videon e publikuar nga vet\u00eb k\u00ebng\u00ebtarja n\u00eb [&hellip;]<\/p>\n","protected":false},"author":1,"featured_media":0,"comment_status":"closed","ping_status":"closed","sticky":false,"template":"","format":"standard","meta":{"spay_email":"","jetpack_publicize_message":"","jetpack_is_tweetstorm":false,"jetpack_publicize_feature_enabled":true},"categories":[1],"tags":[],"jetpack_publicize_connections":[],"yoast_head":"<!-- This site is optimized with the Yoast SEO plugin v19.1 - https:\/\/yoast.com\/wordpress\/plugins\/seo\/ -->\n<title>Dhurata Dora kall\u00eb Atmosfer\u00ebn n\u00eb Ulqin - Lajme nga Ulqini<\/title>\n<meta name=\"description\" content=\"Performanca e Dhurata Dor\u00ebs n\u00eb Ulqin nuk do fjal\u00eb. K\u00ebng\u00ebtarja e &#039;ndezi&#039; me t\u00eb v\u00ebrtet\u00eb publikun e pranish\u00ebm, shkruan Indeksonline. Nj\u00eb num\u00ebr i madh i\" \/>\n<meta name=\"robots\" content=\"index, follow, max-snippet:-1, max-image-preview:large, max-video-preview:-1\" \/>\n<link rel=\"canonical\" href=\"https:\/\/www.visit-ulcinj.com\/blog\/2017\/07\/22\/dhurata-dora-kalle-atmosferen-ne-ulqin\/\" \/>\n<meta property=\"og:locale\" content=\"en_US\" \/>\n<meta property=\"og:type\" content=\"article\" \/>\n<meta property=\"og:title\" content=\"Dhurata Dora kall\u00eb Atmosfer\u00ebn n\u00eb Ulqin - Lajme nga Ulqini\" \/>\n<meta property=\"og:description\" content=\"Performanca e Dhurata Dor\u00ebs n\u00eb Ulqin nuk do fjal\u00eb. K\u00ebng\u00ebtarja e &#039;ndezi&#039; me t\u00eb v\u00ebrtet\u00eb publikun e pranish\u00ebm, shkruan Indeksonline. Nj\u00eb num\u00ebr i madh i\" \/>\n<meta property=\"og:url\" content=\"https:\/\/www.visit-ulcinj.com\/blog\/2017\/07\/22\/dhurata-dora-kalle-atmosferen-ne-ulqin\/\" \/>\n<meta property=\"og:site_name\" content=\"Lajme nga Ulqini\" \/>\n<meta property=\"article:published_time\" content=\"2017-07-22T16:57:29+00:00\" \/>\n<meta name=\"twitter:label1\" content=\"Written by\" \/>\n\t<meta name=\"twitter:data1\" content=\"ulqini\" \/>\n<script type=\"application\/ld+json\" class=\"yoast-schema-graph\">{\"@context\":\"https:\/\/schema.org\",\"@graph\":[{\"@type\":\"WebSite\",\"@id\":\"https:\/\/www.visit-ulcinj.com\/blog\/#website\",\"url\":\"https:\/\/www.visit-ulcinj.com\/blog\/\",\"name\":\"Lajme nga Ulqini\",\"description\":\"Lajme,Vijesti,Ulqini,Ulqin,Crna Gora,Mali i Zi\",\"potentialAction\":[{\"@type\":\"SearchAction\",\"target\":{\"@type\":\"EntryPoint\",\"urlTemplate\":\"https:\/\/www.visit-ulcinj.com\/blog\/?s={search_term_string}\"},\"query-input\":\"required name=search_term_string\"}],\"inLanguage\":\"en-US\"},{\"@type\":\"WebPage\",\"@id\":\"https:\/\/www.visit-ulcinj.com\/blog\/2017\/07\/22\/dhurata-dora-kalle-atmosferen-ne-ulqin\/#webpage\",\"url\":\"https:\/\/www.visit-ulcinj.com\/blog\/2017\/07\/22\/dhurata-dora-kalle-atmosferen-ne-ulqin\/\",\"name\":\"Dhurata Dora kall\u00eb Atmosfer\u00ebn n\u00eb Ulqin - Lajme nga Ulqini\",\"isPartOf\":{\"@id\":\"https:\/\/www.visit-ulcinj.com\/blog\/#website\"},\"datePublished\":\"2017-07-22T16:57:29+00:00\",\"dateModified\":\"2017-07-22T16:57:29+00:00\",\"author\":{\"@id\":\"https:\/\/www.visit-ulcinj.com\/blog\/#\/schema\/person\/dcab619c614d3038751c63bc2aadc06d\"},\"description\":\"Performanca e Dhurata Dor\u00ebs n\u00eb Ulqin nuk do fjal\u00eb. K\u00ebng\u00ebtarja e 'ndezi' me t\u00eb v\u00ebrtet\u00eb publikun e pranish\u00ebm, shkruan Indeksonline. Nj\u00eb num\u00ebr i madh i\",\"breadcrumb\":{\"@id\":\"https:\/\/www.visit-ulcinj.com\/blog\/2017\/07\/22\/dhurata-dora-kalle-atmosferen-ne-ulqin\/#breadcrumb\"},\"inLanguage\":\"en-US\",\"potentialAction\":[{\"@type\":\"ReadAction\",\"target\":[\"https:\/\/www.visit-ulcinj.com\/blog\/2017\/07\/22\/dhurata-dora-kalle-atmosferen-ne-ulqin\/\"]}]},{\"@type\":\"BreadcrumbList\",\"@id\":\"https:\/\/www.visit-ulcinj.com\/blog\/2017\/07\/22\/dhurata-dora-kalle-atmosferen-ne-ulqin\/#breadcrumb\",\"itemListElement\":[{\"@type\":\"ListItem\",\"position\":1,\"name\":\"Dhurata Dora kall\u00eb Atmosfer\u00ebn n\u00eb Ulqin\"}]},{\"@type\":\"Person\",\"@id\":\"https:\/\/www.visit-ulcinj.com\/blog\/#\/schema\/person\/dcab619c614d3038751c63bc2aadc06d\",\"name\":\"ulqini\",\"sameAs\":[\"http:\/\/www.visit-ulcinj.com\"],\"url\":\"https:\/\/www.visit-ulcinj.com\/blog\/author\/admin\/\"}]}<\/script>\n<!-- \/ Yoast SEO plugin. -->","yoast_head_json":{"title":"Dhurata Dora kall\u00eb Atmosfer\u00ebn n\u00eb Ulqin - Lajme nga Ulqini","description":"Performanca e Dhurata Dor\u00ebs n\u00eb Ulqin nuk do fjal\u00eb. K\u00ebng\u00ebtarja e 'ndezi' me t\u00eb v\u00ebrtet\u00eb publikun e pranish\u00ebm, shkruan Indeksonline. Nj\u00eb num\u00ebr i madh i","robots":{"index":"index","follow":"follow","max-snippet":"max-snippet:-1","max-image-preview":"max-image-preview:large","max-video-preview":"max-video-preview:-1"},"canonical":"https:\/\/www.visit-ulcinj.com\/blog\/2017\/07\/22\/dhurata-dora-kalle-atmosferen-ne-ulqin\/","og_locale":"en_US","og_type":"article","og_title":"Dhurata Dora kall\u00eb Atmosfer\u00ebn n\u00eb Ulqin - Lajme nga Ulqini","og_description":"Performanca e Dhurata Dor\u00ebs n\u00eb Ulqin nuk do fjal\u00eb. K\u00ebng\u00ebtarja e 'ndezi' me t\u00eb v\u00ebrtet\u00eb publikun e pranish\u00ebm, shkruan Indeksonline. Nj\u00eb num\u00ebr i madh i","og_url":"https:\/\/www.visit-ulcinj.com\/blog\/2017\/07\/22\/dhurata-dora-kalle-atmosferen-ne-ulqin\/","og_site_name":"Lajme nga Ulqini","article_published_time":"2017-07-22T16:57:29+00:00","twitter_misc":{"Written by":"ulqini"},"schema":{"@context":"https:\/\/schema.org","@graph":[{"@type":"WebSite","@id":"https:\/\/www.visit-ulcinj.com\/blog\/#website","url":"https:\/\/www.visit-ulcinj.com\/blog\/","name":"Lajme nga Ulqini","description":"Lajme,Vijesti,Ulqini,Ulqin,Crna Gora,Mali i Zi","potentialAction":[{"@type":"SearchAction","target":{"@type":"EntryPoint","urlTemplate":"https:\/\/www.visit-ulcinj.com\/blog\/?s={search_term_string}"},"query-input":"required name=search_term_string"}],"inLanguage":"en-US"},{"@type":"WebPage","@id":"https:\/\/www.visit-ulcinj.com\/blog\/2017\/07\/22\/dhurata-dora-kalle-atmosferen-ne-ulqin\/#webpage","url":"https:\/\/www.visit-ulcinj.com\/blog\/2017\/07\/22\/dhurata-dora-kalle-atmosferen-ne-ulqin\/","name":"Dhurata Dora kall\u00eb Atmosfer\u00ebn n\u00eb Ulqin - Lajme nga Ulqini","isPartOf":{"@id":"https:\/\/www.visit-ulcinj.com\/blog\/#website"},"datePublished":"2017-07-22T16:57:29+00:00","dateModified":"2017-07-22T16:57:29+00:00","author":{"@id":"https:\/\/www.visit-ulcinj.com\/blog\/#\/schema\/person\/dcab619c614d3038751c63bc2aadc06d"},"description":"Performanca e Dhurata Dor\u00ebs n\u00eb Ulqin nuk do fjal\u00eb. K\u00ebng\u00ebtarja e 'ndezi' me t\u00eb v\u00ebrtet\u00eb publikun e pranish\u00ebm, shkruan Indeksonline. Nj\u00eb num\u00ebr i madh i","breadcrumb":{"@id":"https:\/\/www.visit-ulcinj.com\/blog\/2017\/07\/22\/dhurata-dora-kalle-atmosferen-ne-ulqin\/#breadcrumb"},"inLanguage":"en-US","potentialAction":[{"@type":"ReadAction","target":["https:\/\/www.visit-ulcinj.com\/blog\/2017\/07\/22\/dhurata-dora-kalle-atmosferen-ne-ulqin\/"]}]},{"@type":"BreadcrumbList","@id":"https:\/\/www.visit-ulcinj.com\/blog\/2017\/07\/22\/dhurata-dora-kalle-atmosferen-ne-ulqin\/#breadcrumb","itemListElement":[{"@type":"ListItem","position":1,"name":"Dhurata Dora kall\u00eb Atmosfer\u00ebn n\u00eb Ulqin"}]},{"@type":"Person","@id":"https:\/\/www.visit-ulcinj.com\/blog\/#\/schema\/person\/dcab619c614d3038751c63bc2aadc06d","name":"ulqini","sameAs":["http:\/\/www.visit-ulcinj.com"],"url":"https:\/\/www.visit-ulcinj.com\/blog\/author\/admin\/"}]}},"jetpack_featured_media_url":"","jetpack_sharing_enabled":true,"jetpack_shortlink":"https:\/\/wp.me\/pe6lTn-rFw","_links":{"self":[{"href":"https:\/\/www.visit-ulcinj.com\/blog\/wp-json\/wp\/v2\/posts\/106362"}],"collection":[{"href":"https:\/\/www.visit-ulcinj.com\/blog\/wp-json\/wp\/v2\/posts"}],"about":[{"href":"https:\/\/www.visit-ulcinj.com\/blog\/wp-json\/wp\/v2\/types\/post"}],"author":[{"embeddable":true,"href":"https:\/\/www.visit-ulcinj.com\/blog\/wp-json\/wp\/v2\/users\/1"}],"replies":[{"embeddable":true,"href":"https:\/\/www.visit-ulcinj.com\/blog\/wp-json\/wp\/v2\/comments?post=106362"}],"version-history":[{"count":1,"href":"https:\/\/www.visit-ulcinj.com\/blog\/wp-json\/wp\/v2\/posts\/106362\/revisions"}],"predecessor-version":[{"id":106364,"href":"https:\/\/www.visit-ulcinj.com\/blog\/wp-json\/wp\/v2\/posts\/106362\/revisions\/106364"}],"wp:attachment":[{"href":"https:\/\/www.visit-ulcinj.com\/blog\/wp-json\/wp\/v2\/media?parent=106362"}],"wp:term":[{"taxonomy":"category","embeddable":true,"href":"https:\/\/www.visit-ulcinj.com\/blog\/wp-json\/wp\/v2\/categories?post=106362"},{"taxonomy":"post_tag","embeddable":true,"href":"https:\/\/www.visit-ulcinj.com\/blog\/wp-json\/wp\/v2\/tags?post=106362"}],"curies":[{"name":"wp","href":"https:\/\/api.w.org\/{rel}","templated":true}]}}