{"id":106376,"date":"2017-07-23T14:32:38","date_gmt":"2017-07-23T13:32:38","guid":{"rendered":"http:\/\/www.visit-ulcinj.com\/blog\/?p=106376"},"modified":"2017-07-23T14:33:59","modified_gmt":"2017-07-23T13:33:59","slug":"abazovicu-prijete-smrcu-preko-facebook","status":"publish","type":"post","link":"https:\/\/www.visit-ulcinj.com\/blog\/2017\/07\/23\/abazovicu-prijete-smrcu-preko-facebook\/","title":{"rendered":"Abazovi\u0107u prijete smr\u0107u preko Facebook-a"},"content":{"rendered":"<p><strong><a href=\"http:\/\/www.visit-ulcinj.com\/blog\/wp-content\/uploads\/2017\/07\/dritan-abazoviq.jpg\"><img loading=\"lazy\" class=\"alignleft wp-image-106377\" src=\"http:\/\/www.visit-ulcinj.com\/blog\/wp-content\/uploads\/2017\/07\/dritan-abazoviq.jpg\" alt=\"\" width=\"508\" height=\"339\" srcset=\"https:\/\/www.visit-ulcinj.com\/blog\/wp-content\/uploads\/2017\/07\/dritan-abazoviq.jpg 960w, https:\/\/www.visit-ulcinj.com\/blog\/wp-content\/uploads\/2017\/07\/dritan-abazoviq-300x200.jpg 300w, https:\/\/www.visit-ulcinj.com\/blog\/wp-content\/uploads\/2017\/07\/dritan-abazoviq-768x512.jpg 768w\" sizes=\"(max-width: 508px) 100vw, 508px\" \/><\/a>Ve\u0107 sedam dana na Facebook stranici portala Lajm.me stoje prijetnje smr\u0107u poslaniku u Skup\u0161tini Crne Gore i lideru Gra\u0111anskog pokreta URA Dritanu Abazovi\u0107u.<\/strong><\/p>\n<p>\u201cOvo je izdajnik. Zaslu\u017euje metak u sred \u010dela\u201c, napisao je jo\u0161 14.7. korisnik naloga koji se predstavlja kao \u201eKraja Bukur\u201c.<\/p>\n<p>Abazovi\u0107 je rekao da ne prati taj portal blizak albanskoj politi\u010dkoj partiji Forca, a jo\u0161 manje komentare.<\/p>\n<p>\u201ePogledao sam tek kada su mi prijatelji to pokazali. Iako smo navikli na razna podmetanja tog \u2018Ulcinjskog informera\u2019 u du\u017eem periodu, ipak je ovo previ\u0161e. Obrati\u0107u se sa zahtjevom Agenciji za elektronske medije, a mo\u017eda i tu\u017eila\u0161tvu da preduzmu mjere iz svoje nadle\u017enosti\u201c, kazao je Abazovi\u0107, prenosi portal mne.ul-info.com.<\/p>\n<p><strong>Izvor: PortalAnalitika.me<\/strong><\/p>\n<p><a href=\"http:\/\/www.visit-ulcinj.com\/blog\/wp-content\/uploads\/2017\/07\/prijetnje-Abazovic-Facebook.jpg\"><img loading=\"lazy\" class=\"alignleft wp-image-106378\" src=\"http:\/\/www.visit-ulcinj.com\/blog\/wp-content\/uploads\/2017\/07\/prijetnje-Abazovic-Facebook.jpg\" alt=\"\" width=\"508\" height=\"260\" srcset=\"https:\/\/www.visit-ulcinj.com\/blog\/wp-content\/uploads\/2017\/07\/prijetnje-Abazovic-Facebook.jpg 1174w, https:\/\/www.visit-ulcinj.com\/blog\/wp-content\/uploads\/2017\/07\/prijetnje-Abazovic-Facebook-300x153.jpg 300w, https:\/\/www.visit-ulcinj.com\/blog\/wp-content\/uploads\/2017\/07\/prijetnje-Abazovic-Facebook-768x393.jpg 768w, https:\/\/www.visit-ulcinj.com\/blog\/wp-content\/uploads\/2017\/07\/prijetnje-Abazovic-Facebook-1024x523.jpg 1024w\" sizes=\"(max-width: 508px) 100vw, 508px\" \/><\/a><\/p>\n","protected":false},"excerpt":{"rendered":"<p>Ve\u0107 sedam dana na Facebook stranici portala Lajm.me stoje prijetnje smr\u0107u poslaniku u Skup\u0161tini Crne Gore i lideru Gra\u0111anskog pokreta URA Dritanu Abazovi\u0107u. \u201cOvo je izdajnik. Zaslu\u017euje metak u sred \u010dela\u201c, napisao je jo\u0161 14.7. korisnik naloga koji se predstavlja kao \u201eKraja Bukur\u201c. Abazovi\u0107 je rekao da ne prati taj portal blizak albanskoj politi\u010dkoj partiji [&hellip;]<\/p>\n","protected":false},"author":1,"featured_media":0,"comment_status":"closed","ping_status":"closed","sticky":false,"template":"","format":"standard","meta":{"spay_email":"","jetpack_publicize_message":"","jetpack_is_tweetstorm":false,"jetpack_publicize_feature_enabled":true},"categories":[6950],"tags":[],"jetpack_publicize_connections":[],"yoast_head":"<!-- This site is optimized with the Yoast SEO plugin v19.1 - https:\/\/yoast.com\/wordpress\/plugins\/seo\/ -->\n<title>Abazovi\u0107u prijete smr\u0107u preko Facebook-a - Lajme nga Ulqini<\/title>\n<meta name=\"description\" content=\"Ve\u0107 sedam dana na Facebook stranici portala Lajm.me stoje prijetnje smr\u0107u poslaniku u Skup\u0161tini Crne Gore i lideru Gra\u0111anskog pokreta URA Dritanu\" \/>\n<meta name=\"robots\" content=\"index, follow, max-snippet:-1, max-image-preview:large, max-video-preview:-1\" \/>\n<link rel=\"canonical\" href=\"https:\/\/www.visit-ulcinj.com\/blog\/2017\/07\/23\/abazovicu-prijete-smrcu-preko-facebook\/\" \/>\n<meta property=\"og:locale\" content=\"en_US\" \/>\n<meta property=\"og:type\" content=\"article\" \/>\n<meta property=\"og:title\" content=\"Abazovi\u0107u prijete smr\u0107u preko Facebook-a - Lajme nga Ulqini\" \/>\n<meta property=\"og:description\" content=\"Ve\u0107 sedam dana na Facebook stranici portala Lajm.me stoje prijetnje smr\u0107u poslaniku u Skup\u0161tini Crne Gore i lideru Gra\u0111anskog pokreta URA Dritanu\" \/>\n<meta property=\"og:url\" content=\"https:\/\/www.visit-ulcinj.com\/blog\/2017\/07\/23\/abazovicu-prijete-smrcu-preko-facebook\/\" \/>\n<meta property=\"og:site_name\" content=\"Lajme nga Ulqini\" \/>\n<meta property=\"article:published_time\" content=\"2017-07-23T13:32:38+00:00\" \/>\n<meta property=\"article:modified_time\" content=\"2017-07-23T13:33:59+00:00\" \/>\n<meta property=\"og:image\" content=\"http:\/\/www.visit-ulcinj.com\/blog\/wp-content\/uploads\/2017\/07\/dritan-abazoviq.jpg\" \/>\n<meta name=\"twitter:label1\" content=\"Written by\" \/>\n\t<meta name=\"twitter:data1\" content=\"ulqini\" \/>\n\t<meta name=\"twitter:label2\" content=\"Est. reading time\" \/>\n\t<meta name=\"twitter:data2\" content=\"1 minute\" \/>\n<script type=\"application\/ld+json\" class=\"yoast-schema-graph\">{\"@context\":\"https:\/\/schema.org\",\"@graph\":[{\"@type\":\"WebSite\",\"@id\":\"https:\/\/www.visit-ulcinj.com\/blog\/#website\",\"url\":\"https:\/\/www.visit-ulcinj.com\/blog\/\",\"name\":\"Lajme nga Ulqini\",\"description\":\"Lajme,Vijesti,Ulqini,Ulqin,Crna Gora,Mali i Zi\",\"potentialAction\":[{\"@type\":\"SearchAction\",\"target\":{\"@type\":\"EntryPoint\",\"urlTemplate\":\"https:\/\/www.visit-ulcinj.com\/blog\/?s={search_term_string}\"},\"query-input\":\"required name=search_term_string\"}],\"inLanguage\":\"en-US\"},{\"@type\":\"ImageObject\",\"inLanguage\":\"en-US\",\"@id\":\"https:\/\/www.visit-ulcinj.com\/blog\/2017\/07\/23\/abazovicu-prijete-smrcu-preko-facebook\/#primaryimage\",\"url\":\"https:\/\/www.visit-ulcinj.com\/blog\/wp-content\/uploads\/2017\/07\/dritan-abazoviq.jpg\",\"contentUrl\":\"https:\/\/www.visit-ulcinj.com\/blog\/wp-content\/uploads\/2017\/07\/dritan-abazoviq.jpg\",\"width\":960,\"height\":640},{\"@type\":\"WebPage\",\"@id\":\"https:\/\/www.visit-ulcinj.com\/blog\/2017\/07\/23\/abazovicu-prijete-smrcu-preko-facebook\/#webpage\",\"url\":\"https:\/\/www.visit-ulcinj.com\/blog\/2017\/07\/23\/abazovicu-prijete-smrcu-preko-facebook\/\",\"name\":\"Abazovi\u0107u prijete smr\u0107u preko Facebook-a - Lajme nga Ulqini\",\"isPartOf\":{\"@id\":\"https:\/\/www.visit-ulcinj.com\/blog\/#website\"},\"primaryImageOfPage\":{\"@id\":\"https:\/\/www.visit-ulcinj.com\/blog\/2017\/07\/23\/abazovicu-prijete-smrcu-preko-facebook\/#primaryimage\"},\"datePublished\":\"2017-07-23T13:32:38+00:00\",\"dateModified\":\"2017-07-23T13:33:59+00:00\",\"author\":{\"@id\":\"https:\/\/www.visit-ulcinj.com\/blog\/#\/schema\/person\/dcab619c614d3038751c63bc2aadc06d\"},\"description\":\"Ve\u0107 sedam dana na Facebook stranici portala Lajm.me stoje prijetnje smr\u0107u poslaniku u Skup\u0161tini Crne Gore i lideru Gra\u0111anskog pokreta URA Dritanu\",\"breadcrumb\":{\"@id\":\"https:\/\/www.visit-ulcinj.com\/blog\/2017\/07\/23\/abazovicu-prijete-smrcu-preko-facebook\/#breadcrumb\"},\"inLanguage\":\"en-US\",\"potentialAction\":[{\"@type\":\"ReadAction\",\"target\":[\"https:\/\/www.visit-ulcinj.com\/blog\/2017\/07\/23\/abazovicu-prijete-smrcu-preko-facebook\/\"]}]},{\"@type\":\"BreadcrumbList\",\"@id\":\"https:\/\/www.visit-ulcinj.com\/blog\/2017\/07\/23\/abazovicu-prijete-smrcu-preko-facebook\/#breadcrumb\",\"itemListElement\":[{\"@type\":\"ListItem\",\"position\":1,\"name\":\"Abazovi\u0107u prijete smr\u0107u preko Facebook-a\"}]},{\"@type\":\"Person\",\"@id\":\"https:\/\/www.visit-ulcinj.com\/blog\/#\/schema\/person\/dcab619c614d3038751c63bc2aadc06d\",\"name\":\"ulqini\",\"sameAs\":[\"http:\/\/www.visit-ulcinj.com\"],\"url\":\"https:\/\/www.visit-ulcinj.com\/blog\/author\/admin\/\"}]}<\/script>\n<!-- \/ Yoast SEO plugin. -->","yoast_head_json":{"title":"Abazovi\u0107u prijete smr\u0107u preko Facebook-a - Lajme nga Ulqini","description":"Ve\u0107 sedam dana na Facebook stranici portala Lajm.me stoje prijetnje smr\u0107u poslaniku u Skup\u0161tini Crne Gore i lideru Gra\u0111anskog pokreta URA Dritanu","robots":{"index":"index","follow":"follow","max-snippet":"max-snippet:-1","max-image-preview":"max-image-preview:large","max-video-preview":"max-video-preview:-1"},"canonical":"https:\/\/www.visit-ulcinj.com\/blog\/2017\/07\/23\/abazovicu-prijete-smrcu-preko-facebook\/","og_locale":"en_US","og_type":"article","og_title":"Abazovi\u0107u prijete smr\u0107u preko Facebook-a - Lajme nga Ulqini","og_description":"Ve\u0107 sedam dana na Facebook stranici portala Lajm.me stoje prijetnje smr\u0107u poslaniku u Skup\u0161tini Crne Gore i lideru Gra\u0111anskog pokreta URA Dritanu","og_url":"https:\/\/www.visit-ulcinj.com\/blog\/2017\/07\/23\/abazovicu-prijete-smrcu-preko-facebook\/","og_site_name":"Lajme nga Ulqini","article_published_time":"2017-07-23T13:32:38+00:00","article_modified_time":"2017-07-23T13:33:59+00:00","og_image":[{"url":"http:\/\/www.visit-ulcinj.com\/blog\/wp-content\/uploads\/2017\/07\/dritan-abazoviq.jpg"}],"twitter_misc":{"Written by":"ulqini","Est. reading time":"1 minute"},"schema":{"@context":"https:\/\/schema.org","@graph":[{"@type":"WebSite","@id":"https:\/\/www.visit-ulcinj.com\/blog\/#website","url":"https:\/\/www.visit-ulcinj.com\/blog\/","name":"Lajme nga Ulqini","description":"Lajme,Vijesti,Ulqini,Ulqin,Crna Gora,Mali i Zi","potentialAction":[{"@type":"SearchAction","target":{"@type":"EntryPoint","urlTemplate":"https:\/\/www.visit-ulcinj.com\/blog\/?s={search_term_string}"},"query-input":"required name=search_term_string"}],"inLanguage":"en-US"},{"@type":"ImageObject","inLanguage":"en-US","@id":"https:\/\/www.visit-ulcinj.com\/blog\/2017\/07\/23\/abazovicu-prijete-smrcu-preko-facebook\/#primaryimage","url":"https:\/\/www.visit-ulcinj.com\/blog\/wp-content\/uploads\/2017\/07\/dritan-abazoviq.jpg","contentUrl":"https:\/\/www.visit-ulcinj.com\/blog\/wp-content\/uploads\/2017\/07\/dritan-abazoviq.jpg","width":960,"height":640},{"@type":"WebPage","@id":"https:\/\/www.visit-ulcinj.com\/blog\/2017\/07\/23\/abazovicu-prijete-smrcu-preko-facebook\/#webpage","url":"https:\/\/www.visit-ulcinj.com\/blog\/2017\/07\/23\/abazovicu-prijete-smrcu-preko-facebook\/","name":"Abazovi\u0107u prijete smr\u0107u preko Facebook-a - Lajme nga Ulqini","isPartOf":{"@id":"https:\/\/www.visit-ulcinj.com\/blog\/#website"},"primaryImageOfPage":{"@id":"https:\/\/www.visit-ulcinj.com\/blog\/2017\/07\/23\/abazovicu-prijete-smrcu-preko-facebook\/#primaryimage"},"datePublished":"2017-07-23T13:32:38+00:00","dateModified":"2017-07-23T13:33:59+00:00","author":{"@id":"https:\/\/www.visit-ulcinj.com\/blog\/#\/schema\/person\/dcab619c614d3038751c63bc2aadc06d"},"description":"Ve\u0107 sedam dana na Facebook stranici portala Lajm.me stoje prijetnje smr\u0107u poslaniku u Skup\u0161tini Crne Gore i lideru Gra\u0111anskog pokreta URA Dritanu","breadcrumb":{"@id":"https:\/\/www.visit-ulcinj.com\/blog\/2017\/07\/23\/abazovicu-prijete-smrcu-preko-facebook\/#breadcrumb"},"inLanguage":"en-US","potentialAction":[{"@type":"ReadAction","target":["https:\/\/www.visit-ulcinj.com\/blog\/2017\/07\/23\/abazovicu-prijete-smrcu-preko-facebook\/"]}]},{"@type":"BreadcrumbList","@id":"https:\/\/www.visit-ulcinj.com\/blog\/2017\/07\/23\/abazovicu-prijete-smrcu-preko-facebook\/#breadcrumb","itemListElement":[{"@type":"ListItem","position":1,"name":"Abazovi\u0107u prijete smr\u0107u preko Facebook-a"}]},{"@type":"Person","@id":"https:\/\/www.visit-ulcinj.com\/blog\/#\/schema\/person\/dcab619c614d3038751c63bc2aadc06d","name":"ulqini","sameAs":["http:\/\/www.visit-ulcinj.com"],"url":"https:\/\/www.visit-ulcinj.com\/blog\/author\/admin\/"}]}},"jetpack_featured_media_url":"","jetpack_sharing_enabled":true,"jetpack_shortlink":"https:\/\/wp.me\/pe6lTn-rFK","_links":{"self":[{"href":"https:\/\/www.visit-ulcinj.com\/blog\/wp-json\/wp\/v2\/posts\/106376"}],"collection":[{"href":"https:\/\/www.visit-ulcinj.com\/blog\/wp-json\/wp\/v2\/posts"}],"about":[{"href":"https:\/\/www.visit-ulcinj.com\/blog\/wp-json\/wp\/v2\/types\/post"}],"author":[{"embeddable":true,"href":"https:\/\/www.visit-ulcinj.com\/blog\/wp-json\/wp\/v2\/users\/1"}],"replies":[{"embeddable":true,"href":"https:\/\/www.visit-ulcinj.com\/blog\/wp-json\/wp\/v2\/comments?post=106376"}],"version-history":[{"count":2,"href":"https:\/\/www.visit-ulcinj.com\/blog\/wp-json\/wp\/v2\/posts\/106376\/revisions"}],"predecessor-version":[{"id":106380,"href":"https:\/\/www.visit-ulcinj.com\/blog\/wp-json\/wp\/v2\/posts\/106376\/revisions\/106380"}],"wp:attachment":[{"href":"https:\/\/www.visit-ulcinj.com\/blog\/wp-json\/wp\/v2\/media?parent=106376"}],"wp:term":[{"taxonomy":"category","embeddable":true,"href":"https:\/\/www.visit-ulcinj.com\/blog\/wp-json\/wp\/v2\/categories?post=106376"},{"taxonomy":"post_tag","embeddable":true,"href":"https:\/\/www.visit-ulcinj.com\/blog\/wp-json\/wp\/v2\/tags?post=106376"}],"curies":[{"name":"wp","href":"https:\/\/api.w.org\/{rel}","templated":true}]}}