{"id":106381,"date":"2017-07-23T17:22:44","date_gmt":"2017-07-23T16:22:44","guid":{"rendered":"http:\/\/www.visit-ulcinj.com\/blog\/?p=106381"},"modified":"2017-07-23T23:00:48","modified_gmt":"2017-07-23T22:00:48","slug":"ulqin-ne-shtoj-prej-vitit-2009-jane-ndertuar-1200-objekte-joligjore","status":"publish","type":"post","link":"https:\/\/www.visit-ulcinj.com\/blog\/2017\/07\/23\/ulqin-ne-shtoj-prej-vitit-2009-jane-ndertuar-1200-objekte-joligjore\/","title":{"rendered":"Ulqin, n\u00eb Shtoj prej vitit 2009 jan\u00eb nd\u00ebrtuar 1200 objekte joligjore"},"content":{"rendered":"<p><strong> <a href=\"http:\/\/www.visit-ulcinj.com\/blog\/wp-content\/uploads\/2017\/07\/Ulqin-n\u00eb-Shtoj-prej-vitit-2009-jan\u00eb-nd\u00ebrtuar-1200-objekte-joligjore.jpg\"><img loading=\"lazy\" class=\"alignleft wp-image-106382\" src=\"http:\/\/www.visit-ulcinj.com\/blog\/wp-content\/uploads\/2017\/07\/Ulqin-n\u00eb-Shtoj-prej-vitit-2009-jan\u00eb-nd\u00ebrtuar-1200-objekte-joligjore.jpg\" alt=\"\" width=\"508\" height=\"275\" srcset=\"https:\/\/www.visit-ulcinj.com\/blog\/wp-content\/uploads\/2017\/07\/Ulqin-n\u00eb-Shtoj-prej-vitit-2009-jan\u00eb-nd\u00ebrtuar-1200-objekte-joligjore.jpg 702w, https:\/\/www.visit-ulcinj.com\/blog\/wp-content\/uploads\/2017\/07\/Ulqin-n\u00eb-Shtoj-prej-vitit-2009-jan\u00eb-nd\u00ebrtuar-1200-objekte-joligjore-300x162.jpg 300w\" sizes=\"(max-width: 508px) 100vw, 508px\" \/><\/a>Gjithsej n\u00eb m\u00ebnyr\u00eb t\u00eb paligjshme n\u00eb Shtoj, jan\u00eb nd\u00ebrtuar 1200 objekte gjat\u00eb viteve prej 2009 deri sot, njoftoi sot Menaxheri i Komun\u00ebs s\u00eb Ulqinit Nazmir Sula, p\u00ebr televizionin Teuta.<\/strong><\/p>\n<p>Menaxheri i Komun\u00ebs s\u00eb Ulqinit Nazmir Sula, tha p\u00ebr televizionin Teuta se komisioni i formuar nga Komuna e Ulqinit, ka arritur q\u00eb deri tani t\u00eb b\u00ebj\u00eb regjistrimin e t\u00eb gjith\u00eb objekteve prej Ad\u00ebs e deri tek pika e karburantit \u201cKalamper\u201d, dhe se n\u00eb muajt n\u00eb vazhdim do t\u00eb kryhet edhe pjesa tjet\u00ebr e qytetit. Me k\u00ebt\u00eb regjistrim , tha Sula, Komuna do t\u00eb ket\u00eb nj\u00eb baz\u00eb t\u00eb sakt\u00eb t\u00eb t\u00eb dh\u00ebnave se sa objekte jan\u00eb n\u00eb komun\u00ebn e Ulqinit me t\u00eb gjitha p\u00ebrmasat reale.<\/p>\n<p>Nga t\u00eb dh\u00ebnat e mbledhura del se vet\u00ebm n\u00eb Shtoj prej vitit 2009, kur \u00ebsht\u00eb b\u00ebr\u00eb regjistrimi i fundit, jan\u00eb nd\u00ebrtuar ose modifikuar rreth 1200 objekte banesore, shum\u00eb prej tyre me p\u00ebrmasa hotelerike. Nga kjo del se humbjet e Komun\u00ebs s\u00eb Ulqinit n\u00eb baz\u00eb t\u00eb t\u00eb ardhurave tatimore k\u00ebto vitet e fundit kan\u00eb qen\u00eb kolosale. \u201cRegjistrimi i t\u00eb gjith\u00eb objekteve me p\u00ebrmasa reale do ti mund\u00ebsoj\u00eb Komun\u00ebs q\u00eb tatimin ta vjel\u00eb n\u00eb form\u00eb m\u00eb efikase dhe t\u00eb barabart\u00eb, ku \u00e7dokush do t\u00eb paguj\u00eb aq sa edhe \u00ebsht\u00eb madh\u00ebsia e objektit n\u00eb pron\u00ebsi t\u00eb tyre\u201d, tha Sula.<\/p>\n","protected":false},"excerpt":{"rendered":"<p>Gjithsej n\u00eb m\u00ebnyr\u00eb t\u00eb paligjshme n\u00eb Shtoj, jan\u00eb nd\u00ebrtuar 1200 objekte gjat\u00eb viteve prej 2009 deri sot, njoftoi sot Menaxheri i Komun\u00ebs s\u00eb Ulqinit Nazmir Sula, p\u00ebr televizionin Teuta. Menaxheri i Komun\u00ebs s\u00eb Ulqinit Nazmir Sula, tha p\u00ebr televizionin Teuta se komisioni i formuar nga Komuna e Ulqinit, ka arritur q\u00eb deri tani t\u00eb b\u00ebj\u00eb [&hellip;]<\/p>\n","protected":false},"author":1,"featured_media":0,"comment_status":"closed","ping_status":"closed","sticky":false,"template":"","format":"standard","meta":{"spay_email":"","jetpack_publicize_message":"","jetpack_is_tweetstorm":false,"jetpack_publicize_feature_enabled":true},"categories":[1,2451],"tags":[],"jetpack_publicize_connections":[],"yoast_head":"<!-- This site is optimized with the Yoast SEO plugin v19.1 - https:\/\/yoast.com\/wordpress\/plugins\/seo\/ -->\n<title>Ulqin, n\u00eb Shtoj prej vitit 2009 jan\u00eb nd\u00ebrtuar 1200 objekte joligjore - Lajme nga Ulqini<\/title>\n<meta name=\"description\" content=\"Gjithsej n\u00eb m\u00ebnyr\u00eb t\u00eb paligjshme n\u00eb Shtoj, jan\u00eb nd\u00ebrtuar 1200 objekte gjat\u00eb viteve prej 2009 deri sot, njoftoi sot Menaxheri i Komun\u00ebs s\u00eb Ulqinit Nazmir\" \/>\n<meta name=\"robots\" content=\"index, follow, max-snippet:-1, max-image-preview:large, max-video-preview:-1\" \/>\n<link rel=\"canonical\" href=\"https:\/\/www.visit-ulcinj.com\/blog\/2017\/07\/23\/ulqin-ne-shtoj-prej-vitit-2009-jane-ndertuar-1200-objekte-joligjore\/\" \/>\n<meta property=\"og:locale\" content=\"en_US\" \/>\n<meta property=\"og:type\" content=\"article\" \/>\n<meta property=\"og:title\" content=\"Ulqin, n\u00eb Shtoj prej vitit 2009 jan\u00eb nd\u00ebrtuar 1200 objekte joligjore - Lajme nga Ulqini\" \/>\n<meta property=\"og:description\" content=\"Gjithsej n\u00eb m\u00ebnyr\u00eb t\u00eb paligjshme n\u00eb Shtoj, jan\u00eb nd\u00ebrtuar 1200 objekte gjat\u00eb viteve prej 2009 deri sot, njoftoi sot Menaxheri i Komun\u00ebs s\u00eb Ulqinit Nazmir\" \/>\n<meta property=\"og:url\" content=\"https:\/\/www.visit-ulcinj.com\/blog\/2017\/07\/23\/ulqin-ne-shtoj-prej-vitit-2009-jane-ndertuar-1200-objekte-joligjore\/\" \/>\n<meta property=\"og:site_name\" content=\"Lajme nga Ulqini\" \/>\n<meta property=\"article:published_time\" content=\"2017-07-23T16:22:44+00:00\" \/>\n<meta property=\"article:modified_time\" content=\"2017-07-23T22:00:48+00:00\" \/>\n<meta name=\"twitter:label1\" content=\"Written by\" \/>\n\t<meta name=\"twitter:data1\" content=\"ulqini\" \/>\n\t<meta name=\"twitter:label2\" content=\"Est. reading time\" \/>\n\t<meta name=\"twitter:data2\" content=\"1 minute\" \/>\n<script type=\"application\/ld+json\" class=\"yoast-schema-graph\">{\"@context\":\"https:\/\/schema.org\",\"@graph\":[{\"@type\":\"WebSite\",\"@id\":\"https:\/\/www.visit-ulcinj.com\/blog\/#website\",\"url\":\"https:\/\/www.visit-ulcinj.com\/blog\/\",\"name\":\"Lajme nga Ulqini\",\"description\":\"Lajme,Vijesti,Ulqini,Ulqin,Crna Gora,Mali i Zi\",\"potentialAction\":[{\"@type\":\"SearchAction\",\"target\":{\"@type\":\"EntryPoint\",\"urlTemplate\":\"https:\/\/www.visit-ulcinj.com\/blog\/?s={search_term_string}\"},\"query-input\":\"required name=search_term_string\"}],\"inLanguage\":\"en-US\"},{\"@type\":\"WebPage\",\"@id\":\"https:\/\/www.visit-ulcinj.com\/blog\/2017\/07\/23\/ulqin-ne-shtoj-prej-vitit-2009-jane-ndertuar-1200-objekte-joligjore\/#webpage\",\"url\":\"https:\/\/www.visit-ulcinj.com\/blog\/2017\/07\/23\/ulqin-ne-shtoj-prej-vitit-2009-jane-ndertuar-1200-objekte-joligjore\/\",\"name\":\"Ulqin, n\u00eb Shtoj prej vitit 2009 jan\u00eb nd\u00ebrtuar 1200 objekte joligjore - Lajme nga Ulqini\",\"isPartOf\":{\"@id\":\"https:\/\/www.visit-ulcinj.com\/blog\/#website\"},\"datePublished\":\"2017-07-23T16:22:44+00:00\",\"dateModified\":\"2017-07-23T22:00:48+00:00\",\"author\":{\"@id\":\"https:\/\/www.visit-ulcinj.com\/blog\/#\/schema\/person\/dcab619c614d3038751c63bc2aadc06d\"},\"description\":\"Gjithsej n\u00eb m\u00ebnyr\u00eb t\u00eb paligjshme n\u00eb Shtoj, jan\u00eb nd\u00ebrtuar 1200 objekte gjat\u00eb viteve prej 2009 deri sot, njoftoi sot Menaxheri i Komun\u00ebs s\u00eb Ulqinit Nazmir\",\"breadcrumb\":{\"@id\":\"https:\/\/www.visit-ulcinj.com\/blog\/2017\/07\/23\/ulqin-ne-shtoj-prej-vitit-2009-jane-ndertuar-1200-objekte-joligjore\/#breadcrumb\"},\"inLanguage\":\"en-US\",\"potentialAction\":[{\"@type\":\"ReadAction\",\"target\":[\"https:\/\/www.visit-ulcinj.com\/blog\/2017\/07\/23\/ulqin-ne-shtoj-prej-vitit-2009-jane-ndertuar-1200-objekte-joligjore\/\"]}]},{\"@type\":\"BreadcrumbList\",\"@id\":\"https:\/\/www.visit-ulcinj.com\/blog\/2017\/07\/23\/ulqin-ne-shtoj-prej-vitit-2009-jane-ndertuar-1200-objekte-joligjore\/#breadcrumb\",\"itemListElement\":[{\"@type\":\"ListItem\",\"position\":1,\"name\":\"Ulqin, n\u00eb Shtoj prej vitit 2009 jan\u00eb nd\u00ebrtuar 1200 objekte joligjore\"}]},{\"@type\":\"Person\",\"@id\":\"https:\/\/www.visit-ulcinj.com\/blog\/#\/schema\/person\/dcab619c614d3038751c63bc2aadc06d\",\"name\":\"ulqini\",\"sameAs\":[\"http:\/\/www.visit-ulcinj.com\"],\"url\":\"https:\/\/www.visit-ulcinj.com\/blog\/author\/admin\/\"}]}<\/script>\n<!-- \/ Yoast SEO plugin. -->","yoast_head_json":{"title":"Ulqin, n\u00eb Shtoj prej vitit 2009 jan\u00eb nd\u00ebrtuar 1200 objekte joligjore - Lajme nga Ulqini","description":"Gjithsej n\u00eb m\u00ebnyr\u00eb t\u00eb paligjshme n\u00eb Shtoj, jan\u00eb nd\u00ebrtuar 1200 objekte gjat\u00eb viteve prej 2009 deri sot, njoftoi sot Menaxheri i Komun\u00ebs s\u00eb Ulqinit Nazmir","robots":{"index":"index","follow":"follow","max-snippet":"max-snippet:-1","max-image-preview":"max-image-preview:large","max-video-preview":"max-video-preview:-1"},"canonical":"https:\/\/www.visit-ulcinj.com\/blog\/2017\/07\/23\/ulqin-ne-shtoj-prej-vitit-2009-jane-ndertuar-1200-objekte-joligjore\/","og_locale":"en_US","og_type":"article","og_title":"Ulqin, n\u00eb Shtoj prej vitit 2009 jan\u00eb nd\u00ebrtuar 1200 objekte joligjore - Lajme nga Ulqini","og_description":"Gjithsej n\u00eb m\u00ebnyr\u00eb t\u00eb paligjshme n\u00eb Shtoj, jan\u00eb nd\u00ebrtuar 1200 objekte gjat\u00eb viteve prej 2009 deri sot, njoftoi sot Menaxheri i Komun\u00ebs s\u00eb Ulqinit Nazmir","og_url":"https:\/\/www.visit-ulcinj.com\/blog\/2017\/07\/23\/ulqin-ne-shtoj-prej-vitit-2009-jane-ndertuar-1200-objekte-joligjore\/","og_site_name":"Lajme nga Ulqini","article_published_time":"2017-07-23T16:22:44+00:00","article_modified_time":"2017-07-23T22:00:48+00:00","twitter_misc":{"Written by":"ulqini","Est. reading time":"1 minute"},"schema":{"@context":"https:\/\/schema.org","@graph":[{"@type":"WebSite","@id":"https:\/\/www.visit-ulcinj.com\/blog\/#website","url":"https:\/\/www.visit-ulcinj.com\/blog\/","name":"Lajme nga Ulqini","description":"Lajme,Vijesti,Ulqini,Ulqin,Crna Gora,Mali i Zi","potentialAction":[{"@type":"SearchAction","target":{"@type":"EntryPoint","urlTemplate":"https:\/\/www.visit-ulcinj.com\/blog\/?s={search_term_string}"},"query-input":"required name=search_term_string"}],"inLanguage":"en-US"},{"@type":"WebPage","@id":"https:\/\/www.visit-ulcinj.com\/blog\/2017\/07\/23\/ulqin-ne-shtoj-prej-vitit-2009-jane-ndertuar-1200-objekte-joligjore\/#webpage","url":"https:\/\/www.visit-ulcinj.com\/blog\/2017\/07\/23\/ulqin-ne-shtoj-prej-vitit-2009-jane-ndertuar-1200-objekte-joligjore\/","name":"Ulqin, n\u00eb Shtoj prej vitit 2009 jan\u00eb nd\u00ebrtuar 1200 objekte joligjore - Lajme nga Ulqini","isPartOf":{"@id":"https:\/\/www.visit-ulcinj.com\/blog\/#website"},"datePublished":"2017-07-23T16:22:44+00:00","dateModified":"2017-07-23T22:00:48+00:00","author":{"@id":"https:\/\/www.visit-ulcinj.com\/blog\/#\/schema\/person\/dcab619c614d3038751c63bc2aadc06d"},"description":"Gjithsej n\u00eb m\u00ebnyr\u00eb t\u00eb paligjshme n\u00eb Shtoj, jan\u00eb nd\u00ebrtuar 1200 objekte gjat\u00eb viteve prej 2009 deri sot, njoftoi sot Menaxheri i Komun\u00ebs s\u00eb Ulqinit Nazmir","breadcrumb":{"@id":"https:\/\/www.visit-ulcinj.com\/blog\/2017\/07\/23\/ulqin-ne-shtoj-prej-vitit-2009-jane-ndertuar-1200-objekte-joligjore\/#breadcrumb"},"inLanguage":"en-US","potentialAction":[{"@type":"ReadAction","target":["https:\/\/www.visit-ulcinj.com\/blog\/2017\/07\/23\/ulqin-ne-shtoj-prej-vitit-2009-jane-ndertuar-1200-objekte-joligjore\/"]}]},{"@type":"BreadcrumbList","@id":"https:\/\/www.visit-ulcinj.com\/blog\/2017\/07\/23\/ulqin-ne-shtoj-prej-vitit-2009-jane-ndertuar-1200-objekte-joligjore\/#breadcrumb","itemListElement":[{"@type":"ListItem","position":1,"name":"Ulqin, n\u00eb Shtoj prej vitit 2009 jan\u00eb nd\u00ebrtuar 1200 objekte joligjore"}]},{"@type":"Person","@id":"https:\/\/www.visit-ulcinj.com\/blog\/#\/schema\/person\/dcab619c614d3038751c63bc2aadc06d","name":"ulqini","sameAs":["http:\/\/www.visit-ulcinj.com"],"url":"https:\/\/www.visit-ulcinj.com\/blog\/author\/admin\/"}]}},"jetpack_featured_media_url":"","jetpack_sharing_enabled":true,"jetpack_shortlink":"https:\/\/wp.me\/pe6lTn-rFP","_links":{"self":[{"href":"https:\/\/www.visit-ulcinj.com\/blog\/wp-json\/wp\/v2\/posts\/106381"}],"collection":[{"href":"https:\/\/www.visit-ulcinj.com\/blog\/wp-json\/wp\/v2\/posts"}],"about":[{"href":"https:\/\/www.visit-ulcinj.com\/blog\/wp-json\/wp\/v2\/types\/post"}],"author":[{"embeddable":true,"href":"https:\/\/www.visit-ulcinj.com\/blog\/wp-json\/wp\/v2\/users\/1"}],"replies":[{"embeddable":true,"href":"https:\/\/www.visit-ulcinj.com\/blog\/wp-json\/wp\/v2\/comments?post=106381"}],"version-history":[{"count":1,"href":"https:\/\/www.visit-ulcinj.com\/blog\/wp-json\/wp\/v2\/posts\/106381\/revisions"}],"predecessor-version":[{"id":106383,"href":"https:\/\/www.visit-ulcinj.com\/blog\/wp-json\/wp\/v2\/posts\/106381\/revisions\/106383"}],"wp:attachment":[{"href":"https:\/\/www.visit-ulcinj.com\/blog\/wp-json\/wp\/v2\/media?parent=106381"}],"wp:term":[{"taxonomy":"category","embeddable":true,"href":"https:\/\/www.visit-ulcinj.com\/blog\/wp-json\/wp\/v2\/categories?post=106381"},{"taxonomy":"post_tag","embeddable":true,"href":"https:\/\/www.visit-ulcinj.com\/blog\/wp-json\/wp\/v2\/tags?post=106381"}],"curies":[{"name":"wp","href":"https:\/\/api.w.org\/{rel}","templated":true}]}}