{"id":106387,"date":"2017-07-23T23:00:55","date_gmt":"2017-07-23T22:00:55","guid":{"rendered":"http:\/\/www.visit-ulcinj.com\/blog\/?p=106387"},"modified":"2017-07-23T23:01:37","modified_gmt":"2017-07-23T22:01:37","slug":"lajm-deklarata-e-abazoviqit-zgjon-reagime-tek-shqiptaret-e-malit-te-zi","status":"publish","type":"post","link":"https:\/\/www.visit-ulcinj.com\/blog\/2017\/07\/23\/lajm-deklarata-e-abazoviqit-zgjon-reagime-tek-shqiptaret-e-malit-te-zi\/","title":{"rendered":"Lajm.me: Deklarata e Abazoviqit zgjon reagime tek Shqiptar\u00ebt e Malit t\u00eb Zi"},"content":{"rendered":"<p><strong><a href=\"http:\/\/www.visit-ulcinj.com\/blog\/wp-content\/uploads\/2017\/07\/DAN-Deklarata-e-Abazoviqit.jpg\"><img loading=\"lazy\" class=\"alignleft wp-image-106388\" src=\"http:\/\/www.visit-ulcinj.com\/blog\/wp-content\/uploads\/2017\/07\/DAN-Deklarata-e-Abazoviqit.jpg\" alt=\"\" width=\"508\" height=\"446\" srcset=\"https:\/\/www.visit-ulcinj.com\/blog\/wp-content\/uploads\/2017\/07\/DAN-Deklarata-e-Abazoviqit.jpg 696w, https:\/\/www.visit-ulcinj.com\/blog\/wp-content\/uploads\/2017\/07\/DAN-Deklarata-e-Abazoviqit-300x263.jpg 300w\" sizes=\"(max-width: 508px) 100vw, 508px\" \/><\/a>Deklarata e deputetit Abazoviq me rastin e dit\u00ebs s\u00eb shtet\u00ebsis\u00eb s\u00eb malit t\u00eb Zi ku cil\u00ebsoi Kongresin e Berlinit si dita m\u00eb\u00a0 e r\u00ebnd\u00ebsishme e Malit t\u00eb Zi zgjoj revolt t\u00eb madh n\u00eb rrjet\u00ebt socjale nga ana e shqiptar\u00ebve.<\/strong><\/p>\n<p>Reagimet nep\u00ebr Facebook u komentuan edhe n\u00eb portalin malazez Ul-Info ku komentet n\u00eb Facebook i konsidoroj si k\u00ebrc\u00ebnim me vdekje pasi q\u00eb nj\u00ebri nga komentuesit shkruan <strong>\u201cKy \u00ebsht\u00eb tradhtar, e ka hallall nj\u00eb plumb n\u00eb lule t\u00eb ballit\u201d.\u00a0<\/strong><\/p>\n<p>Deputeti Abazoviq p\u00ebr k\u00ebt\u00eb portal deklaron <em>\u201cE kam pare vet\u00ebm at\u00ebher\u00eb kur miqt\u00eb e mi ma treguan. Edhe pse jemi m\u00ebsuar me imputimet e ndryshme t\u00eb \u201cInformerit t\u00eb Ulqinit\u201d tash nj\u00eb periudh\u00eb t\u00eb gjat\u00eb, kjo \u00ebsht\u00eb tep\u00ebr. Do ti drejtohem Agjencis\u00eb p\u00ebr medie elektronike, e ndoshta edhe prokuroris\u00eb q\u00eb t\u00eb nd\u00ebrmarrin masat nga kompetencat e tyre\u201d, <\/em>ky ishte komenti i tij n\u00eb lidhje me shkrimin e portalit ton\u00eb q\u00eb ka p\u00ebrcjell\u00eb deklaratat e tija n\u00eb lidhje me Kongresin e Berlinit. T\u00eb nj\u00ebjtin reagim e ka p\u00ebrcjell\u00eb edhe gazeta pro-serbe DAN.<\/p>\n<p><a href=\"http:\/\/lajm.me\/wp-content\/uploads\/2017\/07\/Lajm.jpg\"><img loading=\"lazy\" class=\"alignleft size-medium wp-image-18725 td-animation-stack-type0-2\" src=\"http:\/\/lajm.me\/wp-content\/uploads\/2017\/07\/Lajm-300x153.jpg\" sizes=\"(max-width: 300px) 100vw, 300px\" srcset=\"http:\/\/lajm.me\/wp-content\/uploads\/2017\/07\/Lajm-300x153.jpg 300w, http:\/\/lajm.me\/wp-content\/uploads\/2017\/07\/Lajm.jpg 513w\" alt=\"\" width=\"300\" height=\"153\" \/><\/a>Pas disa deteve komentuesi e fshiu k\u00ebt\u00eb koment pas k\u00ebrc\u00ebnimeve q\u00eb do ti drejtohet prokuroris\u00eb dhe agjencis\u00eb p\u00ebr media. Portali yn\u00eb fton lexuesit q\u00eb te jen t\u00eb moderuar n\u00eb komentet dhe ftojm\u00eb q\u00eb edhe portalet tjera t\u00eb b\u00ebjn\u00eb t\u00eb nj\u00ebjt\u00ebn gj\u00eb.<\/p>\n<p>Por neve nuk na ndalon t\u00eb drejt\u00ebn t\u00eb shkruajm\u00eb dhe t\u00eb qesim n\u00eb pah deklaratat e t\u00eb gjith\u00eb atyre q\u00eb fyejn\u00eb historin\u00eb e t\u00eb par\u00ebve tan\u00eb q\u00eb luftuan p\u00ebr lirin\u00eb e trojeve tona dhe p\u00ebr respektin e gjith\u00eb shqiptar\u00ebve anemban\u00eb trojeve Shqiptare q\u00eb mor\u00ebn pjes\u00eb n\u00eb Lidhjen e Prizrenit.<\/p>\n<p><u>Lidhja e Prizrenit \u00ebsht\u00eb ngjarja m\u00eb r\u00ebnd\u00ebsishme e Shqiptar\u00ebve n\u00eb k\u00ebto troje dhe rasti kur shqiptar\u00ebt an\u00eb e mban\u00eb pa dallim feje dhe krahine u bashkuan p\u00ebr \u00e7lirimin e trojeve tona. <\/u><\/p>\n<p>P\u00ebr k\u00ebt\u00eb edhe mund t\u00eb na k\u00ebrc\u00ebnoni n\u00eb Facebook, Twiter, Instagram SnapChat. Ku t\u00eb doni. As nuk do t\u00eb ju fshijm\u00eb komentet e as nuk do ju lajm\u00ebrojm\u00eb n\u00eb prokurori.\/<strong> Lajm.me<\/strong><\/p>\n<p><a href=\"http:\/\/www.visit-ulcinj.com\/blog\/wp-content\/uploads\/2017\/07\/prijetnje-Abazovic-Facebook.jpg\"><img loading=\"lazy\" class=\"alignleft wp-image-106378\" src=\"http:\/\/www.visit-ulcinj.com\/blog\/wp-content\/uploads\/2017\/07\/prijetnje-Abazovic-Facebook.jpg\" alt=\"\" width=\"508\" height=\"260\" srcset=\"https:\/\/www.visit-ulcinj.com\/blog\/wp-content\/uploads\/2017\/07\/prijetnje-Abazovic-Facebook.jpg 1174w, https:\/\/www.visit-ulcinj.com\/blog\/wp-content\/uploads\/2017\/07\/prijetnje-Abazovic-Facebook-300x153.jpg 300w, https:\/\/www.visit-ulcinj.com\/blog\/wp-content\/uploads\/2017\/07\/prijetnje-Abazovic-Facebook-768x393.jpg 768w, https:\/\/www.visit-ulcinj.com\/blog\/wp-content\/uploads\/2017\/07\/prijetnje-Abazovic-Facebook-1024x523.jpg 1024w\" sizes=\"(max-width: 508px) 100vw, 508px\" \/><\/a><\/p>\n","protected":false},"excerpt":{"rendered":"<p>Deklarata e deputetit Abazoviq me rastin e dit\u00ebs s\u00eb shtet\u00ebsis\u00eb s\u00eb malit t\u00eb Zi ku cil\u00ebsoi Kongresin e Berlinit si dita m\u00eb\u00a0 e r\u00ebnd\u00ebsishme e Malit t\u00eb Zi zgjoj revolt t\u00eb madh n\u00eb rrjet\u00ebt socjale nga ana e shqiptar\u00ebve. Reagimet nep\u00ebr Facebook u komentuan edhe n\u00eb portalin malazez Ul-Info ku komentet n\u00eb Facebook i konsidoroj [&hellip;]<\/p>\n","protected":false},"author":1,"featured_media":0,"comment_status":"closed","ping_status":"closed","sticky":false,"template":"","format":"standard","meta":{"spay_email":"","jetpack_publicize_message":"","jetpack_is_tweetstorm":false,"jetpack_publicize_feature_enabled":true},"categories":[1],"tags":[],"jetpack_publicize_connections":[],"yoast_head":"<!-- This site is optimized with the Yoast SEO plugin v19.1 - https:\/\/yoast.com\/wordpress\/plugins\/seo\/ -->\n<title>Lajm.me: Deklarata e Abazoviqit zgjon reagime tek Shqiptar\u00ebt e Malit t\u00eb Zi - Lajme nga Ulqini<\/title>\n<meta name=\"description\" content=\"Deklarata e deputetit Abazoviq me rastin e dit\u00ebs s\u00eb shtet\u00ebsis\u00eb s\u00eb malit t\u00eb Zi ku cil\u00ebsoi Kongresin e Berlinit si dita m\u00eb\u00a0 e r\u00ebnd\u00ebsishme e Malit t\u00eb Zi\" \/>\n<meta name=\"robots\" content=\"index, follow, max-snippet:-1, max-image-preview:large, max-video-preview:-1\" \/>\n<link rel=\"canonical\" href=\"https:\/\/www.visit-ulcinj.com\/blog\/2017\/07\/23\/lajm-deklarata-e-abazoviqit-zgjon-reagime-tek-shqiptaret-e-malit-te-zi\/\" \/>\n<meta property=\"og:locale\" content=\"en_US\" \/>\n<meta property=\"og:type\" content=\"article\" \/>\n<meta property=\"og:title\" content=\"Lajm.me: Deklarata e Abazoviqit zgjon reagime tek Shqiptar\u00ebt e Malit t\u00eb Zi - Lajme nga Ulqini\" \/>\n<meta property=\"og:description\" content=\"Deklarata e deputetit Abazoviq me rastin e dit\u00ebs s\u00eb shtet\u00ebsis\u00eb s\u00eb malit t\u00eb Zi ku cil\u00ebsoi Kongresin e Berlinit si dita m\u00eb\u00a0 e r\u00ebnd\u00ebsishme e Malit t\u00eb Zi\" \/>\n<meta property=\"og:url\" content=\"https:\/\/www.visit-ulcinj.com\/blog\/2017\/07\/23\/lajm-deklarata-e-abazoviqit-zgjon-reagime-tek-shqiptaret-e-malit-te-zi\/\" \/>\n<meta property=\"og:site_name\" content=\"Lajme nga Ulqini\" \/>\n<meta property=\"article:published_time\" content=\"2017-07-23T22:00:55+00:00\" \/>\n<meta property=\"article:modified_time\" content=\"2017-07-23T22:01:37+00:00\" \/>\n<meta property=\"og:image\" content=\"http:\/\/www.visit-ulcinj.com\/blog\/wp-content\/uploads\/2017\/07\/DAN-Deklarata-e-Abazoviqit.jpg\" \/>\n<meta name=\"twitter:label1\" content=\"Written by\" \/>\n\t<meta name=\"twitter:data1\" content=\"ulqini\" \/>\n\t<meta name=\"twitter:label2\" content=\"Est. reading time\" \/>\n\t<meta name=\"twitter:data2\" content=\"2 minutes\" \/>\n<script type=\"application\/ld+json\" class=\"yoast-schema-graph\">{\"@context\":\"https:\/\/schema.org\",\"@graph\":[{\"@type\":\"WebSite\",\"@id\":\"https:\/\/www.visit-ulcinj.com\/blog\/#website\",\"url\":\"https:\/\/www.visit-ulcinj.com\/blog\/\",\"name\":\"Lajme nga Ulqini\",\"description\":\"Lajme,Vijesti,Ulqini,Ulqin,Crna Gora,Mali i Zi\",\"potentialAction\":[{\"@type\":\"SearchAction\",\"target\":{\"@type\":\"EntryPoint\",\"urlTemplate\":\"https:\/\/www.visit-ulcinj.com\/blog\/?s={search_term_string}\"},\"query-input\":\"required name=search_term_string\"}],\"inLanguage\":\"en-US\"},{\"@type\":\"ImageObject\",\"inLanguage\":\"en-US\",\"@id\":\"https:\/\/www.visit-ulcinj.com\/blog\/2017\/07\/23\/lajm-deklarata-e-abazoviqit-zgjon-reagime-tek-shqiptaret-e-malit-te-zi\/#primaryimage\",\"url\":\"https:\/\/www.visit-ulcinj.com\/blog\/wp-content\/uploads\/2017\/07\/DAN-Deklarata-e-Abazoviqit.jpg\",\"contentUrl\":\"https:\/\/www.visit-ulcinj.com\/blog\/wp-content\/uploads\/2017\/07\/DAN-Deklarata-e-Abazoviqit.jpg\",\"width\":696,\"height\":611},{\"@type\":\"WebPage\",\"@id\":\"https:\/\/www.visit-ulcinj.com\/blog\/2017\/07\/23\/lajm-deklarata-e-abazoviqit-zgjon-reagime-tek-shqiptaret-e-malit-te-zi\/#webpage\",\"url\":\"https:\/\/www.visit-ulcinj.com\/blog\/2017\/07\/23\/lajm-deklarata-e-abazoviqit-zgjon-reagime-tek-shqiptaret-e-malit-te-zi\/\",\"name\":\"Lajm.me: Deklarata e Abazoviqit zgjon reagime tek Shqiptar\u00ebt e Malit t\u00eb Zi - Lajme nga Ulqini\",\"isPartOf\":{\"@id\":\"https:\/\/www.visit-ulcinj.com\/blog\/#website\"},\"primaryImageOfPage\":{\"@id\":\"https:\/\/www.visit-ulcinj.com\/blog\/2017\/07\/23\/lajm-deklarata-e-abazoviqit-zgjon-reagime-tek-shqiptaret-e-malit-te-zi\/#primaryimage\"},\"datePublished\":\"2017-07-23T22:00:55+00:00\",\"dateModified\":\"2017-07-23T22:01:37+00:00\",\"author\":{\"@id\":\"https:\/\/www.visit-ulcinj.com\/blog\/#\/schema\/person\/dcab619c614d3038751c63bc2aadc06d\"},\"description\":\"Deklarata e deputetit Abazoviq me rastin e dit\u00ebs s\u00eb shtet\u00ebsis\u00eb s\u00eb malit t\u00eb Zi ku cil\u00ebsoi Kongresin e Berlinit si dita m\u00eb\u00a0 e r\u00ebnd\u00ebsishme e Malit t\u00eb Zi\",\"breadcrumb\":{\"@id\":\"https:\/\/www.visit-ulcinj.com\/blog\/2017\/07\/23\/lajm-deklarata-e-abazoviqit-zgjon-reagime-tek-shqiptaret-e-malit-te-zi\/#breadcrumb\"},\"inLanguage\":\"en-US\",\"potentialAction\":[{\"@type\":\"ReadAction\",\"target\":[\"https:\/\/www.visit-ulcinj.com\/blog\/2017\/07\/23\/lajm-deklarata-e-abazoviqit-zgjon-reagime-tek-shqiptaret-e-malit-te-zi\/\"]}]},{\"@type\":\"BreadcrumbList\",\"@id\":\"https:\/\/www.visit-ulcinj.com\/blog\/2017\/07\/23\/lajm-deklarata-e-abazoviqit-zgjon-reagime-tek-shqiptaret-e-malit-te-zi\/#breadcrumb\",\"itemListElement\":[{\"@type\":\"ListItem\",\"position\":1,\"name\":\"Lajm.me: Deklarata e Abazoviqit zgjon reagime tek Shqiptar\u00ebt e Malit t\u00eb Zi\"}]},{\"@type\":\"Person\",\"@id\":\"https:\/\/www.visit-ulcinj.com\/blog\/#\/schema\/person\/dcab619c614d3038751c63bc2aadc06d\",\"name\":\"ulqini\",\"sameAs\":[\"http:\/\/www.visit-ulcinj.com\"],\"url\":\"https:\/\/www.visit-ulcinj.com\/blog\/author\/admin\/\"}]}<\/script>\n<!-- \/ Yoast SEO plugin. -->","yoast_head_json":{"title":"Lajm.me: Deklarata e Abazoviqit zgjon reagime tek Shqiptar\u00ebt e Malit t\u00eb Zi - Lajme nga Ulqini","description":"Deklarata e deputetit Abazoviq me rastin e dit\u00ebs s\u00eb shtet\u00ebsis\u00eb s\u00eb malit t\u00eb Zi ku cil\u00ebsoi Kongresin e Berlinit si dita m\u00eb\u00a0 e r\u00ebnd\u00ebsishme e Malit t\u00eb Zi","robots":{"index":"index","follow":"follow","max-snippet":"max-snippet:-1","max-image-preview":"max-image-preview:large","max-video-preview":"max-video-preview:-1"},"canonical":"https:\/\/www.visit-ulcinj.com\/blog\/2017\/07\/23\/lajm-deklarata-e-abazoviqit-zgjon-reagime-tek-shqiptaret-e-malit-te-zi\/","og_locale":"en_US","og_type":"article","og_title":"Lajm.me: Deklarata e Abazoviqit zgjon reagime tek Shqiptar\u00ebt e Malit t\u00eb Zi - Lajme nga Ulqini","og_description":"Deklarata e deputetit Abazoviq me rastin e dit\u00ebs s\u00eb shtet\u00ebsis\u00eb s\u00eb malit t\u00eb Zi ku cil\u00ebsoi Kongresin e Berlinit si dita m\u00eb\u00a0 e r\u00ebnd\u00ebsishme e Malit t\u00eb Zi","og_url":"https:\/\/www.visit-ulcinj.com\/blog\/2017\/07\/23\/lajm-deklarata-e-abazoviqit-zgjon-reagime-tek-shqiptaret-e-malit-te-zi\/","og_site_name":"Lajme nga Ulqini","article_published_time":"2017-07-23T22:00:55+00:00","article_modified_time":"2017-07-23T22:01:37+00:00","og_image":[{"url":"http:\/\/www.visit-ulcinj.com\/blog\/wp-content\/uploads\/2017\/07\/DAN-Deklarata-e-Abazoviqit.jpg"}],"twitter_misc":{"Written by":"ulqini","Est. reading time":"2 minutes"},"schema":{"@context":"https:\/\/schema.org","@graph":[{"@type":"WebSite","@id":"https:\/\/www.visit-ulcinj.com\/blog\/#website","url":"https:\/\/www.visit-ulcinj.com\/blog\/","name":"Lajme nga Ulqini","description":"Lajme,Vijesti,Ulqini,Ulqin,Crna Gora,Mali i Zi","potentialAction":[{"@type":"SearchAction","target":{"@type":"EntryPoint","urlTemplate":"https:\/\/www.visit-ulcinj.com\/blog\/?s={search_term_string}"},"query-input":"required name=search_term_string"}],"inLanguage":"en-US"},{"@type":"ImageObject","inLanguage":"en-US","@id":"https:\/\/www.visit-ulcinj.com\/blog\/2017\/07\/23\/lajm-deklarata-e-abazoviqit-zgjon-reagime-tek-shqiptaret-e-malit-te-zi\/#primaryimage","url":"https:\/\/www.visit-ulcinj.com\/blog\/wp-content\/uploads\/2017\/07\/DAN-Deklarata-e-Abazoviqit.jpg","contentUrl":"https:\/\/www.visit-ulcinj.com\/blog\/wp-content\/uploads\/2017\/07\/DAN-Deklarata-e-Abazoviqit.jpg","width":696,"height":611},{"@type":"WebPage","@id":"https:\/\/www.visit-ulcinj.com\/blog\/2017\/07\/23\/lajm-deklarata-e-abazoviqit-zgjon-reagime-tek-shqiptaret-e-malit-te-zi\/#webpage","url":"https:\/\/www.visit-ulcinj.com\/blog\/2017\/07\/23\/lajm-deklarata-e-abazoviqit-zgjon-reagime-tek-shqiptaret-e-malit-te-zi\/","name":"Lajm.me: Deklarata e Abazoviqit zgjon reagime tek Shqiptar\u00ebt e Malit t\u00eb Zi - Lajme nga Ulqini","isPartOf":{"@id":"https:\/\/www.visit-ulcinj.com\/blog\/#website"},"primaryImageOfPage":{"@id":"https:\/\/www.visit-ulcinj.com\/blog\/2017\/07\/23\/lajm-deklarata-e-abazoviqit-zgjon-reagime-tek-shqiptaret-e-malit-te-zi\/#primaryimage"},"datePublished":"2017-07-23T22:00:55+00:00","dateModified":"2017-07-23T22:01:37+00:00","author":{"@id":"https:\/\/www.visit-ulcinj.com\/blog\/#\/schema\/person\/dcab619c614d3038751c63bc2aadc06d"},"description":"Deklarata e deputetit Abazoviq me rastin e dit\u00ebs s\u00eb shtet\u00ebsis\u00eb s\u00eb malit t\u00eb Zi ku cil\u00ebsoi Kongresin e Berlinit si dita m\u00eb\u00a0 e r\u00ebnd\u00ebsishme e Malit t\u00eb Zi","breadcrumb":{"@id":"https:\/\/www.visit-ulcinj.com\/blog\/2017\/07\/23\/lajm-deklarata-e-abazoviqit-zgjon-reagime-tek-shqiptaret-e-malit-te-zi\/#breadcrumb"},"inLanguage":"en-US","potentialAction":[{"@type":"ReadAction","target":["https:\/\/www.visit-ulcinj.com\/blog\/2017\/07\/23\/lajm-deklarata-e-abazoviqit-zgjon-reagime-tek-shqiptaret-e-malit-te-zi\/"]}]},{"@type":"BreadcrumbList","@id":"https:\/\/www.visit-ulcinj.com\/blog\/2017\/07\/23\/lajm-deklarata-e-abazoviqit-zgjon-reagime-tek-shqiptaret-e-malit-te-zi\/#breadcrumb","itemListElement":[{"@type":"ListItem","position":1,"name":"Lajm.me: Deklarata e Abazoviqit zgjon reagime tek Shqiptar\u00ebt e Malit t\u00eb Zi"}]},{"@type":"Person","@id":"https:\/\/www.visit-ulcinj.com\/blog\/#\/schema\/person\/dcab619c614d3038751c63bc2aadc06d","name":"ulqini","sameAs":["http:\/\/www.visit-ulcinj.com"],"url":"https:\/\/www.visit-ulcinj.com\/blog\/author\/admin\/"}]}},"jetpack_featured_media_url":"","jetpack_sharing_enabled":true,"jetpack_shortlink":"https:\/\/wp.me\/pe6lTn-rFV","_links":{"self":[{"href":"https:\/\/www.visit-ulcinj.com\/blog\/wp-json\/wp\/v2\/posts\/106387"}],"collection":[{"href":"https:\/\/www.visit-ulcinj.com\/blog\/wp-json\/wp\/v2\/posts"}],"about":[{"href":"https:\/\/www.visit-ulcinj.com\/blog\/wp-json\/wp\/v2\/types\/post"}],"author":[{"embeddable":true,"href":"https:\/\/www.visit-ulcinj.com\/blog\/wp-json\/wp\/v2\/users\/1"}],"replies":[{"embeddable":true,"href":"https:\/\/www.visit-ulcinj.com\/blog\/wp-json\/wp\/v2\/comments?post=106387"}],"version-history":[{"count":2,"href":"https:\/\/www.visit-ulcinj.com\/blog\/wp-json\/wp\/v2\/posts\/106387\/revisions"}],"predecessor-version":[{"id":106390,"href":"https:\/\/www.visit-ulcinj.com\/blog\/wp-json\/wp\/v2\/posts\/106387\/revisions\/106390"}],"wp:attachment":[{"href":"https:\/\/www.visit-ulcinj.com\/blog\/wp-json\/wp\/v2\/media?parent=106387"}],"wp:term":[{"taxonomy":"category","embeddable":true,"href":"https:\/\/www.visit-ulcinj.com\/blog\/wp-json\/wp\/v2\/categories?post=106387"},{"taxonomy":"post_tag","embeddable":true,"href":"https:\/\/www.visit-ulcinj.com\/blog\/wp-json\/wp\/v2\/tags?post=106387"}],"curies":[{"name":"wp","href":"https:\/\/api.w.org\/{rel}","templated":true}]}}