{"id":106391,"date":"2017-07-24T12:59:25","date_gmt":"2017-07-24T11:59:25","guid":{"rendered":"http:\/\/www.visit-ulcinj.com\/blog\/?p=106391"},"modified":"2017-07-24T12:59:25","modified_gmt":"2017-07-24T11:59:25","slug":"abazovic-ne-iskljucujem-mogucnost-kandidature-na-predsjednickim-izborima","status":"publish","type":"post","link":"https:\/\/www.visit-ulcinj.com\/blog\/2017\/07\/24\/abazovic-ne-iskljucujem-mogucnost-kandidature-na-predsjednickim-izborima\/","title":{"rendered":"Abazovi\u0107: Ne isklju\u010dujem mogu\u0107nost kandidature na predsjedni\u010dkim izborima"},"content":{"rendered":"<p><strong><a href=\"http:\/\/www.visit-ulcinj.com\/blog\/wp-content\/uploads\/2016\/11\/Dritan-Abazovic.jpg\"><img loading=\"lazy\" class=\"alignleft wp-image-100810\" src=\"http:\/\/www.visit-ulcinj.com\/blog\/wp-content\/uploads\/2016\/11\/Dritan-Abazovic.jpg\" alt=\"\" width=\"508\" height=\"469\" srcset=\"https:\/\/www.visit-ulcinj.com\/blog\/wp-content\/uploads\/2016\/11\/Dritan-Abazovic.jpg 728w, https:\/\/www.visit-ulcinj.com\/blog\/wp-content\/uploads\/2016\/11\/Dritan-Abazovic-300x277.jpg 300w\" sizes=\"(max-width: 508px) 100vw, 508px\" \/><\/a>&#8220;Ukoliko ne bude novog &#8220;dr\u017eavnog udara&#8221; bilo koji kandidat Demokratske partije socijalista (DPS) nema \u0161ta da tra\u017ei na predsjedni\u010dkim izborima&#8221;<\/strong><\/p>\n<p><span class=\"credits__author\"> <strong>Autor:<\/strong> <a href=\"http:\/\/www.vijesti.me\/autori\/mina-9\/profil\"><strong>Mina<\/strong><\/a> <\/span><\/p>\n<p>Zajedni\u010dki kandidat za predsjednika dr\u017eave najbolje je rje\u0161enje za opoziciju, ali na njega niko ne pola\u017ee ekskluzivno pravo i dogovor mora biti zajedni\u010dki, bez uslovljavanja, poru\u010dio je lider Gra\u0111anskog pokreta URA, Dritan Abazovi\u0107, ne isklju\u010duju\u0107i mogu\u0107nost da on bude kandidat.<\/p>\n<p>&#8220;Ukoliko ne bude novog &#8220;dr\u017eavnog udara&#8221; bilo koji kandidat Demokratske partije socijalista (DPS) nema \u0161ta da tra\u017ei na predsjedni\u010dkim izborima. Da podsjetim, i na pro\u0161lim predsjedni\u010dkim izborima kandidat DPS-a Filip Vujanovi\u0107 je pora\u017een, spasila ga je tada afera &#8220;Snimak&#8221; i nasilna promocija od strane partijskih kolega&#8221;, rekao je Abazovi\u0107 agenciji Mina.<\/p>\n<p>On smatra da zajedni\u010dki kandidat opozicije sigurno pobje\u0111uje kandidata vlasti.<\/p>\n<p>&#8220;Stoga je to i najbolje rje\u0161enje za opoziciju i pokret URA je spreman da razgovara oko budu\u0107eg kandidata. Naravno, to mora biti neko zaista kredibilan, gra\u0111anski orijentisan i dokazani borac za pravdu. Ostajem pri stavu da bi jo\u0161 i najbolje bilo da to eventualno bude \u017eena&#8221;, rekao je Abazovi\u0107.<\/p>\n<p>Prema njegovim rije\u010dima, URA uvijek afirmi\u0161e nove nivoe demokratskog \u017eivota.<\/p>\n<p>&#8220;Smatram da bi kandidatkinja po prvi put bila zaista podizanje ljestvice demokratskih standarda u Crnoj Gori. Ukoliko naravno ne bude zajedni\u010dkog kandidata, pokret URA \u0107e predlo\u017eiti svog kandidata za predsjednika dr\u017eave&#8221;.<\/p>\n<p>Upitan da li u Gra\u0111anskom pokretu URA razmatraju opciju da on bude kandidat za predsjednika, Abazovi\u0107 je rekao da je i ta opcija u igri.<\/p>\n<p>&#8220;Stoga ne isklju\u010dujem tu mogu\u0107nost, ali \u0107e zadnju rije\u010d imati Glavni odbor URA\u201c, poru\u010dio je on.<\/p>\n<p>On je rekao da dogovor opozicije oko kandidata za izbore mora biti zajedni\u010dki.<\/p>\n<p>&#8220;Na njega ne pola\u017ee niko ekskluzivno pravo. Dobro je da pokrenemo dijalog, ali bez uslovljavanje i busanja u opoziciona prsa. To nas je mnogo ko\u0161talo do sada. Hladne glave i putem egalitarnog principa moramo vidjeti \u0161ta je najbolje rje\u0161enje za gra\u0111ane, a ne za pojedina\u010dne politi\u010dke subjekte i zadovoljavanje njihovih sujeta&#8221;, ocijenio je Abazovi\u0107.<\/p>\n<p>Upitan da li je mogu\u0107e da Demokratski front (DF) i ostatak opozicije, imaju\u0107i u vidu me\u0111usobne razlike, do\u0111e do kompromisa i zajedni\u010dkog kandidata, Abazovi\u0107 je rekao da su razlike u opoziciji i prije pet godina bile ogromne, pa se na kraju podr\u017eao jedan kandidat, Miodrag Leki\u0107.<\/p>\n<p>&#8220;Sada je situacija mnogo povoljnija po opoziciju nego tada, jer je DPS ogoljen do sr\u017ei i pobije\u0111en u nekoliko op\u0161tina. Pritom oni zaista nemaju \u0161ta vise da ponude. Stoga ostajem veliki optimista! Politi\u010dke okolnosti i atmosfera odredi\u0107e kandidata ili kandidate, pa ostaje da se vidi \u0161ta \u0107e sve biti do prolje\u0107a. Kako god bilo siguran sam u poraz kandidata vlasti&#8221;, rekao je Abazovi\u0107.<\/p>\n<p>On je poru\u010dio da kandidata DPS-a mo\u017ee pobijediti bilo koji kandidat opozicije koji u\u0111e u drugi krug.<\/p>\n<p>&#8220;Ovo naravno pod uslovom da u prvom krugu bude vi\u0161e kandidata. Stoga ne dijelim to mi\u0161ljenje, naprotiv smatram suprotno od kolega iz DF-a . U tom drugom krugu moramo biti slo\u017eni, odlu\u010dni i posve\u0107eni pobjedi opozicionog kandidata koji je pro\u0161ao prvi krug&#8221;, smatra Abazovi\u0107.<\/p>\n<p>On je saglasan sa ocjenama iz nevladinog sektora o nespremnosti izbornog sistema za predstoje\u0107e predsjedni\u010dke izbore.<\/p>\n<p>&#8220;Izborni sistem u Crnoj Gori ne funkcioni\u0161e, a izborni proces je farsa \u0161to su potvrdili posljednji parlamentarni izbori. Sa institucijama poput sada\u0161nje Dr\u017eavne izborne komisije i Agencije za sprje\u010davanje korupcije ne mo\u017eemo nikada imati fer izbore. Da bi se intenzivnije bavili izbornim sistemom i izbornim zakonodavstvom mora se prekinuti bojkot, a to se mo\u017ee desiti tek nakon \u0161to se dobije datum novih izbora\u201c, dodao je Abazovi\u0107.<\/p>\n<p>Ako se, kako je rekao, to ne desi, na izborni proces \u0107e ponovo pasti velika sjenka kao i do sada, a najve\u0107e posljedice trpje\u0107e gra\u0111ani.<\/p>\n<p>&#8220;Na vlastima je da iska\u017eu volju, ako to ne u\u010dine, jasno je da vladaju nedemokratskim sredstvima i da uzurpiraju volju ve\u0107ine gra\u0111ana. Na taj na\u010din uru\u0161avaju dr\u017eavu, njene institucije, \u0161to im je izgleda i krajnji cilj. Moram priznati da su za sada uspje\u0161ni u skrnavljenju sistema, ali neka ne o\u010dekuju na\u0161u pomo\u0107 na tom putu. Mi \u0107emo se izboriti za slobodu i vladavinu prava, ma koliko nas to ko\u0161talo\u201c, zaklju\u010dio je Abazovi\u0107.<\/p>\n<p><strong>Izvor: Vijesti Online<\/strong><\/p>\n","protected":false},"excerpt":{"rendered":"<p>&#8220;Ukoliko ne bude novog &#8220;dr\u017eavnog udara&#8221; bilo koji kandidat Demokratske partije socijalista (DPS) nema \u0161ta da tra\u017ei na predsjedni\u010dkim izborima&#8221; Autor: Mina Zajedni\u010dki kandidat za predsjednika dr\u017eave najbolje je rje\u0161enje za opoziciju, ali na njega niko ne pola\u017ee ekskluzivno pravo i dogovor mora biti zajedni\u010dki, bez uslovljavanja, poru\u010dio je lider Gra\u0111anskog pokreta URA, Dritan Abazovi\u0107, [&hellip;]<\/p>\n","protected":false},"author":1,"featured_media":0,"comment_status":"closed","ping_status":"closed","sticky":false,"template":"","format":"standard","meta":{"spay_email":"","jetpack_publicize_message":"","jetpack_is_tweetstorm":false,"jetpack_publicize_feature_enabled":true},"categories":[8337],"tags":[],"jetpack_publicize_connections":[],"yoast_head":"<!-- This site is optimized with the Yoast SEO plugin v19.1 - https:\/\/yoast.com\/wordpress\/plugins\/seo\/ -->\n<title>Abazovi\u0107: Ne isklju\u010dujem mogu\u0107nost kandidature na predsjedni\u010dkim izborima - Lajme nga Ulqini<\/title>\n<meta name=\"description\" content=\"&quot;Ukoliko ne bude novog &quot;dr\u017eavnog udara&quot; bilo koji kandidat Demokratske partije socijalista (DPS) nema \u0161ta da tra\u017ei na predsjedni\u010dkim izborima&quot; Autor: Mina\" \/>\n<meta name=\"robots\" content=\"index, follow, max-snippet:-1, max-image-preview:large, max-video-preview:-1\" \/>\n<link rel=\"canonical\" href=\"https:\/\/www.visit-ulcinj.com\/blog\/2017\/07\/24\/abazovic-ne-iskljucujem-mogucnost-kandidature-na-predsjednickim-izborima\/\" \/>\n<meta property=\"og:locale\" content=\"en_US\" \/>\n<meta property=\"og:type\" content=\"article\" \/>\n<meta property=\"og:title\" content=\"Abazovi\u0107: Ne isklju\u010dujem mogu\u0107nost kandidature na predsjedni\u010dkim izborima - Lajme nga Ulqini\" \/>\n<meta property=\"og:description\" content=\"&quot;Ukoliko ne bude novog &quot;dr\u017eavnog udara&quot; bilo koji kandidat Demokratske partije socijalista (DPS) nema \u0161ta da tra\u017ei na predsjedni\u010dkim izborima&quot; Autor: Mina\" \/>\n<meta property=\"og:url\" content=\"https:\/\/www.visit-ulcinj.com\/blog\/2017\/07\/24\/abazovic-ne-iskljucujem-mogucnost-kandidature-na-predsjednickim-izborima\/\" \/>\n<meta property=\"og:site_name\" content=\"Lajme nga Ulqini\" \/>\n<meta property=\"article:published_time\" content=\"2017-07-24T11:59:25+00:00\" \/>\n<meta property=\"og:image\" content=\"http:\/\/www.visit-ulcinj.com\/blog\/wp-content\/uploads\/2016\/11\/Dritan-Abazovic.jpg\" \/>\n<meta name=\"twitter:label1\" content=\"Written by\" \/>\n\t<meta name=\"twitter:data1\" content=\"ulqini\" \/>\n\t<meta name=\"twitter:label2\" content=\"Est. reading time\" \/>\n\t<meta name=\"twitter:data2\" content=\"4 minutes\" \/>\n<script type=\"application\/ld+json\" class=\"yoast-schema-graph\">{\"@context\":\"https:\/\/schema.org\",\"@graph\":[{\"@type\":\"WebSite\",\"@id\":\"https:\/\/www.visit-ulcinj.com\/blog\/#website\",\"url\":\"https:\/\/www.visit-ulcinj.com\/blog\/\",\"name\":\"Lajme nga Ulqini\",\"description\":\"Lajme,Vijesti,Ulqini,Ulqin,Crna Gora,Mali i Zi\",\"potentialAction\":[{\"@type\":\"SearchAction\",\"target\":{\"@type\":\"EntryPoint\",\"urlTemplate\":\"https:\/\/www.visit-ulcinj.com\/blog\/?s={search_term_string}\"},\"query-input\":\"required name=search_term_string\"}],\"inLanguage\":\"en-US\"},{\"@type\":\"ImageObject\",\"inLanguage\":\"en-US\",\"@id\":\"https:\/\/www.visit-ulcinj.com\/blog\/2017\/07\/24\/abazovic-ne-iskljucujem-mogucnost-kandidature-na-predsjednickim-izborima\/#primaryimage\",\"url\":\"https:\/\/www.visit-ulcinj.com\/blog\/wp-content\/uploads\/2016\/11\/Dritan-Abazovic.jpg\",\"contentUrl\":\"https:\/\/www.visit-ulcinj.com\/blog\/wp-content\/uploads\/2016\/11\/Dritan-Abazovic.jpg\",\"width\":728,\"height\":672},{\"@type\":\"WebPage\",\"@id\":\"https:\/\/www.visit-ulcinj.com\/blog\/2017\/07\/24\/abazovic-ne-iskljucujem-mogucnost-kandidature-na-predsjednickim-izborima\/#webpage\",\"url\":\"https:\/\/www.visit-ulcinj.com\/blog\/2017\/07\/24\/abazovic-ne-iskljucujem-mogucnost-kandidature-na-predsjednickim-izborima\/\",\"name\":\"Abazovi\u0107: Ne isklju\u010dujem mogu\u0107nost kandidature na predsjedni\u010dkim izborima - Lajme nga Ulqini\",\"isPartOf\":{\"@id\":\"https:\/\/www.visit-ulcinj.com\/blog\/#website\"},\"primaryImageOfPage\":{\"@id\":\"https:\/\/www.visit-ulcinj.com\/blog\/2017\/07\/24\/abazovic-ne-iskljucujem-mogucnost-kandidature-na-predsjednickim-izborima\/#primaryimage\"},\"datePublished\":\"2017-07-24T11:59:25+00:00\",\"dateModified\":\"2017-07-24T11:59:25+00:00\",\"author\":{\"@id\":\"https:\/\/www.visit-ulcinj.com\/blog\/#\/schema\/person\/dcab619c614d3038751c63bc2aadc06d\"},\"description\":\"\\\"Ukoliko ne bude novog \\\"dr\u017eavnog udara\\\" bilo koji kandidat Demokratske partije socijalista (DPS) nema \u0161ta da tra\u017ei na predsjedni\u010dkim izborima\\\" Autor: Mina\",\"breadcrumb\":{\"@id\":\"https:\/\/www.visit-ulcinj.com\/blog\/2017\/07\/24\/abazovic-ne-iskljucujem-mogucnost-kandidature-na-predsjednickim-izborima\/#breadcrumb\"},\"inLanguage\":\"en-US\",\"potentialAction\":[{\"@type\":\"ReadAction\",\"target\":[\"https:\/\/www.visit-ulcinj.com\/blog\/2017\/07\/24\/abazovic-ne-iskljucujem-mogucnost-kandidature-na-predsjednickim-izborima\/\"]}]},{\"@type\":\"BreadcrumbList\",\"@id\":\"https:\/\/www.visit-ulcinj.com\/blog\/2017\/07\/24\/abazovic-ne-iskljucujem-mogucnost-kandidature-na-predsjednickim-izborima\/#breadcrumb\",\"itemListElement\":[{\"@type\":\"ListItem\",\"position\":1,\"name\":\"Abazovi\u0107: Ne isklju\u010dujem mogu\u0107nost kandidature na predsjedni\u010dkim izborima\"}]},{\"@type\":\"Person\",\"@id\":\"https:\/\/www.visit-ulcinj.com\/blog\/#\/schema\/person\/dcab619c614d3038751c63bc2aadc06d\",\"name\":\"ulqini\",\"sameAs\":[\"http:\/\/www.visit-ulcinj.com\"],\"url\":\"https:\/\/www.visit-ulcinj.com\/blog\/author\/admin\/\"}]}<\/script>\n<!-- \/ Yoast SEO plugin. -->","yoast_head_json":{"title":"Abazovi\u0107: Ne isklju\u010dujem mogu\u0107nost kandidature na predsjedni\u010dkim izborima - Lajme nga Ulqini","description":"\"Ukoliko ne bude novog \"dr\u017eavnog udara\" bilo koji kandidat Demokratske partije socijalista (DPS) nema \u0161ta da tra\u017ei na predsjedni\u010dkim izborima\" Autor: Mina","robots":{"index":"index","follow":"follow","max-snippet":"max-snippet:-1","max-image-preview":"max-image-preview:large","max-video-preview":"max-video-preview:-1"},"canonical":"https:\/\/www.visit-ulcinj.com\/blog\/2017\/07\/24\/abazovic-ne-iskljucujem-mogucnost-kandidature-na-predsjednickim-izborima\/","og_locale":"en_US","og_type":"article","og_title":"Abazovi\u0107: Ne isklju\u010dujem mogu\u0107nost kandidature na predsjedni\u010dkim izborima - Lajme nga Ulqini","og_description":"\"Ukoliko ne bude novog \"dr\u017eavnog udara\" bilo koji kandidat Demokratske partije socijalista (DPS) nema \u0161ta da tra\u017ei na predsjedni\u010dkim izborima\" Autor: Mina","og_url":"https:\/\/www.visit-ulcinj.com\/blog\/2017\/07\/24\/abazovic-ne-iskljucujem-mogucnost-kandidature-na-predsjednickim-izborima\/","og_site_name":"Lajme nga Ulqini","article_published_time":"2017-07-24T11:59:25+00:00","og_image":[{"url":"http:\/\/www.visit-ulcinj.com\/blog\/wp-content\/uploads\/2016\/11\/Dritan-Abazovic.jpg"}],"twitter_misc":{"Written by":"ulqini","Est. reading time":"4 minutes"},"schema":{"@context":"https:\/\/schema.org","@graph":[{"@type":"WebSite","@id":"https:\/\/www.visit-ulcinj.com\/blog\/#website","url":"https:\/\/www.visit-ulcinj.com\/blog\/","name":"Lajme nga Ulqini","description":"Lajme,Vijesti,Ulqini,Ulqin,Crna Gora,Mali i Zi","potentialAction":[{"@type":"SearchAction","target":{"@type":"EntryPoint","urlTemplate":"https:\/\/www.visit-ulcinj.com\/blog\/?s={search_term_string}"},"query-input":"required name=search_term_string"}],"inLanguage":"en-US"},{"@type":"ImageObject","inLanguage":"en-US","@id":"https:\/\/www.visit-ulcinj.com\/blog\/2017\/07\/24\/abazovic-ne-iskljucujem-mogucnost-kandidature-na-predsjednickim-izborima\/#primaryimage","url":"https:\/\/www.visit-ulcinj.com\/blog\/wp-content\/uploads\/2016\/11\/Dritan-Abazovic.jpg","contentUrl":"https:\/\/www.visit-ulcinj.com\/blog\/wp-content\/uploads\/2016\/11\/Dritan-Abazovic.jpg","width":728,"height":672},{"@type":"WebPage","@id":"https:\/\/www.visit-ulcinj.com\/blog\/2017\/07\/24\/abazovic-ne-iskljucujem-mogucnost-kandidature-na-predsjednickim-izborima\/#webpage","url":"https:\/\/www.visit-ulcinj.com\/blog\/2017\/07\/24\/abazovic-ne-iskljucujem-mogucnost-kandidature-na-predsjednickim-izborima\/","name":"Abazovi\u0107: Ne isklju\u010dujem mogu\u0107nost kandidature na predsjedni\u010dkim izborima - Lajme nga Ulqini","isPartOf":{"@id":"https:\/\/www.visit-ulcinj.com\/blog\/#website"},"primaryImageOfPage":{"@id":"https:\/\/www.visit-ulcinj.com\/blog\/2017\/07\/24\/abazovic-ne-iskljucujem-mogucnost-kandidature-na-predsjednickim-izborima\/#primaryimage"},"datePublished":"2017-07-24T11:59:25+00:00","dateModified":"2017-07-24T11:59:25+00:00","author":{"@id":"https:\/\/www.visit-ulcinj.com\/blog\/#\/schema\/person\/dcab619c614d3038751c63bc2aadc06d"},"description":"\"Ukoliko ne bude novog \"dr\u017eavnog udara\" bilo koji kandidat Demokratske partije socijalista (DPS) nema \u0161ta da tra\u017ei na predsjedni\u010dkim izborima\" Autor: Mina","breadcrumb":{"@id":"https:\/\/www.visit-ulcinj.com\/blog\/2017\/07\/24\/abazovic-ne-iskljucujem-mogucnost-kandidature-na-predsjednickim-izborima\/#breadcrumb"},"inLanguage":"en-US","potentialAction":[{"@type":"ReadAction","target":["https:\/\/www.visit-ulcinj.com\/blog\/2017\/07\/24\/abazovic-ne-iskljucujem-mogucnost-kandidature-na-predsjednickim-izborima\/"]}]},{"@type":"BreadcrumbList","@id":"https:\/\/www.visit-ulcinj.com\/blog\/2017\/07\/24\/abazovic-ne-iskljucujem-mogucnost-kandidature-na-predsjednickim-izborima\/#breadcrumb","itemListElement":[{"@type":"ListItem","position":1,"name":"Abazovi\u0107: Ne isklju\u010dujem mogu\u0107nost kandidature na predsjedni\u010dkim izborima"}]},{"@type":"Person","@id":"https:\/\/www.visit-ulcinj.com\/blog\/#\/schema\/person\/dcab619c614d3038751c63bc2aadc06d","name":"ulqini","sameAs":["http:\/\/www.visit-ulcinj.com"],"url":"https:\/\/www.visit-ulcinj.com\/blog\/author\/admin\/"}]}},"jetpack_featured_media_url":"","jetpack_sharing_enabled":true,"jetpack_shortlink":"https:\/\/wp.me\/pe6lTn-rFZ","_links":{"self":[{"href":"https:\/\/www.visit-ulcinj.com\/blog\/wp-json\/wp\/v2\/posts\/106391"}],"collection":[{"href":"https:\/\/www.visit-ulcinj.com\/blog\/wp-json\/wp\/v2\/posts"}],"about":[{"href":"https:\/\/www.visit-ulcinj.com\/blog\/wp-json\/wp\/v2\/types\/post"}],"author":[{"embeddable":true,"href":"https:\/\/www.visit-ulcinj.com\/blog\/wp-json\/wp\/v2\/users\/1"}],"replies":[{"embeddable":true,"href":"https:\/\/www.visit-ulcinj.com\/blog\/wp-json\/wp\/v2\/comments?post=106391"}],"version-history":[{"count":1,"href":"https:\/\/www.visit-ulcinj.com\/blog\/wp-json\/wp\/v2\/posts\/106391\/revisions"}],"predecessor-version":[{"id":106392,"href":"https:\/\/www.visit-ulcinj.com\/blog\/wp-json\/wp\/v2\/posts\/106391\/revisions\/106392"}],"wp:attachment":[{"href":"https:\/\/www.visit-ulcinj.com\/blog\/wp-json\/wp\/v2\/media?parent=106391"}],"wp:term":[{"taxonomy":"category","embeddable":true,"href":"https:\/\/www.visit-ulcinj.com\/blog\/wp-json\/wp\/v2\/categories?post=106391"},{"taxonomy":"post_tag","embeddable":true,"href":"https:\/\/www.visit-ulcinj.com\/blog\/wp-json\/wp\/v2\/tags?post=106391"}],"curies":[{"name":"wp","href":"https:\/\/api.w.org\/{rel}","templated":true}]}}