{"id":106393,"date":"2017-07-24T13:21:52","date_gmt":"2017-07-24T12:21:52","guid":{"rendered":"http:\/\/www.visit-ulcinj.com\/blog\/?p=106393"},"modified":"2017-07-24T21:25:43","modified_gmt":"2017-07-24T20:25:43","slug":"apel-per-ndihme-per-adea-edhe-ajo-deshiron-te-shkoje-ne-turqi","status":"publish","type":"post","link":"https:\/\/www.visit-ulcinj.com\/blog\/2017\/07\/24\/apel-per-ndihme-per-adea-edhe-ajo-deshiron-te-shkoje-ne-turqi\/","title":{"rendered":"Apel p\u00ebr ndihm\u00eb p\u00ebr Adea, edhe ajo d\u00ebshiron t\u00eb shkoj\u00eb n\u00eb Turqi"},"content":{"rendered":"<p><a href=\"http:\/\/www.visit-ulcinj.com\/blog\/wp-content\/uploads\/2017\/07\/Dervishaga-Adea-Ulqin.jpg\"><img loading=\"lazy\" class=\"alignleft wp-image-106394\" src=\"http:\/\/www.visit-ulcinj.com\/blog\/wp-content\/uploads\/2017\/07\/Dervishaga-Adea-Ulqin.jpg\" alt=\"\" width=\"508\" height=\"338\" srcset=\"https:\/\/www.visit-ulcinj.com\/blog\/wp-content\/uploads\/2017\/07\/Dervishaga-Adea-Ulqin.jpg 602w, https:\/\/www.visit-ulcinj.com\/blog\/wp-content\/uploads\/2017\/07\/Dervishaga-Adea-Ulqin-300x200.jpg 300w\" sizes=\"(max-width: 508px) 100vw, 508px\" \/><\/a>Adea \u00ebsht\u00eb nj\u00eb 13 vje\u00e7are dhe prej lindjes lufton kund\u00ebr gjendjes \u201cPARALIZA CEREBRALE\u201d dhe \u00ebndrron q\u00eb t\u00eb gjej sh\u00ebrim dhe t\u00eb ngrihet n\u00eb k\u00ebmb\u00eb, dhe t\u00eb jet\u00eb si t\u00eb gjith\u00eb f\u00ebmij\u00ebt e tjer\u00eb n\u00eb k\u00ebt\u00eb bot\u00eb. Adea \u00ebsht\u00eb nx\u00ebn\u00ebse e klas\u00ebs s\u00eb V-t\u00eb, dhe poashtu \u00ebsht\u00eb an\u00ebtare e shoqat\u00ebs \u201cE DREJTA P\u00cbR JET\u00cb\u201d q\u00eb \u00ebsht\u00eb nj\u00eb qend\u00ebr per Rehabilitimin dhe Socijalizimin e f\u00ebmij\u00ebve me nevoja t\u00eb ve\u00e7anta. Adea \u00ebsht\u00eb nj\u00eb vajz\u00eb shum\u00eb e fort\u00eb dhe luft\u00ebtare e madhe! P\u00ebr tu realizuar \u00ebnd\u00ebrra e Adej\u00ebs, \u00ebsht\u00eb e domosdoshme t\u00eb d\u00ebrgohet n\u00eb Spitalin ,,LIV-HOSPITAL\u201d n\u00eb Turqi, n\u00eb operim dhe trajtim n\u00eb baz\u00eb t\u00eb \u201cQELIZAVE AM\u00cb\u201d. P\u00ebr k\u00ebt arsye i nevojitet p\u00ebrkrahja e t\u00eb gjith\u00eb neve, n\u00eb ve\u00e7anti lutjet tona.<\/p>\n<p>Sa m\u00eb shpejt q\u00eb t\u00eb mblidhen mjetet e nevojshme p\u00ebr vajz\u00ebn tone, aq m\u00eb par\u00eb do t\u00eb udh\u00ebtoj Adea n\u00eb ,,LIV-HOSPITAL\u201c n\u00eb Stamboll.<\/p>\n<p>P\u00ebr informata m\u00eb t\u00eb holl\u00ebsishme mbi gjendjen e Ades\u00eb mund t\u00eb kontaktoni n\u00eb num\u00ebr t\u00eb telefonit: Rizaja Dervishaga +382 69 484 590<\/p>\n<p>Xhiro llogarija p\u00ebr territorin e Malit Zi 510-2205004216065-96\ufffdKurse p\u00ebr Diaspor\u00eb gjenden n\u00eb m\u00ebnyr t\u00eb posa\u00e7me m\u00eb posht.\ufffdCrnogorska Komercijalna Banka AD Podgorica<\/p>\n<p>SWIFT CKBCMEPG, IBAN ME25510220500421606596, Emri dhe adresa: DERVISAGA R. ADEA, Djuro Djakonovica 18, Ulcinj Montenegro<\/p>\n<p><strong>Ul.info.com<\/strong><\/p>\n","protected":false},"excerpt":{"rendered":"<p>Adea \u00ebsht\u00eb nj\u00eb 13 vje\u00e7are dhe prej lindjes lufton kund\u00ebr gjendjes \u201cPARALIZA CEREBRALE\u201d dhe \u00ebndrron q\u00eb t\u00eb gjej sh\u00ebrim dhe t\u00eb ngrihet n\u00eb k\u00ebmb\u00eb, dhe t\u00eb jet\u00eb si t\u00eb gjith\u00eb f\u00ebmij\u00ebt e tjer\u00eb n\u00eb k\u00ebt\u00eb bot\u00eb. Adea \u00ebsht\u00eb nx\u00ebn\u00ebse e klas\u00ebs s\u00eb V-t\u00eb, dhe poashtu \u00ebsht\u00eb an\u00ebtare e shoqat\u00ebs \u201cE DREJTA P\u00cbR JET\u00cb\u201d q\u00eb \u00ebsht\u00eb [&hellip;]<\/p>\n","protected":false},"author":1,"featured_media":0,"comment_status":"closed","ping_status":"closed","sticky":false,"template":"","format":"standard","meta":{"spay_email":"","jetpack_publicize_message":"","jetpack_is_tweetstorm":false,"jetpack_publicize_feature_enabled":true},"categories":[1,12],"tags":[],"jetpack_publicize_connections":[],"yoast_head":"<!-- This site is optimized with the Yoast SEO plugin v19.1 - https:\/\/yoast.com\/wordpress\/plugins\/seo\/ -->\n<title>Apel p\u00ebr ndihm\u00eb p\u00ebr Adea, edhe ajo d\u00ebshiron t\u00eb shkoj\u00eb n\u00eb Turqi - Lajme nga Ulqini<\/title>\n<meta name=\"description\" content=\"Adea \u00ebsht\u00eb nj\u00eb 13 vje\u00e7are dhe prej lindjes lufton kund\u00ebr gjendjes \u201cPARALIZA CEREBRALE\u201d dhe \u00ebndrron q\u00eb t\u00eb gjej sh\u00ebrim dhe t\u00eb ngrihet n\u00eb k\u00ebmb\u00eb, dhe t\u00eb jet\u00eb\" \/>\n<meta name=\"robots\" content=\"index, follow, max-snippet:-1, max-image-preview:large, max-video-preview:-1\" \/>\n<link rel=\"canonical\" href=\"https:\/\/www.visit-ulcinj.com\/blog\/2017\/07\/24\/apel-per-ndihme-per-adea-edhe-ajo-deshiron-te-shkoje-ne-turqi\/\" \/>\n<meta property=\"og:locale\" content=\"en_US\" \/>\n<meta property=\"og:type\" content=\"article\" \/>\n<meta property=\"og:title\" content=\"Apel p\u00ebr ndihm\u00eb p\u00ebr Adea, edhe ajo d\u00ebshiron t\u00eb shkoj\u00eb n\u00eb Turqi - Lajme nga Ulqini\" \/>\n<meta property=\"og:description\" content=\"Adea \u00ebsht\u00eb nj\u00eb 13 vje\u00e7are dhe prej lindjes lufton kund\u00ebr gjendjes \u201cPARALIZA CEREBRALE\u201d dhe \u00ebndrron q\u00eb t\u00eb gjej sh\u00ebrim dhe t\u00eb ngrihet n\u00eb k\u00ebmb\u00eb, dhe t\u00eb jet\u00eb\" \/>\n<meta property=\"og:url\" content=\"https:\/\/www.visit-ulcinj.com\/blog\/2017\/07\/24\/apel-per-ndihme-per-adea-edhe-ajo-deshiron-te-shkoje-ne-turqi\/\" \/>\n<meta property=\"og:site_name\" content=\"Lajme nga Ulqini\" \/>\n<meta property=\"article:published_time\" content=\"2017-07-24T12:21:52+00:00\" \/>\n<meta property=\"article:modified_time\" content=\"2017-07-24T20:25:43+00:00\" \/>\n<meta property=\"og:image\" content=\"http:\/\/www.visit-ulcinj.com\/blog\/wp-content\/uploads\/2017\/07\/Dervishaga-Adea-Ulqin.jpg\" \/>\n<meta name=\"twitter:label1\" content=\"Written by\" \/>\n\t<meta name=\"twitter:data1\" content=\"ulqini\" \/>\n\t<meta name=\"twitter:label2\" content=\"Est. reading time\" \/>\n\t<meta name=\"twitter:data2\" content=\"1 minute\" \/>\n<script type=\"application\/ld+json\" class=\"yoast-schema-graph\">{\"@context\":\"https:\/\/schema.org\",\"@graph\":[{\"@type\":\"WebSite\",\"@id\":\"https:\/\/www.visit-ulcinj.com\/blog\/#website\",\"url\":\"https:\/\/www.visit-ulcinj.com\/blog\/\",\"name\":\"Lajme nga Ulqini\",\"description\":\"Lajme,Vijesti,Ulqini,Ulqin,Crna Gora,Mali i Zi\",\"potentialAction\":[{\"@type\":\"SearchAction\",\"target\":{\"@type\":\"EntryPoint\",\"urlTemplate\":\"https:\/\/www.visit-ulcinj.com\/blog\/?s={search_term_string}\"},\"query-input\":\"required name=search_term_string\"}],\"inLanguage\":\"en-US\"},{\"@type\":\"ImageObject\",\"inLanguage\":\"en-US\",\"@id\":\"https:\/\/www.visit-ulcinj.com\/blog\/2017\/07\/24\/apel-per-ndihme-per-adea-edhe-ajo-deshiron-te-shkoje-ne-turqi\/#primaryimage\",\"url\":\"https:\/\/www.visit-ulcinj.com\/blog\/wp-content\/uploads\/2017\/07\/Dervishaga-Adea-Ulqin.jpg\",\"contentUrl\":\"https:\/\/www.visit-ulcinj.com\/blog\/wp-content\/uploads\/2017\/07\/Dervishaga-Adea-Ulqin.jpg\",\"width\":602,\"height\":401},{\"@type\":\"WebPage\",\"@id\":\"https:\/\/www.visit-ulcinj.com\/blog\/2017\/07\/24\/apel-per-ndihme-per-adea-edhe-ajo-deshiron-te-shkoje-ne-turqi\/#webpage\",\"url\":\"https:\/\/www.visit-ulcinj.com\/blog\/2017\/07\/24\/apel-per-ndihme-per-adea-edhe-ajo-deshiron-te-shkoje-ne-turqi\/\",\"name\":\"Apel p\u00ebr ndihm\u00eb p\u00ebr Adea, edhe ajo d\u00ebshiron t\u00eb shkoj\u00eb n\u00eb Turqi - Lajme nga Ulqini\",\"isPartOf\":{\"@id\":\"https:\/\/www.visit-ulcinj.com\/blog\/#website\"},\"primaryImageOfPage\":{\"@id\":\"https:\/\/www.visit-ulcinj.com\/blog\/2017\/07\/24\/apel-per-ndihme-per-adea-edhe-ajo-deshiron-te-shkoje-ne-turqi\/#primaryimage\"},\"datePublished\":\"2017-07-24T12:21:52+00:00\",\"dateModified\":\"2017-07-24T20:25:43+00:00\",\"author\":{\"@id\":\"https:\/\/www.visit-ulcinj.com\/blog\/#\/schema\/person\/dcab619c614d3038751c63bc2aadc06d\"},\"description\":\"Adea \u00ebsht\u00eb nj\u00eb 13 vje\u00e7are dhe prej lindjes lufton kund\u00ebr gjendjes \u201cPARALIZA CEREBRALE\u201d dhe \u00ebndrron q\u00eb t\u00eb gjej sh\u00ebrim dhe t\u00eb ngrihet n\u00eb k\u00ebmb\u00eb, dhe t\u00eb jet\u00eb\",\"breadcrumb\":{\"@id\":\"https:\/\/www.visit-ulcinj.com\/blog\/2017\/07\/24\/apel-per-ndihme-per-adea-edhe-ajo-deshiron-te-shkoje-ne-turqi\/#breadcrumb\"},\"inLanguage\":\"en-US\",\"potentialAction\":[{\"@type\":\"ReadAction\",\"target\":[\"https:\/\/www.visit-ulcinj.com\/blog\/2017\/07\/24\/apel-per-ndihme-per-adea-edhe-ajo-deshiron-te-shkoje-ne-turqi\/\"]}]},{\"@type\":\"BreadcrumbList\",\"@id\":\"https:\/\/www.visit-ulcinj.com\/blog\/2017\/07\/24\/apel-per-ndihme-per-adea-edhe-ajo-deshiron-te-shkoje-ne-turqi\/#breadcrumb\",\"itemListElement\":[{\"@type\":\"ListItem\",\"position\":1,\"name\":\"Apel p\u00ebr ndihm\u00eb p\u00ebr Adea, edhe ajo d\u00ebshiron t\u00eb shkoj\u00eb n\u00eb Turqi\"}]},{\"@type\":\"Person\",\"@id\":\"https:\/\/www.visit-ulcinj.com\/blog\/#\/schema\/person\/dcab619c614d3038751c63bc2aadc06d\",\"name\":\"ulqini\",\"sameAs\":[\"http:\/\/www.visit-ulcinj.com\"],\"url\":\"https:\/\/www.visit-ulcinj.com\/blog\/author\/admin\/\"}]}<\/script>\n<!-- \/ Yoast SEO plugin. -->","yoast_head_json":{"title":"Apel p\u00ebr ndihm\u00eb p\u00ebr Adea, edhe ajo d\u00ebshiron t\u00eb shkoj\u00eb n\u00eb Turqi - Lajme nga Ulqini","description":"Adea \u00ebsht\u00eb nj\u00eb 13 vje\u00e7are dhe prej lindjes lufton kund\u00ebr gjendjes \u201cPARALIZA CEREBRALE\u201d dhe \u00ebndrron q\u00eb t\u00eb gjej sh\u00ebrim dhe t\u00eb ngrihet n\u00eb k\u00ebmb\u00eb, dhe t\u00eb jet\u00eb","robots":{"index":"index","follow":"follow","max-snippet":"max-snippet:-1","max-image-preview":"max-image-preview:large","max-video-preview":"max-video-preview:-1"},"canonical":"https:\/\/www.visit-ulcinj.com\/blog\/2017\/07\/24\/apel-per-ndihme-per-adea-edhe-ajo-deshiron-te-shkoje-ne-turqi\/","og_locale":"en_US","og_type":"article","og_title":"Apel p\u00ebr ndihm\u00eb p\u00ebr Adea, edhe ajo d\u00ebshiron t\u00eb shkoj\u00eb n\u00eb Turqi - Lajme nga Ulqini","og_description":"Adea \u00ebsht\u00eb nj\u00eb 13 vje\u00e7are dhe prej lindjes lufton kund\u00ebr gjendjes \u201cPARALIZA CEREBRALE\u201d dhe \u00ebndrron q\u00eb t\u00eb gjej sh\u00ebrim dhe t\u00eb ngrihet n\u00eb k\u00ebmb\u00eb, dhe t\u00eb jet\u00eb","og_url":"https:\/\/www.visit-ulcinj.com\/blog\/2017\/07\/24\/apel-per-ndihme-per-adea-edhe-ajo-deshiron-te-shkoje-ne-turqi\/","og_site_name":"Lajme nga Ulqini","article_published_time":"2017-07-24T12:21:52+00:00","article_modified_time":"2017-07-24T20:25:43+00:00","og_image":[{"url":"http:\/\/www.visit-ulcinj.com\/blog\/wp-content\/uploads\/2017\/07\/Dervishaga-Adea-Ulqin.jpg"}],"twitter_misc":{"Written by":"ulqini","Est. reading time":"1 minute"},"schema":{"@context":"https:\/\/schema.org","@graph":[{"@type":"WebSite","@id":"https:\/\/www.visit-ulcinj.com\/blog\/#website","url":"https:\/\/www.visit-ulcinj.com\/blog\/","name":"Lajme nga Ulqini","description":"Lajme,Vijesti,Ulqini,Ulqin,Crna Gora,Mali i Zi","potentialAction":[{"@type":"SearchAction","target":{"@type":"EntryPoint","urlTemplate":"https:\/\/www.visit-ulcinj.com\/blog\/?s={search_term_string}"},"query-input":"required name=search_term_string"}],"inLanguage":"en-US"},{"@type":"ImageObject","inLanguage":"en-US","@id":"https:\/\/www.visit-ulcinj.com\/blog\/2017\/07\/24\/apel-per-ndihme-per-adea-edhe-ajo-deshiron-te-shkoje-ne-turqi\/#primaryimage","url":"https:\/\/www.visit-ulcinj.com\/blog\/wp-content\/uploads\/2017\/07\/Dervishaga-Adea-Ulqin.jpg","contentUrl":"https:\/\/www.visit-ulcinj.com\/blog\/wp-content\/uploads\/2017\/07\/Dervishaga-Adea-Ulqin.jpg","width":602,"height":401},{"@type":"WebPage","@id":"https:\/\/www.visit-ulcinj.com\/blog\/2017\/07\/24\/apel-per-ndihme-per-adea-edhe-ajo-deshiron-te-shkoje-ne-turqi\/#webpage","url":"https:\/\/www.visit-ulcinj.com\/blog\/2017\/07\/24\/apel-per-ndihme-per-adea-edhe-ajo-deshiron-te-shkoje-ne-turqi\/","name":"Apel p\u00ebr ndihm\u00eb p\u00ebr Adea, edhe ajo d\u00ebshiron t\u00eb shkoj\u00eb n\u00eb Turqi - Lajme nga Ulqini","isPartOf":{"@id":"https:\/\/www.visit-ulcinj.com\/blog\/#website"},"primaryImageOfPage":{"@id":"https:\/\/www.visit-ulcinj.com\/blog\/2017\/07\/24\/apel-per-ndihme-per-adea-edhe-ajo-deshiron-te-shkoje-ne-turqi\/#primaryimage"},"datePublished":"2017-07-24T12:21:52+00:00","dateModified":"2017-07-24T20:25:43+00:00","author":{"@id":"https:\/\/www.visit-ulcinj.com\/blog\/#\/schema\/person\/dcab619c614d3038751c63bc2aadc06d"},"description":"Adea \u00ebsht\u00eb nj\u00eb 13 vje\u00e7are dhe prej lindjes lufton kund\u00ebr gjendjes \u201cPARALIZA CEREBRALE\u201d dhe \u00ebndrron q\u00eb t\u00eb gjej sh\u00ebrim dhe t\u00eb ngrihet n\u00eb k\u00ebmb\u00eb, dhe t\u00eb jet\u00eb","breadcrumb":{"@id":"https:\/\/www.visit-ulcinj.com\/blog\/2017\/07\/24\/apel-per-ndihme-per-adea-edhe-ajo-deshiron-te-shkoje-ne-turqi\/#breadcrumb"},"inLanguage":"en-US","potentialAction":[{"@type":"ReadAction","target":["https:\/\/www.visit-ulcinj.com\/blog\/2017\/07\/24\/apel-per-ndihme-per-adea-edhe-ajo-deshiron-te-shkoje-ne-turqi\/"]}]},{"@type":"BreadcrumbList","@id":"https:\/\/www.visit-ulcinj.com\/blog\/2017\/07\/24\/apel-per-ndihme-per-adea-edhe-ajo-deshiron-te-shkoje-ne-turqi\/#breadcrumb","itemListElement":[{"@type":"ListItem","position":1,"name":"Apel p\u00ebr ndihm\u00eb p\u00ebr Adea, edhe ajo d\u00ebshiron t\u00eb shkoj\u00eb n\u00eb Turqi"}]},{"@type":"Person","@id":"https:\/\/www.visit-ulcinj.com\/blog\/#\/schema\/person\/dcab619c614d3038751c63bc2aadc06d","name":"ulqini","sameAs":["http:\/\/www.visit-ulcinj.com"],"url":"https:\/\/www.visit-ulcinj.com\/blog\/author\/admin\/"}]}},"jetpack_featured_media_url":"","jetpack_sharing_enabled":true,"jetpack_shortlink":"https:\/\/wp.me\/pe6lTn-rG1","_links":{"self":[{"href":"https:\/\/www.visit-ulcinj.com\/blog\/wp-json\/wp\/v2\/posts\/106393"}],"collection":[{"href":"https:\/\/www.visit-ulcinj.com\/blog\/wp-json\/wp\/v2\/posts"}],"about":[{"href":"https:\/\/www.visit-ulcinj.com\/blog\/wp-json\/wp\/v2\/types\/post"}],"author":[{"embeddable":true,"href":"https:\/\/www.visit-ulcinj.com\/blog\/wp-json\/wp\/v2\/users\/1"}],"replies":[{"embeddable":true,"href":"https:\/\/www.visit-ulcinj.com\/blog\/wp-json\/wp\/v2\/comments?post=106393"}],"version-history":[{"count":1,"href":"https:\/\/www.visit-ulcinj.com\/blog\/wp-json\/wp\/v2\/posts\/106393\/revisions"}],"predecessor-version":[{"id":106395,"href":"https:\/\/www.visit-ulcinj.com\/blog\/wp-json\/wp\/v2\/posts\/106393\/revisions\/106395"}],"wp:attachment":[{"href":"https:\/\/www.visit-ulcinj.com\/blog\/wp-json\/wp\/v2\/media?parent=106393"}],"wp:term":[{"taxonomy":"category","embeddable":true,"href":"https:\/\/www.visit-ulcinj.com\/blog\/wp-json\/wp\/v2\/categories?post=106393"},{"taxonomy":"post_tag","embeddable":true,"href":"https:\/\/www.visit-ulcinj.com\/blog\/wp-json\/wp\/v2\/tags?post=106393"}],"curies":[{"name":"wp","href":"https:\/\/api.w.org\/{rel}","templated":true}]}}