{"id":1064,"date":"2008-03-29T01:54:57","date_gmt":"2008-03-29T06:54:57","guid":{"rendered":"http:\/\/www.visit-ulcinj.com\/blog\/2008\/03\/29\/u-zakup-valdanos-i-ostrvo-cvijeca\/"},"modified":"2008-03-29T01:54:57","modified_gmt":"2008-03-29T06:54:57","slug":"u-zakup-valdanos-i-ostrvo-cvijeca","status":"publish","type":"post","link":"https:\/\/www.visit-ulcinj.com\/blog\/2008\/03\/29\/u-zakup-valdanos-i-ostrvo-cvijeca\/","title":{"rendered":"U zakup Valdanos i Ostrvo cvije?a"},"content":{"rendered":"<p><a href=\"http:\/\/www.visit-ulcinj.com\/blog\/wp-content\/uploads\/2008\/03\/valdanosi-1.jpg\" title=\"Baie de Valdanos\"><img loading=\"lazy\" src=\"http:\/\/www.visit-ulcinj.com\/blog\/wp-content\/uploads\/2008\/03\/valdanosi-1.thumbnail.jpg\" alt=\"Baie de Valdanos\" align=\"left\" height=\"161\" width=\"200\" \/><\/a><strong>Savjet za privatizaciju uputio novi poziv investitorima<\/strong><br \/>\nPodgorica(MINA-BUSINESS)- Crnogorski Savjet za privatizaciju pozvao je ju?e zainteresovane me?unarodne investitore da do 15. maja poka\u017eu interesovanje za dugoro?ni zakup biv\u0161eg vojnog odmarali\u0161ta Ostrvo cvije?a kod Tivta i kompleksa Valdanos.<br \/>\nVlada od zakupca o?ekuje da od dva lokaliteta na Crnogorskom primorju izgradi jedinstvene i multifunkcionalne turisti?ke komplekse visokog nivoa, koji nude niz aktivnosti za odmor i rekreaciju, ali na na?in koji ne?e ugroziti njihov prirodni ambijent i ekolo\u0161ko bogatstvo.<img loading=\"lazy\" src=\"http:\/\/apartmani-za-vas.users.cg.yu\/index_files\/Satelitski-snimak-1.jpg\" align=\"right\" height=\"154\" width=\"200\" \/><br \/>\nU pozivu za Ostrvo cvije?a napominje se da to mjesto pru\u017ea velike mogu?nosti za razvoj ekskluzivnog turizma i da je veoma dobro infrastrukturno povezan.<br \/>\nNapominje se da se blizu Ostrva gradi najve?a marina za megajahte na Mediteranu, hotel iz lanca poznatog svjetskog brenda Four Seasons i veliki golf teren.<br \/>\nU opisu Valdanosa pi\u0161e da je u blizini lociran najve?i sa?uvani maslinjak na Mediteranu, na preko 400 hiljada kvadratnih metara i sa 18 hiljada zasa?enih maslina, ali on ne?e mo?i biti zakupljen.<br \/>\nVlada od zakupca Valdanosa o?ekuje izgradnju kompleksa hotela sa objektima za rekreaciju kategorisanih sa ?etiri plus i pet zvjezdica, kojima ?e upravljati dobro poznati me?unarodni turisti?ki operater.<br \/>\nPonude moraju sadr\u017eati detaljne konceptualne, projektantske, investicione i operativne planove, koje ?e procjenjivati Tenderska komisija kori\u0161?enjem bodovnog sistema. Taj ?e sistem biti detaljno obja\u0161njen u tenderskoj dokumentaciji koju ?e dobiti svaki ponu?a?.<br \/>\nOd svakog ponu?a?a ?e se tra\u017eiti da dostavi finansijski predlog koji treba da uklju?uje predlo\u017eeno trajanje zakupa, iznos zakupnine, strukturu, uslove, i vremenske rokove.<br \/>\nZakupac ?e pla?ati godi\u0161nju zakupninu na osnovu prometa, ali ?e biti propisana minimalna garantovana zakupnina.<br \/>\nOd zakupca ?e se tra\u017eiti da dostavi plan investiranja u lokaciju, koji ?e biti u obavezi da realizuje u periodu od tri godine nakon potpisivanja Ugovora o zakupu.<br \/>\nPrilikom ocjenjivanja ponuda, glavni kriterijum ?e biti iznos planirane investicije.<br \/>\nNakon izbora najpovoljnije ponude sa izabranim ponu?a?em bi?e zapo?eti pregovori, koji bi trebalo da rezultiraju zaklju?ivanjem ugovora.<br \/>\nIz Vlade je najavljeno da ?e javni me?unarodni tender za turisti?ku valorizaciju dvije lokacije biti raspisan u drugoj polovini maja.<br \/>\n(MINA-BUSINESS)<\/p>\n","protected":false},"excerpt":{"rendered":"<p><img loading=\"lazy\" src=\"http:\/\/www.visit-ulcinj.com\/blog\/wp-content\/uploads\/2008\/03\/valdanosi-1.thumbnail.jpg\" alt=\"Baie de Valdanos\" align=\"left\" height=\"140\" width=\"140\" \/><\/p>\n","protected":false},"author":1,"featured_media":0,"comment_status":"open","ping_status":"closed","sticky":false,"template":"","format":"standard","meta":{"spay_email":"","jetpack_publicize_message":"","jetpack_is_tweetstorm":false,"jetpack_publicize_feature_enabled":true},"categories":[10,15],"tags":[],"jetpack_publicize_connections":[],"yoast_head":"<!-- This site is optimized with the Yoast SEO plugin v19.1 - https:\/\/yoast.com\/wordpress\/plugins\/seo\/ -->\n<title>U zakup Valdanos i Ostrvo cvije?a - Lajme nga Ulqini<\/title>\n<meta name=\"robots\" content=\"index, follow, max-snippet:-1, max-image-preview:large, max-video-preview:-1\" \/>\n<link rel=\"canonical\" href=\"https:\/\/www.visit-ulcinj.com\/blog\/2008\/03\/29\/u-zakup-valdanos-i-ostrvo-cvijeca\/\" \/>\n<meta property=\"og:locale\" content=\"en_US\" \/>\n<meta property=\"og:type\" content=\"article\" \/>\n<meta property=\"og:title\" content=\"U zakup Valdanos i Ostrvo cvije?a - Lajme nga Ulqini\" \/>\n<meta property=\"og:url\" content=\"https:\/\/www.visit-ulcinj.com\/blog\/2008\/03\/29\/u-zakup-valdanos-i-ostrvo-cvijeca\/\" \/>\n<meta property=\"og:site_name\" content=\"Lajme nga Ulqini\" \/>\n<meta property=\"article:published_time\" content=\"2008-03-29T06:54:57+00:00\" \/>\n<meta property=\"og:image\" content=\"http:\/\/www.visit-ulcinj.com\/blog\/wp-content\/uploads\/2008\/03\/valdanosi-1.thumbnail.jpg\" \/>\n<meta name=\"twitter:label1\" content=\"Written by\" \/>\n\t<meta name=\"twitter:data1\" content=\"ulqini\" \/>\n\t<meta name=\"twitter:label2\" content=\"Est. reading time\" \/>\n\t<meta name=\"twitter:data2\" content=\"2 minutes\" \/>\n<script type=\"application\/ld+json\" class=\"yoast-schema-graph\">{\"@context\":\"https:\/\/schema.org\",\"@graph\":[{\"@type\":\"WebSite\",\"@id\":\"https:\/\/www.visit-ulcinj.com\/blog\/#website\",\"url\":\"https:\/\/www.visit-ulcinj.com\/blog\/\",\"name\":\"Lajme nga Ulqini\",\"description\":\"Lajme,Vijesti,Ulqini,Ulqin,Crna Gora,Mali i Zi\",\"potentialAction\":[{\"@type\":\"SearchAction\",\"target\":{\"@type\":\"EntryPoint\",\"urlTemplate\":\"https:\/\/www.visit-ulcinj.com\/blog\/?s={search_term_string}\"},\"query-input\":\"required name=search_term_string\"}],\"inLanguage\":\"en-US\"},{\"@type\":\"ImageObject\",\"inLanguage\":\"en-US\",\"@id\":\"https:\/\/www.visit-ulcinj.com\/blog\/2008\/03\/29\/u-zakup-valdanos-i-ostrvo-cvijeca\/#primaryimage\",\"url\":\"http:\/\/www.visit-ulcinj.com\/blog\/wp-content\/uploads\/2008\/03\/valdanosi-1.thumbnail.jpg\",\"contentUrl\":\"http:\/\/www.visit-ulcinj.com\/blog\/wp-content\/uploads\/2008\/03\/valdanosi-1.thumbnail.jpg\"},{\"@type\":\"WebPage\",\"@id\":\"https:\/\/www.visit-ulcinj.com\/blog\/2008\/03\/29\/u-zakup-valdanos-i-ostrvo-cvijeca\/#webpage\",\"url\":\"https:\/\/www.visit-ulcinj.com\/blog\/2008\/03\/29\/u-zakup-valdanos-i-ostrvo-cvijeca\/\",\"name\":\"U zakup Valdanos i Ostrvo cvije?a - Lajme nga Ulqini\",\"isPartOf\":{\"@id\":\"https:\/\/www.visit-ulcinj.com\/blog\/#website\"},\"primaryImageOfPage\":{\"@id\":\"https:\/\/www.visit-ulcinj.com\/blog\/2008\/03\/29\/u-zakup-valdanos-i-ostrvo-cvijeca\/#primaryimage\"},\"datePublished\":\"2008-03-29T06:54:57+00:00\",\"dateModified\":\"2008-03-29T06:54:57+00:00\",\"author\":{\"@id\":\"https:\/\/www.visit-ulcinj.com\/blog\/#\/schema\/person\/dcab619c614d3038751c63bc2aadc06d\"},\"breadcrumb\":{\"@id\":\"https:\/\/www.visit-ulcinj.com\/blog\/2008\/03\/29\/u-zakup-valdanos-i-ostrvo-cvijeca\/#breadcrumb\"},\"inLanguage\":\"en-US\",\"potentialAction\":[{\"@type\":\"ReadAction\",\"target\":[\"https:\/\/www.visit-ulcinj.com\/blog\/2008\/03\/29\/u-zakup-valdanos-i-ostrvo-cvijeca\/\"]}]},{\"@type\":\"BreadcrumbList\",\"@id\":\"https:\/\/www.visit-ulcinj.com\/blog\/2008\/03\/29\/u-zakup-valdanos-i-ostrvo-cvijeca\/#breadcrumb\",\"itemListElement\":[{\"@type\":\"ListItem\",\"position\":1,\"name\":\"U zakup Valdanos i Ostrvo cvije?a\"}]},{\"@type\":\"Person\",\"@id\":\"https:\/\/www.visit-ulcinj.com\/blog\/#\/schema\/person\/dcab619c614d3038751c63bc2aadc06d\",\"name\":\"ulqini\",\"sameAs\":[\"http:\/\/www.visit-ulcinj.com\"],\"url\":\"https:\/\/www.visit-ulcinj.com\/blog\/author\/admin\/\"}]}<\/script>\n<!-- \/ Yoast SEO plugin. -->","yoast_head_json":{"title":"U zakup Valdanos i Ostrvo cvije?a - Lajme nga Ulqini","robots":{"index":"index","follow":"follow","max-snippet":"max-snippet:-1","max-image-preview":"max-image-preview:large","max-video-preview":"max-video-preview:-1"},"canonical":"https:\/\/www.visit-ulcinj.com\/blog\/2008\/03\/29\/u-zakup-valdanos-i-ostrvo-cvijeca\/","og_locale":"en_US","og_type":"article","og_title":"U zakup Valdanos i Ostrvo cvije?a - Lajme nga Ulqini","og_url":"https:\/\/www.visit-ulcinj.com\/blog\/2008\/03\/29\/u-zakup-valdanos-i-ostrvo-cvijeca\/","og_site_name":"Lajme nga Ulqini","article_published_time":"2008-03-29T06:54:57+00:00","og_image":[{"url":"http:\/\/www.visit-ulcinj.com\/blog\/wp-content\/uploads\/2008\/03\/valdanosi-1.thumbnail.jpg"}],"twitter_misc":{"Written by":"ulqini","Est. reading time":"2 minutes"},"schema":{"@context":"https:\/\/schema.org","@graph":[{"@type":"WebSite","@id":"https:\/\/www.visit-ulcinj.com\/blog\/#website","url":"https:\/\/www.visit-ulcinj.com\/blog\/","name":"Lajme nga Ulqini","description":"Lajme,Vijesti,Ulqini,Ulqin,Crna Gora,Mali i Zi","potentialAction":[{"@type":"SearchAction","target":{"@type":"EntryPoint","urlTemplate":"https:\/\/www.visit-ulcinj.com\/blog\/?s={search_term_string}"},"query-input":"required name=search_term_string"}],"inLanguage":"en-US"},{"@type":"ImageObject","inLanguage":"en-US","@id":"https:\/\/www.visit-ulcinj.com\/blog\/2008\/03\/29\/u-zakup-valdanos-i-ostrvo-cvijeca\/#primaryimage","url":"http:\/\/www.visit-ulcinj.com\/blog\/wp-content\/uploads\/2008\/03\/valdanosi-1.thumbnail.jpg","contentUrl":"http:\/\/www.visit-ulcinj.com\/blog\/wp-content\/uploads\/2008\/03\/valdanosi-1.thumbnail.jpg"},{"@type":"WebPage","@id":"https:\/\/www.visit-ulcinj.com\/blog\/2008\/03\/29\/u-zakup-valdanos-i-ostrvo-cvijeca\/#webpage","url":"https:\/\/www.visit-ulcinj.com\/blog\/2008\/03\/29\/u-zakup-valdanos-i-ostrvo-cvijeca\/","name":"U zakup Valdanos i Ostrvo cvije?a - Lajme nga Ulqini","isPartOf":{"@id":"https:\/\/www.visit-ulcinj.com\/blog\/#website"},"primaryImageOfPage":{"@id":"https:\/\/www.visit-ulcinj.com\/blog\/2008\/03\/29\/u-zakup-valdanos-i-ostrvo-cvijeca\/#primaryimage"},"datePublished":"2008-03-29T06:54:57+00:00","dateModified":"2008-03-29T06:54:57+00:00","author":{"@id":"https:\/\/www.visit-ulcinj.com\/blog\/#\/schema\/person\/dcab619c614d3038751c63bc2aadc06d"},"breadcrumb":{"@id":"https:\/\/www.visit-ulcinj.com\/blog\/2008\/03\/29\/u-zakup-valdanos-i-ostrvo-cvijeca\/#breadcrumb"},"inLanguage":"en-US","potentialAction":[{"@type":"ReadAction","target":["https:\/\/www.visit-ulcinj.com\/blog\/2008\/03\/29\/u-zakup-valdanos-i-ostrvo-cvijeca\/"]}]},{"@type":"BreadcrumbList","@id":"https:\/\/www.visit-ulcinj.com\/blog\/2008\/03\/29\/u-zakup-valdanos-i-ostrvo-cvijeca\/#breadcrumb","itemListElement":[{"@type":"ListItem","position":1,"name":"U zakup Valdanos i Ostrvo cvije?a"}]},{"@type":"Person","@id":"https:\/\/www.visit-ulcinj.com\/blog\/#\/schema\/person\/dcab619c614d3038751c63bc2aadc06d","name":"ulqini","sameAs":["http:\/\/www.visit-ulcinj.com"],"url":"https:\/\/www.visit-ulcinj.com\/blog\/author\/admin\/"}]}},"jetpack_featured_media_url":"","jetpack_sharing_enabled":true,"jetpack_shortlink":"https:\/\/wp.me\/pe6lTn-ha","_links":{"self":[{"href":"https:\/\/www.visit-ulcinj.com\/blog\/wp-json\/wp\/v2\/posts\/1064"}],"collection":[{"href":"https:\/\/www.visit-ulcinj.com\/blog\/wp-json\/wp\/v2\/posts"}],"about":[{"href":"https:\/\/www.visit-ulcinj.com\/blog\/wp-json\/wp\/v2\/types\/post"}],"author":[{"embeddable":true,"href":"https:\/\/www.visit-ulcinj.com\/blog\/wp-json\/wp\/v2\/users\/1"}],"replies":[{"embeddable":true,"href":"https:\/\/www.visit-ulcinj.com\/blog\/wp-json\/wp\/v2\/comments?post=1064"}],"version-history":[{"count":0,"href":"https:\/\/www.visit-ulcinj.com\/blog\/wp-json\/wp\/v2\/posts\/1064\/revisions"}],"wp:attachment":[{"href":"https:\/\/www.visit-ulcinj.com\/blog\/wp-json\/wp\/v2\/media?parent=1064"}],"wp:term":[{"taxonomy":"category","embeddable":true,"href":"https:\/\/www.visit-ulcinj.com\/blog\/wp-json\/wp\/v2\/categories?post=1064"},{"taxonomy":"post_tag","embeddable":true,"href":"https:\/\/www.visit-ulcinj.com\/blog\/wp-json\/wp\/v2\/tags?post=1064"}],"curies":[{"name":"wp","href":"https:\/\/api.w.org\/{rel}","templated":true}]}}