{"id":106401,"date":"2017-07-24T19:03:18","date_gmt":"2017-07-24T18:03:18","guid":{"rendered":"http:\/\/www.visit-ulcinj.com\/blog\/?p=106401"},"modified":"2017-07-24T19:03:18","modified_gmt":"2017-07-24T18:03:18","slug":"pobjeda-velika-plaza-moze-biti-kao-ibica-fale-hoteli","status":"publish","type":"post","link":"https:\/\/www.visit-ulcinj.com\/blog\/2017\/07\/24\/pobjeda-velika-plaza-moze-biti-kao-ibica-fale-hoteli\/","title":{"rendered":"Pobjeda: Velika pla\u017ea mo\u017ee biti kao Ibica, fale hoteli"},"content":{"rendered":"<p><strong>\u00a0<a href=\"http:\/\/www.visit-ulcinj.com\/blog\/wp-content\/uploads\/2017\/07\/Ulcinj-Riviera-.jpg\"><img loading=\"lazy\" class=\"alignleft wp-image-106092\" src=\"http:\/\/www.visit-ulcinj.com\/blog\/wp-content\/uploads\/2017\/07\/Ulcinj-Riviera-.jpg\" alt=\"\" width=\"508\" height=\"254\" srcset=\"https:\/\/www.visit-ulcinj.com\/blog\/wp-content\/uploads\/2017\/07\/Ulcinj-Riviera-.jpg 660w, https:\/\/www.visit-ulcinj.com\/blog\/wp-content\/uploads\/2017\/07\/Ulcinj-Riviera--300x150.jpg 300w\" sizes=\"(max-width: 508px) 100vw, 508px\" \/><\/a> POBJEDINA EKIPA POSJETILA ULCINJ I BAR:<\/strong> <strong><em>\u00a0<\/em><\/strong><\/p>\n<p><strong><em>Turisti i ugostitelji zadovoljni, ponuda se mora unaprijediti<\/em><\/strong><\/p>\n<p><strong><em>Sezona po\u010dela ranije, o\u010dekuju bolje prihode<\/em><\/strong><\/p>\n<p><strong>\u00a0 Ulcinj je popunjen dva mjeseca ili 50 dana, fale nam hoteli \u2013 kazao je \u0106azim Hod\u017ei\u0107. <\/strong><\/p>\n<p>\u2013 Turisti\u010dka sezona u Baru i Ulcinju je po\u010dela znatno ranije nego prethodnih godina. Na osnovu pokazatelja porasta broja gostiju u predsezoni i interesovanja turoperatora, turisti\u010dkih agencija i individualaca na sajmovima, putem interneta i u direktnoj komunikaciji nastavljen je pozitivan trend i u glavnoj turisti\u010dkoj sezoni. Ekipa Pobjede posjetila je Bar i Ulcinj i razgovarala sa turistima i turisti\u010dkim poslenicima koji o\u010dekuju ve\u0107e prihode. Turisti su uglavnom zadovoljni, mladi tra\u017ee \u017eurke do kasno u no\u0107, dok porodi\u010dni ljudi tra\u017ee mir i odmor. Zahvaljuju\u0107i lijepom vremenu i muzi\u010dkim manifestacijama i u Ulcinju bilje\u017ee mnogo ve\u0107i broj gostiju u predsezoni. Statistika govori da je ove godine 28 odsto vi\u0161e gostiju u autokampovima.<\/p>\n<p><a href=\"http:\/\/www.visit-ulcinj.com\/blog\/wp-content\/uploads\/2017\/07\/Beqir-Zati.jpg\"><img loading=\"lazy\" class=\"alignleft wp-image-106402 size-medium\" src=\"http:\/\/www.visit-ulcinj.com\/blog\/wp-content\/uploads\/2017\/07\/Beqir-Zati-300x300.jpg\" alt=\"\" width=\"300\" height=\"300\" srcset=\"https:\/\/www.visit-ulcinj.com\/blog\/wp-content\/uploads\/2017\/07\/Beqir-Zati-300x300.jpg 300w, https:\/\/www.visit-ulcinj.com\/blog\/wp-content\/uploads\/2017\/07\/Beqir-Zati-150x150.jpg 150w, https:\/\/www.visit-ulcinj.com\/blog\/wp-content\/uploads\/2017\/07\/Beqir-Zati.jpg 320w\" sizes=\"(max-width: 300px) 100vw, 300px\" \/><\/a><\/p>\n<p>Kako je Pobjedi kazao referent za op\u0161te poslove iz Turisti\u010dke organizacije Ulcinj <strong>Be\u0107ir Zati<\/strong> ove godine ih raduje i bolja naplata taksi, tako da o\u010dekuju i mnogo bolje prihode. &#8211; Zadnjih godina imamo i goste iz Poljske, \u010ce\u0161ke i Slova\u010dke, koji dolaze u sve ve\u0107em broju. Imamo i odre\u0111eni broj gostiju iz Njema\u010dke, Rusije itd, ali najvi\u0161e kao i svake godine su gosti iz regiona. Najvi\u0161e prijavljenih je iz Srbije, zatim Bosne, Kosova, Rusije, onda Njema\u010dke \u2026 &#8211; kazao nam je Zati. Iz TO Ulcinj su optimisti\u010dni, o\u010dekuje se pravi \u0161pic koji je ve\u0107 po\u010deo ova zadnja tri \u010detiri dana. &#8211; Prema najavama na\u0161ih hotelijera buking je dosta dobar i njihovi kapaciteti su popunjeni do septembra, dok je malo te\u017ee analizirati situaciju kada je privatni smje\u0161taj u pitanju zbog velikog broja apartmana i kreveta. U svakom slu\u010daju ocekujemo dobru sezonu &#8211; kazao je Zati. Velika ulcinjska pla\u017ea kako smo zabilje\u017eili je prostrana tako da gu\u017eve kao u Dobroj vodi nije mogu\u0107e primijetiti.<\/p>\n<p>&nbsp;<\/p>\n<p><a href=\"http:\/\/www.visit-ulcinj.com\/blog\/wp-content\/uploads\/2017\/07\/CAKI-HODZIC.jpg\"><img loading=\"lazy\" class=\"alignleft wp-image-106403 size-medium\" src=\"http:\/\/www.visit-ulcinj.com\/blog\/wp-content\/uploads\/2017\/07\/CAKI-HODZIC-300x300.jpg\" alt=\"\" width=\"300\" height=\"300\" srcset=\"https:\/\/www.visit-ulcinj.com\/blog\/wp-content\/uploads\/2017\/07\/CAKI-HODZIC-300x300.jpg 300w, https:\/\/www.visit-ulcinj.com\/blog\/wp-content\/uploads\/2017\/07\/CAKI-HODZIC-150x150.jpg 150w, https:\/\/www.visit-ulcinj.com\/blog\/wp-content\/uploads\/2017\/07\/CAKI-HODZIC.jpg 399w\" sizes=\"(max-width: 300px) 100vw, 300px\" \/><\/a>Za ljubitelje odmora i kajt surfinga i posmatranja zalaska sunca ovo je ka\u017eu pravo mjesto. Konsultant za op\u0161te poslove u TO Ulcinj <strong>\u0106azim Hod\u017ei\u0107 <\/strong>koji je i zakupac pla\u017ee Dolcinium koja je specifi\u010dna po tome \u0161to je tu stacioniran prvi crnogorski Centar za kajt srufing ka\u017ee da ove godine dolaze \u010dak iz Norve\u0161ke, dok Crnogorci \u010dak i ne znaju koje su blagodeti ovog sporta. &#8211; Kajt surfing mo\u017ee funkcionisati jedino na Velikoj pla\u017ei jer ovdje duva maestral vjetar koji je podoban za kajtere, a \u0161irina je velika. Onda udaljenost pijeska od lokala je vi\u0161e od 100 metara, to poma\u017ee surferima jer je konopac koji dr\u017ei du\u017ei od 50 metar. Prvi crnogorski kajt surfing klub smo osnovali 2008. godine. Prve \u010detiri godine brojali smo surfere dvogledom, sada ih vi\u0161e ne mo\u017eemo brojiti \u2013 ka\u017ee Hod\u017ei\u0107. Danas je, kako isti\u010de, Velika pla\u017ea postala jako atraktivna destinacija u svijetu. Dolaze Norve\u017eani, Njemci, Austrijanci, Rusi\u2026. &#8211; Luis Hamilton je bio pro\u0161le godine sa Rita Orom. Prvo je tra\u017eio da u\u010di kajt surfing, na\u017ealost tog dana nije bilo vjetra i nije uspio&#8230; Uglavnom svakodnevno imamo zabave na pla\u017ei, di d\u017eejeve koji pu\u0161taju muziku do zalaska sunca \u2013 ka\u017ee Hod\u017ei\u0107. Sezonalnost Poblem cijelog primorja pa i Ulcinja je kako prebroditi sezonalnost, koja u ovom turisti\u010dkom gradu ne traje ni \u010detiri mjeseca.<\/p>\n<p>&nbsp;<\/p>\n<p>&#8211; Ulcinj radi frekventualno dva mjeseci ili 50 dana, fale nam hoteli. Bilo bi dobro da Ulcinjsku rivijeru zakupi TUI i onda bi cijeli grad o\u017eivio. Bilo bi vi\u0161e hotela jer Ulcinju i tekako fale. Tako bi gosti dolazili od aprila do oktobra. Va\u017eno je da TUI do\u0111e, a tu \u0107e i Nekerman i druge ozbiljne firme, jer Ulcinj ima resore, i pla\u017eu dugu 12 kilometara koju treba iskoristiti \u2013 ka\u017ee Hod\u017ei\u010d. Pitali smo i goste na Velikoj pla\u017ei \u0161ta misle pa tako Du\u0161an iz Beograda koji \u010desto dolazi ka\u017ee da voli da odmara i da je Ulcinj pravo mjesto za to, za pravi relaks. Djevoj\u010dica Ivana iz Podgorice je do\u0161la na ljetovanje sa bakom i odmaraju u hotelu HTP Velika pla\u017ea. Ka\u017ee da joj je lijepo i da \u017eali \u0161to ostaje samo sedam dana. &#8211; Najvi\u0161e mi se svi\u0111a hrana. Ovdje sam \u0161esti dan, ostajem jo\u0161 sjutra i \u017eao mi je. Mo\u017eda opet do\u0111em \u2013 kazala je Ivana. Izet iz Novog Pazara je kazao Pobjedi da ovdje ljetuje godinama i da nema nikakviih zamjerki. &#8211; Cijeli vijek sam ovdje, gostujem u apartmanu i meni je prelijepo \u2013 kazao je Izet.<\/p>\n<p>&nbsp;<\/p>\n<p><a href=\"http:\/\/www.visit-ulcinj.com\/blog\/wp-content\/uploads\/2017\/07\/Gani-Resulbegovic.jpg\"><img loading=\"lazy\" class=\"alignleft wp-image-106405 size-medium\" src=\"http:\/\/www.visit-ulcinj.com\/blog\/wp-content\/uploads\/2017\/07\/Gani-Resulbegovic-300x267.jpg\" alt=\"\" width=\"300\" height=\"267\" srcset=\"https:\/\/www.visit-ulcinj.com\/blog\/wp-content\/uploads\/2017\/07\/Gani-Resulbegovic-300x267.jpg 300w, https:\/\/www.visit-ulcinj.com\/blog\/wp-content\/uploads\/2017\/07\/Gani-Resulbegovic.jpg 573w\" sizes=\"(max-width: 300px) 100vw, 300px\" \/><\/a>Ulcinjski ugostitelj i hotelijer <strong>Gani Resulbegovi\u0107<\/strong>, vlasnik hotela Dvori Bal\u0161i\u0107a i Palate Venecija u Starom gradu i zakupac ve\u0107eg dijela Male pla\u017ee ka\u017ee da ga raduje \u0161to je Stari grad o\u017eivio. &#8211; Bolja sezona je svakako, struktura gostiju je promijenjena, Skandinavci su broj jedan. Mi imamo prije svega Norve\u017eane, \u0160ve\u0111ane i Dance, oni su veoma laki turisti, a pored toga \u0161to dobro tro\u0161e jako su dru\u017eeljubivi \u2013 kazao je Reslubegovi\u0107. Ka\u017ee i to da su vlasnici privatnog sme\u0161taja poskupili usluge i ove godine su na nivou smje\u0161taja u hotelu \u0161to, tvrdi on, nije dobro, a problem Ulcinja je i parking koji nikako da se rije\u0161i. U Ulcinju sa nestrpljenjem i\u0161\u010dekuju i koncert Dina Merlina 5. avgusta kada o\u010dekuju najmanje 20.000 turista, a direktor organizacije za ovaj koncert <strong>Jasmin Muhovi\u0107<\/strong> je zadovoljan prodajom ulaznica, ka\u017ee da se ve\u0107 prodalo pola.<\/p>\n<p><strong>\u010ceka se Merlin<\/strong><\/p>\n<p>\u2013 Ovaj koncert \u0107e definitivno da dovede najve\u0107i broj ljudi. Cijena ulaznice je 15 eura i mislim da je prihvatljiva za sva- \u010diji d\u017eep, da mogu da do\u0111u svi. Za stanovnike Crne Gore, Sarajeva i Novog Pazara organizovan je i prevoz po pristupa\u010dnim cijenama tako da svi zainteresovani mogu da do\u0111u &#8211; kazao je Muhovi\u0107. On ka\u017ee da oni koji se tog dana se budu kupali na pla\u017ei ,,Perla\u201c gdje se odr\u017eava koncert mogu da ostanu i sa le\u017ealjki slu\u0161aju i gledaju koncert. &#8211; Le\u017ealjke \u0107e stajati tokom cijelog dana na pla\u017ei, a u pozadini bi\u0107e manifestacija. Tu kre- \u0107u dnevne \u017eurke ve\u0107 od 11 sati. O\u010dekujemo rekordan broj posjetilaca u Ulcinju u zadnjih 30 godina. Bina \u0107e biti 22 metra \u0161iroka u du\u017eini 9,5 metara i dadatne lajere i video bimove za ljude koji \u0107e biti u pozadini. Parking smo obezbijedili nedaleko od pla\u017ee, a za VIP goste \u0107e biti parking iza pla\u017ee. Koncert \u0107e trajati dva sata i 15 min, a prije Merlina pjeva\u0107e D\u017eenan Lon\u010darevi\u0107 \u2013 kazao je Muhovi\u0107, najavljuju\u0107i i sjutradan koncert Leksington benda.<\/p>\n<p><strong>Posmatranje \u010diopa \u2013 ptica koje stalno lete <\/strong><\/p>\n<p>U starom gradu kako nam je rekao hotelijer Gani Resulbegovi\u0107 mnogi njegovi gosti dolaze i da posmatraju \u010diope, veoma rijetke ptice koja nikad ne spavaju, stalno lete, nemaju kand\u017ee. &#8211; To je veoma rijetka ptica koja donosi prolje\u0107e, a dolazi iz Kolumbije. To je pri\u010da i Kana, Dubrovnika, a na jednom prostoru i Kotora. Samo kada se gnijezde one staju, ina\u010de cijelo vrijeme lete. Prisutne se do kasnog oktobra, a desi se i do sredine novembra, zavisno od vremena. To je ne\u0161to \u0161to moramo iskoristiti i da rije\u0161imo problem sezonalnosti &#8211; ka\u017ee Resulbegovi\u0107 dodaju\u0107i da turisti sa kraja svijeta dolaze da posmatraju tu pticu.<\/p>\n<p>&nbsp;<\/p>\n<p><strong>Stranci vole kajt surfing <\/strong><\/p>\n<p><a href=\"http:\/\/www.visit-ulcinj.com\/blog\/wp-content\/uploads\/2017\/07\/Nemanja-Skobic.jpg\"><img loading=\"lazy\" class=\"alignleft wp-image-106406 size-medium\" src=\"http:\/\/www.visit-ulcinj.com\/blog\/wp-content\/uploads\/2017\/07\/Nemanja-Skobic-300x300.jpg\" alt=\"\" width=\"300\" height=\"300\" \/><\/a>Menad\u017eer Dolcinijum kajt surfing centra <strong>Nemanja \u0160kobi\u0107<\/strong> je prvi i licencirani instruktor kajt surfinga u Crnoj Gori i on nam je objasnio ljepote ovog sporta za koje ka\u017ee mnogi Crnogorci ne znaju, a Norve\u017eani recimo daju ogroman novac samo da do\u0111u ovdje. &#8211; Kajt surfingom se bavim devet godina, i prije \u0161est godina sam postao intruktor. Polo\u017eio sam za internacionalnu licencu i krenuo da se bavim ovim. U prosjeku za osam sati svako mo\u017ee da se nau\u010di da surfuje bez obzira na godine i te\u017einu &#8211; obe\u0107ava \u0160kobi\u0107 koji \u017eali \u0161to se vi\u0161e Crnogoraca ne interesuju za ovaj sport. On navodi da je Velika pla\u017ea jedna od tri najpovoljnije u svijetu za ovaj sport. &#8211; Nema korala, nema dubine, plitka je voda i u\u010denik ima sigurnost da u\u010di kajt, ima dosta prostora i nije gu\u017eva. Turisti se vra\u0107aju zbog kajta i pored toga dovode i prijatelje. Ove godine su nam Norve\u017eani vode- \u0107i, a tu su i Rusi, Ma\u0111ari, Rumuni, Njemci, Francuzi\u2026 ka\u017ee \u0160kobi\u0107 koji nvodi da pored njega ima jo\u0161 tri instruktora. Kurs kajt surfinga ko\u0161ta trista eura, a to je kako obja\u0161njava tri ili \u010detiri dana rada po dva tri sata obuka. &#8211; Mo\u017ee jedan instruktor sa vi\u0161e kandidata ali naj\u010de\u0161\u010de je jedan na jedan. Sve vi\u0161e \u017eena se interesuje za ovaj sport, \u0161to nas raduje \u2013 ka\u017ee \u0160kobi\u0107.<\/p>\n<p><strong>Zalazak sunca napla\u0107ivati kao na Ibici <\/strong><\/p>\n<p>Hod\u017ei\u0107 ka\u017ee da u Ulcinju treba napraviti posebnu ponudu \u2013 posmatranje zalaska sunca. &#8211; To je jako poznato na Ibici, u poznatom kafeu Del Mare. Turisti pla\u0107aju gomilu para da vide zalazak sunca koji ne mo\u017ee da se uporedi sa na\u0161im. Tamo je to veoma poznato i turisti posje\u0107uju Ibicu samo zbog toga. Ovdje je zalazak sunca hiljadu puta ljep\u0161i i treba organizovati i napla\u0107ivati takav u\u017eitak \u2013 predla\u017ee Hod\u017ei\u0107.<\/p>\n<p><strong>Paelja za dvoje<\/strong><\/p>\n<p>&#8211; Na pla\u017ei Dolcinium gosti dolaze zbog Paelje koja se kako ka\u017ee Hod\u017ei\u0107 ovdje jedino sprema. De\u0161avaju se romanti\u010dne ve\u010dere. Kako je objasnio na\u0161 sagovornik to je \u0161pansko nacionalno jelo i slu\u017ei se za dvoje u jednom tiganju, sa mu\u0161uljama, gamborima, a ri\u017ea je polupe\u010dena i polukuvana, sa \u0161afranom, lovorovim listom i bosiljkom&#8230;<\/p>\n<p><strong><br \/>\nN. KOVA\u010cEVI\u0106 <\/strong><\/p>\n<p><strong>Izvor: Pobjeda<\/strong><\/p>\n","protected":false},"excerpt":{"rendered":"<p>\u00a0 POBJEDINA EKIPA POSJETILA ULCINJ I BAR: \u00a0 Turisti i ugostitelji zadovoljni, ponuda se mora unaprijediti Sezona po\u010dela ranije, o\u010dekuju bolje prihode \u00a0 Ulcinj je popunjen dva mjeseca ili 50 dana, fale nam hoteli \u2013 kazao je \u0106azim Hod\u017ei\u0107. \u2013 Turisti\u010dka sezona u Baru i Ulcinju je po\u010dela znatno ranije nego prethodnih godina. Na osnovu [&hellip;]<\/p>\n","protected":false},"author":1,"featured_media":0,"comment_status":"closed","ping_status":"closed","sticky":false,"template":"","format":"standard","meta":{"spay_email":"","jetpack_publicize_message":"","jetpack_is_tweetstorm":false,"jetpack_publicize_feature_enabled":true},"categories":[15],"tags":[],"jetpack_publicize_connections":[],"yoast_head":"<!-- This site is optimized with the Yoast SEO plugin v19.1 - https:\/\/yoast.com\/wordpress\/plugins\/seo\/ -->\n<title>Pobjeda: Velika pla\u017ea mo\u017ee biti kao Ibica, fale hoteli - Lajme nga Ulqini<\/title>\n<meta name=\"description\" content=\"\u00a0 POBJEDINA EKIPA POSJETILA ULCINJ I BAR: \u00a0 Turisti i ugostitelji zadovoljni, ponuda se mora unaprijediti Sezona po\u010dela ranije, o\u010dekuju bolje prihode \u00a0\" \/>\n<meta name=\"robots\" content=\"index, follow, max-snippet:-1, max-image-preview:large, max-video-preview:-1\" \/>\n<link rel=\"canonical\" href=\"https:\/\/www.visit-ulcinj.com\/blog\/2017\/07\/24\/pobjeda-velika-plaza-moze-biti-kao-ibica-fale-hoteli\/\" \/>\n<meta property=\"og:locale\" content=\"en_US\" \/>\n<meta property=\"og:type\" content=\"article\" \/>\n<meta property=\"og:title\" content=\"Pobjeda: Velika pla\u017ea mo\u017ee biti kao Ibica, fale hoteli - Lajme nga Ulqini\" \/>\n<meta property=\"og:description\" content=\"\u00a0 POBJEDINA EKIPA POSJETILA ULCINJ I BAR: \u00a0 Turisti i ugostitelji zadovoljni, ponuda se mora unaprijediti Sezona po\u010dela ranije, o\u010dekuju bolje prihode \u00a0\" \/>\n<meta property=\"og:url\" content=\"https:\/\/www.visit-ulcinj.com\/blog\/2017\/07\/24\/pobjeda-velika-plaza-moze-biti-kao-ibica-fale-hoteli\/\" \/>\n<meta property=\"og:site_name\" content=\"Lajme nga Ulqini\" \/>\n<meta property=\"article:published_time\" content=\"2017-07-24T18:03:18+00:00\" \/>\n<meta property=\"og:image\" content=\"http:\/\/www.visit-ulcinj.com\/blog\/wp-content\/uploads\/2017\/07\/Ulcinj-Riviera-.jpg\" \/>\n<meta name=\"twitter:label1\" content=\"Written by\" \/>\n\t<meta name=\"twitter:data1\" content=\"ulqini\" \/>\n\t<meta name=\"twitter:label2\" content=\"Est. reading time\" \/>\n\t<meta name=\"twitter:data2\" content=\"8 minutes\" \/>\n<script type=\"application\/ld+json\" class=\"yoast-schema-graph\">{\"@context\":\"https:\/\/schema.org\",\"@graph\":[{\"@type\":\"WebSite\",\"@id\":\"https:\/\/www.visit-ulcinj.com\/blog\/#website\",\"url\":\"https:\/\/www.visit-ulcinj.com\/blog\/\",\"name\":\"Lajme nga Ulqini\",\"description\":\"Lajme,Vijesti,Ulqini,Ulqin,Crna Gora,Mali i Zi\",\"potentialAction\":[{\"@type\":\"SearchAction\",\"target\":{\"@type\":\"EntryPoint\",\"urlTemplate\":\"https:\/\/www.visit-ulcinj.com\/blog\/?s={search_term_string}\"},\"query-input\":\"required name=search_term_string\"}],\"inLanguage\":\"en-US\"},{\"@type\":\"ImageObject\",\"inLanguage\":\"en-US\",\"@id\":\"https:\/\/www.visit-ulcinj.com\/blog\/2017\/07\/24\/pobjeda-velika-plaza-moze-biti-kao-ibica-fale-hoteli\/#primaryimage\",\"url\":\"https:\/\/www.visit-ulcinj.com\/blog\/wp-content\/uploads\/2017\/07\/Ulcinj-Riviera-.jpg\",\"contentUrl\":\"https:\/\/www.visit-ulcinj.com\/blog\/wp-content\/uploads\/2017\/07\/Ulcinj-Riviera-.jpg\",\"width\":660,\"height\":330},{\"@type\":\"WebPage\",\"@id\":\"https:\/\/www.visit-ulcinj.com\/blog\/2017\/07\/24\/pobjeda-velika-plaza-moze-biti-kao-ibica-fale-hoteli\/#webpage\",\"url\":\"https:\/\/www.visit-ulcinj.com\/blog\/2017\/07\/24\/pobjeda-velika-plaza-moze-biti-kao-ibica-fale-hoteli\/\",\"name\":\"Pobjeda: Velika pla\u017ea mo\u017ee biti kao Ibica, fale hoteli - Lajme nga Ulqini\",\"isPartOf\":{\"@id\":\"https:\/\/www.visit-ulcinj.com\/blog\/#website\"},\"primaryImageOfPage\":{\"@id\":\"https:\/\/www.visit-ulcinj.com\/blog\/2017\/07\/24\/pobjeda-velika-plaza-moze-biti-kao-ibica-fale-hoteli\/#primaryimage\"},\"datePublished\":\"2017-07-24T18:03:18+00:00\",\"dateModified\":\"2017-07-24T18:03:18+00:00\",\"author\":{\"@id\":\"https:\/\/www.visit-ulcinj.com\/blog\/#\/schema\/person\/dcab619c614d3038751c63bc2aadc06d\"},\"description\":\"\u00a0 POBJEDINA EKIPA POSJETILA ULCINJ I BAR: \u00a0 Turisti i ugostitelji zadovoljni, ponuda se mora unaprijediti Sezona po\u010dela ranije, o\u010dekuju bolje prihode \u00a0\",\"breadcrumb\":{\"@id\":\"https:\/\/www.visit-ulcinj.com\/blog\/2017\/07\/24\/pobjeda-velika-plaza-moze-biti-kao-ibica-fale-hoteli\/#breadcrumb\"},\"inLanguage\":\"en-US\",\"potentialAction\":[{\"@type\":\"ReadAction\",\"target\":[\"https:\/\/www.visit-ulcinj.com\/blog\/2017\/07\/24\/pobjeda-velika-plaza-moze-biti-kao-ibica-fale-hoteli\/\"]}]},{\"@type\":\"BreadcrumbList\",\"@id\":\"https:\/\/www.visit-ulcinj.com\/blog\/2017\/07\/24\/pobjeda-velika-plaza-moze-biti-kao-ibica-fale-hoteli\/#breadcrumb\",\"itemListElement\":[{\"@type\":\"ListItem\",\"position\":1,\"name\":\"Pobjeda: Velika pla\u017ea mo\u017ee biti kao Ibica, fale hoteli\"}]},{\"@type\":\"Person\",\"@id\":\"https:\/\/www.visit-ulcinj.com\/blog\/#\/schema\/person\/dcab619c614d3038751c63bc2aadc06d\",\"name\":\"ulqini\",\"sameAs\":[\"http:\/\/www.visit-ulcinj.com\"],\"url\":\"https:\/\/www.visit-ulcinj.com\/blog\/author\/admin\/\"}]}<\/script>\n<!-- \/ Yoast SEO plugin. -->","yoast_head_json":{"title":"Pobjeda: Velika pla\u017ea mo\u017ee biti kao Ibica, fale hoteli - Lajme nga Ulqini","description":"\u00a0 POBJEDINA EKIPA POSJETILA ULCINJ I BAR: \u00a0 Turisti i ugostitelji zadovoljni, ponuda se mora unaprijediti Sezona po\u010dela ranije, o\u010dekuju bolje prihode \u00a0","robots":{"index":"index","follow":"follow","max-snippet":"max-snippet:-1","max-image-preview":"max-image-preview:large","max-video-preview":"max-video-preview:-1"},"canonical":"https:\/\/www.visit-ulcinj.com\/blog\/2017\/07\/24\/pobjeda-velika-plaza-moze-biti-kao-ibica-fale-hoteli\/","og_locale":"en_US","og_type":"article","og_title":"Pobjeda: Velika pla\u017ea mo\u017ee biti kao Ibica, fale hoteli - Lajme nga Ulqini","og_description":"\u00a0 POBJEDINA EKIPA POSJETILA ULCINJ I BAR: \u00a0 Turisti i ugostitelji zadovoljni, ponuda se mora unaprijediti Sezona po\u010dela ranije, o\u010dekuju bolje prihode \u00a0","og_url":"https:\/\/www.visit-ulcinj.com\/blog\/2017\/07\/24\/pobjeda-velika-plaza-moze-biti-kao-ibica-fale-hoteli\/","og_site_name":"Lajme nga Ulqini","article_published_time":"2017-07-24T18:03:18+00:00","og_image":[{"url":"http:\/\/www.visit-ulcinj.com\/blog\/wp-content\/uploads\/2017\/07\/Ulcinj-Riviera-.jpg"}],"twitter_misc":{"Written by":"ulqini","Est. reading time":"8 minutes"},"schema":{"@context":"https:\/\/schema.org","@graph":[{"@type":"WebSite","@id":"https:\/\/www.visit-ulcinj.com\/blog\/#website","url":"https:\/\/www.visit-ulcinj.com\/blog\/","name":"Lajme nga Ulqini","description":"Lajme,Vijesti,Ulqini,Ulqin,Crna Gora,Mali i Zi","potentialAction":[{"@type":"SearchAction","target":{"@type":"EntryPoint","urlTemplate":"https:\/\/www.visit-ulcinj.com\/blog\/?s={search_term_string}"},"query-input":"required name=search_term_string"}],"inLanguage":"en-US"},{"@type":"ImageObject","inLanguage":"en-US","@id":"https:\/\/www.visit-ulcinj.com\/blog\/2017\/07\/24\/pobjeda-velika-plaza-moze-biti-kao-ibica-fale-hoteli\/#primaryimage","url":"https:\/\/www.visit-ulcinj.com\/blog\/wp-content\/uploads\/2017\/07\/Ulcinj-Riviera-.jpg","contentUrl":"https:\/\/www.visit-ulcinj.com\/blog\/wp-content\/uploads\/2017\/07\/Ulcinj-Riviera-.jpg","width":660,"height":330},{"@type":"WebPage","@id":"https:\/\/www.visit-ulcinj.com\/blog\/2017\/07\/24\/pobjeda-velika-plaza-moze-biti-kao-ibica-fale-hoteli\/#webpage","url":"https:\/\/www.visit-ulcinj.com\/blog\/2017\/07\/24\/pobjeda-velika-plaza-moze-biti-kao-ibica-fale-hoteli\/","name":"Pobjeda: Velika pla\u017ea mo\u017ee biti kao Ibica, fale hoteli - Lajme nga Ulqini","isPartOf":{"@id":"https:\/\/www.visit-ulcinj.com\/blog\/#website"},"primaryImageOfPage":{"@id":"https:\/\/www.visit-ulcinj.com\/blog\/2017\/07\/24\/pobjeda-velika-plaza-moze-biti-kao-ibica-fale-hoteli\/#primaryimage"},"datePublished":"2017-07-24T18:03:18+00:00","dateModified":"2017-07-24T18:03:18+00:00","author":{"@id":"https:\/\/www.visit-ulcinj.com\/blog\/#\/schema\/person\/dcab619c614d3038751c63bc2aadc06d"},"description":"\u00a0 POBJEDINA EKIPA POSJETILA ULCINJ I BAR: \u00a0 Turisti i ugostitelji zadovoljni, ponuda se mora unaprijediti Sezona po\u010dela ranije, o\u010dekuju bolje prihode \u00a0","breadcrumb":{"@id":"https:\/\/www.visit-ulcinj.com\/blog\/2017\/07\/24\/pobjeda-velika-plaza-moze-biti-kao-ibica-fale-hoteli\/#breadcrumb"},"inLanguage":"en-US","potentialAction":[{"@type":"ReadAction","target":["https:\/\/www.visit-ulcinj.com\/blog\/2017\/07\/24\/pobjeda-velika-plaza-moze-biti-kao-ibica-fale-hoteli\/"]}]},{"@type":"BreadcrumbList","@id":"https:\/\/www.visit-ulcinj.com\/blog\/2017\/07\/24\/pobjeda-velika-plaza-moze-biti-kao-ibica-fale-hoteli\/#breadcrumb","itemListElement":[{"@type":"ListItem","position":1,"name":"Pobjeda: Velika pla\u017ea mo\u017ee biti kao Ibica, fale hoteli"}]},{"@type":"Person","@id":"https:\/\/www.visit-ulcinj.com\/blog\/#\/schema\/person\/dcab619c614d3038751c63bc2aadc06d","name":"ulqini","sameAs":["http:\/\/www.visit-ulcinj.com"],"url":"https:\/\/www.visit-ulcinj.com\/blog\/author\/admin\/"}]}},"jetpack_featured_media_url":"","jetpack_sharing_enabled":true,"jetpack_shortlink":"https:\/\/wp.me\/pe6lTn-rG9","_links":{"self":[{"href":"https:\/\/www.visit-ulcinj.com\/blog\/wp-json\/wp\/v2\/posts\/106401"}],"collection":[{"href":"https:\/\/www.visit-ulcinj.com\/blog\/wp-json\/wp\/v2\/posts"}],"about":[{"href":"https:\/\/www.visit-ulcinj.com\/blog\/wp-json\/wp\/v2\/types\/post"}],"author":[{"embeddable":true,"href":"https:\/\/www.visit-ulcinj.com\/blog\/wp-json\/wp\/v2\/users\/1"}],"replies":[{"embeddable":true,"href":"https:\/\/www.visit-ulcinj.com\/blog\/wp-json\/wp\/v2\/comments?post=106401"}],"version-history":[{"count":1,"href":"https:\/\/www.visit-ulcinj.com\/blog\/wp-json\/wp\/v2\/posts\/106401\/revisions"}],"predecessor-version":[{"id":106407,"href":"https:\/\/www.visit-ulcinj.com\/blog\/wp-json\/wp\/v2\/posts\/106401\/revisions\/106407"}],"wp:attachment":[{"href":"https:\/\/www.visit-ulcinj.com\/blog\/wp-json\/wp\/v2\/media?parent=106401"}],"wp:term":[{"taxonomy":"category","embeddable":true,"href":"https:\/\/www.visit-ulcinj.com\/blog\/wp-json\/wp\/v2\/categories?post=106401"},{"taxonomy":"post_tag","embeddable":true,"href":"https:\/\/www.visit-ulcinj.com\/blog\/wp-json\/wp\/v2\/tags?post=106401"}],"curies":[{"name":"wp","href":"https:\/\/api.w.org\/{rel}","templated":true}]}}