{"id":106411,"date":"2017-07-24T21:23:39","date_gmt":"2017-07-24T20:23:39","guid":{"rendered":"http:\/\/www.visit-ulcinj.com\/blog\/?p=106411"},"modified":"2017-07-25T17:29:14","modified_gmt":"2017-07-25T16:29:14","slug":"humb-jeten-ne-aksident-ciklisti-ne-rrugen-e-shtojit","status":"publish","type":"post","link":"https:\/\/www.visit-ulcinj.com\/blog\/2017\/07\/24\/humb-jeten-ne-aksident-ciklisti-ne-rrugen-e-shtojit\/","title":{"rendered":"Humb jet\u00ebn n\u00eb aksident \u00e7iklisti ne rrug\u00ebn e Shtojit"},"content":{"rendered":"<p><a href=\"http:\/\/www.visit-ulcinj.com\/blog\/wp-content\/uploads\/2017\/07\/Stoj-Nastradao-biciklista.jpg\"><img loading=\"lazy\" class=\"alignleft wp-image-106409\" src=\"http:\/\/www.visit-ulcinj.com\/blog\/wp-content\/uploads\/2017\/07\/Stoj-Nastradao-biciklista.jpg\" alt=\"\" width=\"508\" height=\"286\" srcset=\"https:\/\/www.visit-ulcinj.com\/blog\/wp-content\/uploads\/2017\/07\/Stoj-Nastradao-biciklista.jpg 960w, https:\/\/www.visit-ulcinj.com\/blog\/wp-content\/uploads\/2017\/07\/Stoj-Nastradao-biciklista-300x169.jpg 300w, https:\/\/www.visit-ulcinj.com\/blog\/wp-content\/uploads\/2017\/07\/Stoj-Nastradao-biciklista-768x432.jpg 768w\" sizes=\"(max-width: 508px) 100vw, 508px\" \/><\/a><strong>Foto: Podgoricki vremeplov<\/strong><\/p>\n<p>T\u00eb h\u00ebn\u00ebn rreth or\u00ebs 19, jo larg nga qendra e Shtojit, ndodhi aksidenti automobilistik, m\u00ebson Portali Ul-info.<\/p>\n<p>Makina e tipit \u201cgolf\u201d, t\u00eb cil\u00ebn e drejtonte shtetasja e Serbis\u00eb, goditi \u00e7iklistin, me prejardhje nga Novi Pazari (62), dhe nj\u00eb k\u00ebmb\u00ebsor. \u00c7iklisti humbi jet\u00ebn n\u00eb vend, gjersa k\u00ebmb\u00ebsori u l\u00ebndua.<\/p>\n<p>N\u00eb vendngjarje menj\u00ebher\u00eb kan\u00eb mb\u00ebrritur p\u00ebrfaq\u00ebsuesit e Urgjenc\u00ebs s\u00eb Ulqinit, policis\u00eb dhe Sh\u00ebrbimit t\u00eb mbrotjes dhe shp\u00ebtimit.<\/p>\n","protected":false},"excerpt":{"rendered":"<p>Foto: Podgoricki vremeplov T\u00eb h\u00ebn\u00ebn rreth or\u00ebs 19, jo larg nga qendra e Shtojit, ndodhi aksidenti automobilistik, m\u00ebson Portali Ul-info. Makina e tipit \u201cgolf\u201d, t\u00eb cil\u00ebn e drejtonte shtetasja e Serbis\u00eb, goditi \u00e7iklistin, me prejardhje nga Novi Pazari (62), dhe nj\u00eb k\u00ebmb\u00ebsor. \u00c7iklisti humbi jet\u00ebn n\u00eb vend, gjersa k\u00ebmb\u00ebsori u l\u00ebndua. N\u00eb vendngjarje menj\u00ebher\u00eb kan\u00eb [&hellip;]<\/p>\n","protected":false},"author":1,"featured_media":0,"comment_status":"closed","ping_status":"closed","sticky":false,"template":"","format":"standard","meta":{"spay_email":"","jetpack_publicize_message":"","jetpack_is_tweetstorm":false,"jetpack_publicize_feature_enabled":true},"categories":[1,6950],"tags":[],"jetpack_publicize_connections":[],"yoast_head":"<!-- This site is optimized with the Yoast SEO plugin v19.1 - https:\/\/yoast.com\/wordpress\/plugins\/seo\/ -->\n<title>Humb jet\u00ebn n\u00eb aksident \u00e7iklisti ne rrug\u00ebn e Shtojit - Lajme nga Ulqini<\/title>\n<meta name=\"description\" content=\"Foto: Podgoricki vremeplov T\u00eb h\u00ebn\u00ebn rreth or\u00ebs 19, jo larg nga qendra e Shtojit, ndodhi aksidenti automobilistik, m\u00ebson Portali Ul-info. Makina e tipit\" \/>\n<meta name=\"robots\" content=\"index, follow, max-snippet:-1, max-image-preview:large, max-video-preview:-1\" \/>\n<link rel=\"canonical\" href=\"https:\/\/www.visit-ulcinj.com\/blog\/2017\/07\/24\/humb-jeten-ne-aksident-ciklisti-ne-rrugen-e-shtojit\/\" \/>\n<meta property=\"og:locale\" content=\"en_US\" \/>\n<meta property=\"og:type\" content=\"article\" \/>\n<meta property=\"og:title\" content=\"Humb jet\u00ebn n\u00eb aksident \u00e7iklisti ne rrug\u00ebn e Shtojit - Lajme nga Ulqini\" \/>\n<meta property=\"og:description\" content=\"Foto: Podgoricki vremeplov T\u00eb h\u00ebn\u00ebn rreth or\u00ebs 19, jo larg nga qendra e Shtojit, ndodhi aksidenti automobilistik, m\u00ebson Portali Ul-info. Makina e tipit\" \/>\n<meta property=\"og:url\" content=\"https:\/\/www.visit-ulcinj.com\/blog\/2017\/07\/24\/humb-jeten-ne-aksident-ciklisti-ne-rrugen-e-shtojit\/\" \/>\n<meta property=\"og:site_name\" content=\"Lajme nga Ulqini\" \/>\n<meta property=\"article:published_time\" content=\"2017-07-24T20:23:39+00:00\" \/>\n<meta property=\"article:modified_time\" content=\"2017-07-25T16:29:14+00:00\" \/>\n<meta property=\"og:image\" content=\"http:\/\/www.visit-ulcinj.com\/blog\/wp-content\/uploads\/2017\/07\/Stoj-Nastradao-biciklista.jpg\" \/>\n<meta name=\"twitter:label1\" content=\"Written by\" \/>\n\t<meta name=\"twitter:data1\" content=\"ulqini\" \/>\n<script type=\"application\/ld+json\" class=\"yoast-schema-graph\">{\"@context\":\"https:\/\/schema.org\",\"@graph\":[{\"@type\":\"WebSite\",\"@id\":\"https:\/\/www.visit-ulcinj.com\/blog\/#website\",\"url\":\"https:\/\/www.visit-ulcinj.com\/blog\/\",\"name\":\"Lajme nga Ulqini\",\"description\":\"Lajme,Vijesti,Ulqini,Ulqin,Crna Gora,Mali i Zi\",\"potentialAction\":[{\"@type\":\"SearchAction\",\"target\":{\"@type\":\"EntryPoint\",\"urlTemplate\":\"https:\/\/www.visit-ulcinj.com\/blog\/?s={search_term_string}\"},\"query-input\":\"required name=search_term_string\"}],\"inLanguage\":\"en-US\"},{\"@type\":\"ImageObject\",\"inLanguage\":\"en-US\",\"@id\":\"https:\/\/www.visit-ulcinj.com\/blog\/2017\/07\/24\/humb-jeten-ne-aksident-ciklisti-ne-rrugen-e-shtojit\/#primaryimage\",\"url\":\"https:\/\/www.visit-ulcinj.com\/blog\/wp-content\/uploads\/2017\/07\/Stoj-Nastradao-biciklista.jpg\",\"contentUrl\":\"https:\/\/www.visit-ulcinj.com\/blog\/wp-content\/uploads\/2017\/07\/Stoj-Nastradao-biciklista.jpg\",\"width\":960,\"height\":540},{\"@type\":\"WebPage\",\"@id\":\"https:\/\/www.visit-ulcinj.com\/blog\/2017\/07\/24\/humb-jeten-ne-aksident-ciklisti-ne-rrugen-e-shtojit\/#webpage\",\"url\":\"https:\/\/www.visit-ulcinj.com\/blog\/2017\/07\/24\/humb-jeten-ne-aksident-ciklisti-ne-rrugen-e-shtojit\/\",\"name\":\"Humb jet\u00ebn n\u00eb aksident \u00e7iklisti ne rrug\u00ebn e Shtojit - Lajme nga Ulqini\",\"isPartOf\":{\"@id\":\"https:\/\/www.visit-ulcinj.com\/blog\/#website\"},\"primaryImageOfPage\":{\"@id\":\"https:\/\/www.visit-ulcinj.com\/blog\/2017\/07\/24\/humb-jeten-ne-aksident-ciklisti-ne-rrugen-e-shtojit\/#primaryimage\"},\"datePublished\":\"2017-07-24T20:23:39+00:00\",\"dateModified\":\"2017-07-25T16:29:14+00:00\",\"author\":{\"@id\":\"https:\/\/www.visit-ulcinj.com\/blog\/#\/schema\/person\/dcab619c614d3038751c63bc2aadc06d\"},\"description\":\"Foto: Podgoricki vremeplov T\u00eb h\u00ebn\u00ebn rreth or\u00ebs 19, jo larg nga qendra e Shtojit, ndodhi aksidenti automobilistik, m\u00ebson Portali Ul-info. Makina e tipit\",\"breadcrumb\":{\"@id\":\"https:\/\/www.visit-ulcinj.com\/blog\/2017\/07\/24\/humb-jeten-ne-aksident-ciklisti-ne-rrugen-e-shtojit\/#breadcrumb\"},\"inLanguage\":\"en-US\",\"potentialAction\":[{\"@type\":\"ReadAction\",\"target\":[\"https:\/\/www.visit-ulcinj.com\/blog\/2017\/07\/24\/humb-jeten-ne-aksident-ciklisti-ne-rrugen-e-shtojit\/\"]}]},{\"@type\":\"BreadcrumbList\",\"@id\":\"https:\/\/www.visit-ulcinj.com\/blog\/2017\/07\/24\/humb-jeten-ne-aksident-ciklisti-ne-rrugen-e-shtojit\/#breadcrumb\",\"itemListElement\":[{\"@type\":\"ListItem\",\"position\":1,\"name\":\"Humb jet\u00ebn n\u00eb aksident \u00e7iklisti ne rrug\u00ebn e Shtojit\"}]},{\"@type\":\"Person\",\"@id\":\"https:\/\/www.visit-ulcinj.com\/blog\/#\/schema\/person\/dcab619c614d3038751c63bc2aadc06d\",\"name\":\"ulqini\",\"sameAs\":[\"http:\/\/www.visit-ulcinj.com\"],\"url\":\"https:\/\/www.visit-ulcinj.com\/blog\/author\/admin\/\"}]}<\/script>\n<!-- \/ Yoast SEO plugin. -->","yoast_head_json":{"title":"Humb jet\u00ebn n\u00eb aksident \u00e7iklisti ne rrug\u00ebn e Shtojit - Lajme nga Ulqini","description":"Foto: Podgoricki vremeplov T\u00eb h\u00ebn\u00ebn rreth or\u00ebs 19, jo larg nga qendra e Shtojit, ndodhi aksidenti automobilistik, m\u00ebson Portali Ul-info. Makina e tipit","robots":{"index":"index","follow":"follow","max-snippet":"max-snippet:-1","max-image-preview":"max-image-preview:large","max-video-preview":"max-video-preview:-1"},"canonical":"https:\/\/www.visit-ulcinj.com\/blog\/2017\/07\/24\/humb-jeten-ne-aksident-ciklisti-ne-rrugen-e-shtojit\/","og_locale":"en_US","og_type":"article","og_title":"Humb jet\u00ebn n\u00eb aksident \u00e7iklisti ne rrug\u00ebn e Shtojit - Lajme nga Ulqini","og_description":"Foto: Podgoricki vremeplov T\u00eb h\u00ebn\u00ebn rreth or\u00ebs 19, jo larg nga qendra e Shtojit, ndodhi aksidenti automobilistik, m\u00ebson Portali Ul-info. Makina e tipit","og_url":"https:\/\/www.visit-ulcinj.com\/blog\/2017\/07\/24\/humb-jeten-ne-aksident-ciklisti-ne-rrugen-e-shtojit\/","og_site_name":"Lajme nga Ulqini","article_published_time":"2017-07-24T20:23:39+00:00","article_modified_time":"2017-07-25T16:29:14+00:00","og_image":[{"url":"http:\/\/www.visit-ulcinj.com\/blog\/wp-content\/uploads\/2017\/07\/Stoj-Nastradao-biciklista.jpg"}],"twitter_misc":{"Written by":"ulqini"},"schema":{"@context":"https:\/\/schema.org","@graph":[{"@type":"WebSite","@id":"https:\/\/www.visit-ulcinj.com\/blog\/#website","url":"https:\/\/www.visit-ulcinj.com\/blog\/","name":"Lajme nga Ulqini","description":"Lajme,Vijesti,Ulqini,Ulqin,Crna Gora,Mali i Zi","potentialAction":[{"@type":"SearchAction","target":{"@type":"EntryPoint","urlTemplate":"https:\/\/www.visit-ulcinj.com\/blog\/?s={search_term_string}"},"query-input":"required name=search_term_string"}],"inLanguage":"en-US"},{"@type":"ImageObject","inLanguage":"en-US","@id":"https:\/\/www.visit-ulcinj.com\/blog\/2017\/07\/24\/humb-jeten-ne-aksident-ciklisti-ne-rrugen-e-shtojit\/#primaryimage","url":"https:\/\/www.visit-ulcinj.com\/blog\/wp-content\/uploads\/2017\/07\/Stoj-Nastradao-biciklista.jpg","contentUrl":"https:\/\/www.visit-ulcinj.com\/blog\/wp-content\/uploads\/2017\/07\/Stoj-Nastradao-biciklista.jpg","width":960,"height":540},{"@type":"WebPage","@id":"https:\/\/www.visit-ulcinj.com\/blog\/2017\/07\/24\/humb-jeten-ne-aksident-ciklisti-ne-rrugen-e-shtojit\/#webpage","url":"https:\/\/www.visit-ulcinj.com\/blog\/2017\/07\/24\/humb-jeten-ne-aksident-ciklisti-ne-rrugen-e-shtojit\/","name":"Humb jet\u00ebn n\u00eb aksident \u00e7iklisti ne rrug\u00ebn e Shtojit - Lajme nga Ulqini","isPartOf":{"@id":"https:\/\/www.visit-ulcinj.com\/blog\/#website"},"primaryImageOfPage":{"@id":"https:\/\/www.visit-ulcinj.com\/blog\/2017\/07\/24\/humb-jeten-ne-aksident-ciklisti-ne-rrugen-e-shtojit\/#primaryimage"},"datePublished":"2017-07-24T20:23:39+00:00","dateModified":"2017-07-25T16:29:14+00:00","author":{"@id":"https:\/\/www.visit-ulcinj.com\/blog\/#\/schema\/person\/dcab619c614d3038751c63bc2aadc06d"},"description":"Foto: Podgoricki vremeplov T\u00eb h\u00ebn\u00ebn rreth or\u00ebs 19, jo larg nga qendra e Shtojit, ndodhi aksidenti automobilistik, m\u00ebson Portali Ul-info. Makina e tipit","breadcrumb":{"@id":"https:\/\/www.visit-ulcinj.com\/blog\/2017\/07\/24\/humb-jeten-ne-aksident-ciklisti-ne-rrugen-e-shtojit\/#breadcrumb"},"inLanguage":"en-US","potentialAction":[{"@type":"ReadAction","target":["https:\/\/www.visit-ulcinj.com\/blog\/2017\/07\/24\/humb-jeten-ne-aksident-ciklisti-ne-rrugen-e-shtojit\/"]}]},{"@type":"BreadcrumbList","@id":"https:\/\/www.visit-ulcinj.com\/blog\/2017\/07\/24\/humb-jeten-ne-aksident-ciklisti-ne-rrugen-e-shtojit\/#breadcrumb","itemListElement":[{"@type":"ListItem","position":1,"name":"Humb jet\u00ebn n\u00eb aksident \u00e7iklisti ne rrug\u00ebn e Shtojit"}]},{"@type":"Person","@id":"https:\/\/www.visit-ulcinj.com\/blog\/#\/schema\/person\/dcab619c614d3038751c63bc2aadc06d","name":"ulqini","sameAs":["http:\/\/www.visit-ulcinj.com"],"url":"https:\/\/www.visit-ulcinj.com\/blog\/author\/admin\/"}]}},"jetpack_featured_media_url":"","jetpack_sharing_enabled":true,"jetpack_shortlink":"https:\/\/wp.me\/pe6lTn-rGj","_links":{"self":[{"href":"https:\/\/www.visit-ulcinj.com\/blog\/wp-json\/wp\/v2\/posts\/106411"}],"collection":[{"href":"https:\/\/www.visit-ulcinj.com\/blog\/wp-json\/wp\/v2\/posts"}],"about":[{"href":"https:\/\/www.visit-ulcinj.com\/blog\/wp-json\/wp\/v2\/types\/post"}],"author":[{"embeddable":true,"href":"https:\/\/www.visit-ulcinj.com\/blog\/wp-json\/wp\/v2\/users\/1"}],"replies":[{"embeddable":true,"href":"https:\/\/www.visit-ulcinj.com\/blog\/wp-json\/wp\/v2\/comments?post=106411"}],"version-history":[{"count":1,"href":"https:\/\/www.visit-ulcinj.com\/blog\/wp-json\/wp\/v2\/posts\/106411\/revisions"}],"predecessor-version":[{"id":106412,"href":"https:\/\/www.visit-ulcinj.com\/blog\/wp-json\/wp\/v2\/posts\/106411\/revisions\/106412"}],"wp:attachment":[{"href":"https:\/\/www.visit-ulcinj.com\/blog\/wp-json\/wp\/v2\/media?parent=106411"}],"wp:term":[{"taxonomy":"category","embeddable":true,"href":"https:\/\/www.visit-ulcinj.com\/blog\/wp-json\/wp\/v2\/categories?post=106411"},{"taxonomy":"post_tag","embeddable":true,"href":"https:\/\/www.visit-ulcinj.com\/blog\/wp-json\/wp\/v2\/tags?post=106411"}],"curies":[{"name":"wp","href":"https:\/\/api.w.org\/{rel}","templated":true}]}}