{"id":106413,"date":"2017-07-24T21:42:15","date_gmt":"2017-07-24T20:42:15","guid":{"rendered":"http:\/\/www.visit-ulcinj.com\/blog\/?p=106413"},"modified":"2017-07-24T21:44:07","modified_gmt":"2017-07-24T20:44:07","slug":"nje-personalitet-njohur-fejzi-beg-bushati","status":"publish","type":"post","link":"https:\/\/www.visit-ulcinj.com\/blog\/2017\/07\/24\/nje-personalitet-njohur-fejzi-beg-bushati\/","title":{"rendered":"Nj\u00eb personalitet i njohur Fejzi Beg BUSHATI"},"content":{"rendered":"<p><strong><a href=\"http:\/\/www.visit-ulcinj.com\/blog\/wp-content\/uploads\/2017\/07\/Nj\u00eb-personalitet-i-njohur-Fejzi-Beg-BUSHATI.jpg\"><img loading=\"lazy\" class=\"alignleft wp-image-106414\" src=\"http:\/\/www.visit-ulcinj.com\/blog\/wp-content\/uploads\/2017\/07\/Nj\u00eb-personalitet-i-njohur-Fejzi-Beg-BUSHATI.jpg\" alt=\"\" width=\"508\" height=\"381\" srcset=\"https:\/\/www.visit-ulcinj.com\/blog\/wp-content\/uploads\/2017\/07\/Nj\u00eb-personalitet-i-njohur-Fejzi-Beg-BUSHATI.jpg 960w, https:\/\/www.visit-ulcinj.com\/blog\/wp-content\/uploads\/2017\/07\/Nj\u00eb-personalitet-i-njohur-Fejzi-Beg-BUSHATI-300x225.jpg 300w, https:\/\/www.visit-ulcinj.com\/blog\/wp-content\/uploads\/2017\/07\/Nj\u00eb-personalitet-i-njohur-Fejzi-Beg-BUSHATI-768x576.jpg 768w\" sizes=\"(max-width: 508px) 100vw, 508px\" \/><\/a><\/strong><\/p>\n<p id=\"js_a\" class=\"_5pbw _5vra\" data-ft=\"{&quot;tn&quot;:&quot;C&quot;}\"><strong><span class=\"fwn fcg\"><span class=\"fcg\"><span class=\"fwb\"><a id=\"js_3vw\" class=\"profileLink\" href=\"https:\/\/www.facebook.com\/ismet.karamanaga?hc_ref=ARReI2yMMTdTXYx4YYtFtrmb_KV8gZ_X1Ro11qxc73aFt92ML5sbvEsQKI9Kse7WmMU\" data-ft=\"{&quot;tn&quot;:&quot;l&quot;}\" data-hovercard=\"\/ajax\/hovercard\/user.php?id=1359492972&amp;extragetparams=%7B%22hc_ref%22%3A%22ARReI2yMMTdTXYx4YYtFtrmb_KV8gZ_X1Ro11qxc73aFt92ML5sbvEsQKI9Kse7WmMU%22%7D\" data-hovercard-prefer-more-content-show=\"1\" data-hovercard-referer=\"ARReI2yMMTdTXYx4YYtFtrmb_KV8gZ_X1Ro11qxc73aFt92ML5sbvEsQKI9Kse7WmMU\" aria-controls=\"js_3vu\" aria-haspopup=\"true\" aria-describedby=\"js_3vv\">Ismet Karamanaga\u00a0<\/a><\/span><\/span><\/span>Facebook<\/strong><\/p>\n<p><strong>Sot d\u00ebshiroi t\u00eb shkruaj p\u00ebr nj\u00eb personalitet t\u00eb rall\u00eb nga qyteti i Ulqinit pasi q\u00eb ka pasur nj\u00eb jet\u00eb dhe nj\u00eb t\u00eb kaluar shum\u00eb interesante.<\/strong><br \/>\nKa ilindur n\u00eb Ran\u00eb, n\u00eb shkum\u00ebn e detit pran\u00eb Plazhit t\u00eb Vog\u00ebl. Ai \u00ebsht\u00eb nj\u00eb nj\u00ebri i thjesht\u00eb, gjithmon\u00eb ka qen\u00eb markant dhe i pash\u00ebm, i sinqert\u00eb, dhe kurr\u00eb nuk e ka ngritur z\u00ebrin. Tashm\u00eb, n\u00eb koh\u00ebn moderne pa trazira t\u00eb m\u00ebdha, m\u00eb t\u00eb cilat \u00ebsht\u00eb ballafaquar m\u00eb par\u00eb, si i ri edhe pak m\u00eb von\u00eb , ai e mban\u00eb veten \u201c fort\u201d dhe \u00ebsht\u00eb pothuajse gjithmon\u00eb i veshur me kravat\u00eb dhe elegant.<br \/>\nK\u00ebto veti e kan\u00eb dalluar nga shum\u00eb t\u00eb tjer\u00eb nga Rana. Gjaku i kalt\u00ebrt nga Bushatlinjt\u00eb e Shkodr\u00ebs, pa dyshim q\u00eb gjithmon\u00eb kan\u00eb b\u00ebr\u00eb q\u00eb ta mbaj\u00eb veten, pavar\u00ebsisht nga gjendja ekonomike dhe v\u00ebshtir\u00ebsit\u00eb dhe tragjedit\u00eb q\u00eb shpesh u ka sjell\u00eb jeta.<br \/>\nTashm\u00eb \u00ebsht\u00eb 78 vje\u00e7, por ende \u00ebsht\u00eb vital dhe i \u201cfort \u201c. Vitet e fundit, derisa ka qen\u00eb p\u00ebr disa mandate i zgjedhur si k\u00ebshilltar n\u00eb gjygj, \u201cporotnik\u201dp\u00ebr \u00e7do dit\u00eb \u00ebsht\u00eb veshur elegant me kravat\u00eb, duke sh\u00ebrbyer si shembull se si duhet t\u00eb respektohet detyra dhe besimi i dh\u00ebn\u00eb nj\u00eb njeriu t\u00eb thjesht\u00eb, por i cili n\u00eb gjenet e tij e ka t\u00eb lindur drejt\u00ebsin\u00eb. Prandaj, deri n\u00eb fundi t\u00eb mandatit Fejziu ka g\u00ebzuar besim t\u00eb rall\u00eb dhe askush nuk ka pasur ndonj\u00eb v\u00ebrejtje p\u00ebr gjykimin e tij.<br \/>\nFejziu, \u00ebsht\u00eb nj\u00eb nj\u00ebri i ve\u00e7ant\u00eb. T\u00eb par\u00ebt e tij jan\u00eb me origjin\u00eb nga Shkodra, pasardh\u00ebs t\u00eb Kara MAHMUD PASH\u00cbS \u00eb\u00eb Bushatlinj\u00ebve , fisit m\u00eb t\u00eb njohur nga Shkodra, me grada dhe tituj t\u00eb larta n\u00eb Perandorin\u00eb Otomane.<br \/>\nN\u00eb Ulqin ky fis ka pasur dhe ende ka nj\u00eb fam\u00eb t\u00eb madhe . P\u00ebr idet\u00eb p\u00ebrparimtare dhe respektin e ve\u00e7ant\u00eb n\u00eb qytetin e Ulqinit, babain e tij Hodo Beg Bushatin dhe v\u00ebllain e tij Ahmetin, nj\u00eb intelektual t\u00eb madh, i kan\u00eb pushkatuar barbar\u00ebt komunist\u00eb , pas nj\u00eb torture t\u00eb madhe, me 26. n\u00ebntor 1944. Ata dhe nj\u00eb grup tjet\u00ebr ulqinak\u00ebsh p\u00ebrparimtar\u00eb, si\u00e7 ishte edhe piloti i par\u00eb tek ne Rafo GORANA k\u00ebta barbar\u00eb i kan\u00eb pushkatuar gjoja \u201cn\u00eb em\u00ebr t\u00eb popullit\u201d p\u00ebr shkak t\u00eb mendimeve ndryshe.<br \/>\nK\u00ebtu d\u00ebshiroj t\u00eb theksoj m\u00eb nj\u00eb pietet dhe respekt t\u00eb ve\u00e7ant\u00eb, se k\u00ebto barbar\u00eb nj\u00eb jav\u00eb m\u00eb von\u00eb kan\u00eb pushkatuar edhe Muftiun e fundit t\u00eb Ulqinit hafiz Hasan LLUNJIN, dh\u00ebndrin m\u00eb t\u00eb mir\u00eb t\u00eb fisit ton\u00eb t\u00eb Karamanag\u00ebve. Ai ka qen\u00eb demokrat dhe trim i rall\u00eb nga Rana e jon\u00eb. Myftiu hoxh LLUNJI ka l\u00ebn\u00eb gjurm\u00eb t\u00eb pashlyera tek ne si imam, si teolog dhe m\u00eb n\u00eb fund edhe si myftiu i fundit i qytetit t\u00eb Ulqinit. Pa dyshim hoxh Llunji ka l\u00ebn\u00eb nj\u00eb zbrasti t\u00eb madhe n\u00eb qytetin ton\u00eb. K\u00ebto barbar\u00eb nuk kan\u00eb pasur m\u00ebshir\u00eb as shpirt ndaj askujt.<br \/>\nBabai dhe v\u00ebllai i tij kan\u00eb qen\u00eb njer\u00ebz me autoritet. Babai ka qen\u00eb \u201cperjanik\u201d oficier,te mbreti Nikolla, kurse v\u00ebllai i tij Ahmeti, nj\u00eb intelektual i rall\u00eb dhe sportist i dalluar, i cili ka luajtur fudboll n\u00eb Kotor. Fanela e tij me numrin 8 ruhet ende n\u00eb arkivin e klubit n\u00eb Kotor.<br \/>\nAta kan\u00eb r\u00ebn\u00eb n\u00eb duart e komunist\u00ebve barbar\u00eb p\u00ebr shkak se kan\u00eb dashur ta \u00e7ojn\u00eb flamurin , jo vet\u00ebm at\u00eb shqiptar, por edhe at\u00eb malazez. V\u00ebllai i tij ka qen\u00eb edhe k\u00ebshilltar \u201cporotnik\u201d n\u00eb Gjykat\u00ebn ie Ulqinit, prandaj nuk \u00ebsht\u00eb e rast\u00ebsishme q\u00eb edhe Fejziu mbi dhjet\u00eb vite ka qen\u00eb k\u00ebshilltar n\u00eb Gjykat\u00ebn e Ulqinit edhe n\u00eb k\u00ebt\u00eb koh\u00ebn moderne.<br \/>\nSot, nga kjo distanc\u00eb kohore, mendja e sh\u00ebndosht\u00eb v\u00ebshtir\u00eb mund ta imagjinoj\u00eb k\u00ebt\u00eb barbariz\u00ebm t\u00eb pashoq. Po b\u00ebj\u00eb nj\u00eb sh\u00ebputje t\u00eb vog\u00ebl p\u00ebr t\u00eb p\u00ebrshkruar mentalitetin e k\u00ebtyre barbar\u00ebve. Edhe babai im Hasan Cano Karamanaga ka qen\u00eb p\u00ebr disa minuta, me lopat\u00eb n\u00eb dor\u00eb ,duke \u00e7elur varrin p\u00ebr vete. Vet\u00ebm pak minuta para egzekutimit e ka shp\u00ebtuar nj\u00eb njeri nga ky grup komunistesh barbar\u00eb, i cili e ka njohur, me arsyetim se \u201cky njeri na nevojitet sepse \u00ebsht\u00eb kapedan dhe detar\u201d.<br \/>\nPas humbjes s\u00eb babait dhe v\u00ebllait, Fejziu n\u00eb at\u00eb koh\u00eb gjasht\u00ebvje\u00e7ar mbeti jetim , vet\u00ebmme n\u00ebn\u00ebn dhe me motra . Prandaj i takoi barra e madhe p\u00ebt ti ndihmuar familjes q\u00eb t\u00eb mbijetoj\u00eb n\u00eb kushte t\u00eb v\u00ebshtira ekonomike.<br \/>\nVet\u00eb ai tregon se ka filluar t\u00eb ounoj\u00eb n\u00eb mosh\u00ebn 16 vje\u00e7are me Ramazan Ishmin, n\u00eb makin\u00ebn e vajit t\u00eb vjet\u00ebr. \u201cM\u00eb kujtohet puna e v\u00ebshtir\u00eb me kuaj, t\u00eb cilat i kan\u00eb rrotulluar gur\u00ebt dhe \u201cpresat\u201d e m\u00ebdha nga ku \u00ebsht\u00eb prodhuar vaji. Aty kam punuar deri te viti 1958. Pastaj kam shkur n\u00eb Dubrovnik ku kam punuar n\u00eb nj\u00eb bark\u00eb t\u00eb vog\u00ebl tri vagonash, ku kemi nxjerr\u00eb r\u00ebr\u00eb q\u00eb e kemi transportuar n\u00eb \u201cGruzh\u00eb\u201d. M\u00eb kujtohet emri i bark\u00ebs \u201cLastavica\u201d \u201cDall\u00ebndyshja\u201d e cila ka qen\u00eb shum\u00eb e bukur. Por ajo ka qen\u00eb pun\u00eb e v\u00ebshtir\u00eb, dhe un\u00eb jam kther n\u00eb Ulqin p\u00ebr t\u00eb ounuar si berber n\u00eb Ran\u00eb, te v\u00ebllez\u00ebrit Enver dhe Avdo Abazi , af\u00ebr dy vite\u201d, shprehet Fejziu.<br \/>\nPas k\u00ebsaj aj shkon n\u00eb ushtri, ku ka qendruar tre vite e gjysm\u00eb. \u201cKam qen\u00eb marinar, dhe pavar\u00ebsisht koh\u00ebs s\u00eb gjat\u00eb, mund t\u00eb them\u00eb se kam pasur edhe nefak\u00eb, pasi q\u00eb kam kaluar relativisht mir\u00eb. Pas gjasht\u00eb kam fituar \u201dprekomand\u00ebn\u201d n\u00eb anijen m\u00eb t\u00eb bukur n\u00eb detin ton\u00eb, velanijen \u201cJadran\u201d i cili ende edhe sot \u00ebsht\u00eb barka m\u00eb bukur n\u00eb detin Adriatik.\u201d<br \/>\nAjo gjithmon\u00eb ka sh\u00ebrbyer si anije p\u00ebr \u201ckadeta\u201d, p\u00ebr m\u00ebsimin dhe edukimin e mariner\u00ebve dhe jet\u00ebs n\u00eb det. P\u00ebrve\u00e7 ekuipazhit prej 70 marinar\u00ebsh, shpesh n\u00eb te kan\u00eb qen\u00eb edhe grupet m\u00eb kadete nx\u00ebn\u00ebs, deri n\u00eb 100 person\u00eb. K\u00ebshtu q\u00eb rall\u00eb kemi fjetur n\u00eb shtret\u00ebr, por gjithmon\u00eb n\u00eb rrijeta t\u00eb lidhura n\u00eb vende t\u00eb caktuara n\u00eb bordin e bark\u00ebs. 28 muaj kam fjet\u00eb n\u00eb rrijet\u00eb.\u201dVisaljke\u201d i kemi quajtur\u201d, kujton Fejziu.<br \/>\nAi thot\u00eb se ka qen\u00eb i aft n\u00eb not dhe se asht\u00eb paraqitur p\u00ebr garat q\u00eb jan\u00eb organizuar n\u00eb nivel t\u00eb APJ s\u00eb, ku ka fituar vendin e par\u00eb n\u00eb stilin \u201ckraul\u201d, duke fituar respekt dhe autoritet te komandanti i bark\u00ebs, i cili e ka dashur shum\u00eb , pasi q\u00eb gjithmon\u00eb ia ka \u201czbardhur f\u00ebtyr\u00ebn \u201c. Fejziju tregon se komandanti i anijes ka qen\u00eb adhuruas edhe i peshkimit n\u00ebnujor dhe se ai shpesh e ka shoq\u00ebruar , k\u00ebshtu q\u00eb kaluar shum\u00eb mir\u00eb deri n\u00eb fund sh\u00ebrbimit ushtarak.<br \/>\nSipas tij\u201cJadrani\u201d ka pasur nj\u00eb trajtim t\u00eb ve\u00e7ant\u00eb n\u00eb kuad\u00ebr t\u00eb Armat\u00ebs Popullore t\u00eb Jugosllavis\u00eb t\u00eb at\u00ebhershme.<br \/>\n\u201cN\u00eb te jan\u00eb organizuar edhe gara t\u00eb tjera. N\u00eb ve\u00e7anti ka qen\u00eb ngjiitja n\u00eb direk\u00eb, sidomos n\u00eb direkun e par\u00eb, dyrekun e par\u00eb i cili \u00ebsht\u00eb 31.m i lart\u00eb. Edhe aty kam qen\u00eb i pari. P\u00ebr 36 sec. jam ngjitur dhe jam ulur, pa kap\u00ebrcyer asnh\u00eb shkall\u00eb. Ashtu kan\u00eb qen\u00eb rregullat. Besoj se kjo tradit\u00eb ende edhe sot vazhdon, pasi q\u00eb \u201cJadrani\u201d gjendet n\u00eb uj\u00ebrat e Malit t\u00eb Zi, n\u00eb Tivat. Ka pasur af\u00ebr nj\u00ebmij\u00eb metra katror\u00eb vela, dhe shpesh kemi dal\u00eb n\u00eb Mesdhe me te\u201d, thekson Fejziu.<br \/>\nI pa p\u00ebrshkruash\u00ebm p\u00ebr t\u00eb mbetet dht\u00ebtimi me anijen \u201cJadran\u201d nga Spliti, n\u00eb Malt\u00eb, Bejrut, Latakija, Rodos, Selanik dhe kthimi s\u00ebrish n\u00eb Split, vet\u00ebm me vela.<br \/>\n\u201cPas sh\u00ebrbimit ushtarak, ai u kthye n\u00eb Ulqin n\u00eb vitin 1962. M\u00ebsoj p\u00ebr kamarijer\u00eb n\u00eb \u201cExpres restorarnt\u201d dhe punoj nj\u00eb vit n\u00eb \u201cGalebin\u201d e vjet\u00ebr. Kjo \u00ebsht\u00eb koha kur\u00eb jan\u00eb xhiruar filmat \u201cDugi brodovi\u201d me Ri\u00e7ard Vidmark dhe Beba lon\u00e7ar, si edhe filmi \u201cLazhni Car Shqepan Mali\u201d\u201d.<br \/>\n\u201cPastaj barkohem p\u00ebrs\u00ebri n\u00eb det n\u00eb anije teoqeanike ku kam qendruar n\u00ebnt\u00eb vite. Kam kaluar t\u00ebr\u00eb bot\u00ebn. M\u00eb s\u00eb tep\u00ebrmi kemi naviguar p\u00ebr n\u00eb Amerik\u00ebn e Jugut deri n\u00eb Evrop\u00eb. Gjithashtu , kam punuar si \u201ckormillar\u201d timonijer edhe 3 vite n\u00eb \u201cSv. Stefan\u201d i cili ka lundruar n\u00eb relacionin Bar Bari\u201d.<br \/>\nM\u00eb n\u00eb fund, kthehem n\u00eb Ulqin dhe punesohem si barmen n\u00eb Ad\u00eb, ku n\u00eb koh\u00ebn e lir\u00eb edhe kam m\u00ebsuar \u201cgjerman\u00ebt \u201c me skijat n\u00eb det. Karrijer\u00ebn e kam p\u00ebrfunduar n\u00eb Hotelin \u201cGaleb\u201d, ku kam punuar si \u201cmaser\u201d dhe kujdestari n\u00eb pishin\u00eb , deri sa jam pensionuar , n\u00eb vitin 2000, thot\u00eb Fejzi Beg Bushati.<br \/>\nAi ka pasur nj\u00eb jet\u00eb interesante, n\u00eb momente edhe t\u00eb bukur. I biri Senadi \u00ebsht\u00eb n\u00eb Franc\u00eb, kurse vajza jeton n\u00eb Ulqin. Tash \u00ebsht\u00eb n\u00eb pensionin e merituar. Ka pasur nj\u00eb jet\u00eb e cila vlen t\u00eb p\u00ebrmendet, t\u00eb sh\u00ebnohet dhe t\u00eb nxirret nga harresa p\u00ebr gjenerata t\u00eb cil\u00ebt do t\u00eb vin pas nesh.<br \/>\nFeiziu \u00ebsht\u00eb nj\u00eb nj\u00ebri i rall\u00eb i cili i takon plejad\u00ebs t\u00eb madhe t\u00eb detar\u00ebve , por edhe njer\u00ebzve t\u00eb cilat kan\u00eb dh\u00ebn\u00eb nj\u00eb kontribut t\u00eb madh n\u00eb hotelerin\u00eb e koh\u00ebs t\u00eb art t\u00eb turizmit ton\u00eb.<br \/>\nAi meriton nj\u00eb vend t\u00eb ve\u00e7ant\u00eb n\u00eb k\u00ebt\u00eb piramid\u00eb. P\u00ebrpos k\u00ebsaj , ai edhe t\u00eb par\u00ebt e tij pa d\u00ebshim kan\u00eb l\u00ebn\u00eb gjurm\u00eb t\u00eb pashlyera n\u00eb trash\u00ebgimin\u00eb ton\u00eb, n\u00eb kultur\u00ebn dhe jet\u00ebn ton\u00eb. Prandaj \u00ebsht\u00eb mir\u00eb t\u00eb p\u00ebrmenden, dhe t\u00eb sh\u00ebnohen dhe t\u00eb mos harrohen kurr\u00eb.<br \/>\nFejziu dhe t\u00eb par\u00ebt t\u00eb tij kan\u00eb mbetur sinonim i nj\u00eb kohe t\u00eb cil\u00ebn nuk guxojm\u00eb ta harrojm\u00eb. Fejzi Beg BUSHATI ruan kujtimin n\u00eb babain dhe v\u00ebllain , t\u00eb cil\u00ebt kan\u00eb vendosur gurthemelet e demokracis\u00eb q\u00eb ka arritur shum\u00eb m\u00eb von\u00eb.<br \/>\nFisi dhe emri i Bushatlinj\u00ebve n\u00eb ve\u00e7anti i babajit dhe v\u00eblllait t\u00eb tij Ahmetit , do t\u00eb mbes\u00eb p\u00ebrgjithmon\u00eb n\u00eb kujtes\u00ebn e popullit ton\u00eb. Ai ka qen\u00eb dhe ka mbetur nj\u00eb nd\u00ebr fis\u00ebt m\u00eb t\u00eb njohu a tek ne..<\/p>\n<p><strong>Ulqin, korrik, 2017 Ismet KARAMANAGA<\/strong><\/p>\n<p id=\"js_a\" class=\"_5pbw _5vra\" data-ft=\"{&quot;tn&quot;:&quot;C&quot;}\"><strong><span class=\"fwn fcg\"><span class=\"fcg\"><span class=\"fwb\"><a id=\"js_3vw\" class=\"profileLink\" href=\"https:\/\/www.facebook.com\/ismet.karamanaga?hc_ref=ARReI2yMMTdTXYx4YYtFtrmb_KV8gZ_X1Ro11qxc73aFt92ML5sbvEsQKI9Kse7WmMU\" data-ft=\"{&quot;tn&quot;:&quot;l&quot;}\" data-hovercard=\"\/ajax\/hovercard\/user.php?id=1359492972&amp;extragetparams=%7B%22hc_ref%22%3A%22ARReI2yMMTdTXYx4YYtFtrmb_KV8gZ_X1Ro11qxc73aFt92ML5sbvEsQKI9Kse7WmMU%22%7D\" data-hovercard-prefer-more-content-show=\"1\" data-hovercard-referer=\"ARReI2yMMTdTXYx4YYtFtrmb_KV8gZ_X1Ro11qxc73aFt92ML5sbvEsQKI9Kse7WmMU\" aria-controls=\"js_3vu\" aria-haspopup=\"true\" aria-describedby=\"js_3vv\">Ismet Karamanaga<\/a><\/span><\/span><\/span> Facebook<\/strong><\/p>\n","protected":false},"excerpt":{"rendered":"<p>Ismet Karamanaga\u00a0Facebook Sot d\u00ebshiroi t\u00eb shkruaj p\u00ebr nj\u00eb personalitet t\u00eb rall\u00eb nga qyteti i Ulqinit pasi q\u00eb ka pasur nj\u00eb jet\u00eb dhe nj\u00eb t\u00eb kaluar shum\u00eb interesante. Ka ilindur n\u00eb Ran\u00eb, n\u00eb shkum\u00ebn e detit pran\u00eb Plazhit t\u00eb Vog\u00ebl. Ai \u00ebsht\u00eb nj\u00eb nj\u00ebri i thjesht\u00eb, gjithmon\u00eb ka qen\u00eb markant dhe i pash\u00ebm, i sinqert\u00eb, dhe [&hellip;]<\/p>\n","protected":false},"author":1,"featured_media":0,"comment_status":"closed","ping_status":"closed","sticky":false,"template":"","format":"standard","meta":{"spay_email":"","jetpack_publicize_message":"","jetpack_is_tweetstorm":false,"jetpack_publicize_feature_enabled":true},"categories":[13],"tags":[],"jetpack_publicize_connections":[],"yoast_head":"<!-- This site is optimized with the Yoast SEO plugin v19.1 - https:\/\/yoast.com\/wordpress\/plugins\/seo\/ -->\n<title>Nj\u00eb personalitet i njohur Fejzi Beg BUSHATI - Lajme nga Ulqini<\/title>\n<meta name=\"description\" content=\"Ismet Karamanaga\u00a0Facebook Sot d\u00ebshiroi t\u00eb shkruaj p\u00ebr nj\u00eb personalitet t\u00eb rall\u00eb nga qyteti i Ulqinit pasi q\u00eb ka pasur nj\u00eb jet\u00eb dhe nj\u00eb t\u00eb kaluar shum\u00eb\" \/>\n<meta name=\"robots\" content=\"index, follow, max-snippet:-1, max-image-preview:large, max-video-preview:-1\" \/>\n<link rel=\"canonical\" href=\"https:\/\/www.visit-ulcinj.com\/blog\/2017\/07\/24\/nje-personalitet-njohur-fejzi-beg-bushati\/\" \/>\n<meta property=\"og:locale\" content=\"en_US\" \/>\n<meta property=\"og:type\" content=\"article\" \/>\n<meta property=\"og:title\" content=\"Nj\u00eb personalitet i njohur Fejzi Beg BUSHATI - Lajme nga Ulqini\" \/>\n<meta property=\"og:description\" content=\"Ismet Karamanaga\u00a0Facebook Sot d\u00ebshiroi t\u00eb shkruaj p\u00ebr nj\u00eb personalitet t\u00eb rall\u00eb nga qyteti i Ulqinit pasi q\u00eb ka pasur nj\u00eb jet\u00eb dhe nj\u00eb t\u00eb kaluar shum\u00eb\" \/>\n<meta property=\"og:url\" content=\"https:\/\/www.visit-ulcinj.com\/blog\/2017\/07\/24\/nje-personalitet-njohur-fejzi-beg-bushati\/\" \/>\n<meta property=\"og:site_name\" content=\"Lajme nga Ulqini\" \/>\n<meta property=\"article:published_time\" content=\"2017-07-24T20:42:15+00:00\" \/>\n<meta property=\"article:modified_time\" content=\"2017-07-24T20:44:07+00:00\" \/>\n<meta name=\"twitter:label1\" content=\"Written by\" \/>\n\t<meta name=\"twitter:data1\" content=\"ulqini\" \/>\n\t<meta name=\"twitter:label2\" content=\"Est. reading time\" \/>\n\t<meta name=\"twitter:data2\" content=\"9 minutes\" \/>\n<script type=\"application\/ld+json\" class=\"yoast-schema-graph\">{\"@context\":\"https:\/\/schema.org\",\"@graph\":[{\"@type\":\"WebSite\",\"@id\":\"https:\/\/www.visit-ulcinj.com\/blog\/#website\",\"url\":\"https:\/\/www.visit-ulcinj.com\/blog\/\",\"name\":\"Lajme nga Ulqini\",\"description\":\"Lajme,Vijesti,Ulqini,Ulqin,Crna Gora,Mali i Zi\",\"potentialAction\":[{\"@type\":\"SearchAction\",\"target\":{\"@type\":\"EntryPoint\",\"urlTemplate\":\"https:\/\/www.visit-ulcinj.com\/blog\/?s={search_term_string}\"},\"query-input\":\"required name=search_term_string\"}],\"inLanguage\":\"en-US\"},{\"@type\":\"WebPage\",\"@id\":\"https:\/\/www.visit-ulcinj.com\/blog\/2017\/07\/24\/nje-personalitet-njohur-fejzi-beg-bushati\/#webpage\",\"url\":\"https:\/\/www.visit-ulcinj.com\/blog\/2017\/07\/24\/nje-personalitet-njohur-fejzi-beg-bushati\/\",\"name\":\"Nj\u00eb personalitet i njohur Fejzi Beg BUSHATI - Lajme nga Ulqini\",\"isPartOf\":{\"@id\":\"https:\/\/www.visit-ulcinj.com\/blog\/#website\"},\"datePublished\":\"2017-07-24T20:42:15+00:00\",\"dateModified\":\"2017-07-24T20:44:07+00:00\",\"author\":{\"@id\":\"https:\/\/www.visit-ulcinj.com\/blog\/#\/schema\/person\/dcab619c614d3038751c63bc2aadc06d\"},\"description\":\"Ismet Karamanaga\u00a0Facebook Sot d\u00ebshiroi t\u00eb shkruaj p\u00ebr nj\u00eb personalitet t\u00eb rall\u00eb nga qyteti i Ulqinit pasi q\u00eb ka pasur nj\u00eb jet\u00eb dhe nj\u00eb t\u00eb kaluar shum\u00eb\",\"breadcrumb\":{\"@id\":\"https:\/\/www.visit-ulcinj.com\/blog\/2017\/07\/24\/nje-personalitet-njohur-fejzi-beg-bushati\/#breadcrumb\"},\"inLanguage\":\"en-US\",\"potentialAction\":[{\"@type\":\"ReadAction\",\"target\":[\"https:\/\/www.visit-ulcinj.com\/blog\/2017\/07\/24\/nje-personalitet-njohur-fejzi-beg-bushati\/\"]}]},{\"@type\":\"BreadcrumbList\",\"@id\":\"https:\/\/www.visit-ulcinj.com\/blog\/2017\/07\/24\/nje-personalitet-njohur-fejzi-beg-bushati\/#breadcrumb\",\"itemListElement\":[{\"@type\":\"ListItem\",\"position\":1,\"name\":\"Nj\u00eb personalitet i njohur Fejzi Beg BUSHATI\"}]},{\"@type\":\"Person\",\"@id\":\"https:\/\/www.visit-ulcinj.com\/blog\/#\/schema\/person\/dcab619c614d3038751c63bc2aadc06d\",\"name\":\"ulqini\",\"sameAs\":[\"http:\/\/www.visit-ulcinj.com\"],\"url\":\"https:\/\/www.visit-ulcinj.com\/blog\/author\/admin\/\"}]}<\/script>\n<!-- \/ Yoast SEO plugin. -->","yoast_head_json":{"title":"Nj\u00eb personalitet i njohur Fejzi Beg BUSHATI - Lajme nga Ulqini","description":"Ismet Karamanaga\u00a0Facebook Sot d\u00ebshiroi t\u00eb shkruaj p\u00ebr nj\u00eb personalitet t\u00eb rall\u00eb nga qyteti i Ulqinit pasi q\u00eb ka pasur nj\u00eb jet\u00eb dhe nj\u00eb t\u00eb kaluar shum\u00eb","robots":{"index":"index","follow":"follow","max-snippet":"max-snippet:-1","max-image-preview":"max-image-preview:large","max-video-preview":"max-video-preview:-1"},"canonical":"https:\/\/www.visit-ulcinj.com\/blog\/2017\/07\/24\/nje-personalitet-njohur-fejzi-beg-bushati\/","og_locale":"en_US","og_type":"article","og_title":"Nj\u00eb personalitet i njohur Fejzi Beg BUSHATI - Lajme nga Ulqini","og_description":"Ismet Karamanaga\u00a0Facebook Sot d\u00ebshiroi t\u00eb shkruaj p\u00ebr nj\u00eb personalitet t\u00eb rall\u00eb nga qyteti i Ulqinit pasi q\u00eb ka pasur nj\u00eb jet\u00eb dhe nj\u00eb t\u00eb kaluar shum\u00eb","og_url":"https:\/\/www.visit-ulcinj.com\/blog\/2017\/07\/24\/nje-personalitet-njohur-fejzi-beg-bushati\/","og_site_name":"Lajme nga Ulqini","article_published_time":"2017-07-24T20:42:15+00:00","article_modified_time":"2017-07-24T20:44:07+00:00","twitter_misc":{"Written by":"ulqini","Est. reading time":"9 minutes"},"schema":{"@context":"https:\/\/schema.org","@graph":[{"@type":"WebSite","@id":"https:\/\/www.visit-ulcinj.com\/blog\/#website","url":"https:\/\/www.visit-ulcinj.com\/blog\/","name":"Lajme nga Ulqini","description":"Lajme,Vijesti,Ulqini,Ulqin,Crna Gora,Mali i Zi","potentialAction":[{"@type":"SearchAction","target":{"@type":"EntryPoint","urlTemplate":"https:\/\/www.visit-ulcinj.com\/blog\/?s={search_term_string}"},"query-input":"required name=search_term_string"}],"inLanguage":"en-US"},{"@type":"WebPage","@id":"https:\/\/www.visit-ulcinj.com\/blog\/2017\/07\/24\/nje-personalitet-njohur-fejzi-beg-bushati\/#webpage","url":"https:\/\/www.visit-ulcinj.com\/blog\/2017\/07\/24\/nje-personalitet-njohur-fejzi-beg-bushati\/","name":"Nj\u00eb personalitet i njohur Fejzi Beg BUSHATI - Lajme nga Ulqini","isPartOf":{"@id":"https:\/\/www.visit-ulcinj.com\/blog\/#website"},"datePublished":"2017-07-24T20:42:15+00:00","dateModified":"2017-07-24T20:44:07+00:00","author":{"@id":"https:\/\/www.visit-ulcinj.com\/blog\/#\/schema\/person\/dcab619c614d3038751c63bc2aadc06d"},"description":"Ismet Karamanaga\u00a0Facebook Sot d\u00ebshiroi t\u00eb shkruaj p\u00ebr nj\u00eb personalitet t\u00eb rall\u00eb nga qyteti i Ulqinit pasi q\u00eb ka pasur nj\u00eb jet\u00eb dhe nj\u00eb t\u00eb kaluar shum\u00eb","breadcrumb":{"@id":"https:\/\/www.visit-ulcinj.com\/blog\/2017\/07\/24\/nje-personalitet-njohur-fejzi-beg-bushati\/#breadcrumb"},"inLanguage":"en-US","potentialAction":[{"@type":"ReadAction","target":["https:\/\/www.visit-ulcinj.com\/blog\/2017\/07\/24\/nje-personalitet-njohur-fejzi-beg-bushati\/"]}]},{"@type":"BreadcrumbList","@id":"https:\/\/www.visit-ulcinj.com\/blog\/2017\/07\/24\/nje-personalitet-njohur-fejzi-beg-bushati\/#breadcrumb","itemListElement":[{"@type":"ListItem","position":1,"name":"Nj\u00eb personalitet i njohur Fejzi Beg BUSHATI"}]},{"@type":"Person","@id":"https:\/\/www.visit-ulcinj.com\/blog\/#\/schema\/person\/dcab619c614d3038751c63bc2aadc06d","name":"ulqini","sameAs":["http:\/\/www.visit-ulcinj.com"],"url":"https:\/\/www.visit-ulcinj.com\/blog\/author\/admin\/"}]}},"jetpack_featured_media_url":"","jetpack_sharing_enabled":true,"jetpack_shortlink":"https:\/\/wp.me\/pe6lTn-rGl","_links":{"self":[{"href":"https:\/\/www.visit-ulcinj.com\/blog\/wp-json\/wp\/v2\/posts\/106413"}],"collection":[{"href":"https:\/\/www.visit-ulcinj.com\/blog\/wp-json\/wp\/v2\/posts"}],"about":[{"href":"https:\/\/www.visit-ulcinj.com\/blog\/wp-json\/wp\/v2\/types\/post"}],"author":[{"embeddable":true,"href":"https:\/\/www.visit-ulcinj.com\/blog\/wp-json\/wp\/v2\/users\/1"}],"replies":[{"embeddable":true,"href":"https:\/\/www.visit-ulcinj.com\/blog\/wp-json\/wp\/v2\/comments?post=106413"}],"version-history":[{"count":2,"href":"https:\/\/www.visit-ulcinj.com\/blog\/wp-json\/wp\/v2\/posts\/106413\/revisions"}],"predecessor-version":[{"id":106416,"href":"https:\/\/www.visit-ulcinj.com\/blog\/wp-json\/wp\/v2\/posts\/106413\/revisions\/106416"}],"wp:attachment":[{"href":"https:\/\/www.visit-ulcinj.com\/blog\/wp-json\/wp\/v2\/media?parent=106413"}],"wp:term":[{"taxonomy":"category","embeddable":true,"href":"https:\/\/www.visit-ulcinj.com\/blog\/wp-json\/wp\/v2\/categories?post=106413"},{"taxonomy":"post_tag","embeddable":true,"href":"https:\/\/www.visit-ulcinj.com\/blog\/wp-json\/wp\/v2\/tags?post=106413"}],"curies":[{"name":"wp","href":"https:\/\/api.w.org\/{rel}","templated":true}]}}