{"id":106424,"date":"2017-07-25T17:40:05","date_gmt":"2017-07-25T16:40:05","guid":{"rendered":"http:\/\/www.visit-ulcinj.com\/blog\/?p=106424"},"modified":"2017-07-25T17:40:05","modified_gmt":"2017-07-25T16:40:05","slug":"kushtet-atmosferike-shtyjne-shfaqjen-e-filmit-perla-e-bunes","status":"publish","type":"post","link":"https:\/\/www.visit-ulcinj.com\/blog\/2017\/07\/25\/kushtet-atmosferike-shtyjne-shfaqjen-e-filmit-perla-e-bunes\/","title":{"rendered":"Kushtet atmosferike shtyjn\u00eb shfaqjen e filmit \u201cPerla e Bun\u00ebs\u201d"},"content":{"rendered":"<p><a href=\"http:\/\/www.visit-ulcinj.com\/blog\/wp-content\/uploads\/2017\/03\/Perla-e-Bun\u00ebs-Biser-Bojane-Ulqin-Ulcinj.jpg\"><img loading=\"lazy\" class=\"alignleft wp-image-103521\" src=\"http:\/\/www.visit-ulcinj.com\/blog\/wp-content\/uploads\/2017\/03\/Perla-e-Bun\u00ebs-Biser-Bojane-Ulqin-Ulcinj.jpg\" alt=\"\" width=\"508\" height=\"233\" srcset=\"https:\/\/www.visit-ulcinj.com\/blog\/wp-content\/uploads\/2017\/03\/Perla-e-Bun\u00ebs-Biser-Bojane-Ulqin-Ulcinj.jpg 1024w, https:\/\/www.visit-ulcinj.com\/blog\/wp-content\/uploads\/2017\/03\/Perla-e-Bun\u00ebs-Biser-Bojane-Ulqin-Ulcinj-300x137.jpg 300w, https:\/\/www.visit-ulcinj.com\/blog\/wp-content\/uploads\/2017\/03\/Perla-e-Bun\u00ebs-Biser-Bojane-Ulqin-Ulcinj-768x352.jpg 768w\" sizes=\"(max-width: 508px) 100vw, 508px\" \/><\/a> P\u00ebr shkak t\u00eb kushteve jo t\u00eb p\u00ebrshtatshme atmosferike, shfaqja e filmit \u201cPerla e Bun\u00ebs\u201d e cila ishte e parapar\u00eb t\u00eb shfaqej sonte n\u00ebn muret e Kalas\u00eb, \u00ebsht\u00eb shtyr\u00eb p\u00ebr nj\u00eb mbr\u00ebmje tjet\u00ebr n\u00eb fund t\u00eb muajit t\u00eb ardhsh\u00ebm, kumtohet p\u00ebr media nga kabineti i kryetarit t\u00eb Komun\u00ebs s\u00eb Ulqinit.<\/p>\n<p>Duke k\u00ebrkuar falje n\u00eb em\u00ebr t\u00eb organizatorit, nga kabineti thon\u00eb se p\u00ebr dat\u00eb e shfaqjes s\u00eb filmit do t\u00eb ket\u00eb njoftim me koh\u00eb.<\/p>\n<p><span lang=\"DE\">Sherbimi p\u00ebr informim<\/span><\/p>\n<p><a href=\"http:\/\/www.visit-ulcinj.com\/blog\/wp-content\/uploads\/2017\/07\/Perla-e-bunes-Ulqin.jpg\"><img loading=\"lazy\" class=\"alignleft wp-image-106425\" src=\"http:\/\/www.visit-ulcinj.com\/blog\/wp-content\/uploads\/2017\/07\/Perla-e-bunes-Ulqin.jpg\" alt=\"\" width=\"508\" height=\"265\" srcset=\"https:\/\/www.visit-ulcinj.com\/blog\/wp-content\/uploads\/2017\/07\/Perla-e-bunes-Ulqin.jpg 702w, https:\/\/www.visit-ulcinj.com\/blog\/wp-content\/uploads\/2017\/07\/Perla-e-bunes-Ulqin-300x156.jpg 300w\" sizes=\"(max-width: 508px) 100vw, 508px\" \/><\/a><\/p>\n","protected":false},"excerpt":{"rendered":"<p>P\u00ebr shkak t\u00eb kushteve jo t\u00eb p\u00ebrshtatshme atmosferike, shfaqja e filmit \u201cPerla e Bun\u00ebs\u201d e cila ishte e parapar\u00eb t\u00eb shfaqej sonte n\u00ebn muret e Kalas\u00eb, \u00ebsht\u00eb shtyr\u00eb p\u00ebr nj\u00eb mbr\u00ebmje tjet\u00ebr n\u00eb fund t\u00eb muajit t\u00eb ardhsh\u00ebm, kumtohet p\u00ebr media nga kabineti i kryetarit t\u00eb Komun\u00ebs s\u00eb Ulqinit. Duke k\u00ebrkuar falje n\u00eb em\u00ebr t\u00eb [&hellip;]<\/p>\n","protected":false},"author":1,"featured_media":0,"comment_status":"closed","ping_status":"closed","sticky":false,"template":"","format":"standard","meta":{"spay_email":"","jetpack_publicize_message":"","jetpack_is_tweetstorm":false,"jetpack_publicize_feature_enabled":true},"categories":[6950],"tags":[],"jetpack_publicize_connections":[],"yoast_head":"<!-- This site is optimized with the Yoast SEO plugin v19.1 - https:\/\/yoast.com\/wordpress\/plugins\/seo\/ -->\n<title>Kushtet atmosferike shtyjn\u00eb shfaqjen e filmit \u201cPerla e Bun\u00ebs\u201d - Lajme nga Ulqini<\/title>\n<meta name=\"description\" content=\"P\u00ebr shkak t\u00eb kushteve jo t\u00eb p\u00ebrshtatshme atmosferike, shfaqja e filmit \u201cPerla e Bun\u00ebs\u201d e cila ishte e parapar\u00eb t\u00eb shfaqej sonte n\u00ebn muret e Kalas\u00eb, \u00ebsht\u00eb\" \/>\n<meta name=\"robots\" content=\"index, follow, max-snippet:-1, max-image-preview:large, max-video-preview:-1\" \/>\n<link rel=\"canonical\" href=\"https:\/\/www.visit-ulcinj.com\/blog\/2017\/07\/25\/kushtet-atmosferike-shtyjne-shfaqjen-e-filmit-perla-e-bunes\/\" \/>\n<meta property=\"og:locale\" content=\"en_US\" \/>\n<meta property=\"og:type\" content=\"article\" \/>\n<meta property=\"og:title\" content=\"Kushtet atmosferike shtyjn\u00eb shfaqjen e filmit \u201cPerla e Bun\u00ebs\u201d - Lajme nga Ulqini\" \/>\n<meta property=\"og:description\" content=\"P\u00ebr shkak t\u00eb kushteve jo t\u00eb p\u00ebrshtatshme atmosferike, shfaqja e filmit \u201cPerla e Bun\u00ebs\u201d e cila ishte e parapar\u00eb t\u00eb shfaqej sonte n\u00ebn muret e Kalas\u00eb, \u00ebsht\u00eb\" \/>\n<meta property=\"og:url\" content=\"https:\/\/www.visit-ulcinj.com\/blog\/2017\/07\/25\/kushtet-atmosferike-shtyjne-shfaqjen-e-filmit-perla-e-bunes\/\" \/>\n<meta property=\"og:site_name\" content=\"Lajme nga Ulqini\" \/>\n<meta property=\"article:published_time\" content=\"2017-07-25T16:40:05+00:00\" \/>\n<meta property=\"og:image\" content=\"http:\/\/www.visit-ulcinj.com\/blog\/wp-content\/uploads\/2017\/07\/Perla-e-bunes-Ulqin.jpg\" \/>\n<meta name=\"twitter:label1\" content=\"Written by\" \/>\n\t<meta name=\"twitter:data1\" content=\"ulqini\" \/>\n<script type=\"application\/ld+json\" class=\"yoast-schema-graph\">{\"@context\":\"https:\/\/schema.org\",\"@graph\":[{\"@type\":\"WebSite\",\"@id\":\"https:\/\/www.visit-ulcinj.com\/blog\/#website\",\"url\":\"https:\/\/www.visit-ulcinj.com\/blog\/\",\"name\":\"Lajme nga Ulqini\",\"description\":\"Lajme,Vijesti,Ulqini,Ulqin,Crna Gora,Mali i Zi\",\"potentialAction\":[{\"@type\":\"SearchAction\",\"target\":{\"@type\":\"EntryPoint\",\"urlTemplate\":\"https:\/\/www.visit-ulcinj.com\/blog\/?s={search_term_string}\"},\"query-input\":\"required name=search_term_string\"}],\"inLanguage\":\"en-US\"},{\"@type\":\"ImageObject\",\"inLanguage\":\"en-US\",\"@id\":\"https:\/\/www.visit-ulcinj.com\/blog\/2017\/07\/25\/kushtet-atmosferike-shtyjne-shfaqjen-e-filmit-perla-e-bunes\/#primaryimage\",\"url\":\"https:\/\/www.visit-ulcinj.com\/blog\/wp-content\/uploads\/2017\/07\/Perla-e-bunes-Ulqin.jpg\",\"contentUrl\":\"https:\/\/www.visit-ulcinj.com\/blog\/wp-content\/uploads\/2017\/07\/Perla-e-bunes-Ulqin.jpg\",\"width\":702,\"height\":366},{\"@type\":\"WebPage\",\"@id\":\"https:\/\/www.visit-ulcinj.com\/blog\/2017\/07\/25\/kushtet-atmosferike-shtyjne-shfaqjen-e-filmit-perla-e-bunes\/#webpage\",\"url\":\"https:\/\/www.visit-ulcinj.com\/blog\/2017\/07\/25\/kushtet-atmosferike-shtyjne-shfaqjen-e-filmit-perla-e-bunes\/\",\"name\":\"Kushtet atmosferike shtyjn\u00eb shfaqjen e filmit \u201cPerla e Bun\u00ebs\u201d - Lajme nga Ulqini\",\"isPartOf\":{\"@id\":\"https:\/\/www.visit-ulcinj.com\/blog\/#website\"},\"primaryImageOfPage\":{\"@id\":\"https:\/\/www.visit-ulcinj.com\/blog\/2017\/07\/25\/kushtet-atmosferike-shtyjne-shfaqjen-e-filmit-perla-e-bunes\/#primaryimage\"},\"datePublished\":\"2017-07-25T16:40:05+00:00\",\"dateModified\":\"2017-07-25T16:40:05+00:00\",\"author\":{\"@id\":\"https:\/\/www.visit-ulcinj.com\/blog\/#\/schema\/person\/dcab619c614d3038751c63bc2aadc06d\"},\"description\":\"P\u00ebr shkak t\u00eb kushteve jo t\u00eb p\u00ebrshtatshme atmosferike, shfaqja e filmit \u201cPerla e Bun\u00ebs\u201d e cila ishte e parapar\u00eb t\u00eb shfaqej sonte n\u00ebn muret e Kalas\u00eb, \u00ebsht\u00eb\",\"breadcrumb\":{\"@id\":\"https:\/\/www.visit-ulcinj.com\/blog\/2017\/07\/25\/kushtet-atmosferike-shtyjne-shfaqjen-e-filmit-perla-e-bunes\/#breadcrumb\"},\"inLanguage\":\"en-US\",\"potentialAction\":[{\"@type\":\"ReadAction\",\"target\":[\"https:\/\/www.visit-ulcinj.com\/blog\/2017\/07\/25\/kushtet-atmosferike-shtyjne-shfaqjen-e-filmit-perla-e-bunes\/\"]}]},{\"@type\":\"BreadcrumbList\",\"@id\":\"https:\/\/www.visit-ulcinj.com\/blog\/2017\/07\/25\/kushtet-atmosferike-shtyjne-shfaqjen-e-filmit-perla-e-bunes\/#breadcrumb\",\"itemListElement\":[{\"@type\":\"ListItem\",\"position\":1,\"name\":\"Kushtet atmosferike shtyjn\u00eb shfaqjen e filmit \u201cPerla e Bun\u00ebs\u201d\"}]},{\"@type\":\"Person\",\"@id\":\"https:\/\/www.visit-ulcinj.com\/blog\/#\/schema\/person\/dcab619c614d3038751c63bc2aadc06d\",\"name\":\"ulqini\",\"sameAs\":[\"http:\/\/www.visit-ulcinj.com\"],\"url\":\"https:\/\/www.visit-ulcinj.com\/blog\/author\/admin\/\"}]}<\/script>\n<!-- \/ Yoast SEO plugin. -->","yoast_head_json":{"title":"Kushtet atmosferike shtyjn\u00eb shfaqjen e filmit \u201cPerla e Bun\u00ebs\u201d - Lajme nga Ulqini","description":"P\u00ebr shkak t\u00eb kushteve jo t\u00eb p\u00ebrshtatshme atmosferike, shfaqja e filmit \u201cPerla e Bun\u00ebs\u201d e cila ishte e parapar\u00eb t\u00eb shfaqej sonte n\u00ebn muret e Kalas\u00eb, \u00ebsht\u00eb","robots":{"index":"index","follow":"follow","max-snippet":"max-snippet:-1","max-image-preview":"max-image-preview:large","max-video-preview":"max-video-preview:-1"},"canonical":"https:\/\/www.visit-ulcinj.com\/blog\/2017\/07\/25\/kushtet-atmosferike-shtyjne-shfaqjen-e-filmit-perla-e-bunes\/","og_locale":"en_US","og_type":"article","og_title":"Kushtet atmosferike shtyjn\u00eb shfaqjen e filmit \u201cPerla e Bun\u00ebs\u201d - Lajme nga Ulqini","og_description":"P\u00ebr shkak t\u00eb kushteve jo t\u00eb p\u00ebrshtatshme atmosferike, shfaqja e filmit \u201cPerla e Bun\u00ebs\u201d e cila ishte e parapar\u00eb t\u00eb shfaqej sonte n\u00ebn muret e Kalas\u00eb, \u00ebsht\u00eb","og_url":"https:\/\/www.visit-ulcinj.com\/blog\/2017\/07\/25\/kushtet-atmosferike-shtyjne-shfaqjen-e-filmit-perla-e-bunes\/","og_site_name":"Lajme nga Ulqini","article_published_time":"2017-07-25T16:40:05+00:00","og_image":[{"url":"http:\/\/www.visit-ulcinj.com\/blog\/wp-content\/uploads\/2017\/07\/Perla-e-bunes-Ulqin.jpg"}],"twitter_misc":{"Written by":"ulqini"},"schema":{"@context":"https:\/\/schema.org","@graph":[{"@type":"WebSite","@id":"https:\/\/www.visit-ulcinj.com\/blog\/#website","url":"https:\/\/www.visit-ulcinj.com\/blog\/","name":"Lajme nga Ulqini","description":"Lajme,Vijesti,Ulqini,Ulqin,Crna Gora,Mali i Zi","potentialAction":[{"@type":"SearchAction","target":{"@type":"EntryPoint","urlTemplate":"https:\/\/www.visit-ulcinj.com\/blog\/?s={search_term_string}"},"query-input":"required name=search_term_string"}],"inLanguage":"en-US"},{"@type":"ImageObject","inLanguage":"en-US","@id":"https:\/\/www.visit-ulcinj.com\/blog\/2017\/07\/25\/kushtet-atmosferike-shtyjne-shfaqjen-e-filmit-perla-e-bunes\/#primaryimage","url":"https:\/\/www.visit-ulcinj.com\/blog\/wp-content\/uploads\/2017\/07\/Perla-e-bunes-Ulqin.jpg","contentUrl":"https:\/\/www.visit-ulcinj.com\/blog\/wp-content\/uploads\/2017\/07\/Perla-e-bunes-Ulqin.jpg","width":702,"height":366},{"@type":"WebPage","@id":"https:\/\/www.visit-ulcinj.com\/blog\/2017\/07\/25\/kushtet-atmosferike-shtyjne-shfaqjen-e-filmit-perla-e-bunes\/#webpage","url":"https:\/\/www.visit-ulcinj.com\/blog\/2017\/07\/25\/kushtet-atmosferike-shtyjne-shfaqjen-e-filmit-perla-e-bunes\/","name":"Kushtet atmosferike shtyjn\u00eb shfaqjen e filmit \u201cPerla e Bun\u00ebs\u201d - Lajme nga Ulqini","isPartOf":{"@id":"https:\/\/www.visit-ulcinj.com\/blog\/#website"},"primaryImageOfPage":{"@id":"https:\/\/www.visit-ulcinj.com\/blog\/2017\/07\/25\/kushtet-atmosferike-shtyjne-shfaqjen-e-filmit-perla-e-bunes\/#primaryimage"},"datePublished":"2017-07-25T16:40:05+00:00","dateModified":"2017-07-25T16:40:05+00:00","author":{"@id":"https:\/\/www.visit-ulcinj.com\/blog\/#\/schema\/person\/dcab619c614d3038751c63bc2aadc06d"},"description":"P\u00ebr shkak t\u00eb kushteve jo t\u00eb p\u00ebrshtatshme atmosferike, shfaqja e filmit \u201cPerla e Bun\u00ebs\u201d e cila ishte e parapar\u00eb t\u00eb shfaqej sonte n\u00ebn muret e Kalas\u00eb, \u00ebsht\u00eb","breadcrumb":{"@id":"https:\/\/www.visit-ulcinj.com\/blog\/2017\/07\/25\/kushtet-atmosferike-shtyjne-shfaqjen-e-filmit-perla-e-bunes\/#breadcrumb"},"inLanguage":"en-US","potentialAction":[{"@type":"ReadAction","target":["https:\/\/www.visit-ulcinj.com\/blog\/2017\/07\/25\/kushtet-atmosferike-shtyjne-shfaqjen-e-filmit-perla-e-bunes\/"]}]},{"@type":"BreadcrumbList","@id":"https:\/\/www.visit-ulcinj.com\/blog\/2017\/07\/25\/kushtet-atmosferike-shtyjne-shfaqjen-e-filmit-perla-e-bunes\/#breadcrumb","itemListElement":[{"@type":"ListItem","position":1,"name":"Kushtet atmosferike shtyjn\u00eb shfaqjen e filmit \u201cPerla e Bun\u00ebs\u201d"}]},{"@type":"Person","@id":"https:\/\/www.visit-ulcinj.com\/blog\/#\/schema\/person\/dcab619c614d3038751c63bc2aadc06d","name":"ulqini","sameAs":["http:\/\/www.visit-ulcinj.com"],"url":"https:\/\/www.visit-ulcinj.com\/blog\/author\/admin\/"}]}},"jetpack_featured_media_url":"","jetpack_sharing_enabled":true,"jetpack_shortlink":"https:\/\/wp.me\/pe6lTn-rGw","_links":{"self":[{"href":"https:\/\/www.visit-ulcinj.com\/blog\/wp-json\/wp\/v2\/posts\/106424"}],"collection":[{"href":"https:\/\/www.visit-ulcinj.com\/blog\/wp-json\/wp\/v2\/posts"}],"about":[{"href":"https:\/\/www.visit-ulcinj.com\/blog\/wp-json\/wp\/v2\/types\/post"}],"author":[{"embeddable":true,"href":"https:\/\/www.visit-ulcinj.com\/blog\/wp-json\/wp\/v2\/users\/1"}],"replies":[{"embeddable":true,"href":"https:\/\/www.visit-ulcinj.com\/blog\/wp-json\/wp\/v2\/comments?post=106424"}],"version-history":[{"count":1,"href":"https:\/\/www.visit-ulcinj.com\/blog\/wp-json\/wp\/v2\/posts\/106424\/revisions"}],"predecessor-version":[{"id":106426,"href":"https:\/\/www.visit-ulcinj.com\/blog\/wp-json\/wp\/v2\/posts\/106424\/revisions\/106426"}],"wp:attachment":[{"href":"https:\/\/www.visit-ulcinj.com\/blog\/wp-json\/wp\/v2\/media?parent=106424"}],"wp:term":[{"taxonomy":"category","embeddable":true,"href":"https:\/\/www.visit-ulcinj.com\/blog\/wp-json\/wp\/v2\/categories?post=106424"},{"taxonomy":"post_tag","embeddable":true,"href":"https:\/\/www.visit-ulcinj.com\/blog\/wp-json\/wp\/v2\/tags?post=106424"}],"curies":[{"name":"wp","href":"https:\/\/api.w.org\/{rel}","templated":true}]}}