{"id":106427,"date":"2017-07-26T10:27:16","date_gmt":"2017-07-26T09:27:16","guid":{"rendered":"http:\/\/www.visit-ulcinj.com\/blog\/?p=106427"},"modified":"2017-07-26T20:35:47","modified_gmt":"2017-07-26T19:35:47","slug":"zivkoviq-nimanbegut-rikonstruktimi-rruges-deri-ne-krythe-fillon-ne-fund-te-sezonit","status":"publish","type":"post","link":"https:\/\/www.visit-ulcinj.com\/blog\/2017\/07\/26\/zivkoviq-nimanbegut-rikonstruktimi-rruges-deri-ne-krythe-fillon-ne-fund-te-sezonit\/","title":{"rendered":"Zivkoviq &#8211; Nimanbegut: Rikonstruktimi i rrug\u00ebs deri n\u00eb Kryth\u00eb fillon n\u00eb fund t\u00eb sezonit &#8211; Video"},"content":{"rendered":"<p><a href=\"http:\/\/www.visit-ulcinj.com\/blog\/wp-content\/uploads\/2017\/07\/Skupstina-Crne-Gore.jpg\"><img loading=\"lazy\" class=\"alignleft wp-image-106429\" src=\"http:\/\/www.visit-ulcinj.com\/blog\/wp-content\/uploads\/2017\/07\/Skupstina-Crne-Gore.jpg\" alt=\"\" width=\"508\" height=\"339\" srcset=\"https:\/\/www.visit-ulcinj.com\/blog\/wp-content\/uploads\/2017\/07\/Skupstina-Crne-Gore.jpg 999w, https:\/\/www.visit-ulcinj.com\/blog\/wp-content\/uploads\/2017\/07\/Skupstina-Crne-Gore-300x200.jpg 300w, https:\/\/www.visit-ulcinj.com\/blog\/wp-content\/uploads\/2017\/07\/Skupstina-Crne-Gore-768x512.jpg 768w\" sizes=\"(max-width: 508px) 100vw, 508px\" \/><\/a>\u201cN\u00ebse me 10 gusht n\u00ebnshkruhet kontrata, t\u00eb gjith\u00eb punimet n\u00eb rikonstruktimit t\u00eb rrug\u00ebs Ulqin Sukobin\u00eb do fillojn\u00eb me mbarimin e sezonit turistik\u201d. Kjo ishte p\u00ebrgjigja e sekretares shtet\u00ebrore n\u00eb Ministrin\u00eb e transportit <strong>Angelina Zivkoviq<\/strong>\u00a0duke p\u00ebrgjigjur n\u00eb pyetjen e <strong>Genci Nimanbegut<\/strong> n\u00eb Parlamentin e Malit t\u00eb Zi se kur do t\u00eb fillojn\u00eb realizimi i ketij projekti, raporton portali <strong>Lajm.me<\/strong>.<\/p>\n<p>Genci Nimanbegu theksoi se kjo rrug\u00eb \u00ebsht\u00eb ne interes t\u00eb gjith\u00ebve q\u00eb kjo rrug\u00eb t\u00eb nd\u00ebrtohet sepse \u00ebsht\u00eb fjala p\u00ebr nj\u00eb rruge me frekuenc\u00eb t\u00eb madhe.<\/p>\n<p><a href=\"http:\/\/www.visit-ulcinj.com\/blog\/wp-content\/uploads\/2017\/07\/Zivkovic-Nimanbegu.jpg\"><img loading=\"lazy\" class=\"alignleft wp-image-106433\" src=\"http:\/\/www.visit-ulcinj.com\/blog\/wp-content\/uploads\/2017\/07\/Zivkovic-Nimanbegu.jpg\" alt=\"\" width=\"508\" height=\"286\" srcset=\"https:\/\/www.visit-ulcinj.com\/blog\/wp-content\/uploads\/2017\/07\/Zivkovic-Nimanbegu.jpg 635w, https:\/\/www.visit-ulcinj.com\/blog\/wp-content\/uploads\/2017\/07\/Zivkovic-Nimanbegu-300x169.jpg 300w\" sizes=\"(max-width: 508px) 100vw, 508px\" \/><\/a><\/p>\n<p>Kalimi kufitar q\u00eb lidh kjo rrug\u00eb \u00ebsht\u00eb planifikuar p\u00ebr 350.000 kalime n\u00eb vit, kurse sipas informatave nga pyetjet e m\u00ebparshme kemi kuptuar se n\u00eb k\u00ebt\u00eb kufi realizohen rreth 2.000.000 kalime dhe p\u00ebr k\u00ebt\u00eb duhet t\u00eb punojm\u00eb n\u00eb rritjen e kapaciteti t\u00eb k\u00ebtij kalimi kufitar, theksoi Genci Nimanbegu.<\/p>\n<p>Kjo rrug\u00eb planifikohet t\u00eb fillojn\u00eb nd\u00ebrtimin ne fund t\u00eb sezonit dhe te mbarohet para sezonit turistik 2018. Ky projekt do t\u00eb kushtoj\u00eb 9 milion euro me mjete te siguruara nga kredia e bank\u00ebs evropian\u00eb p\u00ebr investime \u00a0(EIB).<\/p>\n<!--YouTube Error: bad URL entered-->\n","protected":false},"excerpt":{"rendered":"<p>\u201cN\u00ebse me 10 gusht n\u00ebnshkruhet kontrata, t\u00eb gjith\u00eb punimet n\u00eb rikonstruktimit t\u00eb rrug\u00ebs Ulqin Sukobin\u00eb do fillojn\u00eb me mbarimin e sezonit turistik\u201d. Kjo ishte p\u00ebrgjigja e sekretares shtet\u00ebrore n\u00eb Ministrin\u00eb e transportit Angelina Zivkoviq\u00a0duke p\u00ebrgjigjur n\u00eb pyetjen e Genci Nimanbegut n\u00eb Parlamentin e Malit t\u00eb Zi se kur do t\u00eb fillojn\u00eb realizimi i ketij projekti, [&hellip;]<\/p>\n","protected":false},"author":1,"featured_media":0,"comment_status":"closed","ping_status":"closed","sticky":false,"template":"","format":"standard","meta":{"spay_email":"","jetpack_publicize_message":"","jetpack_is_tweetstorm":false,"jetpack_publicize_feature_enabled":true},"categories":[1,6],"tags":[],"jetpack_publicize_connections":[],"yoast_head":"<!-- This site is optimized with the Yoast SEO plugin v19.1 - https:\/\/yoast.com\/wordpress\/plugins\/seo\/ -->\n<title>Zivkoviq - Nimanbegut: Rikonstruktimi i rrug\u00ebs deri n\u00eb Kryth\u00eb fillon n\u00eb fund t\u00eb sezonit - Video - Lajme nga Ulqini<\/title>\n<meta name=\"description\" content=\"\u201cN\u00ebse me 10 gusht n\u00ebnshkruhet kontrata, t\u00eb gjith\u00eb punimet n\u00eb rikonstruktimit t\u00eb rrug\u00ebs Ulqin Sukobin\u00eb do fillojn\u00eb me mbarimin e sezonit turistik\u201d. Kjo\" \/>\n<meta name=\"robots\" content=\"index, follow, max-snippet:-1, max-image-preview:large, max-video-preview:-1\" \/>\n<link rel=\"canonical\" href=\"https:\/\/www.visit-ulcinj.com\/blog\/2017\/07\/26\/zivkoviq-nimanbegut-rikonstruktimi-rruges-deri-ne-krythe-fillon-ne-fund-te-sezonit\/\" \/>\n<meta property=\"og:locale\" content=\"en_US\" \/>\n<meta property=\"og:type\" content=\"article\" \/>\n<meta property=\"og:title\" content=\"Zivkoviq - Nimanbegut: Rikonstruktimi i rrug\u00ebs deri n\u00eb Kryth\u00eb fillon n\u00eb fund t\u00eb sezonit - Video - Lajme nga Ulqini\" \/>\n<meta property=\"og:description\" content=\"\u201cN\u00ebse me 10 gusht n\u00ebnshkruhet kontrata, t\u00eb gjith\u00eb punimet n\u00eb rikonstruktimit t\u00eb rrug\u00ebs Ulqin Sukobin\u00eb do fillojn\u00eb me mbarimin e sezonit turistik\u201d. Kjo\" \/>\n<meta property=\"og:url\" content=\"https:\/\/www.visit-ulcinj.com\/blog\/2017\/07\/26\/zivkoviq-nimanbegut-rikonstruktimi-rruges-deri-ne-krythe-fillon-ne-fund-te-sezonit\/\" \/>\n<meta property=\"og:site_name\" content=\"Lajme nga Ulqini\" \/>\n<meta property=\"article:published_time\" content=\"2017-07-26T09:27:16+00:00\" \/>\n<meta property=\"article:modified_time\" content=\"2017-07-26T19:35:47+00:00\" \/>\n<meta property=\"og:image\" content=\"http:\/\/www.visit-ulcinj.com\/blog\/wp-content\/uploads\/2017\/07\/Skupstina-Crne-Gore.jpg\" \/>\n<meta name=\"twitter:label1\" content=\"Written by\" \/>\n\t<meta name=\"twitter:data1\" content=\"ulqini\" \/>\n\t<meta name=\"twitter:label2\" content=\"Est. reading time\" \/>\n\t<meta name=\"twitter:data2\" content=\"1 minute\" \/>\n<script type=\"application\/ld+json\" class=\"yoast-schema-graph\">{\"@context\":\"https:\/\/schema.org\",\"@graph\":[{\"@type\":\"WebSite\",\"@id\":\"https:\/\/www.visit-ulcinj.com\/blog\/#website\",\"url\":\"https:\/\/www.visit-ulcinj.com\/blog\/\",\"name\":\"Lajme nga Ulqini\",\"description\":\"Lajme,Vijesti,Ulqini,Ulqin,Crna Gora,Mali i Zi\",\"potentialAction\":[{\"@type\":\"SearchAction\",\"target\":{\"@type\":\"EntryPoint\",\"urlTemplate\":\"https:\/\/www.visit-ulcinj.com\/blog\/?s={search_term_string}\"},\"query-input\":\"required name=search_term_string\"}],\"inLanguage\":\"en-US\"},{\"@type\":\"ImageObject\",\"inLanguage\":\"en-US\",\"@id\":\"https:\/\/www.visit-ulcinj.com\/blog\/2017\/07\/26\/zivkoviq-nimanbegut-rikonstruktimi-rruges-deri-ne-krythe-fillon-ne-fund-te-sezonit\/#primaryimage\",\"url\":\"https:\/\/www.visit-ulcinj.com\/blog\/wp-content\/uploads\/2017\/07\/Skupstina-Crne-Gore.jpg\",\"contentUrl\":\"https:\/\/www.visit-ulcinj.com\/blog\/wp-content\/uploads\/2017\/07\/Skupstina-Crne-Gore.jpg\",\"width\":999,\"height\":666},{\"@type\":\"WebPage\",\"@id\":\"https:\/\/www.visit-ulcinj.com\/blog\/2017\/07\/26\/zivkoviq-nimanbegut-rikonstruktimi-rruges-deri-ne-krythe-fillon-ne-fund-te-sezonit\/#webpage\",\"url\":\"https:\/\/www.visit-ulcinj.com\/blog\/2017\/07\/26\/zivkoviq-nimanbegut-rikonstruktimi-rruges-deri-ne-krythe-fillon-ne-fund-te-sezonit\/\",\"name\":\"Zivkoviq - Nimanbegut: Rikonstruktimi i rrug\u00ebs deri n\u00eb Kryth\u00eb fillon n\u00eb fund t\u00eb sezonit - Video - Lajme nga Ulqini\",\"isPartOf\":{\"@id\":\"https:\/\/www.visit-ulcinj.com\/blog\/#website\"},\"primaryImageOfPage\":{\"@id\":\"https:\/\/www.visit-ulcinj.com\/blog\/2017\/07\/26\/zivkoviq-nimanbegut-rikonstruktimi-rruges-deri-ne-krythe-fillon-ne-fund-te-sezonit\/#primaryimage\"},\"datePublished\":\"2017-07-26T09:27:16+00:00\",\"dateModified\":\"2017-07-26T19:35:47+00:00\",\"author\":{\"@id\":\"https:\/\/www.visit-ulcinj.com\/blog\/#\/schema\/person\/dcab619c614d3038751c63bc2aadc06d\"},\"description\":\"\u201cN\u00ebse me 10 gusht n\u00ebnshkruhet kontrata, t\u00eb gjith\u00eb punimet n\u00eb rikonstruktimit t\u00eb rrug\u00ebs Ulqin Sukobin\u00eb do fillojn\u00eb me mbarimin e sezonit turistik\u201d. Kjo\",\"breadcrumb\":{\"@id\":\"https:\/\/www.visit-ulcinj.com\/blog\/2017\/07\/26\/zivkoviq-nimanbegut-rikonstruktimi-rruges-deri-ne-krythe-fillon-ne-fund-te-sezonit\/#breadcrumb\"},\"inLanguage\":\"en-US\",\"potentialAction\":[{\"@type\":\"ReadAction\",\"target\":[\"https:\/\/www.visit-ulcinj.com\/blog\/2017\/07\/26\/zivkoviq-nimanbegut-rikonstruktimi-rruges-deri-ne-krythe-fillon-ne-fund-te-sezonit\/\"]}]},{\"@type\":\"BreadcrumbList\",\"@id\":\"https:\/\/www.visit-ulcinj.com\/blog\/2017\/07\/26\/zivkoviq-nimanbegut-rikonstruktimi-rruges-deri-ne-krythe-fillon-ne-fund-te-sezonit\/#breadcrumb\",\"itemListElement\":[{\"@type\":\"ListItem\",\"position\":1,\"name\":\"Zivkoviq &#8211; Nimanbegut: Rikonstruktimi i rrug\u00ebs deri n\u00eb Kryth\u00eb fillon n\u00eb fund t\u00eb sezonit &#8211; Video\"}]},{\"@type\":\"Person\",\"@id\":\"https:\/\/www.visit-ulcinj.com\/blog\/#\/schema\/person\/dcab619c614d3038751c63bc2aadc06d\",\"name\":\"ulqini\",\"sameAs\":[\"http:\/\/www.visit-ulcinj.com\"],\"url\":\"https:\/\/www.visit-ulcinj.com\/blog\/author\/admin\/\"}]}<\/script>\n<!-- \/ Yoast SEO plugin. -->","yoast_head_json":{"title":"Zivkoviq - Nimanbegut: Rikonstruktimi i rrug\u00ebs deri n\u00eb Kryth\u00eb fillon n\u00eb fund t\u00eb sezonit - Video - Lajme nga Ulqini","description":"\u201cN\u00ebse me 10 gusht n\u00ebnshkruhet kontrata, t\u00eb gjith\u00eb punimet n\u00eb rikonstruktimit t\u00eb rrug\u00ebs Ulqin Sukobin\u00eb do fillojn\u00eb me mbarimin e sezonit turistik\u201d. Kjo","robots":{"index":"index","follow":"follow","max-snippet":"max-snippet:-1","max-image-preview":"max-image-preview:large","max-video-preview":"max-video-preview:-1"},"canonical":"https:\/\/www.visit-ulcinj.com\/blog\/2017\/07\/26\/zivkoviq-nimanbegut-rikonstruktimi-rruges-deri-ne-krythe-fillon-ne-fund-te-sezonit\/","og_locale":"en_US","og_type":"article","og_title":"Zivkoviq - Nimanbegut: Rikonstruktimi i rrug\u00ebs deri n\u00eb Kryth\u00eb fillon n\u00eb fund t\u00eb sezonit - Video - Lajme nga Ulqini","og_description":"\u201cN\u00ebse me 10 gusht n\u00ebnshkruhet kontrata, t\u00eb gjith\u00eb punimet n\u00eb rikonstruktimit t\u00eb rrug\u00ebs Ulqin Sukobin\u00eb do fillojn\u00eb me mbarimin e sezonit turistik\u201d. Kjo","og_url":"https:\/\/www.visit-ulcinj.com\/blog\/2017\/07\/26\/zivkoviq-nimanbegut-rikonstruktimi-rruges-deri-ne-krythe-fillon-ne-fund-te-sezonit\/","og_site_name":"Lajme nga Ulqini","article_published_time":"2017-07-26T09:27:16+00:00","article_modified_time":"2017-07-26T19:35:47+00:00","og_image":[{"url":"http:\/\/www.visit-ulcinj.com\/blog\/wp-content\/uploads\/2017\/07\/Skupstina-Crne-Gore.jpg"}],"twitter_misc":{"Written by":"ulqini","Est. reading time":"1 minute"},"schema":{"@context":"https:\/\/schema.org","@graph":[{"@type":"WebSite","@id":"https:\/\/www.visit-ulcinj.com\/blog\/#website","url":"https:\/\/www.visit-ulcinj.com\/blog\/","name":"Lajme nga Ulqini","description":"Lajme,Vijesti,Ulqini,Ulqin,Crna Gora,Mali i Zi","potentialAction":[{"@type":"SearchAction","target":{"@type":"EntryPoint","urlTemplate":"https:\/\/www.visit-ulcinj.com\/blog\/?s={search_term_string}"},"query-input":"required name=search_term_string"}],"inLanguage":"en-US"},{"@type":"ImageObject","inLanguage":"en-US","@id":"https:\/\/www.visit-ulcinj.com\/blog\/2017\/07\/26\/zivkoviq-nimanbegut-rikonstruktimi-rruges-deri-ne-krythe-fillon-ne-fund-te-sezonit\/#primaryimage","url":"https:\/\/www.visit-ulcinj.com\/blog\/wp-content\/uploads\/2017\/07\/Skupstina-Crne-Gore.jpg","contentUrl":"https:\/\/www.visit-ulcinj.com\/blog\/wp-content\/uploads\/2017\/07\/Skupstina-Crne-Gore.jpg","width":999,"height":666},{"@type":"WebPage","@id":"https:\/\/www.visit-ulcinj.com\/blog\/2017\/07\/26\/zivkoviq-nimanbegut-rikonstruktimi-rruges-deri-ne-krythe-fillon-ne-fund-te-sezonit\/#webpage","url":"https:\/\/www.visit-ulcinj.com\/blog\/2017\/07\/26\/zivkoviq-nimanbegut-rikonstruktimi-rruges-deri-ne-krythe-fillon-ne-fund-te-sezonit\/","name":"Zivkoviq - Nimanbegut: Rikonstruktimi i rrug\u00ebs deri n\u00eb Kryth\u00eb fillon n\u00eb fund t\u00eb sezonit - Video - Lajme nga Ulqini","isPartOf":{"@id":"https:\/\/www.visit-ulcinj.com\/blog\/#website"},"primaryImageOfPage":{"@id":"https:\/\/www.visit-ulcinj.com\/blog\/2017\/07\/26\/zivkoviq-nimanbegut-rikonstruktimi-rruges-deri-ne-krythe-fillon-ne-fund-te-sezonit\/#primaryimage"},"datePublished":"2017-07-26T09:27:16+00:00","dateModified":"2017-07-26T19:35:47+00:00","author":{"@id":"https:\/\/www.visit-ulcinj.com\/blog\/#\/schema\/person\/dcab619c614d3038751c63bc2aadc06d"},"description":"\u201cN\u00ebse me 10 gusht n\u00ebnshkruhet kontrata, t\u00eb gjith\u00eb punimet n\u00eb rikonstruktimit t\u00eb rrug\u00ebs Ulqin Sukobin\u00eb do fillojn\u00eb me mbarimin e sezonit turistik\u201d. Kjo","breadcrumb":{"@id":"https:\/\/www.visit-ulcinj.com\/blog\/2017\/07\/26\/zivkoviq-nimanbegut-rikonstruktimi-rruges-deri-ne-krythe-fillon-ne-fund-te-sezonit\/#breadcrumb"},"inLanguage":"en-US","potentialAction":[{"@type":"ReadAction","target":["https:\/\/www.visit-ulcinj.com\/blog\/2017\/07\/26\/zivkoviq-nimanbegut-rikonstruktimi-rruges-deri-ne-krythe-fillon-ne-fund-te-sezonit\/"]}]},{"@type":"BreadcrumbList","@id":"https:\/\/www.visit-ulcinj.com\/blog\/2017\/07\/26\/zivkoviq-nimanbegut-rikonstruktimi-rruges-deri-ne-krythe-fillon-ne-fund-te-sezonit\/#breadcrumb","itemListElement":[{"@type":"ListItem","position":1,"name":"Zivkoviq &#8211; Nimanbegut: Rikonstruktimi i rrug\u00ebs deri n\u00eb Kryth\u00eb fillon n\u00eb fund t\u00eb sezonit &#8211; Video"}]},{"@type":"Person","@id":"https:\/\/www.visit-ulcinj.com\/blog\/#\/schema\/person\/dcab619c614d3038751c63bc2aadc06d","name":"ulqini","sameAs":["http:\/\/www.visit-ulcinj.com"],"url":"https:\/\/www.visit-ulcinj.com\/blog\/author\/admin\/"}]}},"jetpack_featured_media_url":"","jetpack_sharing_enabled":true,"jetpack_shortlink":"https:\/\/wp.me\/pe6lTn-rGz","_links":{"self":[{"href":"https:\/\/www.visit-ulcinj.com\/blog\/wp-json\/wp\/v2\/posts\/106427"}],"collection":[{"href":"https:\/\/www.visit-ulcinj.com\/blog\/wp-json\/wp\/v2\/posts"}],"about":[{"href":"https:\/\/www.visit-ulcinj.com\/blog\/wp-json\/wp\/v2\/types\/post"}],"author":[{"embeddable":true,"href":"https:\/\/www.visit-ulcinj.com\/blog\/wp-json\/wp\/v2\/users\/1"}],"replies":[{"embeddable":true,"href":"https:\/\/www.visit-ulcinj.com\/blog\/wp-json\/wp\/v2\/comments?post=106427"}],"version-history":[{"count":3,"href":"https:\/\/www.visit-ulcinj.com\/blog\/wp-json\/wp\/v2\/posts\/106427\/revisions"}],"predecessor-version":[{"id":106435,"href":"https:\/\/www.visit-ulcinj.com\/blog\/wp-json\/wp\/v2\/posts\/106427\/revisions\/106435"}],"wp:attachment":[{"href":"https:\/\/www.visit-ulcinj.com\/blog\/wp-json\/wp\/v2\/media?parent=106427"}],"wp:term":[{"taxonomy":"category","embeddable":true,"href":"https:\/\/www.visit-ulcinj.com\/blog\/wp-json\/wp\/v2\/categories?post=106427"},{"taxonomy":"post_tag","embeddable":true,"href":"https:\/\/www.visit-ulcinj.com\/blog\/wp-json\/wp\/v2\/tags?post=106427"}],"curies":[{"name":"wp","href":"https:\/\/api.w.org\/{rel}","templated":true}]}}