{"id":10643,"date":"2009-02-07T10:13:16","date_gmt":"2009-02-07T09:13:16","guid":{"rendered":"http:\/\/www.visit-ulcinj.com\/blog\/?p=10643"},"modified":"2009-02-07T10:16:25","modified_gmt":"2009-02-07T09:16:25","slug":"iznevjerena-obecanja-ulcinju","status":"publish","type":"post","link":"https:\/\/www.visit-ulcinj.com\/blog\/2009\/02\/07\/iznevjerena-obecanja-ulcinju\/","title":{"rendered":"Iznevjerena obe?anja Ulcinju"},"content":{"rendered":"<p><strong><a rel=\"attachment wp-att-10644\" href=\"http:\/\/www.visit-ulcinj.com\/blog\/2009\/02\/07\/iznevjerena-obecanja-ulcinju\/ulcinj_montenegro1\/\"><img loading=\"lazy\" class=\"alignleft size-full wp-image-10644\" title=\"ulcinj_montenegro1\" src=\"http:\/\/www.visit-ulcinj.com\/blog\/wp-content\/uploads\/2009\/02\/ulcinj_montenegro1.jpg\" alt=\"ulcinj_montenegro1\" width=\"570\" height=\"400\" \/><\/a>Na\u0161 Dubai u ritama<\/strong><\/p>\n<p>Ni oni sa boljim pam?enjem ne bi se mogli sje\u00adtiti kada je realizova\u00adno neko predizborno obe?anje u Ulcinju. Zaista za Ginisa: Ul\u00adcinj, grad koji je sre\u00addinom osamdesetih godina pro\u0161log vijeka bio turisti?ki centar Crne Gore, op\u0161tina koja ima najve?e re\u00adsurse na Meditera\u00adnu, na po?etku 2009. godine nema ?ak ni turisti?ku organizaciju (!?), da se ne govori o sportskoj hali, bolnici ili marini.<\/p>\n<p>,,U Ulcinju kao da je vrijeme stalo\u201d, ocje\u00adna je novinara stranih medija koji su pro\u0161log ljeta boravili u ovom gradu.<\/p>\n<p>Nevjerovatno je da u politi?kom, ekonomskom i kulturnom centru Albanaca u Crnoj Gori nije smje\u0161ten ?ak ni Odsjek za u?iteljske studije na albanskom jeziku. (I to nekada bija\u0161e izborno obe?anje.) Ili bar Javno predu\u00adze?e za upravljanje morskim dobrom, jer se ?ak 56 odsto teritorije kojom gazduje ta mastodontska institucija, nalazi u Ulcinju.<\/p>\n<p>Ve? 25 godina nije izgra?en nijedan ve?i hotel. Nekoliko je puta postavljan kamen-temeljac za izgradnju hotela San, na Velikoj pla\u017ei, a od 1999. godine se najavljuje, sve sa upisanim rokovima (tre?i kvartal 2000.), po?etak gradnje ekskluzivnog hotela Jadran.<\/p>\n<p>Taj hotel iznad Male pla\u017ee, koji je prvobitno bio sagra?en prije II svjetskog rata, a onda razoren u ze\u00admljotresu 1979. godine, bio je jedan od simbola grada. Nedavno je sru\u0161en tako?e kultni hotel Galeb. Na mjestu ponosa ulcinjskog turizma, gdje je obe?ano da ?e biti izgra?en luksuzni hotel, stoji d\u017einovska ru\u0161evina.<\/p>\n<p>Morsko dobro je vi\u0161e puta slavodobitno najavilo iz\u00adgradnju marine ispod Starog grada. Betonski blokovi koje su u tu svrhu dovukli ve? mjesecima stoje na pristani\u0161tu, a radovi su odavno obustavljeni. Ni\u0161ta zato, sti\u017ee novo obe?anje: marina ?e se graditi na drugom kraju grada, u Porto Mileni. A mo\u017eda bi ulcinjsku marinu mogli izgraditi negdje drugo?<\/p>\n<p>A tako su \u017eestoko Ulcinjane svih ovih stra\u0161nih godina ubje?ivali da ?e se njihov grad uskoro postati Mo\u00adnako, Nica, Kan, Monte Karlo. Bi?e to ,,evropski odgovor na Dubai\u201d, dodavali su oni (i njihova djeca i unuci!) koji namjeravaju da postanu zakupci njegovih prekrasnih pla\u017ea, uvala i ravnica.<\/p>\n<p>Sve je to imalo za posljedicu opa\u00addanje privrednih aktivnosti, ga\u0161enje najve?ih preduze?a, drasti?an pad zaposlenosti. Zato ne ?udi \u0161to je Ulcinj danas jedini grad na primorju u kojem opada broj stanovnika.<\/p>\n<p><strong>Mustafa CANKA<\/p>\n<p>Izvor \/ Monitor<\/strong><\/p>\n<p><strong>\n\t\t<style type=\"text\/css\">\n\t\t\t#gallery-1 {\n\t\t\t\tmargin: auto;\n\t\t\t}\n\t\t\t#gallery-1 .gallery-item {\n\t\t\t\tfloat: left;\n\t\t\t\tmargin-top: 10px;\n\t\t\t\ttext-align: center;\n\t\t\t\twidth: 33%;\n\t\t\t}\n\t\t\t#gallery-1 img {\n\t\t\t\tborder: 2px solid #cfcfcf;\n\t\t\t}\n\t\t\t#gallery-1 .gallery-caption {\n\t\t\t\tmargin-left: 0;\n\t\t\t}\n\t\t\t\/* see gallery_shortcode() in wp-includes\/media.php *\/\n\t\t<\/style>\n\t\t<div id='gallery-1' class='gallery galleryid-10643 gallery-columns-3 gallery-size-thumbnail'><dl class='gallery-item'>\n\t\t\t<dt class='gallery-icon landscape'>\n\t\t\t\t<a href='https:\/\/www.visit-ulcinj.com\/blog\/wp-content\/uploads\/2009\/02\/ulcinj_montenegro1.jpg'><img width=\"150\" height=\"150\" src=\"https:\/\/www.visit-ulcinj.com\/blog\/wp-content\/uploads\/2009\/02\/ulcinj_montenegro1-150x150.jpg\" class=\"attachment-thumbnail size-thumbnail\" alt=\"\" loading=\"lazy\" \/><\/a>\n\t\t\t<\/dt><\/dl><dl class='gallery-item'>\n\t\t\t<dt class='gallery-icon landscape'>\n\t\t\t\t<a href='https:\/\/www.visit-ulcinj.com\/blog\/wp-content\/uploads\/2009\/02\/ulcinj_montenegro2.jpg'><img width=\"150\" height=\"150\" src=\"https:\/\/www.visit-ulcinj.com\/blog\/wp-content\/uploads\/2009\/02\/ulcinj_montenegro2-150x150.jpg\" class=\"attachment-thumbnail size-thumbnail\" alt=\"\" loading=\"lazy\" \/><\/a>\n\t\t\t<\/dt><\/dl><dl class='gallery-item'>\n\t\t\t<dt class='gallery-icon landscape'>\n\t\t\t\t<a href='https:\/\/www.visit-ulcinj.com\/blog\/wp-content\/uploads\/2009\/02\/ulcinj_montenegro3.jpg'><img width=\"150\" height=\"150\" src=\"https:\/\/www.visit-ulcinj.com\/blog\/wp-content\/uploads\/2009\/02\/ulcinj_montenegro3-150x150.jpg\" class=\"attachment-thumbnail size-thumbnail\" alt=\"\" loading=\"lazy\" \/><\/a>\n\t\t\t<\/dt><\/dl><br style=\"clear: both\" \/><dl class='gallery-item'>\n\t\t\t<dt class='gallery-icon landscape'>\n\t\t\t\t<a href='https:\/\/www.visit-ulcinj.com\/blog\/wp-content\/uploads\/2009\/02\/ulcinj_montenegro.jpg'><img width=\"150\" height=\"150\" src=\"https:\/\/www.visit-ulcinj.com\/blog\/wp-content\/uploads\/2009\/02\/ulcinj_montenegro-150x150.jpg\" class=\"attachment-thumbnail size-thumbnail\" alt=\"\" loading=\"lazy\" \/><\/a>\n\t\t\t<\/dt><\/dl><dl class='gallery-item'>\n\t\t\t<dt class='gallery-icon portrait'>\n\t\t\t\t<a href='https:\/\/www.visit-ulcinj.com\/blog\/wp-content\/uploads\/2009\/02\/velika-plaza06.jpg'><img width=\"150\" height=\"150\" src=\"https:\/\/www.visit-ulcinj.com\/blog\/wp-content\/uploads\/2009\/02\/velika-plaza06-150x150.jpg\" class=\"attachment-thumbnail size-thumbnail\" alt=\"\" loading=\"lazy\" \/><\/a>\n\t\t\t<\/dt><\/dl><dl class='gallery-item'>\n\t\t\t<dt class='gallery-icon landscape'>\n\t\t\t\t<a href='https:\/\/www.visit-ulcinj.com\/blog\/wp-content\/uploads\/2009\/02\/velika-plaza7.jpg'><img width=\"150\" height=\"150\" src=\"https:\/\/www.visit-ulcinj.com\/blog\/wp-content\/uploads\/2009\/02\/velika-plaza7-150x150.jpg\" class=\"attachment-thumbnail size-thumbnail\" alt=\"\" loading=\"lazy\" \/><\/a>\n\t\t\t<\/dt><\/dl><br style=\"clear: both\" \/><dl class='gallery-item'>\n\t\t\t<dt class='gallery-icon portrait'>\n\t\t\t\t<a href='https:\/\/www.visit-ulcinj.com\/blog\/wp-content\/uploads\/2009\/02\/velika-plaza212.jpg'><img width=\"150\" height=\"150\" src=\"https:\/\/www.visit-ulcinj.com\/blog\/wp-content\/uploads\/2009\/02\/velika-plaza212-150x150.jpg\" class=\"attachment-thumbnail size-thumbnail\" alt=\"\" loading=\"lazy\" \/><\/a>\n\t\t\t<\/dt><\/dl><dl class='gallery-item'>\n\t\t\t<dt class='gallery-icon portrait'>\n\t\t\t\t<a href='https:\/\/www.visit-ulcinj.com\/blog\/wp-content\/uploads\/2009\/02\/velika-plazao6.jpg'><img width=\"150\" height=\"150\" src=\"https:\/\/www.visit-ulcinj.com\/blog\/wp-content\/uploads\/2009\/02\/velika-plazao6-150x150.jpg\" class=\"attachment-thumbnail size-thumbnail\" alt=\"\" loading=\"lazy\" \/><\/a>\n\t\t\t<\/dt><\/dl><dl class='gallery-item'>\n\t\t\t<dt class='gallery-icon landscape'>\n\t\t\t\t<a href='https:\/\/www.visit-ulcinj.com\/blog\/wp-content\/uploads\/2009\/02\/solana-ulcinj.jpg'><img width=\"150\" height=\"150\" src=\"https:\/\/www.visit-ulcinj.com\/blog\/wp-content\/uploads\/2009\/02\/solana-ulcinj-150x150.jpg\" class=\"attachment-thumbnail size-thumbnail\" alt=\"\" loading=\"lazy\" \/><\/a>\n\t\t\t<\/dt><\/dl><br style=\"clear: both\" \/>\n\t\t<\/div>\n<\/p>\n<p><\/strong><\/p>\n","protected":false},"excerpt":{"rendered":"<p>Na\u0161 Dubai u ritama Ni oni sa boljim pam?enjem ne bi se mogli sje\u00adtiti kada je realizova\u00adno neko predizborno obe?anje u Ulcinju. Zaista za Ginisa: Ul\u00adcinj, grad koji je sre\u00addinom osamdesetih godina pro\u0161log vijeka bio turisti?ki centar Crne Gore, op\u0161tina koja ima najve?e re\u00adsurse na Meditera\u00adnu, na po?etku 2009. godine nema ?ak ni turisti?ku organizaciju [&hellip;]<\/p>\n","protected":false},"author":1,"featured_media":0,"comment_status":"open","ping_status":"closed","sticky":false,"template":"","format":"standard","meta":{"spay_email":"","jetpack_publicize_message":"","jetpack_is_tweetstorm":false,"jetpack_publicize_feature_enabled":true},"categories":[10],"tags":[90,6478,2723,6479,6483,6482,6484,6480,6481,6485],"jetpack_publicize_connections":[],"yoast_head":"<!-- This site is optimized with the Yoast SEO plugin v19.1 - https:\/\/yoast.com\/wordpress\/plugins\/seo\/ -->\n<title>Iznevjerena obe?anja Ulcinju - Lajme nga Ulqini<\/title>\n<meta name=\"description\" content=\"Na\u0161 Dubai u ritama Ni oni sa boljim pam?enjem ne bi se mogli sje\u00adtiti kada je realizova\u00adno neko predizborno obe?anje u Ulcinju. Zaista za Ginisa: Ul\u00adcinj,\" \/>\n<meta name=\"robots\" content=\"index, follow, max-snippet:-1, max-image-preview:large, max-video-preview:-1\" \/>\n<link rel=\"canonical\" href=\"https:\/\/www.visit-ulcinj.com\/blog\/2009\/02\/07\/iznevjerena-obecanja-ulcinju\/\" \/>\n<meta property=\"og:locale\" content=\"en_US\" \/>\n<meta property=\"og:type\" content=\"article\" \/>\n<meta property=\"og:title\" content=\"Iznevjerena obe?anja Ulcinju - Lajme nga Ulqini\" \/>\n<meta property=\"og:description\" content=\"Na\u0161 Dubai u ritama Ni oni sa boljim pam?enjem ne bi se mogli sje\u00adtiti kada je realizova\u00adno neko predizborno obe?anje u Ulcinju. Zaista za Ginisa: Ul\u00adcinj,\" \/>\n<meta property=\"og:url\" content=\"https:\/\/www.visit-ulcinj.com\/blog\/2009\/02\/07\/iznevjerena-obecanja-ulcinju\/\" \/>\n<meta property=\"og:site_name\" content=\"Lajme nga Ulqini\" \/>\n<meta property=\"article:published_time\" content=\"2009-02-07T09:13:16+00:00\" \/>\n<meta property=\"article:modified_time\" content=\"2009-02-07T09:16:25+00:00\" \/>\n<meta property=\"og:image\" content=\"https:\/\/www.visit-ulcinj.com\/blog\/wp-content\/uploads\/2009\/02\/ulcinj_montenegro1-150x150.jpg\" \/>\n<meta name=\"twitter:label1\" content=\"Written by\" \/>\n\t<meta name=\"twitter:data1\" content=\"ulqini\" \/>\n\t<meta name=\"twitter:label2\" content=\"Est. reading time\" \/>\n\t<meta name=\"twitter:data2\" content=\"2 minutes\" \/>\n<script type=\"application\/ld+json\" class=\"yoast-schema-graph\">{\"@context\":\"https:\/\/schema.org\",\"@graph\":[{\"@type\":\"WebSite\",\"@id\":\"https:\/\/www.visit-ulcinj.com\/blog\/#website\",\"url\":\"https:\/\/www.visit-ulcinj.com\/blog\/\",\"name\":\"Lajme nga Ulqini\",\"description\":\"Lajme,Vijesti,Ulqini,Ulqin,Crna Gora,Mali i Zi\",\"potentialAction\":[{\"@type\":\"SearchAction\",\"target\":{\"@type\":\"EntryPoint\",\"urlTemplate\":\"https:\/\/www.visit-ulcinj.com\/blog\/?s={search_term_string}\"},\"query-input\":\"required name=search_term_string\"}],\"inLanguage\":\"en-US\"},{\"@type\":\"ImageObject\",\"inLanguage\":\"en-US\",\"@id\":\"https:\/\/www.visit-ulcinj.com\/blog\/2009\/02\/07\/iznevjerena-obecanja-ulcinju\/#primaryimage\",\"url\":\"https:\/\/www.visit-ulcinj.com\/blog\/wp-content\/uploads\/2009\/02\/ulcinj_montenegro1.jpg\",\"contentUrl\":\"https:\/\/www.visit-ulcinj.com\/blog\/wp-content\/uploads\/2009\/02\/ulcinj_montenegro1.jpg\",\"width\":\"640\",\"height\":\"423\"},{\"@type\":\"WebPage\",\"@id\":\"https:\/\/www.visit-ulcinj.com\/blog\/2009\/02\/07\/iznevjerena-obecanja-ulcinju\/#webpage\",\"url\":\"https:\/\/www.visit-ulcinj.com\/blog\/2009\/02\/07\/iznevjerena-obecanja-ulcinju\/\",\"name\":\"Iznevjerena obe?anja Ulcinju - Lajme nga Ulqini\",\"isPartOf\":{\"@id\":\"https:\/\/www.visit-ulcinj.com\/blog\/#website\"},\"primaryImageOfPage\":{\"@id\":\"https:\/\/www.visit-ulcinj.com\/blog\/2009\/02\/07\/iznevjerena-obecanja-ulcinju\/#primaryimage\"},\"datePublished\":\"2009-02-07T09:13:16+00:00\",\"dateModified\":\"2009-02-07T09:16:25+00:00\",\"author\":{\"@id\":\"https:\/\/www.visit-ulcinj.com\/blog\/#\/schema\/person\/dcab619c614d3038751c63bc2aadc06d\"},\"description\":\"Na\u0161 Dubai u ritama Ni oni sa boljim pam?enjem ne bi se mogli sje\u00adtiti kada je realizova\u00adno neko predizborno obe?anje u Ulcinju. Zaista za Ginisa: Ul\u00adcinj,\",\"breadcrumb\":{\"@id\":\"https:\/\/www.visit-ulcinj.com\/blog\/2009\/02\/07\/iznevjerena-obecanja-ulcinju\/#breadcrumb\"},\"inLanguage\":\"en-US\",\"potentialAction\":[{\"@type\":\"ReadAction\",\"target\":[\"https:\/\/www.visit-ulcinj.com\/blog\/2009\/02\/07\/iznevjerena-obecanja-ulcinju\/\"]}]},{\"@type\":\"BreadcrumbList\",\"@id\":\"https:\/\/www.visit-ulcinj.com\/blog\/2009\/02\/07\/iznevjerena-obecanja-ulcinju\/#breadcrumb\",\"itemListElement\":[{\"@type\":\"ListItem\",\"position\":1,\"name\":\"Iznevjerena obe?anja Ulcinju\"}]},{\"@type\":\"Person\",\"@id\":\"https:\/\/www.visit-ulcinj.com\/blog\/#\/schema\/person\/dcab619c614d3038751c63bc2aadc06d\",\"name\":\"ulqini\",\"sameAs\":[\"http:\/\/www.visit-ulcinj.com\"],\"url\":\"https:\/\/www.visit-ulcinj.com\/blog\/author\/admin\/\"}]}<\/script>\n<!-- \/ Yoast SEO plugin. -->","yoast_head_json":{"title":"Iznevjerena obe?anja Ulcinju - Lajme nga Ulqini","description":"Na\u0161 Dubai u ritama Ni oni sa boljim pam?enjem ne bi se mogli sje\u00adtiti kada je realizova\u00adno neko predizborno obe?anje u Ulcinju. Zaista za Ginisa: Ul\u00adcinj,","robots":{"index":"index","follow":"follow","max-snippet":"max-snippet:-1","max-image-preview":"max-image-preview:large","max-video-preview":"max-video-preview:-1"},"canonical":"https:\/\/www.visit-ulcinj.com\/blog\/2009\/02\/07\/iznevjerena-obecanja-ulcinju\/","og_locale":"en_US","og_type":"article","og_title":"Iznevjerena obe?anja Ulcinju - Lajme nga Ulqini","og_description":"Na\u0161 Dubai u ritama Ni oni sa boljim pam?enjem ne bi se mogli sje\u00adtiti kada je realizova\u00adno neko predizborno obe?anje u Ulcinju. Zaista za Ginisa: Ul\u00adcinj,","og_url":"https:\/\/www.visit-ulcinj.com\/blog\/2009\/02\/07\/iznevjerena-obecanja-ulcinju\/","og_site_name":"Lajme nga Ulqini","article_published_time":"2009-02-07T09:13:16+00:00","article_modified_time":"2009-02-07T09:16:25+00:00","og_image":[{"url":"https:\/\/www.visit-ulcinj.com\/blog\/wp-content\/uploads\/2009\/02\/ulcinj_montenegro1-150x150.jpg"}],"twitter_misc":{"Written by":"ulqini","Est. reading time":"2 minutes"},"schema":{"@context":"https:\/\/schema.org","@graph":[{"@type":"WebSite","@id":"https:\/\/www.visit-ulcinj.com\/blog\/#website","url":"https:\/\/www.visit-ulcinj.com\/blog\/","name":"Lajme nga Ulqini","description":"Lajme,Vijesti,Ulqini,Ulqin,Crna Gora,Mali i Zi","potentialAction":[{"@type":"SearchAction","target":{"@type":"EntryPoint","urlTemplate":"https:\/\/www.visit-ulcinj.com\/blog\/?s={search_term_string}"},"query-input":"required name=search_term_string"}],"inLanguage":"en-US"},{"@type":"ImageObject","inLanguage":"en-US","@id":"https:\/\/www.visit-ulcinj.com\/blog\/2009\/02\/07\/iznevjerena-obecanja-ulcinju\/#primaryimage","url":"https:\/\/www.visit-ulcinj.com\/blog\/wp-content\/uploads\/2009\/02\/ulcinj_montenegro1.jpg","contentUrl":"https:\/\/www.visit-ulcinj.com\/blog\/wp-content\/uploads\/2009\/02\/ulcinj_montenegro1.jpg","width":"640","height":"423"},{"@type":"WebPage","@id":"https:\/\/www.visit-ulcinj.com\/blog\/2009\/02\/07\/iznevjerena-obecanja-ulcinju\/#webpage","url":"https:\/\/www.visit-ulcinj.com\/blog\/2009\/02\/07\/iznevjerena-obecanja-ulcinju\/","name":"Iznevjerena obe?anja Ulcinju - Lajme nga Ulqini","isPartOf":{"@id":"https:\/\/www.visit-ulcinj.com\/blog\/#website"},"primaryImageOfPage":{"@id":"https:\/\/www.visit-ulcinj.com\/blog\/2009\/02\/07\/iznevjerena-obecanja-ulcinju\/#primaryimage"},"datePublished":"2009-02-07T09:13:16+00:00","dateModified":"2009-02-07T09:16:25+00:00","author":{"@id":"https:\/\/www.visit-ulcinj.com\/blog\/#\/schema\/person\/dcab619c614d3038751c63bc2aadc06d"},"description":"Na\u0161 Dubai u ritama Ni oni sa boljim pam?enjem ne bi se mogli sje\u00adtiti kada je realizova\u00adno neko predizborno obe?anje u Ulcinju. Zaista za Ginisa: Ul\u00adcinj,","breadcrumb":{"@id":"https:\/\/www.visit-ulcinj.com\/blog\/2009\/02\/07\/iznevjerena-obecanja-ulcinju\/#breadcrumb"},"inLanguage":"en-US","potentialAction":[{"@type":"ReadAction","target":["https:\/\/www.visit-ulcinj.com\/blog\/2009\/02\/07\/iznevjerena-obecanja-ulcinju\/"]}]},{"@type":"BreadcrumbList","@id":"https:\/\/www.visit-ulcinj.com\/blog\/2009\/02\/07\/iznevjerena-obecanja-ulcinju\/#breadcrumb","itemListElement":[{"@type":"ListItem","position":1,"name":"Iznevjerena obe?anja Ulcinju"}]},{"@type":"Person","@id":"https:\/\/www.visit-ulcinj.com\/blog\/#\/schema\/person\/dcab619c614d3038751c63bc2aadc06d","name":"ulqini","sameAs":["http:\/\/www.visit-ulcinj.com"],"url":"https:\/\/www.visit-ulcinj.com\/blog\/author\/admin\/"}]}},"jetpack_featured_media_url":"","jetpack_sharing_enabled":true,"jetpack_shortlink":"https:\/\/wp.me\/pe6lTn-2LF","_links":{"self":[{"href":"https:\/\/www.visit-ulcinj.com\/blog\/wp-json\/wp\/v2\/posts\/10643"}],"collection":[{"href":"https:\/\/www.visit-ulcinj.com\/blog\/wp-json\/wp\/v2\/posts"}],"about":[{"href":"https:\/\/www.visit-ulcinj.com\/blog\/wp-json\/wp\/v2\/types\/post"}],"author":[{"embeddable":true,"href":"https:\/\/www.visit-ulcinj.com\/blog\/wp-json\/wp\/v2\/users\/1"}],"replies":[{"embeddable":true,"href":"https:\/\/www.visit-ulcinj.com\/blog\/wp-json\/wp\/v2\/comments?post=10643"}],"version-history":[{"count":0,"href":"https:\/\/www.visit-ulcinj.com\/blog\/wp-json\/wp\/v2\/posts\/10643\/revisions"}],"wp:attachment":[{"href":"https:\/\/www.visit-ulcinj.com\/blog\/wp-json\/wp\/v2\/media?parent=10643"}],"wp:term":[{"taxonomy":"category","embeddable":true,"href":"https:\/\/www.visit-ulcinj.com\/blog\/wp-json\/wp\/v2\/categories?post=10643"},{"taxonomy":"post_tag","embeddable":true,"href":"https:\/\/www.visit-ulcinj.com\/blog\/wp-json\/wp\/v2\/tags?post=10643"}],"curies":[{"name":"wp","href":"https:\/\/api.w.org\/{rel}","templated":true}]}}