{"id":106436,"date":"2017-07-26T13:12:57","date_gmt":"2017-07-26T12:12:57","guid":{"rendered":"http:\/\/www.visit-ulcinj.com\/blog\/?p=106436"},"modified":"2017-07-26T13:12:57","modified_gmt":"2017-07-26T12:12:57","slug":"u-hap-pika-e-re-informative-ne-shtoj-tek-hoteli-imperial","status":"publish","type":"post","link":"https:\/\/www.visit-ulcinj.com\/blog\/2017\/07\/26\/u-hap-pika-e-re-informative-ne-shtoj-tek-hoteli-imperial\/","title":{"rendered":"U hap pika e re informative n\u00eb Shtoj tek hoteli Imperial"},"content":{"rendered":"<p><strong><a href=\"http:\/\/www.visit-ulcinj.com\/blog\/wp-content\/uploads\/2017\/07\/U-hap-pika-e-re-informative-n\u00eb-Shtoj.jpg\"><img loading=\"lazy\" class=\"alignleft wp-image-106437\" src=\"http:\/\/www.visit-ulcinj.com\/blog\/wp-content\/uploads\/2017\/07\/U-hap-pika-e-re-informative-n\u00eb-Shtoj.jpg\" alt=\"\" width=\"508\" height=\"411\" srcset=\"https:\/\/www.visit-ulcinj.com\/blog\/wp-content\/uploads\/2017\/07\/U-hap-pika-e-re-informative-n\u00eb-Shtoj.jpg 605w, https:\/\/www.visit-ulcinj.com\/blog\/wp-content\/uploads\/2017\/07\/U-hap-pika-e-re-informative-n\u00eb-Shtoj-300x243.jpg 300w\" sizes=\"(max-width: 508px) 100vw, 508px\" \/><\/a>Byroja e re informative n\u00eb Shtoj tek hoteli Imperial<\/strong><\/p>\n<p>Njoftojm\u00eb t\u00eb gjith\u00eb qytetar\u00ebt q\u00eb nes\u00ebr me 27.07.2017, fillon me pun\u00eb Byroja e re informative n\u00eb Shtoj tek hoteli Imperial.<\/p>\n<p>Byrot informative kan\u00eb filluar me pun\u00eb n\u00eb vitin 2013, dhe kemi vazhduar me pun\u00eb edhe gjat\u00eb sezonit 2014, 2015, 2016 dhe 2017. Hapja e byrove ka patur nj\u00eb r\u00ebnd\u00ebsi t\u00eb madhe n\u00eb p\u00ebrmir\u00ebsimin e kvalitetit dhe sh\u00ebrbimit n\u00eb t\u00eb gjith\u00eb pjes\u00ebt turistike t\u00eb qytetit ton\u00eb. N\u00eb k\u00ebto byro turist\u00ebt mund t\u00eb fitojn\u00eb shum\u00eb informacione lidhur me \u00e7mimet n\u00eb akomodime hotelijerike dhe ato private, p\u00ebr manifestime t\u00eb ndryshme, aktivitetet dhe ngjarjet gjat\u00eb vitit. Poashtu, b\u00ebhet edhe lajm\u00ebrimi i turist\u00ebve dhe pagesa e taks\u00ebs s\u00eb banimit. Teknologjit\u00eb e reja me t\u00eb cil\u00ebt jan\u00eb t\u00eb pajisur t\u00eb gjith\u00eb byrot na mund\u00ebsojn\u00eb q\u00eb n\u00ebp\u00ebrmjet programit t\u00eb kemi nj\u00eb evidentimin konkret t\u00eb numrit t\u00eb turist\u00ebve dhe struktur\u00ebs.<\/p>\n<p>Me hapjen e k\u00ebsaj byroja kemi p\u00ebrfshir\u00eb edhe k\u00ebt\u00eb pjes\u00eb t\u00eb Shtojit ku edhe qarkullimi i turist\u00ebve \u00ebsht\u00eb shum\u00eb i madh.<\/p>\n<p>T\u00eb gjith\u00eb qytetar\u00ebt dhe mysafir\u00ebt do t\u00eb ken\u00eb mund\u00ebsin\u00eb q\u00eb n\u00eb k\u00ebt\u00eb byro t\u00eb b\u00ebjn\u00eb lajm\u00ebrimin dhe t\u00eb marrin informacione t\u00eb ndryshme p\u00ebr aktivitete dhe ngjarjet n\u00eb qytet.<\/p>\n","protected":false},"excerpt":{"rendered":"<p>Byroja e re informative n\u00eb Shtoj tek hoteli Imperial Njoftojm\u00eb t\u00eb gjith\u00eb qytetar\u00ebt q\u00eb nes\u00ebr me 27.07.2017, fillon me pun\u00eb Byroja e re informative n\u00eb Shtoj tek hoteli Imperial. Byrot informative kan\u00eb filluar me pun\u00eb n\u00eb vitin 2013, dhe kemi vazhduar me pun\u00eb edhe gjat\u00eb sezonit 2014, 2015, 2016 dhe 2017. Hapja e byrove ka [&hellip;]<\/p>\n","protected":false},"author":1,"featured_media":0,"comment_status":"closed","ping_status":"closed","sticky":false,"template":"","format":"standard","meta":{"spay_email":"","jetpack_publicize_message":"","jetpack_is_tweetstorm":false,"jetpack_publicize_feature_enabled":true},"categories":[15],"tags":[],"jetpack_publicize_connections":[],"yoast_head":"<!-- This site is optimized with the Yoast SEO plugin v19.1 - https:\/\/yoast.com\/wordpress\/plugins\/seo\/ -->\n<title>U hap pika e re informative n\u00eb Shtoj tek hoteli Imperial - Lajme nga Ulqini<\/title>\n<meta name=\"description\" content=\"Byroja e re informative n\u00eb Shtoj tek hoteli Imperial Njoftojm\u00eb t\u00eb gjith\u00eb qytetar\u00ebt q\u00eb nes\u00ebr me 27.07.2017, fillon me pun\u00eb Byroja e re informative n\u00eb Shtoj\" \/>\n<meta name=\"robots\" content=\"index, follow, max-snippet:-1, max-image-preview:large, max-video-preview:-1\" \/>\n<link rel=\"canonical\" href=\"https:\/\/www.visit-ulcinj.com\/blog\/2017\/07\/26\/u-hap-pika-e-re-informative-ne-shtoj-tek-hoteli-imperial\/\" \/>\n<meta property=\"og:locale\" content=\"en_US\" \/>\n<meta property=\"og:type\" content=\"article\" \/>\n<meta property=\"og:title\" content=\"U hap pika e re informative n\u00eb Shtoj tek hoteli Imperial - Lajme nga Ulqini\" \/>\n<meta property=\"og:description\" content=\"Byroja e re informative n\u00eb Shtoj tek hoteli Imperial Njoftojm\u00eb t\u00eb gjith\u00eb qytetar\u00ebt q\u00eb nes\u00ebr me 27.07.2017, fillon me pun\u00eb Byroja e re informative n\u00eb Shtoj\" \/>\n<meta property=\"og:url\" content=\"https:\/\/www.visit-ulcinj.com\/blog\/2017\/07\/26\/u-hap-pika-e-re-informative-ne-shtoj-tek-hoteli-imperial\/\" \/>\n<meta property=\"og:site_name\" content=\"Lajme nga Ulqini\" \/>\n<meta property=\"article:published_time\" content=\"2017-07-26T12:12:57+00:00\" \/>\n<meta name=\"twitter:label1\" content=\"Written by\" \/>\n\t<meta name=\"twitter:data1\" content=\"ulqini\" \/>\n\t<meta name=\"twitter:label2\" content=\"Est. reading time\" \/>\n\t<meta name=\"twitter:data2\" content=\"1 minute\" \/>\n<script type=\"application\/ld+json\" class=\"yoast-schema-graph\">{\"@context\":\"https:\/\/schema.org\",\"@graph\":[{\"@type\":\"WebSite\",\"@id\":\"https:\/\/www.visit-ulcinj.com\/blog\/#website\",\"url\":\"https:\/\/www.visit-ulcinj.com\/blog\/\",\"name\":\"Lajme nga Ulqini\",\"description\":\"Lajme,Vijesti,Ulqini,Ulqin,Crna Gora,Mali i Zi\",\"potentialAction\":[{\"@type\":\"SearchAction\",\"target\":{\"@type\":\"EntryPoint\",\"urlTemplate\":\"https:\/\/www.visit-ulcinj.com\/blog\/?s={search_term_string}\"},\"query-input\":\"required name=search_term_string\"}],\"inLanguage\":\"en-US\"},{\"@type\":\"WebPage\",\"@id\":\"https:\/\/www.visit-ulcinj.com\/blog\/2017\/07\/26\/u-hap-pika-e-re-informative-ne-shtoj-tek-hoteli-imperial\/#webpage\",\"url\":\"https:\/\/www.visit-ulcinj.com\/blog\/2017\/07\/26\/u-hap-pika-e-re-informative-ne-shtoj-tek-hoteli-imperial\/\",\"name\":\"U hap pika e re informative n\u00eb Shtoj tek hoteli Imperial - Lajme nga Ulqini\",\"isPartOf\":{\"@id\":\"https:\/\/www.visit-ulcinj.com\/blog\/#website\"},\"datePublished\":\"2017-07-26T12:12:57+00:00\",\"dateModified\":\"2017-07-26T12:12:57+00:00\",\"author\":{\"@id\":\"https:\/\/www.visit-ulcinj.com\/blog\/#\/schema\/person\/dcab619c614d3038751c63bc2aadc06d\"},\"description\":\"Byroja e re informative n\u00eb Shtoj tek hoteli Imperial Njoftojm\u00eb t\u00eb gjith\u00eb qytetar\u00ebt q\u00eb nes\u00ebr me 27.07.2017, fillon me pun\u00eb Byroja e re informative n\u00eb Shtoj\",\"breadcrumb\":{\"@id\":\"https:\/\/www.visit-ulcinj.com\/blog\/2017\/07\/26\/u-hap-pika-e-re-informative-ne-shtoj-tek-hoteli-imperial\/#breadcrumb\"},\"inLanguage\":\"en-US\",\"potentialAction\":[{\"@type\":\"ReadAction\",\"target\":[\"https:\/\/www.visit-ulcinj.com\/blog\/2017\/07\/26\/u-hap-pika-e-re-informative-ne-shtoj-tek-hoteli-imperial\/\"]}]},{\"@type\":\"BreadcrumbList\",\"@id\":\"https:\/\/www.visit-ulcinj.com\/blog\/2017\/07\/26\/u-hap-pika-e-re-informative-ne-shtoj-tek-hoteli-imperial\/#breadcrumb\",\"itemListElement\":[{\"@type\":\"ListItem\",\"position\":1,\"name\":\"U hap pika e re informative n\u00eb Shtoj tek hoteli Imperial\"}]},{\"@type\":\"Person\",\"@id\":\"https:\/\/www.visit-ulcinj.com\/blog\/#\/schema\/person\/dcab619c614d3038751c63bc2aadc06d\",\"name\":\"ulqini\",\"sameAs\":[\"http:\/\/www.visit-ulcinj.com\"],\"url\":\"https:\/\/www.visit-ulcinj.com\/blog\/author\/admin\/\"}]}<\/script>\n<!-- \/ Yoast SEO plugin. -->","yoast_head_json":{"title":"U hap pika e re informative n\u00eb Shtoj tek hoteli Imperial - Lajme nga Ulqini","description":"Byroja e re informative n\u00eb Shtoj tek hoteli Imperial Njoftojm\u00eb t\u00eb gjith\u00eb qytetar\u00ebt q\u00eb nes\u00ebr me 27.07.2017, fillon me pun\u00eb Byroja e re informative n\u00eb Shtoj","robots":{"index":"index","follow":"follow","max-snippet":"max-snippet:-1","max-image-preview":"max-image-preview:large","max-video-preview":"max-video-preview:-1"},"canonical":"https:\/\/www.visit-ulcinj.com\/blog\/2017\/07\/26\/u-hap-pika-e-re-informative-ne-shtoj-tek-hoteli-imperial\/","og_locale":"en_US","og_type":"article","og_title":"U hap pika e re informative n\u00eb Shtoj tek hoteli Imperial - Lajme nga Ulqini","og_description":"Byroja e re informative n\u00eb Shtoj tek hoteli Imperial Njoftojm\u00eb t\u00eb gjith\u00eb qytetar\u00ebt q\u00eb nes\u00ebr me 27.07.2017, fillon me pun\u00eb Byroja e re informative n\u00eb Shtoj","og_url":"https:\/\/www.visit-ulcinj.com\/blog\/2017\/07\/26\/u-hap-pika-e-re-informative-ne-shtoj-tek-hoteli-imperial\/","og_site_name":"Lajme nga Ulqini","article_published_time":"2017-07-26T12:12:57+00:00","twitter_misc":{"Written by":"ulqini","Est. reading time":"1 minute"},"schema":{"@context":"https:\/\/schema.org","@graph":[{"@type":"WebSite","@id":"https:\/\/www.visit-ulcinj.com\/blog\/#website","url":"https:\/\/www.visit-ulcinj.com\/blog\/","name":"Lajme nga Ulqini","description":"Lajme,Vijesti,Ulqini,Ulqin,Crna Gora,Mali i Zi","potentialAction":[{"@type":"SearchAction","target":{"@type":"EntryPoint","urlTemplate":"https:\/\/www.visit-ulcinj.com\/blog\/?s={search_term_string}"},"query-input":"required name=search_term_string"}],"inLanguage":"en-US"},{"@type":"WebPage","@id":"https:\/\/www.visit-ulcinj.com\/blog\/2017\/07\/26\/u-hap-pika-e-re-informative-ne-shtoj-tek-hoteli-imperial\/#webpage","url":"https:\/\/www.visit-ulcinj.com\/blog\/2017\/07\/26\/u-hap-pika-e-re-informative-ne-shtoj-tek-hoteli-imperial\/","name":"U hap pika e re informative n\u00eb Shtoj tek hoteli Imperial - Lajme nga Ulqini","isPartOf":{"@id":"https:\/\/www.visit-ulcinj.com\/blog\/#website"},"datePublished":"2017-07-26T12:12:57+00:00","dateModified":"2017-07-26T12:12:57+00:00","author":{"@id":"https:\/\/www.visit-ulcinj.com\/blog\/#\/schema\/person\/dcab619c614d3038751c63bc2aadc06d"},"description":"Byroja e re informative n\u00eb Shtoj tek hoteli Imperial Njoftojm\u00eb t\u00eb gjith\u00eb qytetar\u00ebt q\u00eb nes\u00ebr me 27.07.2017, fillon me pun\u00eb Byroja e re informative n\u00eb Shtoj","breadcrumb":{"@id":"https:\/\/www.visit-ulcinj.com\/blog\/2017\/07\/26\/u-hap-pika-e-re-informative-ne-shtoj-tek-hoteli-imperial\/#breadcrumb"},"inLanguage":"en-US","potentialAction":[{"@type":"ReadAction","target":["https:\/\/www.visit-ulcinj.com\/blog\/2017\/07\/26\/u-hap-pika-e-re-informative-ne-shtoj-tek-hoteli-imperial\/"]}]},{"@type":"BreadcrumbList","@id":"https:\/\/www.visit-ulcinj.com\/blog\/2017\/07\/26\/u-hap-pika-e-re-informative-ne-shtoj-tek-hoteli-imperial\/#breadcrumb","itemListElement":[{"@type":"ListItem","position":1,"name":"U hap pika e re informative n\u00eb Shtoj tek hoteli Imperial"}]},{"@type":"Person","@id":"https:\/\/www.visit-ulcinj.com\/blog\/#\/schema\/person\/dcab619c614d3038751c63bc2aadc06d","name":"ulqini","sameAs":["http:\/\/www.visit-ulcinj.com"],"url":"https:\/\/www.visit-ulcinj.com\/blog\/author\/admin\/"}]}},"jetpack_featured_media_url":"","jetpack_sharing_enabled":true,"jetpack_shortlink":"https:\/\/wp.me\/pe6lTn-rGI","_links":{"self":[{"href":"https:\/\/www.visit-ulcinj.com\/blog\/wp-json\/wp\/v2\/posts\/106436"}],"collection":[{"href":"https:\/\/www.visit-ulcinj.com\/blog\/wp-json\/wp\/v2\/posts"}],"about":[{"href":"https:\/\/www.visit-ulcinj.com\/blog\/wp-json\/wp\/v2\/types\/post"}],"author":[{"embeddable":true,"href":"https:\/\/www.visit-ulcinj.com\/blog\/wp-json\/wp\/v2\/users\/1"}],"replies":[{"embeddable":true,"href":"https:\/\/www.visit-ulcinj.com\/blog\/wp-json\/wp\/v2\/comments?post=106436"}],"version-history":[{"count":1,"href":"https:\/\/www.visit-ulcinj.com\/blog\/wp-json\/wp\/v2\/posts\/106436\/revisions"}],"predecessor-version":[{"id":106438,"href":"https:\/\/www.visit-ulcinj.com\/blog\/wp-json\/wp\/v2\/posts\/106436\/revisions\/106438"}],"wp:attachment":[{"href":"https:\/\/www.visit-ulcinj.com\/blog\/wp-json\/wp\/v2\/media?parent=106436"}],"wp:term":[{"taxonomy":"category","embeddable":true,"href":"https:\/\/www.visit-ulcinj.com\/blog\/wp-json\/wp\/v2\/categories?post=106436"},{"taxonomy":"post_tag","embeddable":true,"href":"https:\/\/www.visit-ulcinj.com\/blog\/wp-json\/wp\/v2\/tags?post=106436"}],"curies":[{"name":"wp","href":"https:\/\/api.w.org\/{rel}","templated":true}]}}