{"id":106441,"date":"2017-07-26T18:24:32","date_gmt":"2017-07-26T17:24:32","guid":{"rendered":"http:\/\/www.visit-ulcinj.com\/blog\/?p=106441"},"modified":"2017-07-26T18:25:13","modified_gmt":"2017-07-26T17:25:13","slug":"nika-rikonstruimi-rruges-krythe-ulqin-kerkon-qe-mashtrimit-ti-pergjigjemi-mashtrim","status":"publish","type":"post","link":"https:\/\/www.visit-ulcinj.com\/blog\/2017\/07\/26\/nika-rikonstruimi-rruges-krythe-ulqin-kerkon-qe-mashtrimit-ti-pergjigjemi-mashtrim\/","title":{"rendered":"Nika: Rikonstruimi i rrug\u00ebs Kryth\u00eb-Ulqin, k\u00ebrkon q\u00eb mashtrimit t\u2019i p\u00ebrgjigjemi me mashtrim?!"},"content":{"rendered":"<p><strong><em><a href=\"http:\/\/www.visit-ulcinj.com\/blog\/wp-content\/uploads\/2017\/01\/Misteri-i-tenderit-t\u00eb-rrug\u00ebs-Ulqin-Kryth\u00eb-2.jpg\"><img loading=\"lazy\" class=\"alignleft wp-image-102045\" src=\"http:\/\/www.visit-ulcinj.com\/blog\/wp-content\/uploads\/2017\/01\/Misteri-i-tenderit-t\u00eb-rrug\u00ebs-Ulqin-Kryth\u00eb-2.jpg\" alt=\"\" width=\"508\" height=\"322\" srcset=\"https:\/\/www.visit-ulcinj.com\/blog\/wp-content\/uploads\/2017\/01\/Misteri-i-tenderit-t\u00eb-rrug\u00ebs-Ulqin-Kryth\u00eb-2.jpg 687w, https:\/\/www.visit-ulcinj.com\/blog\/wp-content\/uploads\/2017\/01\/Misteri-i-tenderit-t\u00eb-rrug\u00ebs-Ulqin-Kryth\u00eb-2-300x190.jpg 300w\" sizes=\"(max-width: 508px) 100vw, 508px\" \/><\/a>Shkruan muhamet Nika<\/em><\/strong><\/p>\n<p>Dhe si An\u00eb\u00a0 e Malit \u00a0\u00a0Kraj\u00ebs e Ulqinit,\u00a0 k\u00ebsaj here t\u00eb bojkotojm\u00eb\u00a0 zgjedhjet\u00a0 e radh\u00ebs \u00a0cilat do qofshin \u2013 presidenciale\u00a0 apo\u00a0 lokale..\u00a0 Kuptohet\u00a0 n\u00ebse ministria\u00a0 nuk i rri fjal\u00ebs s\u00eb dh\u00ebn\u00eb&#8230;.?!<\/p>\n<p>K\u00ebshtu\u00a0 pam\u00eb\u00a0 q\u00eb \u00a0kompetent\u00ebt, \u00a0t\u00eb ken\u00eb arsyetuar edhe vjet\u00eb \u2013 parvjet\u00eb\u00a0 e k\u00ebshtu edhe sivjet\u00eb &#8230;?! Le t\u00eb m\u00eb falin , por n\u00eb An\u00eb t\u00eb Malit , k\u00ebsaj i thon\u00eb : Prtit \u00a0gomar\u00a0 &#8211; sa\u00a0\u00a0\u00a0 t\u00eb\u00a0 dalin\u00a0 bar\/ bari s\u2019doli\u00a0 gomari ngordhi. ..)?!<\/p>\n<p>Tjet\u00ebr\u00a0 , n\u00ebse mjetet\u00a0 qenkan siguruar\u00a0 8 milion\u00eb euro\u00a0 nga banka Evropiane p\u00ebr Zhvillim&#8230;, do kishim\u00a0 vet\u00ebm nj\u00eb pyetje p\u00ebr ministrin\u00eb &#8211; \u00c7far\u00eb\u00a0 banke\u00a0 na qenka\u00a0 ajo q\u00eb mbaka\u00a0 tash 4 vjet\u00eb\u00a0 mjetet e veta t\u00eb bllokuara\u00a0 p\u00ebr nd\u00ebrtimin e k\u00ebsaj rruge. Ku \u00ebsht\u00eb interesi ekonomik\u00a0 i k\u00ebtij kapitali t\u00eb fjetur.<\/p>\n<p>Mani\u00a0 mor aman&#8230;, po \u00e7far\u00eb na qenka nj\u00eb bank\u00eb e k\u00ebtill\u00eb , po edhe sa vjet\u00eb mund t\u00eb na presin parat\u00eb \u00a0n\u00eb k\u00ebt\u00eb bank\u00eb : hahahaha &#8230;.., \u00e7far\u00eb mashtrimi ..?!!<\/p>\n<p>E dhe pse p\u00ebr dik\u00eb \u00a0t\u00eb flas\u00ebsh me metafora\u00a0 t\u00eb tipit\u00a0 t\u00eb lart\u00ebp\u00ebrmendur , \u00a0\u00a0m\u00eb duhet ta them k\u00ebt\u00eb \u00a0q\u00eb ceka ,\u00a0 \u00a0\u00a0si ndjesi, kur d\u00ebgjova \u00a0\u00a0at\u00eb\u00a0 q\u00eb i tha\u00a0 p\u00ebrfaq\u00ebsuesi\u00a0 i ministris\u00eb\u00a0 Nimanbegut :<\/p>\n<p><a href=\"http:\/\/www.visit-ulcinj.com\/blog\/2017\/07\/26\/zivkoviq-nimanbegut-rikonstruktimi-rruges-deri-ne-krythe-fillon-ne-fund-te-sezonit\/\"><strong>Zivkoviq \u2013 Nimanbegut: Rikonstruktimi i rrug\u00ebs deri n\u00eb Kryth\u00eb fillon n\u00eb fund t\u00eb sezonit \u2013 Video<\/strong><\/a>?!<\/p>\n<p>Inshalla po themi edhe ne , por n\u00eb em\u00ebr t\u00eb k\u00ebsaj rruge\u00a0 DPS, po i fiton zgjedhjet\u00a0 tash tri her\u00eb dhe po cekim q\u00eb edhe vjet\u00eb NimanBegu\u00a0 shtroi t\u00eb nj\u00ebjt\u00ebn pyetje\u00a0 dhe p\u00ebr sherr mori t\u00eb nj\u00ebjt\u00ebn p\u00ebrgjegje. Por\u00a0 edhe\u00a0 kur Gjeka \u2013 si deputet\u00a0 , pyeste kryeministrin\u00a0 \u00a0Gjukanoviq, me serbishten e tij&#8230;?! Gjukamnoviq\u00a0 i p\u00ebrgjgjegjej\u00a0 urt\u00eb e but\u00eb\u00a0 me fjalin\u00eb q\u00eb niste: \u201c Gospodine \u0110eka\u00a0 savr\u0161eno\u00a0 vas \u00a0razumije..\u201c?!<\/p>\n<p>Dhe prep\u00a0 inshalla( apo shyqyr..)- varet\u00a0 si \u00a0e ka kuptur Gjeken \u00a0p\u00ebr do pun\u00eb tjera &#8230;, se qe besa\u00a0 p\u00ebr \u00a0rikonstruim t\u00eb rrug\u00ebs\u00a0 nuk e paska \u00a0\u00a0kuptuar\u00a0\u00a0 fare&#8230;?!!<\/p>\n<p><strong><em>\u00c7far\u00eb t\u00eb b\u00ebhet?! <\/em><\/strong><\/p>\n<p><strong><em>T\u00eb\u00a0 bojkotojm\u00eb zgjedhjet n\u00eb se nuk nis\u00eb n\u00eb shtator \u2013 jeni dakord?! <\/em><\/strong><\/p>\n<p><strong><em>Pa k\u00ebt\u00eb rrug\u00eb turist\u00ebt \u00a0ndal\u00ebt n\u00eb Shqip\u00ebri dhe pse na u dashkan\u00a0 t\u00eb presin n\u00eb rradh\u00eb n\u00eb kufi dhe pastaj t\u00eb maltretohen\u00a0 n\u00ebp\u00ebr nj\u00eb rrug\u00eb t\u00eb shekullit 19 me do asfalt sip\u00ebr , q\u00eb prej kufirit\u00a0 nuk kalohet\u00a0 as p\u00ebr dy or\u00eb&#8230;?!!<\/em><\/strong><\/p>\n<!--YouTube Error: bad URL entered-->\n","protected":false},"excerpt":{"rendered":"<p>Shkruan muhamet Nika Dhe si An\u00eb\u00a0 e Malit \u00a0\u00a0Kraj\u00ebs e Ulqinit,\u00a0 k\u00ebsaj here t\u00eb bojkotojm\u00eb\u00a0 zgjedhjet\u00a0 e radh\u00ebs \u00a0cilat do qofshin \u2013 presidenciale\u00a0 apo\u00a0 lokale..\u00a0 Kuptohet\u00a0 n\u00ebse ministria\u00a0 nuk i rri fjal\u00ebs s\u00eb dh\u00ebn\u00eb&#8230;.?! K\u00ebshtu\u00a0 pam\u00eb\u00a0 q\u00eb \u00a0kompetent\u00ebt, \u00a0t\u00eb ken\u00eb arsyetuar edhe vjet\u00eb \u2013 parvjet\u00eb\u00a0 e k\u00ebshtu edhe sivjet\u00eb &#8230;?! Le t\u00eb m\u00eb falin , [&hellip;]<\/p>\n","protected":false},"author":1,"featured_media":0,"comment_status":"closed","ping_status":"closed","sticky":false,"template":"","format":"standard","meta":{"spay_email":"","jetpack_publicize_message":"","jetpack_is_tweetstorm":false,"jetpack_publicize_feature_enabled":true},"categories":[14249],"tags":[],"jetpack_publicize_connections":[],"yoast_head":"<!-- This site is optimized with the Yoast SEO plugin v19.1 - https:\/\/yoast.com\/wordpress\/plugins\/seo\/ -->\n<title>Nika: Rikonstruimi i rrug\u00ebs Kryth\u00eb-Ulqin, k\u00ebrkon q\u00eb mashtrimit t\u2019i p\u00ebrgjigjemi me mashtrim?! - Lajme nga Ulqini<\/title>\n<meta name=\"description\" content=\"Shkruan muhamet Nika Dhe si An\u00eb\u00a0 e Malit \u00a0\u00a0Kraj\u00ebs e Ulqinit,\u00a0 k\u00ebsaj here t\u00eb bojkotojm\u00eb\u00a0 zgjedhjet\u00a0 e radh\u00ebs \u00a0cilat do qofshin \u2013 presidenciale\u00a0 apo\u00a0\" \/>\n<meta name=\"robots\" content=\"index, follow, max-snippet:-1, max-image-preview:large, max-video-preview:-1\" \/>\n<link rel=\"canonical\" href=\"https:\/\/www.visit-ulcinj.com\/blog\/2017\/07\/26\/nika-rikonstruimi-rruges-krythe-ulqin-kerkon-qe-mashtrimit-ti-pergjigjemi-mashtrim\/\" \/>\n<meta property=\"og:locale\" content=\"en_US\" \/>\n<meta property=\"og:type\" content=\"article\" \/>\n<meta property=\"og:title\" content=\"Nika: Rikonstruimi i rrug\u00ebs Kryth\u00eb-Ulqin, k\u00ebrkon q\u00eb mashtrimit t\u2019i p\u00ebrgjigjemi me mashtrim?! - Lajme nga Ulqini\" \/>\n<meta property=\"og:description\" content=\"Shkruan muhamet Nika Dhe si An\u00eb\u00a0 e Malit \u00a0\u00a0Kraj\u00ebs e Ulqinit,\u00a0 k\u00ebsaj here t\u00eb bojkotojm\u00eb\u00a0 zgjedhjet\u00a0 e radh\u00ebs \u00a0cilat do qofshin \u2013 presidenciale\u00a0 apo\u00a0\" \/>\n<meta property=\"og:url\" content=\"https:\/\/www.visit-ulcinj.com\/blog\/2017\/07\/26\/nika-rikonstruimi-rruges-krythe-ulqin-kerkon-qe-mashtrimit-ti-pergjigjemi-mashtrim\/\" \/>\n<meta property=\"og:site_name\" content=\"Lajme nga Ulqini\" \/>\n<meta property=\"article:published_time\" content=\"2017-07-26T17:24:32+00:00\" \/>\n<meta property=\"article:modified_time\" content=\"2017-07-26T17:25:13+00:00\" \/>\n<meta name=\"twitter:label1\" content=\"Written by\" \/>\n\t<meta name=\"twitter:data1\" content=\"ulqini\" \/>\n\t<meta name=\"twitter:label2\" content=\"Est. reading time\" \/>\n\t<meta name=\"twitter:data2\" content=\"2 minutes\" \/>\n<script type=\"application\/ld+json\" class=\"yoast-schema-graph\">{\"@context\":\"https:\/\/schema.org\",\"@graph\":[{\"@type\":\"WebSite\",\"@id\":\"https:\/\/www.visit-ulcinj.com\/blog\/#website\",\"url\":\"https:\/\/www.visit-ulcinj.com\/blog\/\",\"name\":\"Lajme nga Ulqini\",\"description\":\"Lajme,Vijesti,Ulqini,Ulqin,Crna Gora,Mali i Zi\",\"potentialAction\":[{\"@type\":\"SearchAction\",\"target\":{\"@type\":\"EntryPoint\",\"urlTemplate\":\"https:\/\/www.visit-ulcinj.com\/blog\/?s={search_term_string}\"},\"query-input\":\"required name=search_term_string\"}],\"inLanguage\":\"en-US\"},{\"@type\":\"WebPage\",\"@id\":\"https:\/\/www.visit-ulcinj.com\/blog\/2017\/07\/26\/nika-rikonstruimi-rruges-krythe-ulqin-kerkon-qe-mashtrimit-ti-pergjigjemi-mashtrim\/#webpage\",\"url\":\"https:\/\/www.visit-ulcinj.com\/blog\/2017\/07\/26\/nika-rikonstruimi-rruges-krythe-ulqin-kerkon-qe-mashtrimit-ti-pergjigjemi-mashtrim\/\",\"name\":\"Nika: Rikonstruimi i rrug\u00ebs Kryth\u00eb-Ulqin, k\u00ebrkon q\u00eb mashtrimit t\u2019i p\u00ebrgjigjemi me mashtrim?! - Lajme nga Ulqini\",\"isPartOf\":{\"@id\":\"https:\/\/www.visit-ulcinj.com\/blog\/#website\"},\"datePublished\":\"2017-07-26T17:24:32+00:00\",\"dateModified\":\"2017-07-26T17:25:13+00:00\",\"author\":{\"@id\":\"https:\/\/www.visit-ulcinj.com\/blog\/#\/schema\/person\/dcab619c614d3038751c63bc2aadc06d\"},\"description\":\"Shkruan muhamet Nika Dhe si An\u00eb\u00a0 e Malit \u00a0\u00a0Kraj\u00ebs e Ulqinit,\u00a0 k\u00ebsaj here t\u00eb bojkotojm\u00eb\u00a0 zgjedhjet\u00a0 e radh\u00ebs \u00a0cilat do qofshin \u2013 presidenciale\u00a0 apo\u00a0\",\"breadcrumb\":{\"@id\":\"https:\/\/www.visit-ulcinj.com\/blog\/2017\/07\/26\/nika-rikonstruimi-rruges-krythe-ulqin-kerkon-qe-mashtrimit-ti-pergjigjemi-mashtrim\/#breadcrumb\"},\"inLanguage\":\"en-US\",\"potentialAction\":[{\"@type\":\"ReadAction\",\"target\":[\"https:\/\/www.visit-ulcinj.com\/blog\/2017\/07\/26\/nika-rikonstruimi-rruges-krythe-ulqin-kerkon-qe-mashtrimit-ti-pergjigjemi-mashtrim\/\"]}]},{\"@type\":\"BreadcrumbList\",\"@id\":\"https:\/\/www.visit-ulcinj.com\/blog\/2017\/07\/26\/nika-rikonstruimi-rruges-krythe-ulqin-kerkon-qe-mashtrimit-ti-pergjigjemi-mashtrim\/#breadcrumb\",\"itemListElement\":[{\"@type\":\"ListItem\",\"position\":1,\"name\":\"Nika: Rikonstruimi i rrug\u00ebs Kryth\u00eb-Ulqin, k\u00ebrkon q\u00eb mashtrimit t\u2019i p\u00ebrgjigjemi me mashtrim?!\"}]},{\"@type\":\"Person\",\"@id\":\"https:\/\/www.visit-ulcinj.com\/blog\/#\/schema\/person\/dcab619c614d3038751c63bc2aadc06d\",\"name\":\"ulqini\",\"sameAs\":[\"http:\/\/www.visit-ulcinj.com\"],\"url\":\"https:\/\/www.visit-ulcinj.com\/blog\/author\/admin\/\"}]}<\/script>\n<!-- \/ Yoast SEO plugin. -->","yoast_head_json":{"title":"Nika: Rikonstruimi i rrug\u00ebs Kryth\u00eb-Ulqin, k\u00ebrkon q\u00eb mashtrimit t\u2019i p\u00ebrgjigjemi me mashtrim?! - Lajme nga Ulqini","description":"Shkruan muhamet Nika Dhe si An\u00eb\u00a0 e Malit \u00a0\u00a0Kraj\u00ebs e Ulqinit,\u00a0 k\u00ebsaj here t\u00eb bojkotojm\u00eb\u00a0 zgjedhjet\u00a0 e radh\u00ebs \u00a0cilat do qofshin \u2013 presidenciale\u00a0 apo\u00a0","robots":{"index":"index","follow":"follow","max-snippet":"max-snippet:-1","max-image-preview":"max-image-preview:large","max-video-preview":"max-video-preview:-1"},"canonical":"https:\/\/www.visit-ulcinj.com\/blog\/2017\/07\/26\/nika-rikonstruimi-rruges-krythe-ulqin-kerkon-qe-mashtrimit-ti-pergjigjemi-mashtrim\/","og_locale":"en_US","og_type":"article","og_title":"Nika: Rikonstruimi i rrug\u00ebs Kryth\u00eb-Ulqin, k\u00ebrkon q\u00eb mashtrimit t\u2019i p\u00ebrgjigjemi me mashtrim?! - Lajme nga Ulqini","og_description":"Shkruan muhamet Nika Dhe si An\u00eb\u00a0 e Malit \u00a0\u00a0Kraj\u00ebs e Ulqinit,\u00a0 k\u00ebsaj here t\u00eb bojkotojm\u00eb\u00a0 zgjedhjet\u00a0 e radh\u00ebs \u00a0cilat do qofshin \u2013 presidenciale\u00a0 apo\u00a0","og_url":"https:\/\/www.visit-ulcinj.com\/blog\/2017\/07\/26\/nika-rikonstruimi-rruges-krythe-ulqin-kerkon-qe-mashtrimit-ti-pergjigjemi-mashtrim\/","og_site_name":"Lajme nga Ulqini","article_published_time":"2017-07-26T17:24:32+00:00","article_modified_time":"2017-07-26T17:25:13+00:00","twitter_misc":{"Written by":"ulqini","Est. reading time":"2 minutes"},"schema":{"@context":"https:\/\/schema.org","@graph":[{"@type":"WebSite","@id":"https:\/\/www.visit-ulcinj.com\/blog\/#website","url":"https:\/\/www.visit-ulcinj.com\/blog\/","name":"Lajme nga Ulqini","description":"Lajme,Vijesti,Ulqini,Ulqin,Crna Gora,Mali i Zi","potentialAction":[{"@type":"SearchAction","target":{"@type":"EntryPoint","urlTemplate":"https:\/\/www.visit-ulcinj.com\/blog\/?s={search_term_string}"},"query-input":"required name=search_term_string"}],"inLanguage":"en-US"},{"@type":"WebPage","@id":"https:\/\/www.visit-ulcinj.com\/blog\/2017\/07\/26\/nika-rikonstruimi-rruges-krythe-ulqin-kerkon-qe-mashtrimit-ti-pergjigjemi-mashtrim\/#webpage","url":"https:\/\/www.visit-ulcinj.com\/blog\/2017\/07\/26\/nika-rikonstruimi-rruges-krythe-ulqin-kerkon-qe-mashtrimit-ti-pergjigjemi-mashtrim\/","name":"Nika: Rikonstruimi i rrug\u00ebs Kryth\u00eb-Ulqin, k\u00ebrkon q\u00eb mashtrimit t\u2019i p\u00ebrgjigjemi me mashtrim?! - Lajme nga Ulqini","isPartOf":{"@id":"https:\/\/www.visit-ulcinj.com\/blog\/#website"},"datePublished":"2017-07-26T17:24:32+00:00","dateModified":"2017-07-26T17:25:13+00:00","author":{"@id":"https:\/\/www.visit-ulcinj.com\/blog\/#\/schema\/person\/dcab619c614d3038751c63bc2aadc06d"},"description":"Shkruan muhamet Nika Dhe si An\u00eb\u00a0 e Malit \u00a0\u00a0Kraj\u00ebs e Ulqinit,\u00a0 k\u00ebsaj here t\u00eb bojkotojm\u00eb\u00a0 zgjedhjet\u00a0 e radh\u00ebs \u00a0cilat do qofshin \u2013 presidenciale\u00a0 apo\u00a0","breadcrumb":{"@id":"https:\/\/www.visit-ulcinj.com\/blog\/2017\/07\/26\/nika-rikonstruimi-rruges-krythe-ulqin-kerkon-qe-mashtrimit-ti-pergjigjemi-mashtrim\/#breadcrumb"},"inLanguage":"en-US","potentialAction":[{"@type":"ReadAction","target":["https:\/\/www.visit-ulcinj.com\/blog\/2017\/07\/26\/nika-rikonstruimi-rruges-krythe-ulqin-kerkon-qe-mashtrimit-ti-pergjigjemi-mashtrim\/"]}]},{"@type":"BreadcrumbList","@id":"https:\/\/www.visit-ulcinj.com\/blog\/2017\/07\/26\/nika-rikonstruimi-rruges-krythe-ulqin-kerkon-qe-mashtrimit-ti-pergjigjemi-mashtrim\/#breadcrumb","itemListElement":[{"@type":"ListItem","position":1,"name":"Nika: Rikonstruimi i rrug\u00ebs Kryth\u00eb-Ulqin, k\u00ebrkon q\u00eb mashtrimit t\u2019i p\u00ebrgjigjemi me mashtrim?!"}]},{"@type":"Person","@id":"https:\/\/www.visit-ulcinj.com\/blog\/#\/schema\/person\/dcab619c614d3038751c63bc2aadc06d","name":"ulqini","sameAs":["http:\/\/www.visit-ulcinj.com"],"url":"https:\/\/www.visit-ulcinj.com\/blog\/author\/admin\/"}]}},"jetpack_featured_media_url":"","jetpack_sharing_enabled":true,"jetpack_shortlink":"https:\/\/wp.me\/pe6lTn-rGN","_links":{"self":[{"href":"https:\/\/www.visit-ulcinj.com\/blog\/wp-json\/wp\/v2\/posts\/106441"}],"collection":[{"href":"https:\/\/www.visit-ulcinj.com\/blog\/wp-json\/wp\/v2\/posts"}],"about":[{"href":"https:\/\/www.visit-ulcinj.com\/blog\/wp-json\/wp\/v2\/types\/post"}],"author":[{"embeddable":true,"href":"https:\/\/www.visit-ulcinj.com\/blog\/wp-json\/wp\/v2\/users\/1"}],"replies":[{"embeddable":true,"href":"https:\/\/www.visit-ulcinj.com\/blog\/wp-json\/wp\/v2\/comments?post=106441"}],"version-history":[{"count":2,"href":"https:\/\/www.visit-ulcinj.com\/blog\/wp-json\/wp\/v2\/posts\/106441\/revisions"}],"predecessor-version":[{"id":106443,"href":"https:\/\/www.visit-ulcinj.com\/blog\/wp-json\/wp\/v2\/posts\/106441\/revisions\/106443"}],"wp:attachment":[{"href":"https:\/\/www.visit-ulcinj.com\/blog\/wp-json\/wp\/v2\/media?parent=106441"}],"wp:term":[{"taxonomy":"category","embeddable":true,"href":"https:\/\/www.visit-ulcinj.com\/blog\/wp-json\/wp\/v2\/categories?post=106441"},{"taxonomy":"post_tag","embeddable":true,"href":"https:\/\/www.visit-ulcinj.com\/blog\/wp-json\/wp\/v2\/tags?post=106441"}],"curies":[{"name":"wp","href":"https:\/\/api.w.org\/{rel}","templated":true}]}}