{"id":106444,"date":"2017-07-26T20:33:51","date_gmt":"2017-07-26T19:33:51","guid":{"rendered":"http:\/\/www.visit-ulcinj.com\/blog\/?p=106444"},"modified":"2017-07-27T08:43:40","modified_gmt":"2017-07-27T07:43:40","slug":"banoret-e-malit-te-brise-nuk-te-lejojne-deponimin-e-mbeturinave-ne-fshatin-tone","status":"publish","type":"post","link":"https:\/\/www.visit-ulcinj.com\/blog\/2017\/07\/26\/banoret-e-malit-te-brise-nuk-te-lejojne-deponimin-e-mbeturinave-ne-fshatin-tone\/","title":{"rendered":"Banor\u00ebt e Malit t\u00eb Bris\u00eb: Nuk do t\u00eb lejojn\u00eb deponimin e mbeturinave n\u00eb fshatin ton\u00eb"},"content":{"rendered":"<p><strong><a href=\"http:\/\/www.visit-ulcinj.com\/blog\/wp-content\/uploads\/2017\/07\/Zoganje-Briska-Gora.jpg\"><img loading=\"lazy\" class=\"alignleft wp-image-106445\" src=\"http:\/\/www.visit-ulcinj.com\/blog\/wp-content\/uploads\/2017\/07\/Zoganje-Briska-Gora.jpg\" alt=\"\" width=\"508\" height=\"338\" srcset=\"https:\/\/www.visit-ulcinj.com\/blog\/wp-content\/uploads\/2017\/07\/Zoganje-Briska-Gora.jpg 550w, https:\/\/www.visit-ulcinj.com\/blog\/wp-content\/uploads\/2017\/07\/Zoganje-Briska-Gora-300x200.jpg 300w\" sizes=\"(max-width: 508px) 100vw, 508px\" \/><\/a>Kumtesa p\u00ebr opinion e grupit t\u00eb qytetar\u00ebve t\u00eb Malit t\u00eb Bris\u00eb.<\/strong><\/p>\n<p>D\u00ebshirojm\u00eb t\u00eb njoftojm\u00eb opinionin, kryetarin e Komun\u00ebs dhe zot\u00ebri Doden q\u00eb banor\u00ebt e Malit t\u00eb Bris\u00eb n\u00eb asnj\u00eb m\u00ebnyr\u00eb nuk do t\u00eb lejojn\u00eb deponimin e k\u00ebtyre mbeturinave n\u00eb territorin e fshatit, transmeton portali Ul.info.<\/p>\n<p>Jemi shum\u00eb t\u00eb vendosur n\u00eb k\u00ebt\u00eb gj\u00eb dhe do t\u00eb k\u00ebmb\u00ebngulim deri n\u00eb fund, e theksojm\u00eb se kemi p\u00ebrkrahjen edhe t\u00eb fshatrave p\u00ebrreth.<\/p>\n<p>Nd\u00ebrsa drejtuesit e Komun\u00ebs d\u00ebshirojm\u00eb me k\u00ebt\u00eb rast ti njoftojm\u00eb se kjo \u00ebsht\u00eb rrug\u00eb private dhe se k\u00ebt\u00eb rrug\u00eb e kemi asfaltuar ne vet.<\/p>\n<p>Meq\u00eb askush nga Komuna nuk na ka kontaktuar rreth k\u00ebsaj dhe as p\u00ebr rakordimin e mundsh\u00ebm drejtuesve t\u00eb Komun\u00ebs dhe opinionit i drejtohemi n\u00ebp\u00ebrmjet medieve.<\/p>\n","protected":false},"excerpt":{"rendered":"<p>Kumtesa p\u00ebr opinion e grupit t\u00eb qytetar\u00ebve t\u00eb Malit t\u00eb Bris\u00eb. D\u00ebshirojm\u00eb t\u00eb njoftojm\u00eb opinionin, kryetarin e Komun\u00ebs dhe zot\u00ebri Doden q\u00eb banor\u00ebt e Malit t\u00eb Bris\u00eb n\u00eb asnj\u00eb m\u00ebnyr\u00eb nuk do t\u00eb lejojn\u00eb deponimin e k\u00ebtyre mbeturinave n\u00eb territorin e fshatit, transmeton portali Ul.info. Jemi shum\u00eb t\u00eb vendosur n\u00eb k\u00ebt\u00eb gj\u00eb dhe do t\u00eb [&hellip;]<\/p>\n","protected":false},"author":1,"featured_media":0,"comment_status":"closed","ping_status":"closed","sticky":false,"template":"","format":"standard","meta":{"spay_email":"","jetpack_publicize_message":"","jetpack_is_tweetstorm":false,"jetpack_publicize_feature_enabled":true},"categories":[1,11],"tags":[],"jetpack_publicize_connections":[],"yoast_head":"<!-- This site is optimized with the Yoast SEO plugin v19.1 - https:\/\/yoast.com\/wordpress\/plugins\/seo\/ -->\n<title>Banor\u00ebt e Malit t\u00eb Bris\u00eb: Nuk do t\u00eb lejojn\u00eb deponimin e mbeturinave n\u00eb fshatin ton\u00eb - Lajme nga Ulqini<\/title>\n<meta name=\"description\" content=\"Kumtesa p\u00ebr opinion e grupit t\u00eb qytetar\u00ebve t\u00eb Malit t\u00eb Bris\u00eb. D\u00ebshirojm\u00eb t\u00eb njoftojm\u00eb opinionin, kryetarin e Komun\u00ebs dhe zot\u00ebri Doden q\u00eb banor\u00ebt e Malit\" \/>\n<meta name=\"robots\" content=\"index, follow, max-snippet:-1, max-image-preview:large, max-video-preview:-1\" \/>\n<link rel=\"canonical\" href=\"https:\/\/www.visit-ulcinj.com\/blog\/2017\/07\/26\/banoret-e-malit-te-brise-nuk-te-lejojne-deponimin-e-mbeturinave-ne-fshatin-tone\/\" \/>\n<meta property=\"og:locale\" content=\"en_US\" \/>\n<meta property=\"og:type\" content=\"article\" \/>\n<meta property=\"og:title\" content=\"Banor\u00ebt e Malit t\u00eb Bris\u00eb: Nuk do t\u00eb lejojn\u00eb deponimin e mbeturinave n\u00eb fshatin ton\u00eb - Lajme nga Ulqini\" \/>\n<meta property=\"og:description\" content=\"Kumtesa p\u00ebr opinion e grupit t\u00eb qytetar\u00ebve t\u00eb Malit t\u00eb Bris\u00eb. D\u00ebshirojm\u00eb t\u00eb njoftojm\u00eb opinionin, kryetarin e Komun\u00ebs dhe zot\u00ebri Doden q\u00eb banor\u00ebt e Malit\" \/>\n<meta property=\"og:url\" content=\"https:\/\/www.visit-ulcinj.com\/blog\/2017\/07\/26\/banoret-e-malit-te-brise-nuk-te-lejojne-deponimin-e-mbeturinave-ne-fshatin-tone\/\" \/>\n<meta property=\"og:site_name\" content=\"Lajme nga Ulqini\" \/>\n<meta property=\"article:published_time\" content=\"2017-07-26T19:33:51+00:00\" \/>\n<meta property=\"article:modified_time\" content=\"2017-07-27T07:43:40+00:00\" \/>\n<meta property=\"og:image\" content=\"http:\/\/www.visit-ulcinj.com\/blog\/wp-content\/uploads\/2017\/07\/Zoganje-Briska-Gora.jpg\" \/>\n<meta name=\"twitter:label1\" content=\"Written by\" \/>\n\t<meta name=\"twitter:data1\" content=\"ulqini\" \/>\n\t<meta name=\"twitter:label2\" content=\"Est. reading time\" \/>\n\t<meta name=\"twitter:data2\" content=\"1 minute\" \/>\n<script type=\"application\/ld+json\" class=\"yoast-schema-graph\">{\"@context\":\"https:\/\/schema.org\",\"@graph\":[{\"@type\":\"WebSite\",\"@id\":\"https:\/\/www.visit-ulcinj.com\/blog\/#website\",\"url\":\"https:\/\/www.visit-ulcinj.com\/blog\/\",\"name\":\"Lajme nga Ulqini\",\"description\":\"Lajme,Vijesti,Ulqini,Ulqin,Crna Gora,Mali i Zi\",\"potentialAction\":[{\"@type\":\"SearchAction\",\"target\":{\"@type\":\"EntryPoint\",\"urlTemplate\":\"https:\/\/www.visit-ulcinj.com\/blog\/?s={search_term_string}\"},\"query-input\":\"required name=search_term_string\"}],\"inLanguage\":\"en-US\"},{\"@type\":\"ImageObject\",\"inLanguage\":\"en-US\",\"@id\":\"https:\/\/www.visit-ulcinj.com\/blog\/2017\/07\/26\/banoret-e-malit-te-brise-nuk-te-lejojne-deponimin-e-mbeturinave-ne-fshatin-tone\/#primaryimage\",\"url\":\"https:\/\/www.visit-ulcinj.com\/blog\/wp-content\/uploads\/2017\/07\/Zoganje-Briska-Gora.jpg\",\"contentUrl\":\"https:\/\/www.visit-ulcinj.com\/blog\/wp-content\/uploads\/2017\/07\/Zoganje-Briska-Gora.jpg\",\"width\":550,\"height\":366},{\"@type\":\"WebPage\",\"@id\":\"https:\/\/www.visit-ulcinj.com\/blog\/2017\/07\/26\/banoret-e-malit-te-brise-nuk-te-lejojne-deponimin-e-mbeturinave-ne-fshatin-tone\/#webpage\",\"url\":\"https:\/\/www.visit-ulcinj.com\/blog\/2017\/07\/26\/banoret-e-malit-te-brise-nuk-te-lejojne-deponimin-e-mbeturinave-ne-fshatin-tone\/\",\"name\":\"Banor\u00ebt e Malit t\u00eb Bris\u00eb: Nuk do t\u00eb lejojn\u00eb deponimin e mbeturinave n\u00eb fshatin ton\u00eb - Lajme nga Ulqini\",\"isPartOf\":{\"@id\":\"https:\/\/www.visit-ulcinj.com\/blog\/#website\"},\"primaryImageOfPage\":{\"@id\":\"https:\/\/www.visit-ulcinj.com\/blog\/2017\/07\/26\/banoret-e-malit-te-brise-nuk-te-lejojne-deponimin-e-mbeturinave-ne-fshatin-tone\/#primaryimage\"},\"datePublished\":\"2017-07-26T19:33:51+00:00\",\"dateModified\":\"2017-07-27T07:43:40+00:00\",\"author\":{\"@id\":\"https:\/\/www.visit-ulcinj.com\/blog\/#\/schema\/person\/dcab619c614d3038751c63bc2aadc06d\"},\"description\":\"Kumtesa p\u00ebr opinion e grupit t\u00eb qytetar\u00ebve t\u00eb Malit t\u00eb Bris\u00eb. D\u00ebshirojm\u00eb t\u00eb njoftojm\u00eb opinionin, kryetarin e Komun\u00ebs dhe zot\u00ebri Doden q\u00eb banor\u00ebt e Malit\",\"breadcrumb\":{\"@id\":\"https:\/\/www.visit-ulcinj.com\/blog\/2017\/07\/26\/banoret-e-malit-te-brise-nuk-te-lejojne-deponimin-e-mbeturinave-ne-fshatin-tone\/#breadcrumb\"},\"inLanguage\":\"en-US\",\"potentialAction\":[{\"@type\":\"ReadAction\",\"target\":[\"https:\/\/www.visit-ulcinj.com\/blog\/2017\/07\/26\/banoret-e-malit-te-brise-nuk-te-lejojne-deponimin-e-mbeturinave-ne-fshatin-tone\/\"]}]},{\"@type\":\"BreadcrumbList\",\"@id\":\"https:\/\/www.visit-ulcinj.com\/blog\/2017\/07\/26\/banoret-e-malit-te-brise-nuk-te-lejojne-deponimin-e-mbeturinave-ne-fshatin-tone\/#breadcrumb\",\"itemListElement\":[{\"@type\":\"ListItem\",\"position\":1,\"name\":\"Banor\u00ebt e Malit t\u00eb Bris\u00eb: Nuk do t\u00eb lejojn\u00eb deponimin e mbeturinave n\u00eb fshatin ton\u00eb\"}]},{\"@type\":\"Person\",\"@id\":\"https:\/\/www.visit-ulcinj.com\/blog\/#\/schema\/person\/dcab619c614d3038751c63bc2aadc06d\",\"name\":\"ulqini\",\"sameAs\":[\"http:\/\/www.visit-ulcinj.com\"],\"url\":\"https:\/\/www.visit-ulcinj.com\/blog\/author\/admin\/\"}]}<\/script>\n<!-- \/ Yoast SEO plugin. -->","yoast_head_json":{"title":"Banor\u00ebt e Malit t\u00eb Bris\u00eb: Nuk do t\u00eb lejojn\u00eb deponimin e mbeturinave n\u00eb fshatin ton\u00eb - Lajme nga Ulqini","description":"Kumtesa p\u00ebr opinion e grupit t\u00eb qytetar\u00ebve t\u00eb Malit t\u00eb Bris\u00eb. D\u00ebshirojm\u00eb t\u00eb njoftojm\u00eb opinionin, kryetarin e Komun\u00ebs dhe zot\u00ebri Doden q\u00eb banor\u00ebt e Malit","robots":{"index":"index","follow":"follow","max-snippet":"max-snippet:-1","max-image-preview":"max-image-preview:large","max-video-preview":"max-video-preview:-1"},"canonical":"https:\/\/www.visit-ulcinj.com\/blog\/2017\/07\/26\/banoret-e-malit-te-brise-nuk-te-lejojne-deponimin-e-mbeturinave-ne-fshatin-tone\/","og_locale":"en_US","og_type":"article","og_title":"Banor\u00ebt e Malit t\u00eb Bris\u00eb: Nuk do t\u00eb lejojn\u00eb deponimin e mbeturinave n\u00eb fshatin ton\u00eb - Lajme nga Ulqini","og_description":"Kumtesa p\u00ebr opinion e grupit t\u00eb qytetar\u00ebve t\u00eb Malit t\u00eb Bris\u00eb. D\u00ebshirojm\u00eb t\u00eb njoftojm\u00eb opinionin, kryetarin e Komun\u00ebs dhe zot\u00ebri Doden q\u00eb banor\u00ebt e Malit","og_url":"https:\/\/www.visit-ulcinj.com\/blog\/2017\/07\/26\/banoret-e-malit-te-brise-nuk-te-lejojne-deponimin-e-mbeturinave-ne-fshatin-tone\/","og_site_name":"Lajme nga Ulqini","article_published_time":"2017-07-26T19:33:51+00:00","article_modified_time":"2017-07-27T07:43:40+00:00","og_image":[{"url":"http:\/\/www.visit-ulcinj.com\/blog\/wp-content\/uploads\/2017\/07\/Zoganje-Briska-Gora.jpg"}],"twitter_misc":{"Written by":"ulqini","Est. reading time":"1 minute"},"schema":{"@context":"https:\/\/schema.org","@graph":[{"@type":"WebSite","@id":"https:\/\/www.visit-ulcinj.com\/blog\/#website","url":"https:\/\/www.visit-ulcinj.com\/blog\/","name":"Lajme nga Ulqini","description":"Lajme,Vijesti,Ulqini,Ulqin,Crna Gora,Mali i Zi","potentialAction":[{"@type":"SearchAction","target":{"@type":"EntryPoint","urlTemplate":"https:\/\/www.visit-ulcinj.com\/blog\/?s={search_term_string}"},"query-input":"required name=search_term_string"}],"inLanguage":"en-US"},{"@type":"ImageObject","inLanguage":"en-US","@id":"https:\/\/www.visit-ulcinj.com\/blog\/2017\/07\/26\/banoret-e-malit-te-brise-nuk-te-lejojne-deponimin-e-mbeturinave-ne-fshatin-tone\/#primaryimage","url":"https:\/\/www.visit-ulcinj.com\/blog\/wp-content\/uploads\/2017\/07\/Zoganje-Briska-Gora.jpg","contentUrl":"https:\/\/www.visit-ulcinj.com\/blog\/wp-content\/uploads\/2017\/07\/Zoganje-Briska-Gora.jpg","width":550,"height":366},{"@type":"WebPage","@id":"https:\/\/www.visit-ulcinj.com\/blog\/2017\/07\/26\/banoret-e-malit-te-brise-nuk-te-lejojne-deponimin-e-mbeturinave-ne-fshatin-tone\/#webpage","url":"https:\/\/www.visit-ulcinj.com\/blog\/2017\/07\/26\/banoret-e-malit-te-brise-nuk-te-lejojne-deponimin-e-mbeturinave-ne-fshatin-tone\/","name":"Banor\u00ebt e Malit t\u00eb Bris\u00eb: Nuk do t\u00eb lejojn\u00eb deponimin e mbeturinave n\u00eb fshatin ton\u00eb - Lajme nga Ulqini","isPartOf":{"@id":"https:\/\/www.visit-ulcinj.com\/blog\/#website"},"primaryImageOfPage":{"@id":"https:\/\/www.visit-ulcinj.com\/blog\/2017\/07\/26\/banoret-e-malit-te-brise-nuk-te-lejojne-deponimin-e-mbeturinave-ne-fshatin-tone\/#primaryimage"},"datePublished":"2017-07-26T19:33:51+00:00","dateModified":"2017-07-27T07:43:40+00:00","author":{"@id":"https:\/\/www.visit-ulcinj.com\/blog\/#\/schema\/person\/dcab619c614d3038751c63bc2aadc06d"},"description":"Kumtesa p\u00ebr opinion e grupit t\u00eb qytetar\u00ebve t\u00eb Malit t\u00eb Bris\u00eb. D\u00ebshirojm\u00eb t\u00eb njoftojm\u00eb opinionin, kryetarin e Komun\u00ebs dhe zot\u00ebri Doden q\u00eb banor\u00ebt e Malit","breadcrumb":{"@id":"https:\/\/www.visit-ulcinj.com\/blog\/2017\/07\/26\/banoret-e-malit-te-brise-nuk-te-lejojne-deponimin-e-mbeturinave-ne-fshatin-tone\/#breadcrumb"},"inLanguage":"en-US","potentialAction":[{"@type":"ReadAction","target":["https:\/\/www.visit-ulcinj.com\/blog\/2017\/07\/26\/banoret-e-malit-te-brise-nuk-te-lejojne-deponimin-e-mbeturinave-ne-fshatin-tone\/"]}]},{"@type":"BreadcrumbList","@id":"https:\/\/www.visit-ulcinj.com\/blog\/2017\/07\/26\/banoret-e-malit-te-brise-nuk-te-lejojne-deponimin-e-mbeturinave-ne-fshatin-tone\/#breadcrumb","itemListElement":[{"@type":"ListItem","position":1,"name":"Banor\u00ebt e Malit t\u00eb Bris\u00eb: Nuk do t\u00eb lejojn\u00eb deponimin e mbeturinave n\u00eb fshatin ton\u00eb"}]},{"@type":"Person","@id":"https:\/\/www.visit-ulcinj.com\/blog\/#\/schema\/person\/dcab619c614d3038751c63bc2aadc06d","name":"ulqini","sameAs":["http:\/\/www.visit-ulcinj.com"],"url":"https:\/\/www.visit-ulcinj.com\/blog\/author\/admin\/"}]}},"jetpack_featured_media_url":"","jetpack_sharing_enabled":true,"jetpack_shortlink":"https:\/\/wp.me\/pe6lTn-rGQ","_links":{"self":[{"href":"https:\/\/www.visit-ulcinj.com\/blog\/wp-json\/wp\/v2\/posts\/106444"}],"collection":[{"href":"https:\/\/www.visit-ulcinj.com\/blog\/wp-json\/wp\/v2\/posts"}],"about":[{"href":"https:\/\/www.visit-ulcinj.com\/blog\/wp-json\/wp\/v2\/types\/post"}],"author":[{"embeddable":true,"href":"https:\/\/www.visit-ulcinj.com\/blog\/wp-json\/wp\/v2\/users\/1"}],"replies":[{"embeddable":true,"href":"https:\/\/www.visit-ulcinj.com\/blog\/wp-json\/wp\/v2\/comments?post=106444"}],"version-history":[{"count":3,"href":"https:\/\/www.visit-ulcinj.com\/blog\/wp-json\/wp\/v2\/posts\/106444\/revisions"}],"predecessor-version":[{"id":106453,"href":"https:\/\/www.visit-ulcinj.com\/blog\/wp-json\/wp\/v2\/posts\/106444\/revisions\/106453"}],"wp:attachment":[{"href":"https:\/\/www.visit-ulcinj.com\/blog\/wp-json\/wp\/v2\/media?parent=106444"}],"wp:term":[{"taxonomy":"category","embeddable":true,"href":"https:\/\/www.visit-ulcinj.com\/blog\/wp-json\/wp\/v2\/categories?post=106444"},{"taxonomy":"post_tag","embeddable":true,"href":"https:\/\/www.visit-ulcinj.com\/blog\/wp-json\/wp\/v2\/tags?post=106444"}],"curies":[{"name":"wp","href":"https:\/\/api.w.org\/{rel}","templated":true}]}}