{"id":106451,"date":"2017-07-27T08:41:17","date_gmt":"2017-07-27T07:41:17","guid":{"rendered":"http:\/\/www.visit-ulcinj.com\/blog\/?p=106451"},"modified":"2017-07-27T09:17:48","modified_gmt":"2017-07-27T08:17:48","slug":"edicioni-25-te-manifestimit-letrar-kalimera-poetike-nga-2-4-gusht-programi","status":"publish","type":"post","link":"https:\/\/www.visit-ulcinj.com\/blog\/2017\/07\/27\/edicioni-25-te-manifestimit-letrar-kalimera-poetike-nga-2-4-gusht-programi\/","title":{"rendered":"Edicioni i 25-t\u00eb i manifestimit letrar \u201cKalimera Poetike\u201d nga 2-4 gusht &#8211; Programi"},"content":{"rendered":"<p><a href=\"http:\/\/www.visit-ulcinj.com\/blog\/wp-content\/uploads\/2016\/08\/kalimera-poetike.jpg\"><img loading=\"lazy\" class=\"alignleft wp-image-98874\" src=\"http:\/\/www.visit-ulcinj.com\/blog\/wp-content\/uploads\/2016\/08\/kalimera-poetike.jpg\" alt=\"\" width=\"508\" height=\"286\" srcset=\"https:\/\/www.visit-ulcinj.com\/blog\/wp-content\/uploads\/2016\/08\/kalimera-poetike.jpg 640w, https:\/\/www.visit-ulcinj.com\/blog\/wp-content\/uploads\/2016\/08\/kalimera-poetike-300x169.jpg 300w\" sizes=\"(max-width: 508px) 100vw, 508px\" \/><\/a>Shoqata e Artist\u00ebve dhe Intelektual\u00ebve \u201cArt Club\u201d do t\u00eb organizoj\u00eb m\u00eb 2-4 gusht 2017 n\u00eb mjediset e Muzeut n\u00eb Kalan\u00eb e Ulqinit edicionin e 25-t\u00eb t\u00eb manifestimit \u201cKalimera Poetike\u201d. Mysafir\u00eb t\u00eb k\u00ebtij edicioni jubilar jan\u00eb shkrimtar\u00ebt Bashkim Shehu nga Shqip\u00ebria (i cili jeton n\u00eb Spanj\u00eb), Jusuf Buxhovi nga Kosova dhe akademiku Zuvdija Hoxhiq nga Mali i Zi. Krahas mbr\u00ebmjeve autoriale me shkrimtar\u00ebt e ftuar, do t\u00eb hapet ekspozita e piktores Majlinda Kelmendi, si dhe do t\u00eb shfaqet filmi dokumentar mbi \u00e7erek shekullin e \u201cKalimer\u00ebs Poetike\u201d.<\/p>\n<p>Q\u00ebllimi kryesor i k\u00ebsaj veprimtarie \u00ebsht\u00eb t\u00eb promovoj\u00eb krijimtarin\u00eb m\u00eb t\u00eb mir\u00eb letrare shqiptare, por edhe ballkanike dhe t\u00eb huaj, n\u00eb m\u00ebnyr\u00eb q\u00eb ta b\u00ebj\u00eb at\u00eb t\u00eb njohur p\u00ebr publikun vendas dhe turist\u00ebt.<\/p>\n<p>\u201cKalimera Poetike\u201d vler\u00ebsohet si ngjarja m\u00eb e r\u00ebnd\u00ebsishme n\u00eb fush\u00ebn e let\u00ebrsis\u00eb nd\u00ebr shqiptar\u00ebt n\u00eb Mal t\u00eb Zi dhe m\u00eb gjer\u00eb. Duke pasur parasysh rrug\u00ebn e zhvillimit t\u00eb k\u00ebsaj veprimtarie nd\u00ebr vite, mund t\u00eb thuhet se \u201cKalimera Poetike\u201d \u00ebsht\u00eb shnd\u00ebrruar n\u00eb or\u00eb letrare akademike t\u00eb let\u00ebrsis\u00eb shqipe. Q\u00eb nga viti 2010, n\u00eb kuad\u00ebr t\u00eb k\u00ebtij manifestimi, p\u00ebrve\u00e7 me shkrimtar\u00eb shqiptar\u00eb, jan\u00eb organizuar mbr\u00ebmje autoriale edhe me shkrimtar\u00eb nga Mali i Zi, rajoni dhe m\u00eb gjer\u00eb, duke b\u00ebr\u00eb q\u00eb \u201cKalimera Poetike\u201d t\u00eb shnd\u00ebrrohet n\u00eb festival letrar me karakter rajonal dhe nd\u00ebrkomb\u00ebtar.<\/p>\n<p>\u201cKalimera Poetike\u201d organizohet rregullisht q\u00eb nga viti 1993 dhe e ka marr\u00eb emrin nga m\u00ebnyra e vjet\u00ebr e peshkimit n\u00ebp\u00ebrmjet kalimerave. Gjat\u00eb dit\u00ebve t\u00eb zhvillimit t\u00eb saj, Ulqini \u00ebsht\u00eb vendtakim i shkrimtar\u00ebve shqiptar\u00eb dhe atyre nga rajoni.<\/p>\n<p>&nbsp;<\/p>\n<p>&nbsp;<\/p>\n<p><em>Ulqin, m\u00eb 27. 07. 2017<\/em><\/p>\n<p>&nbsp;<\/p>\n<p><strong>\u201cKalimera Poetike\u201d 2017<\/strong><\/p>\n<p><em>\u00a0\u00a0\u00a0\u00a0\u00a0\u00a0\u00a0\u00a0\u00a0\u00a0\u00a0\u00a0\u00a0\u00a0\u00a0\u00a0\u00a0\u00a0\u00a0\u00a0\u00a0\u00a0\u00a0\u00a0\u00a0\u00a0\u00a0\u00a0 Edicioni i 25-t\u00eb<\/em><\/p>\n<p><strong>\u00a0\u00a0\u00a0\u00a0\u00a0\u00a0\u00a0\u00a0\u00a0\u00a0\u00a0\u00a0\u00a0\u00a0\u00a0\u00a0\u00a0\u00a0\u00a0\u00a0 ART FESTIVAL<\/strong><\/p>\n<p>(2-4 gusht 2017)<\/p>\n<p>&nbsp;<\/p>\n<p>&nbsp;<\/p>\n<p><strong>\u00a0\u00a0\u00a0\u00a0\u00a0\u00a0\u00a0\u00a0\u00a0\u00a0\u00a0\u00a0\u00a0\u00a0\u00a0\u00a0\u00a0\u00a0\u00a0\u00a0\u00a0\u00a0\u00a0\u00a0\u00a0\u00a0\u00a0\u00a0\u00a0\u00a0\u00a0\u00a0\u00a0\u00a0\u00a0\u00a0\u00a0\u00a0\u00a0\u00a0\u00a0\u00a0\u00a0\u00a0\u00a0\u00a0\u00a0\u00a0\u00a0\u00a0\u00a0\u00a0\u00a0 <\/strong><\/p>\n<p><strong><br \/>\n<\/strong><\/p>\n<p><strong>Programi<\/strong><\/p>\n<p><strong><br \/>\n<\/strong><\/p>\n<p><strong>\u00a0<\/strong><\/p>\n<p><strong>E M\u00cbRKUR\u00cb, 2 gusht 2017<\/strong><\/p>\n<p><em>\u00a0\u00a0\u00a0\u00a0 (Muzeu n\u00eb Kalan\u00eb e Ulqinit, ora 21.00) <\/em><\/p>\n<p>&nbsp;<\/p>\n<p><strong>Hapja e manifestimit <\/strong><\/p>\n<p>&nbsp;<\/p>\n<p><strong>Fjala p\u00ebrsh\u00ebndet\u00ebse <\/strong><\/p>\n<p>Ismet Kallaba, kryetar i SHAI \u201cArt Club\u201d<\/p>\n<p>&nbsp;<\/p>\n<p><strong>Film dokumentar <\/strong><\/p>\n<p>25 vite t\u00eb \u201cKalimer\u00ebs Poetike\u201d<\/p>\n<p><strong>\u00a0<\/strong><\/p>\n<p><strong>Mbr\u00ebmje autoriale <\/strong><\/p>\n<p>me shkrimtarin Bashkim Shehu<\/p>\n<p>&nbsp;<\/p>\n<p><strong>Flet p\u00ebr krijimtarin\u00eb e autorit<\/strong><\/p>\n<p>Ben Andoni, publicist dhe p\u00ebrkthyes<\/p>\n<p>&nbsp;<\/p>\n<p><strong>Moderator: <\/strong><\/p>\n<p>Dr. Basri \u00c7apriqi<\/p>\n<p><strong>\u00a0<\/strong><\/p>\n<p><strong>\u00a0<\/strong><\/p>\n<p><strong>E ENJTE, 3 gusht 2017<\/strong><\/p>\n<p><em>\u00a0\u00a0\u00a0\u00a0 (Galeria \u201cKulla e Balshajve\u201d, ora 21.00)<\/em><\/p>\n<p><strong>\u00a0<\/strong><\/p>\n<p><strong>Ekspozit\u00eb figurative \u201c<\/strong><strong>Red Essence\u201d<\/strong><\/p>\n<p>e piktores Majlinda Kelmendi<\/p>\n<p>&nbsp;<\/p>\n<p><strong>Fjala e hapjes <\/strong><\/p>\n<p>Qazim Muja, piktor<\/p>\n<p>&nbsp;<\/p>\n<p><em>\u00a0\u00a0\u00a0\u00a0 (Muzeu n\u00eb Kalan\u00eb e Ulqinit, ora 21.30) <\/em><\/p>\n<p><strong>Mbr\u00ebmje autoriale <\/strong><\/p>\n<p>me shkrimtarin Zuvdija Hoxhiq (akademik)<\/p>\n<p>&nbsp;<\/p>\n<p><strong>Flet p\u00ebr krijimtarin\u00eb e autorit<\/strong><\/p>\n<p>Dimitrov Popoviq, studiues i let\u00ebrsis\u00eb<\/p>\n<p>&nbsp;<\/p>\n<p><strong>Moderator: <\/strong><\/p>\n<p>Muzafer \u00c7aushi<\/p>\n<p><strong>\u00a0<\/strong><\/p>\n<p><strong>\u00a0<\/strong><\/p>\n<p><strong>E PREMTE, 4 gusht 2017 <\/strong><\/p>\n<p><em>\u00a0\u00a0\u00a0\u00a0 (Muzeu n\u00eb Kalan\u00eb e Ulqinit, ora 21.00)<\/em><\/p>\n<p>&nbsp;<\/p>\n<p><strong>Mbr\u00ebmje autoriale\u00a0 <\/strong><\/p>\n<p>me shkrimtarin Jusuf Buxhovi<\/p>\n<p>&nbsp;<\/p>\n<p><strong>Flet p\u00ebr krijimtarin\u00eb e autorit<\/strong><\/p>\n<p>Ramadan Musliu, kritik letrar<\/p>\n<p><strong><u>\u00a0<\/u><\/strong><\/p>\n<p><strong>Moderator: <\/strong><\/p>\n<p>Dr. Anton Berishaj<\/p>\n<p>&nbsp;<\/p>\n<p><strong>Mbyllja e manifestimit<\/strong><\/p>\n<p>&nbsp;<\/p>\n","protected":false},"excerpt":{"rendered":"<p>Shoqata e Artist\u00ebve dhe Intelektual\u00ebve \u201cArt Club\u201d do t\u00eb organizoj\u00eb m\u00eb 2-4 gusht 2017 n\u00eb mjediset e Muzeut n\u00eb Kalan\u00eb e Ulqinit edicionin e 25-t\u00eb t\u00eb manifestimit \u201cKalimera Poetike\u201d. Mysafir\u00eb t\u00eb k\u00ebtij edicioni jubilar jan\u00eb shkrimtar\u00ebt Bashkim Shehu nga Shqip\u00ebria (i cili jeton n\u00eb Spanj\u00eb), Jusuf Buxhovi nga Kosova dhe akademiku Zuvdija Hoxhiq nga Mali [&hellip;]<\/p>\n","protected":false},"author":1,"featured_media":0,"comment_status":"closed","ping_status":"closed","sticky":false,"template":"","format":"standard","meta":{"spay_email":"","jetpack_publicize_message":"","jetpack_is_tweetstorm":false,"jetpack_publicize_feature_enabled":true},"categories":[4,1],"tags":[],"jetpack_publicize_connections":[],"yoast_head":"<!-- This site is optimized with the Yoast SEO plugin v19.1 - https:\/\/yoast.com\/wordpress\/plugins\/seo\/ -->\n<title>Edicioni i 25-t\u00eb i manifestimit letrar \u201cKalimera Poetike\u201d nga 2-4 gusht - Programi - Lajme nga Ulqini<\/title>\n<meta name=\"description\" content=\"Shoqata e Artist\u00ebve dhe Intelektual\u00ebve \u201cArt Club\u201d do t\u00eb organizoj\u00eb m\u00eb 2-4 gusht 2017 n\u00eb mjediset e Muzeut n\u00eb Kalan\u00eb e Ulqinit edicionin e 25-t\u00eb t\u00eb\" \/>\n<meta name=\"robots\" content=\"index, follow, max-snippet:-1, max-image-preview:large, max-video-preview:-1\" \/>\n<link rel=\"canonical\" href=\"https:\/\/www.visit-ulcinj.com\/blog\/2017\/07\/27\/edicioni-25-te-manifestimit-letrar-kalimera-poetike-nga-2-4-gusht-programi\/\" \/>\n<meta property=\"og:locale\" content=\"en_US\" \/>\n<meta property=\"og:type\" content=\"article\" \/>\n<meta property=\"og:title\" content=\"Edicioni i 25-t\u00eb i manifestimit letrar \u201cKalimera Poetike\u201d nga 2-4 gusht - Programi - Lajme nga Ulqini\" \/>\n<meta property=\"og:description\" content=\"Shoqata e Artist\u00ebve dhe Intelektual\u00ebve \u201cArt Club\u201d do t\u00eb organizoj\u00eb m\u00eb 2-4 gusht 2017 n\u00eb mjediset e Muzeut n\u00eb Kalan\u00eb e Ulqinit edicionin e 25-t\u00eb t\u00eb\" \/>\n<meta property=\"og:url\" content=\"https:\/\/www.visit-ulcinj.com\/blog\/2017\/07\/27\/edicioni-25-te-manifestimit-letrar-kalimera-poetike-nga-2-4-gusht-programi\/\" \/>\n<meta property=\"og:site_name\" content=\"Lajme nga Ulqini\" \/>\n<meta property=\"article:published_time\" content=\"2017-07-27T07:41:17+00:00\" \/>\n<meta property=\"article:modified_time\" content=\"2017-07-27T08:17:48+00:00\" \/>\n<meta property=\"og:image\" content=\"http:\/\/www.visit-ulcinj.com\/blog\/wp-content\/uploads\/2016\/08\/kalimera-poetike.jpg\" \/>\n<meta name=\"twitter:label1\" content=\"Written by\" \/>\n\t<meta name=\"twitter:data1\" content=\"ulqini\" \/>\n\t<meta name=\"twitter:label2\" content=\"Est. reading time\" \/>\n\t<meta name=\"twitter:data2\" content=\"2 minutes\" \/>\n<script type=\"application\/ld+json\" class=\"yoast-schema-graph\">{\"@context\":\"https:\/\/schema.org\",\"@graph\":[{\"@type\":\"WebSite\",\"@id\":\"https:\/\/www.visit-ulcinj.com\/blog\/#website\",\"url\":\"https:\/\/www.visit-ulcinj.com\/blog\/\",\"name\":\"Lajme nga Ulqini\",\"description\":\"Lajme,Vijesti,Ulqini,Ulqin,Crna Gora,Mali i Zi\",\"potentialAction\":[{\"@type\":\"SearchAction\",\"target\":{\"@type\":\"EntryPoint\",\"urlTemplate\":\"https:\/\/www.visit-ulcinj.com\/blog\/?s={search_term_string}\"},\"query-input\":\"required name=search_term_string\"}],\"inLanguage\":\"en-US\"},{\"@type\":\"ImageObject\",\"inLanguage\":\"en-US\",\"@id\":\"https:\/\/www.visit-ulcinj.com\/blog\/2017\/07\/27\/edicioni-25-te-manifestimit-letrar-kalimera-poetike-nga-2-4-gusht-programi\/#primaryimage\",\"url\":\"https:\/\/www.visit-ulcinj.com\/blog\/wp-content\/uploads\/2016\/08\/kalimera-poetike.jpg\",\"contentUrl\":\"https:\/\/www.visit-ulcinj.com\/blog\/wp-content\/uploads\/2016\/08\/kalimera-poetike.jpg\",\"width\":640,\"height\":360},{\"@type\":\"WebPage\",\"@id\":\"https:\/\/www.visit-ulcinj.com\/blog\/2017\/07\/27\/edicioni-25-te-manifestimit-letrar-kalimera-poetike-nga-2-4-gusht-programi\/#webpage\",\"url\":\"https:\/\/www.visit-ulcinj.com\/blog\/2017\/07\/27\/edicioni-25-te-manifestimit-letrar-kalimera-poetike-nga-2-4-gusht-programi\/\",\"name\":\"Edicioni i 25-t\u00eb i manifestimit letrar \u201cKalimera Poetike\u201d nga 2-4 gusht - Programi - Lajme nga Ulqini\",\"isPartOf\":{\"@id\":\"https:\/\/www.visit-ulcinj.com\/blog\/#website\"},\"primaryImageOfPage\":{\"@id\":\"https:\/\/www.visit-ulcinj.com\/blog\/2017\/07\/27\/edicioni-25-te-manifestimit-letrar-kalimera-poetike-nga-2-4-gusht-programi\/#primaryimage\"},\"datePublished\":\"2017-07-27T07:41:17+00:00\",\"dateModified\":\"2017-07-27T08:17:48+00:00\",\"author\":{\"@id\":\"https:\/\/www.visit-ulcinj.com\/blog\/#\/schema\/person\/dcab619c614d3038751c63bc2aadc06d\"},\"description\":\"Shoqata e Artist\u00ebve dhe Intelektual\u00ebve \u201cArt Club\u201d do t\u00eb organizoj\u00eb m\u00eb 2-4 gusht 2017 n\u00eb mjediset e Muzeut n\u00eb Kalan\u00eb e Ulqinit edicionin e 25-t\u00eb t\u00eb\",\"breadcrumb\":{\"@id\":\"https:\/\/www.visit-ulcinj.com\/blog\/2017\/07\/27\/edicioni-25-te-manifestimit-letrar-kalimera-poetike-nga-2-4-gusht-programi\/#breadcrumb\"},\"inLanguage\":\"en-US\",\"potentialAction\":[{\"@type\":\"ReadAction\",\"target\":[\"https:\/\/www.visit-ulcinj.com\/blog\/2017\/07\/27\/edicioni-25-te-manifestimit-letrar-kalimera-poetike-nga-2-4-gusht-programi\/\"]}]},{\"@type\":\"BreadcrumbList\",\"@id\":\"https:\/\/www.visit-ulcinj.com\/blog\/2017\/07\/27\/edicioni-25-te-manifestimit-letrar-kalimera-poetike-nga-2-4-gusht-programi\/#breadcrumb\",\"itemListElement\":[{\"@type\":\"ListItem\",\"position\":1,\"name\":\"Edicioni i 25-t\u00eb i manifestimit letrar \u201cKalimera Poetike\u201d nga 2-4 gusht &#8211; Programi\"}]},{\"@type\":\"Person\",\"@id\":\"https:\/\/www.visit-ulcinj.com\/blog\/#\/schema\/person\/dcab619c614d3038751c63bc2aadc06d\",\"name\":\"ulqini\",\"sameAs\":[\"http:\/\/www.visit-ulcinj.com\"],\"url\":\"https:\/\/www.visit-ulcinj.com\/blog\/author\/admin\/\"}]}<\/script>\n<!-- \/ Yoast SEO plugin. -->","yoast_head_json":{"title":"Edicioni i 25-t\u00eb i manifestimit letrar \u201cKalimera Poetike\u201d nga 2-4 gusht - Programi - Lajme nga Ulqini","description":"Shoqata e Artist\u00ebve dhe Intelektual\u00ebve \u201cArt Club\u201d do t\u00eb organizoj\u00eb m\u00eb 2-4 gusht 2017 n\u00eb mjediset e Muzeut n\u00eb Kalan\u00eb e Ulqinit edicionin e 25-t\u00eb t\u00eb","robots":{"index":"index","follow":"follow","max-snippet":"max-snippet:-1","max-image-preview":"max-image-preview:large","max-video-preview":"max-video-preview:-1"},"canonical":"https:\/\/www.visit-ulcinj.com\/blog\/2017\/07\/27\/edicioni-25-te-manifestimit-letrar-kalimera-poetike-nga-2-4-gusht-programi\/","og_locale":"en_US","og_type":"article","og_title":"Edicioni i 25-t\u00eb i manifestimit letrar \u201cKalimera Poetike\u201d nga 2-4 gusht - Programi - Lajme nga Ulqini","og_description":"Shoqata e Artist\u00ebve dhe Intelektual\u00ebve \u201cArt Club\u201d do t\u00eb organizoj\u00eb m\u00eb 2-4 gusht 2017 n\u00eb mjediset e Muzeut n\u00eb Kalan\u00eb e Ulqinit edicionin e 25-t\u00eb t\u00eb","og_url":"https:\/\/www.visit-ulcinj.com\/blog\/2017\/07\/27\/edicioni-25-te-manifestimit-letrar-kalimera-poetike-nga-2-4-gusht-programi\/","og_site_name":"Lajme nga Ulqini","article_published_time":"2017-07-27T07:41:17+00:00","article_modified_time":"2017-07-27T08:17:48+00:00","og_image":[{"url":"http:\/\/www.visit-ulcinj.com\/blog\/wp-content\/uploads\/2016\/08\/kalimera-poetike.jpg"}],"twitter_misc":{"Written by":"ulqini","Est. reading time":"2 minutes"},"schema":{"@context":"https:\/\/schema.org","@graph":[{"@type":"WebSite","@id":"https:\/\/www.visit-ulcinj.com\/blog\/#website","url":"https:\/\/www.visit-ulcinj.com\/blog\/","name":"Lajme nga Ulqini","description":"Lajme,Vijesti,Ulqini,Ulqin,Crna Gora,Mali i Zi","potentialAction":[{"@type":"SearchAction","target":{"@type":"EntryPoint","urlTemplate":"https:\/\/www.visit-ulcinj.com\/blog\/?s={search_term_string}"},"query-input":"required name=search_term_string"}],"inLanguage":"en-US"},{"@type":"ImageObject","inLanguage":"en-US","@id":"https:\/\/www.visit-ulcinj.com\/blog\/2017\/07\/27\/edicioni-25-te-manifestimit-letrar-kalimera-poetike-nga-2-4-gusht-programi\/#primaryimage","url":"https:\/\/www.visit-ulcinj.com\/blog\/wp-content\/uploads\/2016\/08\/kalimera-poetike.jpg","contentUrl":"https:\/\/www.visit-ulcinj.com\/blog\/wp-content\/uploads\/2016\/08\/kalimera-poetike.jpg","width":640,"height":360},{"@type":"WebPage","@id":"https:\/\/www.visit-ulcinj.com\/blog\/2017\/07\/27\/edicioni-25-te-manifestimit-letrar-kalimera-poetike-nga-2-4-gusht-programi\/#webpage","url":"https:\/\/www.visit-ulcinj.com\/blog\/2017\/07\/27\/edicioni-25-te-manifestimit-letrar-kalimera-poetike-nga-2-4-gusht-programi\/","name":"Edicioni i 25-t\u00eb i manifestimit letrar \u201cKalimera Poetike\u201d nga 2-4 gusht - Programi - Lajme nga Ulqini","isPartOf":{"@id":"https:\/\/www.visit-ulcinj.com\/blog\/#website"},"primaryImageOfPage":{"@id":"https:\/\/www.visit-ulcinj.com\/blog\/2017\/07\/27\/edicioni-25-te-manifestimit-letrar-kalimera-poetike-nga-2-4-gusht-programi\/#primaryimage"},"datePublished":"2017-07-27T07:41:17+00:00","dateModified":"2017-07-27T08:17:48+00:00","author":{"@id":"https:\/\/www.visit-ulcinj.com\/blog\/#\/schema\/person\/dcab619c614d3038751c63bc2aadc06d"},"description":"Shoqata e Artist\u00ebve dhe Intelektual\u00ebve \u201cArt Club\u201d do t\u00eb organizoj\u00eb m\u00eb 2-4 gusht 2017 n\u00eb mjediset e Muzeut n\u00eb Kalan\u00eb e Ulqinit edicionin e 25-t\u00eb t\u00eb","breadcrumb":{"@id":"https:\/\/www.visit-ulcinj.com\/blog\/2017\/07\/27\/edicioni-25-te-manifestimit-letrar-kalimera-poetike-nga-2-4-gusht-programi\/#breadcrumb"},"inLanguage":"en-US","potentialAction":[{"@type":"ReadAction","target":["https:\/\/www.visit-ulcinj.com\/blog\/2017\/07\/27\/edicioni-25-te-manifestimit-letrar-kalimera-poetike-nga-2-4-gusht-programi\/"]}]},{"@type":"BreadcrumbList","@id":"https:\/\/www.visit-ulcinj.com\/blog\/2017\/07\/27\/edicioni-25-te-manifestimit-letrar-kalimera-poetike-nga-2-4-gusht-programi\/#breadcrumb","itemListElement":[{"@type":"ListItem","position":1,"name":"Edicioni i 25-t\u00eb i manifestimit letrar \u201cKalimera Poetike\u201d nga 2-4 gusht &#8211; Programi"}]},{"@type":"Person","@id":"https:\/\/www.visit-ulcinj.com\/blog\/#\/schema\/person\/dcab619c614d3038751c63bc2aadc06d","name":"ulqini","sameAs":["http:\/\/www.visit-ulcinj.com"],"url":"https:\/\/www.visit-ulcinj.com\/blog\/author\/admin\/"}]}},"jetpack_featured_media_url":"","jetpack_sharing_enabled":true,"jetpack_shortlink":"https:\/\/wp.me\/pe6lTn-rGX","_links":{"self":[{"href":"https:\/\/www.visit-ulcinj.com\/blog\/wp-json\/wp\/v2\/posts\/106451"}],"collection":[{"href":"https:\/\/www.visit-ulcinj.com\/blog\/wp-json\/wp\/v2\/posts"}],"about":[{"href":"https:\/\/www.visit-ulcinj.com\/blog\/wp-json\/wp\/v2\/types\/post"}],"author":[{"embeddable":true,"href":"https:\/\/www.visit-ulcinj.com\/blog\/wp-json\/wp\/v2\/users\/1"}],"replies":[{"embeddable":true,"href":"https:\/\/www.visit-ulcinj.com\/blog\/wp-json\/wp\/v2\/comments?post=106451"}],"version-history":[{"count":1,"href":"https:\/\/www.visit-ulcinj.com\/blog\/wp-json\/wp\/v2\/posts\/106451\/revisions"}],"predecessor-version":[{"id":106452,"href":"https:\/\/www.visit-ulcinj.com\/blog\/wp-json\/wp\/v2\/posts\/106451\/revisions\/106452"}],"wp:attachment":[{"href":"https:\/\/www.visit-ulcinj.com\/blog\/wp-json\/wp\/v2\/media?parent=106451"}],"wp:term":[{"taxonomy":"category","embeddable":true,"href":"https:\/\/www.visit-ulcinj.com\/blog\/wp-json\/wp\/v2\/categories?post=106451"},{"taxonomy":"post_tag","embeddable":true,"href":"https:\/\/www.visit-ulcinj.com\/blog\/wp-json\/wp\/v2\/tags?post=106451"}],"curies":[{"name":"wp","href":"https:\/\/api.w.org\/{rel}","templated":true}]}}