{"id":106457,"date":"2017-07-27T09:15:17","date_gmt":"2017-07-27T08:15:17","guid":{"rendered":"http:\/\/www.visit-ulcinj.com\/blog\/?p=106457"},"modified":"2017-07-31T11:40:07","modified_gmt":"2017-07-31T10:40:07","slug":"zgjedhjet-lokale-ne-ulqin-te-mbahen-ne-nentor-2017","status":"publish","type":"post","link":"https:\/\/www.visit-ulcinj.com\/blog\/2017\/07\/27\/zgjedhjet-lokale-ne-ulqin-te-mbahen-ne-nentor-2017\/","title":{"rendered":"Zgjedhjet lokale n\u00eb Ulqin do t\u00eb mbahen n\u00eb n\u00ebntor 2017"},"content":{"rendered":"<p><a href=\"http:\/\/www.visit-ulcinj.com\/blog\/wp-content\/uploads\/2016\/10\/Nazif-Cungu-voton-s\u00eb-bashku-me-familjen-3.jpg\"><img loading=\"lazy\" class=\"alignleft wp-image-100315\" src=\"http:\/\/www.visit-ulcinj.com\/blog\/wp-content\/uploads\/2016\/10\/Nazif-Cungu-voton-s\u00eb-bashku-me-familjen-3.jpg\" alt=\"\" width=\"508\" height=\"339\" srcset=\"https:\/\/www.visit-ulcinj.com\/blog\/wp-content\/uploads\/2016\/10\/Nazif-Cungu-voton-s\u00eb-bashku-me-familjen-3.jpg 960w, https:\/\/www.visit-ulcinj.com\/blog\/wp-content\/uploads\/2016\/10\/Nazif-Cungu-voton-s\u00eb-bashku-me-familjen-3-300x200.jpg 300w, https:\/\/www.visit-ulcinj.com\/blog\/wp-content\/uploads\/2016\/10\/Nazif-Cungu-voton-s\u00eb-bashku-me-familjen-3-768x512.jpg 768w\" sizes=\"(max-width: 508px) 100vw, 508px\" \/><\/a>N\u00eb vjesht\u00eb konkretisht n\u00eb n\u00ebntor t\u00eb k\u00ebtij viti, pritet t\u00eb mbahen zgjedhjet lokale n\u00eb vendin ton\u00eb, raporton gazeta &#8220;DAN&#8221;.<\/p>\n<p>Udh\u00ebheq\u00ebsit e partive qeveris\u00ebse n\u00eb Ulqin kan\u00eb r\u00ebn\u00eb dakord q\u00eb zgjedhjet lokale t\u00eb mbahen n\u00eb muajin n\u00ebntor, shkruan gazeta Dan. N\u00eb takimin q\u00eb \u00ebsht\u00eb mbajtur t\u00eb h\u00ebn\u00ebn mbr\u00ebma ka marr\u00eb pjes\u00eb edhe drejtori politik i Partis\u00eb Demokratike t\u00eb Socialist\u00ebve <strong>Tarzan Millosheviq<\/strong> dhe antari i kryesis\u00eb Halil Dukoviq.<\/p>\n<p>N\u00eb n\u00ebntor do t\u00eb mbahen edhe zgjedhjet lokale n\u00eb Cetin\u00eb , Mojkovac dhe Petnjic\u00eb. Nga burime jozyrtare m\u00ebsohet se vendimi p\u00ebr shkurtimin e mandatit t\u00eb Kuvendit do t\u00eb sillet n\u00eb muajin shtator, raporton portali TV TEUTA.<\/p>\n","protected":false},"excerpt":{"rendered":"<p>N\u00eb vjesht\u00eb konkretisht n\u00eb n\u00ebntor t\u00eb k\u00ebtij viti, pritet t\u00eb mbahen zgjedhjet lokale n\u00eb vendin ton\u00eb, raporton gazeta &#8220;DAN&#8221;. Udh\u00ebheq\u00ebsit e partive qeveris\u00ebse n\u00eb Ulqin kan\u00eb r\u00ebn\u00eb dakord q\u00eb zgjedhjet lokale t\u00eb mbahen n\u00eb muajin n\u00ebntor, shkruan gazeta Dan. N\u00eb takimin q\u00eb \u00ebsht\u00eb mbajtur t\u00eb h\u00ebn\u00ebn mbr\u00ebma ka marr\u00eb pjes\u00eb edhe drejtori politik i Partis\u00eb [&hellip;]<\/p>\n","protected":false},"author":1,"featured_media":0,"comment_status":"closed","ping_status":"closed","sticky":false,"template":"","format":"standard","meta":{"spay_email":"","jetpack_publicize_message":"","jetpack_is_tweetstorm":false,"jetpack_publicize_feature_enabled":true},"categories":[1,6],"tags":[],"jetpack_publicize_connections":[],"yoast_head":"<!-- This site is optimized with the Yoast SEO plugin v19.1 - https:\/\/yoast.com\/wordpress\/plugins\/seo\/ -->\n<title>Zgjedhjet lokale n\u00eb Ulqin do t\u00eb mbahen n\u00eb n\u00ebntor 2017 - Lajme nga Ulqini<\/title>\n<meta name=\"description\" content=\"N\u00eb vjesht\u00eb konkretisht n\u00eb n\u00ebntor t\u00eb k\u00ebtij viti, pritet t\u00eb mbahen zgjedhjet lokale n\u00eb vendin ton\u00eb, raporton gazeta &quot;DAN&quot;. Udh\u00ebheq\u00ebsit e partive qeveris\u00ebse\" \/>\n<meta name=\"robots\" content=\"index, follow, max-snippet:-1, max-image-preview:large, max-video-preview:-1\" \/>\n<link rel=\"canonical\" href=\"https:\/\/www.visit-ulcinj.com\/blog\/2017\/07\/27\/zgjedhjet-lokale-ne-ulqin-te-mbahen-ne-nentor-2017\/\" \/>\n<meta property=\"og:locale\" content=\"en_US\" \/>\n<meta property=\"og:type\" content=\"article\" \/>\n<meta property=\"og:title\" content=\"Zgjedhjet lokale n\u00eb Ulqin do t\u00eb mbahen n\u00eb n\u00ebntor 2017 - Lajme nga Ulqini\" \/>\n<meta property=\"og:description\" content=\"N\u00eb vjesht\u00eb konkretisht n\u00eb n\u00ebntor t\u00eb k\u00ebtij viti, pritet t\u00eb mbahen zgjedhjet lokale n\u00eb vendin ton\u00eb, raporton gazeta &quot;DAN&quot;. Udh\u00ebheq\u00ebsit e partive qeveris\u00ebse\" \/>\n<meta property=\"og:url\" content=\"https:\/\/www.visit-ulcinj.com\/blog\/2017\/07\/27\/zgjedhjet-lokale-ne-ulqin-te-mbahen-ne-nentor-2017\/\" \/>\n<meta property=\"og:site_name\" content=\"Lajme nga Ulqini\" \/>\n<meta property=\"article:published_time\" content=\"2017-07-27T08:15:17+00:00\" \/>\n<meta property=\"article:modified_time\" content=\"2017-07-31T10:40:07+00:00\" \/>\n<meta name=\"twitter:label1\" content=\"Written by\" \/>\n\t<meta name=\"twitter:data1\" content=\"ulqini\" \/>\n\t<meta name=\"twitter:label2\" content=\"Est. reading time\" \/>\n\t<meta name=\"twitter:data2\" content=\"1 minute\" \/>\n<script type=\"application\/ld+json\" class=\"yoast-schema-graph\">{\"@context\":\"https:\/\/schema.org\",\"@graph\":[{\"@type\":\"WebSite\",\"@id\":\"https:\/\/www.visit-ulcinj.com\/blog\/#website\",\"url\":\"https:\/\/www.visit-ulcinj.com\/blog\/\",\"name\":\"Lajme nga Ulqini\",\"description\":\"Lajme,Vijesti,Ulqini,Ulqin,Crna Gora,Mali i Zi\",\"potentialAction\":[{\"@type\":\"SearchAction\",\"target\":{\"@type\":\"EntryPoint\",\"urlTemplate\":\"https:\/\/www.visit-ulcinj.com\/blog\/?s={search_term_string}\"},\"query-input\":\"required name=search_term_string\"}],\"inLanguage\":\"en-US\"},{\"@type\":\"WebPage\",\"@id\":\"https:\/\/www.visit-ulcinj.com\/blog\/2017\/07\/27\/zgjedhjet-lokale-ne-ulqin-te-mbahen-ne-nentor-2017\/#webpage\",\"url\":\"https:\/\/www.visit-ulcinj.com\/blog\/2017\/07\/27\/zgjedhjet-lokale-ne-ulqin-te-mbahen-ne-nentor-2017\/\",\"name\":\"Zgjedhjet lokale n\u00eb Ulqin do t\u00eb mbahen n\u00eb n\u00ebntor 2017 - Lajme nga Ulqini\",\"isPartOf\":{\"@id\":\"https:\/\/www.visit-ulcinj.com\/blog\/#website\"},\"datePublished\":\"2017-07-27T08:15:17+00:00\",\"dateModified\":\"2017-07-31T10:40:07+00:00\",\"author\":{\"@id\":\"https:\/\/www.visit-ulcinj.com\/blog\/#\/schema\/person\/dcab619c614d3038751c63bc2aadc06d\"},\"description\":\"N\u00eb vjesht\u00eb konkretisht n\u00eb n\u00ebntor t\u00eb k\u00ebtij viti, pritet t\u00eb mbahen zgjedhjet lokale n\u00eb vendin ton\u00eb, raporton gazeta \\\"DAN\\\". Udh\u00ebheq\u00ebsit e partive qeveris\u00ebse\",\"breadcrumb\":{\"@id\":\"https:\/\/www.visit-ulcinj.com\/blog\/2017\/07\/27\/zgjedhjet-lokale-ne-ulqin-te-mbahen-ne-nentor-2017\/#breadcrumb\"},\"inLanguage\":\"en-US\",\"potentialAction\":[{\"@type\":\"ReadAction\",\"target\":[\"https:\/\/www.visit-ulcinj.com\/blog\/2017\/07\/27\/zgjedhjet-lokale-ne-ulqin-te-mbahen-ne-nentor-2017\/\"]}]},{\"@type\":\"BreadcrumbList\",\"@id\":\"https:\/\/www.visit-ulcinj.com\/blog\/2017\/07\/27\/zgjedhjet-lokale-ne-ulqin-te-mbahen-ne-nentor-2017\/#breadcrumb\",\"itemListElement\":[{\"@type\":\"ListItem\",\"position\":1,\"name\":\"Zgjedhjet lokale n\u00eb Ulqin do t\u00eb mbahen n\u00eb n\u00ebntor 2017\"}]},{\"@type\":\"Person\",\"@id\":\"https:\/\/www.visit-ulcinj.com\/blog\/#\/schema\/person\/dcab619c614d3038751c63bc2aadc06d\",\"name\":\"ulqini\",\"sameAs\":[\"http:\/\/www.visit-ulcinj.com\"],\"url\":\"https:\/\/www.visit-ulcinj.com\/blog\/author\/admin\/\"}]}<\/script>\n<!-- \/ Yoast SEO plugin. -->","yoast_head_json":{"title":"Zgjedhjet lokale n\u00eb Ulqin do t\u00eb mbahen n\u00eb n\u00ebntor 2017 - Lajme nga Ulqini","description":"N\u00eb vjesht\u00eb konkretisht n\u00eb n\u00ebntor t\u00eb k\u00ebtij viti, pritet t\u00eb mbahen zgjedhjet lokale n\u00eb vendin ton\u00eb, raporton gazeta \"DAN\". Udh\u00ebheq\u00ebsit e partive qeveris\u00ebse","robots":{"index":"index","follow":"follow","max-snippet":"max-snippet:-1","max-image-preview":"max-image-preview:large","max-video-preview":"max-video-preview:-1"},"canonical":"https:\/\/www.visit-ulcinj.com\/blog\/2017\/07\/27\/zgjedhjet-lokale-ne-ulqin-te-mbahen-ne-nentor-2017\/","og_locale":"en_US","og_type":"article","og_title":"Zgjedhjet lokale n\u00eb Ulqin do t\u00eb mbahen n\u00eb n\u00ebntor 2017 - Lajme nga Ulqini","og_description":"N\u00eb vjesht\u00eb konkretisht n\u00eb n\u00ebntor t\u00eb k\u00ebtij viti, pritet t\u00eb mbahen zgjedhjet lokale n\u00eb vendin ton\u00eb, raporton gazeta \"DAN\". Udh\u00ebheq\u00ebsit e partive qeveris\u00ebse","og_url":"https:\/\/www.visit-ulcinj.com\/blog\/2017\/07\/27\/zgjedhjet-lokale-ne-ulqin-te-mbahen-ne-nentor-2017\/","og_site_name":"Lajme nga Ulqini","article_published_time":"2017-07-27T08:15:17+00:00","article_modified_time":"2017-07-31T10:40:07+00:00","twitter_misc":{"Written by":"ulqini","Est. reading time":"1 minute"},"schema":{"@context":"https:\/\/schema.org","@graph":[{"@type":"WebSite","@id":"https:\/\/www.visit-ulcinj.com\/blog\/#website","url":"https:\/\/www.visit-ulcinj.com\/blog\/","name":"Lajme nga Ulqini","description":"Lajme,Vijesti,Ulqini,Ulqin,Crna Gora,Mali i Zi","potentialAction":[{"@type":"SearchAction","target":{"@type":"EntryPoint","urlTemplate":"https:\/\/www.visit-ulcinj.com\/blog\/?s={search_term_string}"},"query-input":"required name=search_term_string"}],"inLanguage":"en-US"},{"@type":"WebPage","@id":"https:\/\/www.visit-ulcinj.com\/blog\/2017\/07\/27\/zgjedhjet-lokale-ne-ulqin-te-mbahen-ne-nentor-2017\/#webpage","url":"https:\/\/www.visit-ulcinj.com\/blog\/2017\/07\/27\/zgjedhjet-lokale-ne-ulqin-te-mbahen-ne-nentor-2017\/","name":"Zgjedhjet lokale n\u00eb Ulqin do t\u00eb mbahen n\u00eb n\u00ebntor 2017 - Lajme nga Ulqini","isPartOf":{"@id":"https:\/\/www.visit-ulcinj.com\/blog\/#website"},"datePublished":"2017-07-27T08:15:17+00:00","dateModified":"2017-07-31T10:40:07+00:00","author":{"@id":"https:\/\/www.visit-ulcinj.com\/blog\/#\/schema\/person\/dcab619c614d3038751c63bc2aadc06d"},"description":"N\u00eb vjesht\u00eb konkretisht n\u00eb n\u00ebntor t\u00eb k\u00ebtij viti, pritet t\u00eb mbahen zgjedhjet lokale n\u00eb vendin ton\u00eb, raporton gazeta \"DAN\". Udh\u00ebheq\u00ebsit e partive qeveris\u00ebse","breadcrumb":{"@id":"https:\/\/www.visit-ulcinj.com\/blog\/2017\/07\/27\/zgjedhjet-lokale-ne-ulqin-te-mbahen-ne-nentor-2017\/#breadcrumb"},"inLanguage":"en-US","potentialAction":[{"@type":"ReadAction","target":["https:\/\/www.visit-ulcinj.com\/blog\/2017\/07\/27\/zgjedhjet-lokale-ne-ulqin-te-mbahen-ne-nentor-2017\/"]}]},{"@type":"BreadcrumbList","@id":"https:\/\/www.visit-ulcinj.com\/blog\/2017\/07\/27\/zgjedhjet-lokale-ne-ulqin-te-mbahen-ne-nentor-2017\/#breadcrumb","itemListElement":[{"@type":"ListItem","position":1,"name":"Zgjedhjet lokale n\u00eb Ulqin do t\u00eb mbahen n\u00eb n\u00ebntor 2017"}]},{"@type":"Person","@id":"https:\/\/www.visit-ulcinj.com\/blog\/#\/schema\/person\/dcab619c614d3038751c63bc2aadc06d","name":"ulqini","sameAs":["http:\/\/www.visit-ulcinj.com"],"url":"https:\/\/www.visit-ulcinj.com\/blog\/author\/admin\/"}]}},"jetpack_featured_media_url":"","jetpack_sharing_enabled":true,"jetpack_shortlink":"https:\/\/wp.me\/pe6lTn-rH3","_links":{"self":[{"href":"https:\/\/www.visit-ulcinj.com\/blog\/wp-json\/wp\/v2\/posts\/106457"}],"collection":[{"href":"https:\/\/www.visit-ulcinj.com\/blog\/wp-json\/wp\/v2\/posts"}],"about":[{"href":"https:\/\/www.visit-ulcinj.com\/blog\/wp-json\/wp\/v2\/types\/post"}],"author":[{"embeddable":true,"href":"https:\/\/www.visit-ulcinj.com\/blog\/wp-json\/wp\/v2\/users\/1"}],"replies":[{"embeddable":true,"href":"https:\/\/www.visit-ulcinj.com\/blog\/wp-json\/wp\/v2\/comments?post=106457"}],"version-history":[{"count":1,"href":"https:\/\/www.visit-ulcinj.com\/blog\/wp-json\/wp\/v2\/posts\/106457\/revisions"}],"predecessor-version":[{"id":106458,"href":"https:\/\/www.visit-ulcinj.com\/blog\/wp-json\/wp\/v2\/posts\/106457\/revisions\/106458"}],"wp:attachment":[{"href":"https:\/\/www.visit-ulcinj.com\/blog\/wp-json\/wp\/v2\/media?parent=106457"}],"wp:term":[{"taxonomy":"category","embeddable":true,"href":"https:\/\/www.visit-ulcinj.com\/blog\/wp-json\/wp\/v2\/categories?post=106457"},{"taxonomy":"post_tag","embeddable":true,"href":"https:\/\/www.visit-ulcinj.com\/blog\/wp-json\/wp\/v2\/tags?post=106457"}],"curies":[{"name":"wp","href":"https:\/\/api.w.org\/{rel}","templated":true}]}}