{"id":106460,"date":"2017-07-27T15:24:46","date_gmt":"2017-07-27T14:24:46","guid":{"rendered":"http:\/\/www.visit-ulcinj.com\/blog\/?p=106460"},"modified":"2017-07-27T15:24:46","modified_gmt":"2017-07-27T14:24:46","slug":"radio-slobodna-evropa-albanija-konkurencija-ulcinju","status":"publish","type":"post","link":"https:\/\/www.visit-ulcinj.com\/blog\/2017\/07\/27\/radio-slobodna-evropa-albanija-konkurencija-ulcinju\/","title":{"rendered":"Radio Slobodna Evropa: Albanija konkurencija Ulcinju"},"content":{"rendered":"<div class=\"entry\">\n<p><a href=\"http:\/\/www.visit-ulcinj.com\/blog\/wp-content\/uploads\/2017\/07\/Ulcinj-Riviera-.jpg\"><img loading=\"lazy\" class=\"alignleft wp-image-106092\" src=\"http:\/\/www.visit-ulcinj.com\/blog\/wp-content\/uploads\/2017\/07\/Ulcinj-Riviera-.jpg\" alt=\"\" width=\"508\" height=\"254\" srcset=\"https:\/\/www.visit-ulcinj.com\/blog\/wp-content\/uploads\/2017\/07\/Ulcinj-Riviera-.jpg 660w, https:\/\/www.visit-ulcinj.com\/blog\/wp-content\/uploads\/2017\/07\/Ulcinj-Riviera--300x150.jpg 300w\" sizes=\"(max-width: 508px) 100vw, 508px\" \/><\/a>Iako je pro\u0161la polovina turisti\u010dke sezone u Crnoj Gori, sa ulcinjske rivijere se ovih dana moglo \u010duti da je na tom dijelu crnogorskog primorja sezona tek sad po\u010dela.<\/p>\n<p>Predsjednik Udru\u017eenja zakupaca ulcinjskih pla\u017ea <strong>Prelja \u0160krelja<\/strong> je uz takvu ocjenu, koja govori o padu posjete, skrenuo pa\u017enju da se zna\u010dajan dio tradicionalnih ulcinjskih gostiju sve \u010de\u0161\u0107e opredjeljuje za odmor u Albaniji \u0161to otvara pitanje \u2013 da li Albanija postaje sve sna\u017enija konkurencija Crnoj Gori, prije svega, Ulcinju.<\/p>\n<p><em>\u201cDa li je Albanija komplementarna ili konkurentna crnogorskom turizmu\u201d<\/em>, bilo je pitanje koje su turisti\u010dki poslenici postavili njema\u010dkom profesoru <strong>Martinu \u0160najderu<\/strong>, autoru Strategije razvoja turizma Crne Gore do 2020. godine.<\/p>\n<p><em>\u201cCrna Gora je trenutno prili\u010dno ispred Albanije\u201d<\/em>, odgovorio je \u0160najder uz upozorenje: <em>\u201cAko ne pobolj\u0161ate turisti\u010dku ponudu, Albanija \u0107e Crnoj Gori postati velika konkurencija\u201d.<\/em><\/p>\n<p>Ovu crticu je za Radio Slobodna Evropa ispri\u010dao direktor Turisti\u010dke organizacije Ulcinj <strong>Fuad Had\u017eibeti<\/strong> naglasiv\u0161i da je taj razgovor vo\u0111en jo\u0161 1998. godine.<\/p>\n<p><em>\u201cAlbanija nam je konkurencija kada su u pitanju gosti sa Kosova\u201d<\/em>, ka\u017ee Had\u017eibeti i dodaje da su cijene usluga i poljoprivrednih proizvoda u Albaniji ni\u017ee.<\/p>\n<p><em>\u201cNa\u0161e prednosti su bezbjednost, prirodne ljepote, infrastruktura, kultura stanovni\u0161tva, ali nema dileme da se na\u0161 turizam mora transformisati. Moramo ga podi\u0107i na vi\u0161i nivo da bi se gosti ni\u017ee i srednje plate\u017ene mo\u0107i, prije svega iz Makedonije i Kosova koji idu u Albaniju, vratili kod nas\u201d<\/em>, ocjenjuje Had\u017eibeti.<\/p>\n<p>Ulcinjski novinar <strong>Mustafa Canka<\/strong> ka\u017ee da je mnogo turisti\u010dkih privrednika u Albaniji prethodno radilo u Italiji i Gr\u010dkoj, nakon \u010dega su nau\u010deno implementirali u sopstveni biznis u domovini.<\/p>\n<p><em>\u201cAlbanija je napravila veoma velik iskorak na cijeloj svojoj obali ne\u0161to du\u017eoj od 350 km. S druge strane, u Ulcinju ni\u0161ta zna\u010dajno nije napravljeno. Mi nijesmo u stanju da napravimo jednu obi\u010dnu dionicu puta od Ulcinja prema grani\u010dnom prelazu Sukobin od 13,5 km koja ve\u0107 godinama predstavlja usko grlo\u201d<\/em>, isti\u010de Canka dodaju\u0107i da se u Ulcinju, umjesto unapre\u0111enja infratstrukture \u2013 nazaduje.<\/p>\n<p><em>\u201cJasno je da \u0107e mnogi gosti iz Kosova i Makedonije radije izabrati Albaniju nego Ulcinj. Iz Pri\u0161tine se do Dra\u010da, Sarande ili Valone sti\u017ee za dva sata, jezik ne predstavlja problem, a da ne pominjem cijene smje\u0161taja i prehrane koje su u Albaniji mnogo ni\u017ee nego u Crnoj Gori\u201d<\/em>, ka\u017ee Canka.<\/p>\n<p><strong>Cjenovna konkurentnost o\u010digledna<\/strong><\/p>\n<p>Lonely Planet je najve\u0107i izdava\u010d \u0161tampanih i elektronskih turisti\u010dkih vodi\u010da na svijetu. Prema podacima ove relevantne ku\u0107e, cjenovna konkurentnost Albanije u odnosu na Crnu Goru je o\u010digledna.<\/p>\n<p>Kako navodi Lonely Planet, osnovni dnevni tro\u0161kovi turista u Albaniji se kre\u0107u od 50 do 100 eura, a u Crnoj Gori od 85 do 185 eura.<\/p>\n<p>Primjera radi, dvokrevetna soba u srednjerangiranom hotelu u Crnoj Gori ko\u0161ta od 50 do 100 eura, a u Albaniji od 40 do 60 eura. U Albaniji se mo\u017ee ru\u010dati ili ve\u010derati po cijeni od 10 do 15 eura, za razliku od Crne Gore gdje ru\u010dak u restoranu ko\u0161ta od 8 do 30 eura.<\/p>\n<p>Direktor Turisti\u010dke organizacije Ulcinj Fuad Had\u017eibeti, govore\u0107i o ulcinjskoj rivijeri, ka\u017ee da cijene sme\u0161taja nijesu problemati\u010dne.<\/p>\n<p><em>\u201cU odnosu na Jadranske destinacije, uklju\u010duju\u0107i ostatak crnogorskog primorja, Hrvatsku i Italiju mi imamo ni\u017ee cijene, ali se ipak cijene pla\u017enih usluga, za suncobane i le\u017ealjke, moraju smanjiti. Za to su najve\u0107e primjedbe, a ne za smje\u0161taj. U odnosu na ostale destinacijeu regionu, u Ulcinju se za cijenu smje\u0161taja dobija vi\u0161e nego \u0161to je pla\u0107eno\u201d<\/em>, navodi Had\u017eibeti.<\/p>\n<p><em>\u201cSve turisti\u010dke bitke gubimo na svom terenu\u201d<\/em>, isti\u010de novinar Mustafa Canka koji pored previsokih cijena vidi i druge probleme u ulcinjskom turizmu.<\/p>\n<p><em>\u201cMoramo da obnovimo infrastrukturu, da ula\u017eemo mnogo vi\u0161e u obnovu zapu\u0161tenih i devastiranih hotela i naro\u010dito u nove oblike turizma. Ponuda je veoma slaba, a poznato je da se \u017eelje i potrebe turista dnevno mijenjaju\u201d<\/em>, zaklju\u010duje Canka.<\/p>\n<p><strong>Izvot: RFE, <\/strong><a href=\"https:\/\/www.slobodnaevropa.org\/author\/17295.html\"><strong>Esad Krci\u0107<\/strong><\/a><\/p>\n<\/div>\n","protected":false},"excerpt":{"rendered":"<p>Iako je pro\u0161la polovina turisti\u010dke sezone u Crnoj Gori, sa ulcinjske rivijere se ovih dana moglo \u010duti da je na tom dijelu crnogorskog primorja sezona tek sad po\u010dela. Predsjednik Udru\u017eenja zakupaca ulcinjskih pla\u017ea Prelja \u0160krelja je uz takvu ocjenu, koja govori o padu posjete, skrenuo pa\u017enju da se zna\u010dajan dio tradicionalnih ulcinjskih gostiju sve \u010de\u0161\u0107e [&hellip;]<\/p>\n","protected":false},"author":1,"featured_media":0,"comment_status":"closed","ping_status":"closed","sticky":false,"template":"","format":"standard","meta":{"spay_email":"","jetpack_publicize_message":"","jetpack_is_tweetstorm":false,"jetpack_publicize_feature_enabled":true},"categories":[8337],"tags":[],"jetpack_publicize_connections":[],"yoast_head":"<!-- This site is optimized with the Yoast SEO plugin v19.1 - https:\/\/yoast.com\/wordpress\/plugins\/seo\/ -->\n<title>Radio Slobodna Evropa: Albanija konkurencija Ulcinju - Lajme nga Ulqini<\/title>\n<meta name=\"description\" content=\"Iako je pro\u0161la polovina turisti\u010dke sezone u Crnoj Gori, sa ulcinjske rivijere se ovih dana moglo \u010duti da je na tom dijelu crnogorskog primorja sezona tek\" \/>\n<meta name=\"robots\" content=\"index, follow, max-snippet:-1, max-image-preview:large, max-video-preview:-1\" \/>\n<link rel=\"canonical\" href=\"https:\/\/www.visit-ulcinj.com\/blog\/2017\/07\/27\/radio-slobodna-evropa-albanija-konkurencija-ulcinju\/\" \/>\n<meta property=\"og:locale\" content=\"en_US\" \/>\n<meta property=\"og:type\" content=\"article\" \/>\n<meta property=\"og:title\" content=\"Radio Slobodna Evropa: Albanija konkurencija Ulcinju - Lajme nga Ulqini\" \/>\n<meta property=\"og:description\" content=\"Iako je pro\u0161la polovina turisti\u010dke sezone u Crnoj Gori, sa ulcinjske rivijere se ovih dana moglo \u010duti da je na tom dijelu crnogorskog primorja sezona tek\" \/>\n<meta property=\"og:url\" content=\"https:\/\/www.visit-ulcinj.com\/blog\/2017\/07\/27\/radio-slobodna-evropa-albanija-konkurencija-ulcinju\/\" \/>\n<meta property=\"og:site_name\" content=\"Lajme nga Ulqini\" \/>\n<meta property=\"article:published_time\" content=\"2017-07-27T14:24:46+00:00\" \/>\n<meta property=\"og:image\" content=\"http:\/\/www.visit-ulcinj.com\/blog\/wp-content\/uploads\/2017\/07\/Ulcinj-Riviera-.jpg\" \/>\n<meta name=\"twitter:label1\" content=\"Written by\" \/>\n\t<meta name=\"twitter:data1\" content=\"ulqini\" \/>\n\t<meta name=\"twitter:label2\" content=\"Est. reading time\" \/>\n\t<meta name=\"twitter:data2\" content=\"3 minutes\" \/>\n<script type=\"application\/ld+json\" class=\"yoast-schema-graph\">{\"@context\":\"https:\/\/schema.org\",\"@graph\":[{\"@type\":\"WebSite\",\"@id\":\"https:\/\/www.visit-ulcinj.com\/blog\/#website\",\"url\":\"https:\/\/www.visit-ulcinj.com\/blog\/\",\"name\":\"Lajme nga Ulqini\",\"description\":\"Lajme,Vijesti,Ulqini,Ulqin,Crna Gora,Mali i Zi\",\"potentialAction\":[{\"@type\":\"SearchAction\",\"target\":{\"@type\":\"EntryPoint\",\"urlTemplate\":\"https:\/\/www.visit-ulcinj.com\/blog\/?s={search_term_string}\"},\"query-input\":\"required name=search_term_string\"}],\"inLanguage\":\"en-US\"},{\"@type\":\"ImageObject\",\"inLanguage\":\"en-US\",\"@id\":\"https:\/\/www.visit-ulcinj.com\/blog\/2017\/07\/27\/radio-slobodna-evropa-albanija-konkurencija-ulcinju\/#primaryimage\",\"url\":\"https:\/\/www.visit-ulcinj.com\/blog\/wp-content\/uploads\/2017\/07\/Ulcinj-Riviera-.jpg\",\"contentUrl\":\"https:\/\/www.visit-ulcinj.com\/blog\/wp-content\/uploads\/2017\/07\/Ulcinj-Riviera-.jpg\",\"width\":660,\"height\":330},{\"@type\":\"WebPage\",\"@id\":\"https:\/\/www.visit-ulcinj.com\/blog\/2017\/07\/27\/radio-slobodna-evropa-albanija-konkurencija-ulcinju\/#webpage\",\"url\":\"https:\/\/www.visit-ulcinj.com\/blog\/2017\/07\/27\/radio-slobodna-evropa-albanija-konkurencija-ulcinju\/\",\"name\":\"Radio Slobodna Evropa: Albanija konkurencija Ulcinju - Lajme nga Ulqini\",\"isPartOf\":{\"@id\":\"https:\/\/www.visit-ulcinj.com\/blog\/#website\"},\"primaryImageOfPage\":{\"@id\":\"https:\/\/www.visit-ulcinj.com\/blog\/2017\/07\/27\/radio-slobodna-evropa-albanija-konkurencija-ulcinju\/#primaryimage\"},\"datePublished\":\"2017-07-27T14:24:46+00:00\",\"dateModified\":\"2017-07-27T14:24:46+00:00\",\"author\":{\"@id\":\"https:\/\/www.visit-ulcinj.com\/blog\/#\/schema\/person\/dcab619c614d3038751c63bc2aadc06d\"},\"description\":\"Iako je pro\u0161la polovina turisti\u010dke sezone u Crnoj Gori, sa ulcinjske rivijere se ovih dana moglo \u010duti da je na tom dijelu crnogorskog primorja sezona tek\",\"breadcrumb\":{\"@id\":\"https:\/\/www.visit-ulcinj.com\/blog\/2017\/07\/27\/radio-slobodna-evropa-albanija-konkurencija-ulcinju\/#breadcrumb\"},\"inLanguage\":\"en-US\",\"potentialAction\":[{\"@type\":\"ReadAction\",\"target\":[\"https:\/\/www.visit-ulcinj.com\/blog\/2017\/07\/27\/radio-slobodna-evropa-albanija-konkurencija-ulcinju\/\"]}]},{\"@type\":\"BreadcrumbList\",\"@id\":\"https:\/\/www.visit-ulcinj.com\/blog\/2017\/07\/27\/radio-slobodna-evropa-albanija-konkurencija-ulcinju\/#breadcrumb\",\"itemListElement\":[{\"@type\":\"ListItem\",\"position\":1,\"name\":\"Radio Slobodna Evropa: Albanija konkurencija Ulcinju\"}]},{\"@type\":\"Person\",\"@id\":\"https:\/\/www.visit-ulcinj.com\/blog\/#\/schema\/person\/dcab619c614d3038751c63bc2aadc06d\",\"name\":\"ulqini\",\"sameAs\":[\"http:\/\/www.visit-ulcinj.com\"],\"url\":\"https:\/\/www.visit-ulcinj.com\/blog\/author\/admin\/\"}]}<\/script>\n<!-- \/ Yoast SEO plugin. -->","yoast_head_json":{"title":"Radio Slobodna Evropa: Albanija konkurencija Ulcinju - Lajme nga Ulqini","description":"Iako je pro\u0161la polovina turisti\u010dke sezone u Crnoj Gori, sa ulcinjske rivijere se ovih dana moglo \u010duti da je na tom dijelu crnogorskog primorja sezona tek","robots":{"index":"index","follow":"follow","max-snippet":"max-snippet:-1","max-image-preview":"max-image-preview:large","max-video-preview":"max-video-preview:-1"},"canonical":"https:\/\/www.visit-ulcinj.com\/blog\/2017\/07\/27\/radio-slobodna-evropa-albanija-konkurencija-ulcinju\/","og_locale":"en_US","og_type":"article","og_title":"Radio Slobodna Evropa: Albanija konkurencija Ulcinju - Lajme nga Ulqini","og_description":"Iako je pro\u0161la polovina turisti\u010dke sezone u Crnoj Gori, sa ulcinjske rivijere se ovih dana moglo \u010duti da je na tom dijelu crnogorskog primorja sezona tek","og_url":"https:\/\/www.visit-ulcinj.com\/blog\/2017\/07\/27\/radio-slobodna-evropa-albanija-konkurencija-ulcinju\/","og_site_name":"Lajme nga Ulqini","article_published_time":"2017-07-27T14:24:46+00:00","og_image":[{"url":"http:\/\/www.visit-ulcinj.com\/blog\/wp-content\/uploads\/2017\/07\/Ulcinj-Riviera-.jpg"}],"twitter_misc":{"Written by":"ulqini","Est. reading time":"3 minutes"},"schema":{"@context":"https:\/\/schema.org","@graph":[{"@type":"WebSite","@id":"https:\/\/www.visit-ulcinj.com\/blog\/#website","url":"https:\/\/www.visit-ulcinj.com\/blog\/","name":"Lajme nga Ulqini","description":"Lajme,Vijesti,Ulqini,Ulqin,Crna Gora,Mali i Zi","potentialAction":[{"@type":"SearchAction","target":{"@type":"EntryPoint","urlTemplate":"https:\/\/www.visit-ulcinj.com\/blog\/?s={search_term_string}"},"query-input":"required name=search_term_string"}],"inLanguage":"en-US"},{"@type":"ImageObject","inLanguage":"en-US","@id":"https:\/\/www.visit-ulcinj.com\/blog\/2017\/07\/27\/radio-slobodna-evropa-albanija-konkurencija-ulcinju\/#primaryimage","url":"https:\/\/www.visit-ulcinj.com\/blog\/wp-content\/uploads\/2017\/07\/Ulcinj-Riviera-.jpg","contentUrl":"https:\/\/www.visit-ulcinj.com\/blog\/wp-content\/uploads\/2017\/07\/Ulcinj-Riviera-.jpg","width":660,"height":330},{"@type":"WebPage","@id":"https:\/\/www.visit-ulcinj.com\/blog\/2017\/07\/27\/radio-slobodna-evropa-albanija-konkurencija-ulcinju\/#webpage","url":"https:\/\/www.visit-ulcinj.com\/blog\/2017\/07\/27\/radio-slobodna-evropa-albanija-konkurencija-ulcinju\/","name":"Radio Slobodna Evropa: Albanija konkurencija Ulcinju - Lajme nga Ulqini","isPartOf":{"@id":"https:\/\/www.visit-ulcinj.com\/blog\/#website"},"primaryImageOfPage":{"@id":"https:\/\/www.visit-ulcinj.com\/blog\/2017\/07\/27\/radio-slobodna-evropa-albanija-konkurencija-ulcinju\/#primaryimage"},"datePublished":"2017-07-27T14:24:46+00:00","dateModified":"2017-07-27T14:24:46+00:00","author":{"@id":"https:\/\/www.visit-ulcinj.com\/blog\/#\/schema\/person\/dcab619c614d3038751c63bc2aadc06d"},"description":"Iako je pro\u0161la polovina turisti\u010dke sezone u Crnoj Gori, sa ulcinjske rivijere se ovih dana moglo \u010duti da je na tom dijelu crnogorskog primorja sezona tek","breadcrumb":{"@id":"https:\/\/www.visit-ulcinj.com\/blog\/2017\/07\/27\/radio-slobodna-evropa-albanija-konkurencija-ulcinju\/#breadcrumb"},"inLanguage":"en-US","potentialAction":[{"@type":"ReadAction","target":["https:\/\/www.visit-ulcinj.com\/blog\/2017\/07\/27\/radio-slobodna-evropa-albanija-konkurencija-ulcinju\/"]}]},{"@type":"BreadcrumbList","@id":"https:\/\/www.visit-ulcinj.com\/blog\/2017\/07\/27\/radio-slobodna-evropa-albanija-konkurencija-ulcinju\/#breadcrumb","itemListElement":[{"@type":"ListItem","position":1,"name":"Radio Slobodna Evropa: Albanija konkurencija Ulcinju"}]},{"@type":"Person","@id":"https:\/\/www.visit-ulcinj.com\/blog\/#\/schema\/person\/dcab619c614d3038751c63bc2aadc06d","name":"ulqini","sameAs":["http:\/\/www.visit-ulcinj.com"],"url":"https:\/\/www.visit-ulcinj.com\/blog\/author\/admin\/"}]}},"jetpack_featured_media_url":"","jetpack_sharing_enabled":true,"jetpack_shortlink":"https:\/\/wp.me\/pe6lTn-rH6","_links":{"self":[{"href":"https:\/\/www.visit-ulcinj.com\/blog\/wp-json\/wp\/v2\/posts\/106460"}],"collection":[{"href":"https:\/\/www.visit-ulcinj.com\/blog\/wp-json\/wp\/v2\/posts"}],"about":[{"href":"https:\/\/www.visit-ulcinj.com\/blog\/wp-json\/wp\/v2\/types\/post"}],"author":[{"embeddable":true,"href":"https:\/\/www.visit-ulcinj.com\/blog\/wp-json\/wp\/v2\/users\/1"}],"replies":[{"embeddable":true,"href":"https:\/\/www.visit-ulcinj.com\/blog\/wp-json\/wp\/v2\/comments?post=106460"}],"version-history":[{"count":1,"href":"https:\/\/www.visit-ulcinj.com\/blog\/wp-json\/wp\/v2\/posts\/106460\/revisions"}],"predecessor-version":[{"id":106461,"href":"https:\/\/www.visit-ulcinj.com\/blog\/wp-json\/wp\/v2\/posts\/106460\/revisions\/106461"}],"wp:attachment":[{"href":"https:\/\/www.visit-ulcinj.com\/blog\/wp-json\/wp\/v2\/media?parent=106460"}],"wp:term":[{"taxonomy":"category","embeddable":true,"href":"https:\/\/www.visit-ulcinj.com\/blog\/wp-json\/wp\/v2\/categories?post=106460"},{"taxonomy":"post_tag","embeddable":true,"href":"https:\/\/www.visit-ulcinj.com\/blog\/wp-json\/wp\/v2\/tags?post=106460"}],"curies":[{"name":"wp","href":"https:\/\/api.w.org\/{rel}","templated":true}]}}