{"id":106462,"date":"2017-07-31T11:35:00","date_gmt":"2017-07-31T10:35:00","guid":{"rendered":"http:\/\/www.visit-ulcinj.com\/blog\/?p=106462"},"modified":"2017-08-01T08:22:30","modified_gmt":"2017-08-01T07:22:30","slug":"flamuri-kuqezi-mund-te-perdoret-ne-gjashte-komuna-te-malit-te-zi-video","status":"publish","type":"post","link":"https:\/\/www.visit-ulcinj.com\/blog\/2017\/07\/31\/flamuri-kuqezi-mund-te-perdoret-ne-gjashte-komuna-te-malit-te-zi-video\/","title":{"rendered":"Flamuri kuqezi mund t\u00eb p\u00ebrdoret n\u00eb gjasht\u00eb komuna t\u00eb Malit t\u00eb Zi &#8211; Video"},"content":{"rendered":"<p><a href=\"http:\/\/www.visit-ulcinj.com\/blog\/wp-content\/uploads\/2017\/07\/Gezuar-Flamurin.jpg\"><img loading=\"lazy\" class=\"alignleft wp-image-106463\" src=\"http:\/\/www.visit-ulcinj.com\/blog\/wp-content\/uploads\/2017\/07\/Gezuar-Flamurin.jpg\" alt=\"\" width=\"508\" height=\"339\" srcset=\"https:\/\/www.visit-ulcinj.com\/blog\/wp-content\/uploads\/2017\/07\/Gezuar-Flamurin.jpg 960w, https:\/\/www.visit-ulcinj.com\/blog\/wp-content\/uploads\/2017\/07\/Gezuar-Flamurin-300x200.jpg 300w, https:\/\/www.visit-ulcinj.com\/blog\/wp-content\/uploads\/2017\/07\/Gezuar-Flamurin-768x512.jpg 768w\" sizes=\"(max-width: 508px) 100vw, 508px\" \/><\/a>Flamuri kuqezi do t\u00eb p\u00ebrdoret edhe n\u00eb komunat e Malit t\u00eb Zi ku shqiptar\u00ebt jan\u00eb m\u00eb pak se pes\u00eb p\u00ebr qind e popullat\u00ebs.<\/p>\n<p>Kjo fal\u00eb ligjit t\u00eb ri p\u00ebr p\u00ebrdorimin e simboleve komb\u00ebtare n\u00eb Mal t\u00eb Zi, q\u00eb sipas ekspert\u00ebve, eliminon mang\u00ebsit\u00eb e ligjit t\u00eb m\u00ebparsh\u00ebm, njofton Z\u00ebri i Amerik\u00ebs.<\/p>\n<p><a href=\"http:\/\/www.visit-ulcinj.com\/blog\/wp-content\/uploads\/2017\/07\/Flamuri-Kuq-e-zi-ne-Mal-te-zi.jpg\"><img loading=\"lazy\" class=\"alignleft wp-image-106465\" src=\"http:\/\/www.visit-ulcinj.com\/blog\/wp-content\/uploads\/2017\/07\/Flamuri-Kuq-e-zi-ne-Mal-te-zi.jpg\" alt=\"\" width=\"508\" height=\"465\" srcset=\"https:\/\/www.visit-ulcinj.com\/blog\/wp-content\/uploads\/2017\/07\/Flamuri-Kuq-e-zi-ne-Mal-te-zi.jpg 661w, https:\/\/www.visit-ulcinj.com\/blog\/wp-content\/uploads\/2017\/07\/Flamuri-Kuq-e-zi-ne-Mal-te-zi-300x275.jpg 300w\" sizes=\"(max-width: 508px) 100vw, 508px\" \/><\/a><\/p>\n<p>Me an\u00eb t\u00eb k\u00ebtij ligji, p\u00ebrve\u00e7 n\u00eb Tuz dhe Ulqin, shqiptar\u00ebt do t\u00eb ken\u00eb t\u00eb drejt\u00eb t\u00eb valojn\u00eb flamurin kuqezi edhe n\u00eb Tivar, Plav\u00eb, Guci dhe Rozhaj\u00eb.<\/p>\n<p>VAO<\/p>\n<!--YouTube Error: bad URL entered-->\n<p>Ligji i ri p\u00ebr p\u00ebrdorimin e simboleve komb\u00ebtare n\u00eb Mal t\u00eb Zi, si\u00e7 thon\u00eb ekspert\u00ebt, eliminon mang\u00ebsit\u00eb e ligjit t\u00eb m\u00ebparsh\u00ebm, q\u00eb shpesh her\u00eb shkaktonte keqinterpretime t\u00eb formave t\u00eb ndryshme.<br \/>\nLigji i ri p\u00ebr her\u00eb t\u00eb par\u00eb mund\u00ebson q\u00eb simbolet komb\u00ebtare t\u00eb p\u00ebrdor\u00ebn edhe n\u00eb ato zona ku pjesmarrja e pakicave \u00ebsht\u00eb n\u00eb nivelin 5 p\u00ebr qind.<\/p>\n<p>Drejtori gjeneral n\u00eb Ministrin p\u00ebr t\u00eb Drejtat e Njeriut dhe t\u00eb Pakicave, Leon Gjokaj p\u00ebr Z\u00ebrin e Amerik\u00ebs tha se me k\u00ebt\u00eb ligj\u00eb \u00ebsht\u00eb b\u00ebr\u00eb nj\u00eb hap i madh\u00eb p\u00ebrpara p\u00ebr sa i p\u00ebrket\u00eb, ruajtjes dhe shpalosjes s\u00eb identitetit t\u00eb popujve pakic\u00eb n\u00eb t\u00eb gjitha ato komuna ku p\u00ebrb\u00ebjn\u00eb shumic\u00ebn, gjegj\u00ebsisht edhe n\u00eb ato komuna ku pakica p\u00ebrb\u00ebn nj\u00eb p\u00ebrqindje t\u00eb konsiderueshme e cila \u00ebsht\u00eb p\u00ebrkthyer si n\u00eb rastin e p\u00ebrdorimit zyrtar\u00eb t\u00eb gjuh\u00ebs n\u00eb nj\u00eb 5 p\u00ebr qind.<\/p>\n<p>P\u00ebrdorimi i lir\u00eb i simboleve komb\u00ebta nuk do jet\u00eb vet\u00ebm n\u00eb Tuz dhe Ulqin, simbolet komb\u00ebtare do t\u00eb p\u00ebrdor\u00ebn p\u00ebr festa shtet\u00ebrore dhe komb\u00ebtare edhe n\u00eb Tivar, Rozhaj\u00eb, Plav\u00eb dhe Guci.<\/p>\n<p>Gjokaj thot\u00eb se, sa i p\u00ebrket\u00eb p\u00ebrdorit privat t\u00eb flamurit komb\u00ebtar\u00eb qoft\u00eb n\u00eb sht\u00ebpi apo n\u00eb donj\u00eb evenimet tjet\u00ebr privat, ai mund t\u00eb p\u00ebrdor\u00ebt fare lirsh\u00ebm. Nd\u00ebrsa sa i p\u00ebrket\u00eb institucioneve shtet\u00ebrore poashtu \u00ebsht\u00eb b\u00ebr\u00eb nj\u00eb hap i madh\u00eb p\u00ebrpara, pasi q\u00eb me ligjn e vjet\u00ebr p\u00ebrdorimi i flamurit ishte i kufizuar, kurse sot, n\u00eb t\u00eb gjtha institucionet publike n\u00eb komunat e lart\u00eb p\u00ebrm\u00ebndura, p\u00ebrdorimi i simboleve komb\u00ebtare t\u00eb pakicave do t\u00eb jet\u00eb i lir\u00eb por edhe i obliguar krahas simboleve shtet\u00ebrore.\/voa\/<\/p>\n","protected":false},"excerpt":{"rendered":"<p>Flamuri kuqezi do t\u00eb p\u00ebrdoret edhe n\u00eb komunat e Malit t\u00eb Zi ku shqiptar\u00ebt jan\u00eb m\u00eb pak se pes\u00eb p\u00ebr qind e popullat\u00ebs. Kjo fal\u00eb ligjit t\u00eb ri p\u00ebr p\u00ebrdorimin e simboleve komb\u00ebtare n\u00eb Mal t\u00eb Zi, q\u00eb sipas ekspert\u00ebve, eliminon mang\u00ebsit\u00eb e ligjit t\u00eb m\u00ebparsh\u00ebm, njofton Z\u00ebri i Amerik\u00ebs. Me an\u00eb t\u00eb k\u00ebtij ligji, [&hellip;]<\/p>\n","protected":false},"author":1,"featured_media":0,"comment_status":"closed","ping_status":"closed","sticky":false,"template":"","format":"standard","meta":{"spay_email":"","jetpack_publicize_message":"","jetpack_is_tweetstorm":false,"jetpack_publicize_feature_enabled":true},"categories":[1],"tags":[],"jetpack_publicize_connections":[],"yoast_head":"<!-- This site is optimized with the Yoast SEO plugin v19.1 - https:\/\/yoast.com\/wordpress\/plugins\/seo\/ -->\n<title>Flamuri kuqezi mund t\u00eb p\u00ebrdoret n\u00eb gjasht\u00eb komuna t\u00eb Malit t\u00eb Zi - Video - Lajme nga Ulqini<\/title>\n<meta name=\"description\" content=\"Flamuri kuqezi do t\u00eb p\u00ebrdoret edhe n\u00eb komunat e Malit t\u00eb Zi ku shqiptar\u00ebt jan\u00eb m\u00eb pak se pes\u00eb p\u00ebr qind e popullat\u00ebs. Kjo fal\u00eb ligjit t\u00eb ri p\u00ebr p\u00ebrdorimin\" \/>\n<meta name=\"robots\" content=\"index, follow, max-snippet:-1, max-image-preview:large, max-video-preview:-1\" \/>\n<link rel=\"canonical\" href=\"https:\/\/www.visit-ulcinj.com\/blog\/2017\/07\/31\/flamuri-kuqezi-mund-te-perdoret-ne-gjashte-komuna-te-malit-te-zi-video\/\" \/>\n<meta property=\"og:locale\" content=\"en_US\" \/>\n<meta property=\"og:type\" content=\"article\" \/>\n<meta property=\"og:title\" content=\"Flamuri kuqezi mund t\u00eb p\u00ebrdoret n\u00eb gjasht\u00eb komuna t\u00eb Malit t\u00eb Zi - Video - Lajme nga Ulqini\" \/>\n<meta property=\"og:description\" content=\"Flamuri kuqezi do t\u00eb p\u00ebrdoret edhe n\u00eb komunat e Malit t\u00eb Zi ku shqiptar\u00ebt jan\u00eb m\u00eb pak se pes\u00eb p\u00ebr qind e popullat\u00ebs. Kjo fal\u00eb ligjit t\u00eb ri p\u00ebr p\u00ebrdorimin\" \/>\n<meta property=\"og:url\" content=\"https:\/\/www.visit-ulcinj.com\/blog\/2017\/07\/31\/flamuri-kuqezi-mund-te-perdoret-ne-gjashte-komuna-te-malit-te-zi-video\/\" \/>\n<meta property=\"og:site_name\" content=\"Lajme nga Ulqini\" \/>\n<meta property=\"article:published_time\" content=\"2017-07-31T10:35:00+00:00\" \/>\n<meta property=\"article:modified_time\" content=\"2017-08-01T07:22:30+00:00\" \/>\n<meta property=\"og:image\" content=\"http:\/\/www.visit-ulcinj.com\/blog\/wp-content\/uploads\/2017\/07\/Gezuar-Flamurin.jpg\" \/>\n<meta name=\"twitter:label1\" content=\"Written by\" \/>\n\t<meta name=\"twitter:data1\" content=\"ulqini\" \/>\n\t<meta name=\"twitter:label2\" content=\"Est. reading time\" \/>\n\t<meta name=\"twitter:data2\" content=\"2 minutes\" \/>\n<script type=\"application\/ld+json\" class=\"yoast-schema-graph\">{\"@context\":\"https:\/\/schema.org\",\"@graph\":[{\"@type\":\"WebSite\",\"@id\":\"https:\/\/www.visit-ulcinj.com\/blog\/#website\",\"url\":\"https:\/\/www.visit-ulcinj.com\/blog\/\",\"name\":\"Lajme nga Ulqini\",\"description\":\"Lajme,Vijesti,Ulqini,Ulqin,Crna Gora,Mali i Zi\",\"potentialAction\":[{\"@type\":\"SearchAction\",\"target\":{\"@type\":\"EntryPoint\",\"urlTemplate\":\"https:\/\/www.visit-ulcinj.com\/blog\/?s={search_term_string}\"},\"query-input\":\"required name=search_term_string\"}],\"inLanguage\":\"en-US\"},{\"@type\":\"ImageObject\",\"inLanguage\":\"en-US\",\"@id\":\"https:\/\/www.visit-ulcinj.com\/blog\/2017\/07\/31\/flamuri-kuqezi-mund-te-perdoret-ne-gjashte-komuna-te-malit-te-zi-video\/#primaryimage\",\"url\":\"https:\/\/www.visit-ulcinj.com\/blog\/wp-content\/uploads\/2017\/07\/Gezuar-Flamurin.jpg\",\"contentUrl\":\"https:\/\/www.visit-ulcinj.com\/blog\/wp-content\/uploads\/2017\/07\/Gezuar-Flamurin.jpg\",\"width\":960,\"height\":640},{\"@type\":\"WebPage\",\"@id\":\"https:\/\/www.visit-ulcinj.com\/blog\/2017\/07\/31\/flamuri-kuqezi-mund-te-perdoret-ne-gjashte-komuna-te-malit-te-zi-video\/#webpage\",\"url\":\"https:\/\/www.visit-ulcinj.com\/blog\/2017\/07\/31\/flamuri-kuqezi-mund-te-perdoret-ne-gjashte-komuna-te-malit-te-zi-video\/\",\"name\":\"Flamuri kuqezi mund t\u00eb p\u00ebrdoret n\u00eb gjasht\u00eb komuna t\u00eb Malit t\u00eb Zi - Video - Lajme nga Ulqini\",\"isPartOf\":{\"@id\":\"https:\/\/www.visit-ulcinj.com\/blog\/#website\"},\"primaryImageOfPage\":{\"@id\":\"https:\/\/www.visit-ulcinj.com\/blog\/2017\/07\/31\/flamuri-kuqezi-mund-te-perdoret-ne-gjashte-komuna-te-malit-te-zi-video\/#primaryimage\"},\"datePublished\":\"2017-07-31T10:35:00+00:00\",\"dateModified\":\"2017-08-01T07:22:30+00:00\",\"author\":{\"@id\":\"https:\/\/www.visit-ulcinj.com\/blog\/#\/schema\/person\/dcab619c614d3038751c63bc2aadc06d\"},\"description\":\"Flamuri kuqezi do t\u00eb p\u00ebrdoret edhe n\u00eb komunat e Malit t\u00eb Zi ku shqiptar\u00ebt jan\u00eb m\u00eb pak se pes\u00eb p\u00ebr qind e popullat\u00ebs. Kjo fal\u00eb ligjit t\u00eb ri p\u00ebr p\u00ebrdorimin\",\"breadcrumb\":{\"@id\":\"https:\/\/www.visit-ulcinj.com\/blog\/2017\/07\/31\/flamuri-kuqezi-mund-te-perdoret-ne-gjashte-komuna-te-malit-te-zi-video\/#breadcrumb\"},\"inLanguage\":\"en-US\",\"potentialAction\":[{\"@type\":\"ReadAction\",\"target\":[\"https:\/\/www.visit-ulcinj.com\/blog\/2017\/07\/31\/flamuri-kuqezi-mund-te-perdoret-ne-gjashte-komuna-te-malit-te-zi-video\/\"]}]},{\"@type\":\"BreadcrumbList\",\"@id\":\"https:\/\/www.visit-ulcinj.com\/blog\/2017\/07\/31\/flamuri-kuqezi-mund-te-perdoret-ne-gjashte-komuna-te-malit-te-zi-video\/#breadcrumb\",\"itemListElement\":[{\"@type\":\"ListItem\",\"position\":1,\"name\":\"Flamuri kuqezi mund t\u00eb p\u00ebrdoret n\u00eb gjasht\u00eb komuna t\u00eb Malit t\u00eb Zi &#8211; Video\"}]},{\"@type\":\"Person\",\"@id\":\"https:\/\/www.visit-ulcinj.com\/blog\/#\/schema\/person\/dcab619c614d3038751c63bc2aadc06d\",\"name\":\"ulqini\",\"sameAs\":[\"http:\/\/www.visit-ulcinj.com\"],\"url\":\"https:\/\/www.visit-ulcinj.com\/blog\/author\/admin\/\"}]}<\/script>\n<!-- \/ Yoast SEO plugin. -->","yoast_head_json":{"title":"Flamuri kuqezi mund t\u00eb p\u00ebrdoret n\u00eb gjasht\u00eb komuna t\u00eb Malit t\u00eb Zi - Video - Lajme nga Ulqini","description":"Flamuri kuqezi do t\u00eb p\u00ebrdoret edhe n\u00eb komunat e Malit t\u00eb Zi ku shqiptar\u00ebt jan\u00eb m\u00eb pak se pes\u00eb p\u00ebr qind e popullat\u00ebs. Kjo fal\u00eb ligjit t\u00eb ri p\u00ebr p\u00ebrdorimin","robots":{"index":"index","follow":"follow","max-snippet":"max-snippet:-1","max-image-preview":"max-image-preview:large","max-video-preview":"max-video-preview:-1"},"canonical":"https:\/\/www.visit-ulcinj.com\/blog\/2017\/07\/31\/flamuri-kuqezi-mund-te-perdoret-ne-gjashte-komuna-te-malit-te-zi-video\/","og_locale":"en_US","og_type":"article","og_title":"Flamuri kuqezi mund t\u00eb p\u00ebrdoret n\u00eb gjasht\u00eb komuna t\u00eb Malit t\u00eb Zi - Video - Lajme nga Ulqini","og_description":"Flamuri kuqezi do t\u00eb p\u00ebrdoret edhe n\u00eb komunat e Malit t\u00eb Zi ku shqiptar\u00ebt jan\u00eb m\u00eb pak se pes\u00eb p\u00ebr qind e popullat\u00ebs. Kjo fal\u00eb ligjit t\u00eb ri p\u00ebr p\u00ebrdorimin","og_url":"https:\/\/www.visit-ulcinj.com\/blog\/2017\/07\/31\/flamuri-kuqezi-mund-te-perdoret-ne-gjashte-komuna-te-malit-te-zi-video\/","og_site_name":"Lajme nga Ulqini","article_published_time":"2017-07-31T10:35:00+00:00","article_modified_time":"2017-08-01T07:22:30+00:00","og_image":[{"url":"http:\/\/www.visit-ulcinj.com\/blog\/wp-content\/uploads\/2017\/07\/Gezuar-Flamurin.jpg"}],"twitter_misc":{"Written by":"ulqini","Est. reading time":"2 minutes"},"schema":{"@context":"https:\/\/schema.org","@graph":[{"@type":"WebSite","@id":"https:\/\/www.visit-ulcinj.com\/blog\/#website","url":"https:\/\/www.visit-ulcinj.com\/blog\/","name":"Lajme nga Ulqini","description":"Lajme,Vijesti,Ulqini,Ulqin,Crna Gora,Mali i Zi","potentialAction":[{"@type":"SearchAction","target":{"@type":"EntryPoint","urlTemplate":"https:\/\/www.visit-ulcinj.com\/blog\/?s={search_term_string}"},"query-input":"required name=search_term_string"}],"inLanguage":"en-US"},{"@type":"ImageObject","inLanguage":"en-US","@id":"https:\/\/www.visit-ulcinj.com\/blog\/2017\/07\/31\/flamuri-kuqezi-mund-te-perdoret-ne-gjashte-komuna-te-malit-te-zi-video\/#primaryimage","url":"https:\/\/www.visit-ulcinj.com\/blog\/wp-content\/uploads\/2017\/07\/Gezuar-Flamurin.jpg","contentUrl":"https:\/\/www.visit-ulcinj.com\/blog\/wp-content\/uploads\/2017\/07\/Gezuar-Flamurin.jpg","width":960,"height":640},{"@type":"WebPage","@id":"https:\/\/www.visit-ulcinj.com\/blog\/2017\/07\/31\/flamuri-kuqezi-mund-te-perdoret-ne-gjashte-komuna-te-malit-te-zi-video\/#webpage","url":"https:\/\/www.visit-ulcinj.com\/blog\/2017\/07\/31\/flamuri-kuqezi-mund-te-perdoret-ne-gjashte-komuna-te-malit-te-zi-video\/","name":"Flamuri kuqezi mund t\u00eb p\u00ebrdoret n\u00eb gjasht\u00eb komuna t\u00eb Malit t\u00eb Zi - Video - Lajme nga Ulqini","isPartOf":{"@id":"https:\/\/www.visit-ulcinj.com\/blog\/#website"},"primaryImageOfPage":{"@id":"https:\/\/www.visit-ulcinj.com\/blog\/2017\/07\/31\/flamuri-kuqezi-mund-te-perdoret-ne-gjashte-komuna-te-malit-te-zi-video\/#primaryimage"},"datePublished":"2017-07-31T10:35:00+00:00","dateModified":"2017-08-01T07:22:30+00:00","author":{"@id":"https:\/\/www.visit-ulcinj.com\/blog\/#\/schema\/person\/dcab619c614d3038751c63bc2aadc06d"},"description":"Flamuri kuqezi do t\u00eb p\u00ebrdoret edhe n\u00eb komunat e Malit t\u00eb Zi ku shqiptar\u00ebt jan\u00eb m\u00eb pak se pes\u00eb p\u00ebr qind e popullat\u00ebs. Kjo fal\u00eb ligjit t\u00eb ri p\u00ebr p\u00ebrdorimin","breadcrumb":{"@id":"https:\/\/www.visit-ulcinj.com\/blog\/2017\/07\/31\/flamuri-kuqezi-mund-te-perdoret-ne-gjashte-komuna-te-malit-te-zi-video\/#breadcrumb"},"inLanguage":"en-US","potentialAction":[{"@type":"ReadAction","target":["https:\/\/www.visit-ulcinj.com\/blog\/2017\/07\/31\/flamuri-kuqezi-mund-te-perdoret-ne-gjashte-komuna-te-malit-te-zi-video\/"]}]},{"@type":"BreadcrumbList","@id":"https:\/\/www.visit-ulcinj.com\/blog\/2017\/07\/31\/flamuri-kuqezi-mund-te-perdoret-ne-gjashte-komuna-te-malit-te-zi-video\/#breadcrumb","itemListElement":[{"@type":"ListItem","position":1,"name":"Flamuri kuqezi mund t\u00eb p\u00ebrdoret n\u00eb gjasht\u00eb komuna t\u00eb Malit t\u00eb Zi &#8211; Video"}]},{"@type":"Person","@id":"https:\/\/www.visit-ulcinj.com\/blog\/#\/schema\/person\/dcab619c614d3038751c63bc2aadc06d","name":"ulqini","sameAs":["http:\/\/www.visit-ulcinj.com"],"url":"https:\/\/www.visit-ulcinj.com\/blog\/author\/admin\/"}]}},"jetpack_featured_media_url":"","jetpack_sharing_enabled":true,"jetpack_shortlink":"https:\/\/wp.me\/pe6lTn-rH8","_links":{"self":[{"href":"https:\/\/www.visit-ulcinj.com\/blog\/wp-json\/wp\/v2\/posts\/106462"}],"collection":[{"href":"https:\/\/www.visit-ulcinj.com\/blog\/wp-json\/wp\/v2\/posts"}],"about":[{"href":"https:\/\/www.visit-ulcinj.com\/blog\/wp-json\/wp\/v2\/types\/post"}],"author":[{"embeddable":true,"href":"https:\/\/www.visit-ulcinj.com\/blog\/wp-json\/wp\/v2\/users\/1"}],"replies":[{"embeddable":true,"href":"https:\/\/www.visit-ulcinj.com\/blog\/wp-json\/wp\/v2\/comments?post=106462"}],"version-history":[{"count":3,"href":"https:\/\/www.visit-ulcinj.com\/blog\/wp-json\/wp\/v2\/posts\/106462\/revisions"}],"predecessor-version":[{"id":106479,"href":"https:\/\/www.visit-ulcinj.com\/blog\/wp-json\/wp\/v2\/posts\/106462\/revisions\/106479"}],"wp:attachment":[{"href":"https:\/\/www.visit-ulcinj.com\/blog\/wp-json\/wp\/v2\/media?parent=106462"}],"wp:term":[{"taxonomy":"category","embeddable":true,"href":"https:\/\/www.visit-ulcinj.com\/blog\/wp-json\/wp\/v2\/categories?post=106462"},{"taxonomy":"post_tag","embeddable":true,"href":"https:\/\/www.visit-ulcinj.com\/blog\/wp-json\/wp\/v2\/tags?post=106462"}],"curies":[{"name":"wp","href":"https:\/\/api.w.org\/{rel}","templated":true}]}}