{"id":106660,"date":"2021-08-17T23:43:08","date_gmt":"2021-08-17T22:43:08","guid":{"rendered":"http:\/\/www.visit-ulcinj.com\/blog\/?p=106660"},"modified":"2021-08-17T23:53:59","modified_gmt":"2021-08-17T22:53:59","slug":"memoriam-haxhi-sulejman-burri","status":"publish","type":"post","link":"https:\/\/www.visit-ulcinj.com\/blog\/2021\/08\/17\/memoriam-haxhi-sulejman-burri\/","title":{"rendered":"IN MEMORIAM:  Haxhi Sulejman Burri"},"content":{"rendered":"<div class=\"paragraph-holder vid-resp\">\n<p><a href=\"http:\/\/www.visit-ulcinj.com\/blog\/wp-content\/uploads\/2021\/08\/IN-MEMORIAM-Sulejman-Burri.jpg\"><img loading=\"lazy\" class=\"size-full wp-image-106661 alignnone\" src=\"http:\/\/www.visit-ulcinj.com\/blog\/wp-content\/uploads\/2021\/08\/IN-MEMORIAM-Sulejman-Burri.jpg\" alt=\"\" width=\"370\" height=\"466\" srcset=\"https:\/\/www.visit-ulcinj.com\/blog\/wp-content\/uploads\/2021\/08\/IN-MEMORIAM-Sulejman-Burri.jpg 370w, https:\/\/www.visit-ulcinj.com\/blog\/wp-content\/uploads\/2021\/08\/IN-MEMORIAM-Sulejman-Burri-238x300.jpg 238w\" sizes=\"(max-width: 370px) 100vw, 370px\" \/><\/a><\/p>\n<p>Me dhembje n\u00eb zem\u00ebr dhe lot n\u00eb sy i mbajm\u00eb kujtimet ma t\u00eb bukura p\u00ebr ty.<\/p>\n<p>Ike shkove aq shpejt sa as lamtumiren e fundit nuk na e tha. Bujaria, sinqeriteti dhe dashuria p\u00ebr familje na b\u00ebjn\u00eb t\u00eb mburremi me Ty.<\/p>\n<p>Q\u00eb ishe aq i dashur si baba e gjysh, si axh\u00eb q\u00eb nuk do t\u00eb harrojm\u00eb kurr\u00eb. Ti je \u00e7doher\u00eb n\u00eb zemra tona. Buz\u00ebqeshja, zem\u00ebrgjer\u00ebsia, urt\u00ebsia, dinjiteti e mbi t\u00eb gjitha dashuria p\u00ebr jet\u00eb, jan\u00eb vlerat q\u00eb na m\u00ebsove e t\u00eb cilat do t&#8217;i ndjekim dhe mbartim tek nip\u00ebrit dhe mbesat e tuaja.<\/p>\n<p>Ne familja jote, v\u00ebllez\u00ebrit, motrat f\u00ebmij\u00ebt dhe miqt\u00eb, do t\u00eb ecim me kok\u00ebn lart\u00eb plot krenari, me veprat, sjelljen dhe mir\u00ebsin\u00eb q\u00eb e ke l\u00ebn\u00eb prapa vetes!<\/p>\n<p>Inshalla spirti i tij gjen prehje n\u00eb Xhehnet. Rahmet past\u00eb.<\/p>\n<p>&nbsp;<\/p>\n<p>&nbsp;<\/p>\n<\/div>\n","protected":false},"excerpt":{"rendered":"<p>Me dhembje n\u00eb zem\u00ebr dhe lot n\u00eb sy i mbajm\u00eb kujtimet ma t\u00eb bukura p\u00ebr ty. Ike shkove aq shpejt sa as lamtumiren e fundit nuk na e tha. Bujaria, sinqeriteti dhe dashuria p\u00ebr familje na b\u00ebjn\u00eb t\u00eb mburremi me Ty. Q\u00eb ishe aq i dashur si baba e gjysh, si axh\u00eb q\u00eb nuk do [&hellip;]<\/p>\n","protected":false},"author":1,"featured_media":0,"comment_status":"closed","ping_status":"closed","sticky":false,"template":"","format":"standard","meta":{"spay_email":"","jetpack_publicize_message":"","jetpack_is_tweetstorm":false,"jetpack_publicize_feature_enabled":true},"categories":[6950],"tags":[],"jetpack_publicize_connections":[],"yoast_head":"<!-- This site is optimized with the Yoast SEO plugin v19.1 - https:\/\/yoast.com\/wordpress\/plugins\/seo\/ -->\n<title>IN MEMORIAM: Haxhi Sulejman Burri - Lajme nga Ulqini<\/title>\n<meta name=\"description\" content=\"Me dhembje n\u00eb zem\u00ebr dhe lot n\u00eb sy i mbajm\u00eb kujtimet ma t\u00eb bukura p\u00ebr ty. Ike shkove aq shpejt sa as lamtumiren e fundit nuk na e tha. Bujaria, sinqeriteti\" \/>\n<meta name=\"robots\" content=\"index, follow, max-snippet:-1, max-image-preview:large, max-video-preview:-1\" \/>\n<link rel=\"canonical\" href=\"https:\/\/www.visit-ulcinj.com\/blog\/2021\/08\/17\/memoriam-haxhi-sulejman-burri\/\" \/>\n<meta property=\"og:locale\" content=\"en_US\" \/>\n<meta property=\"og:type\" content=\"article\" \/>\n<meta property=\"og:title\" content=\"IN MEMORIAM: Haxhi Sulejman Burri - Lajme nga Ulqini\" \/>\n<meta property=\"og:description\" content=\"Me dhembje n\u00eb zem\u00ebr dhe lot n\u00eb sy i mbajm\u00eb kujtimet ma t\u00eb bukura p\u00ebr ty. Ike shkove aq shpejt sa as lamtumiren e fundit nuk na e tha. Bujaria, sinqeriteti\" \/>\n<meta property=\"og:url\" content=\"https:\/\/www.visit-ulcinj.com\/blog\/2021\/08\/17\/memoriam-haxhi-sulejman-burri\/\" \/>\n<meta property=\"og:site_name\" content=\"Lajme nga Ulqini\" \/>\n<meta property=\"article:published_time\" content=\"2021-08-17T22:43:08+00:00\" \/>\n<meta property=\"article:modified_time\" content=\"2021-08-17T22:53:59+00:00\" \/>\n<meta property=\"og:image\" content=\"http:\/\/www.visit-ulcinj.com\/blog\/wp-content\/uploads\/2021\/08\/IN-MEMORIAM-Sulejman-Burri.jpg\" \/>\n<meta name=\"twitter:label1\" content=\"Written by\" \/>\n\t<meta name=\"twitter:data1\" content=\"ulqini\" \/>\n\t<meta name=\"twitter:label2\" content=\"Est. reading time\" \/>\n\t<meta name=\"twitter:data2\" content=\"1 minute\" \/>\n<script type=\"application\/ld+json\" class=\"yoast-schema-graph\">{\"@context\":\"https:\/\/schema.org\",\"@graph\":[{\"@type\":\"WebSite\",\"@id\":\"https:\/\/www.visit-ulcinj.com\/blog\/#website\",\"url\":\"https:\/\/www.visit-ulcinj.com\/blog\/\",\"name\":\"Lajme nga Ulqini\",\"description\":\"Lajme,Vijesti,Ulqini,Ulqin,Crna Gora,Mali i Zi\",\"potentialAction\":[{\"@type\":\"SearchAction\",\"target\":{\"@type\":\"EntryPoint\",\"urlTemplate\":\"https:\/\/www.visit-ulcinj.com\/blog\/?s={search_term_string}\"},\"query-input\":\"required name=search_term_string\"}],\"inLanguage\":\"en-US\"},{\"@type\":\"ImageObject\",\"inLanguage\":\"en-US\",\"@id\":\"https:\/\/www.visit-ulcinj.com\/blog\/2021\/08\/17\/memoriam-haxhi-sulejman-burri\/#primaryimage\",\"url\":\"https:\/\/www.visit-ulcinj.com\/blog\/wp-content\/uploads\/2021\/08\/IN-MEMORIAM-Sulejman-Burri.jpg\",\"contentUrl\":\"https:\/\/www.visit-ulcinj.com\/blog\/wp-content\/uploads\/2021\/08\/IN-MEMORIAM-Sulejman-Burri.jpg\",\"width\":370,\"height\":466},{\"@type\":\"WebPage\",\"@id\":\"https:\/\/www.visit-ulcinj.com\/blog\/2021\/08\/17\/memoriam-haxhi-sulejman-burri\/#webpage\",\"url\":\"https:\/\/www.visit-ulcinj.com\/blog\/2021\/08\/17\/memoriam-haxhi-sulejman-burri\/\",\"name\":\"IN MEMORIAM: Haxhi Sulejman Burri - Lajme nga Ulqini\",\"isPartOf\":{\"@id\":\"https:\/\/www.visit-ulcinj.com\/blog\/#website\"},\"primaryImageOfPage\":{\"@id\":\"https:\/\/www.visit-ulcinj.com\/blog\/2021\/08\/17\/memoriam-haxhi-sulejman-burri\/#primaryimage\"},\"datePublished\":\"2021-08-17T22:43:08+00:00\",\"dateModified\":\"2021-08-17T22:53:59+00:00\",\"author\":{\"@id\":\"https:\/\/www.visit-ulcinj.com\/blog\/#\/schema\/person\/dcab619c614d3038751c63bc2aadc06d\"},\"description\":\"Me dhembje n\u00eb zem\u00ebr dhe lot n\u00eb sy i mbajm\u00eb kujtimet ma t\u00eb bukura p\u00ebr ty. Ike shkove aq shpejt sa as lamtumiren e fundit nuk na e tha. Bujaria, sinqeriteti\",\"breadcrumb\":{\"@id\":\"https:\/\/www.visit-ulcinj.com\/blog\/2021\/08\/17\/memoriam-haxhi-sulejman-burri\/#breadcrumb\"},\"inLanguage\":\"en-US\",\"potentialAction\":[{\"@type\":\"ReadAction\",\"target\":[\"https:\/\/www.visit-ulcinj.com\/blog\/2021\/08\/17\/memoriam-haxhi-sulejman-burri\/\"]}]},{\"@type\":\"BreadcrumbList\",\"@id\":\"https:\/\/www.visit-ulcinj.com\/blog\/2021\/08\/17\/memoriam-haxhi-sulejman-burri\/#breadcrumb\",\"itemListElement\":[{\"@type\":\"ListItem\",\"position\":1,\"name\":\"IN MEMORIAM: Haxhi Sulejman Burri\"}]},{\"@type\":\"Person\",\"@id\":\"https:\/\/www.visit-ulcinj.com\/blog\/#\/schema\/person\/dcab619c614d3038751c63bc2aadc06d\",\"name\":\"ulqini\",\"sameAs\":[\"http:\/\/www.visit-ulcinj.com\"],\"url\":\"https:\/\/www.visit-ulcinj.com\/blog\/author\/admin\/\"}]}<\/script>\n<!-- \/ Yoast SEO plugin. -->","yoast_head_json":{"title":"IN MEMORIAM: Haxhi Sulejman Burri - Lajme nga Ulqini","description":"Me dhembje n\u00eb zem\u00ebr dhe lot n\u00eb sy i mbajm\u00eb kujtimet ma t\u00eb bukura p\u00ebr ty. Ike shkove aq shpejt sa as lamtumiren e fundit nuk na e tha. Bujaria, sinqeriteti","robots":{"index":"index","follow":"follow","max-snippet":"max-snippet:-1","max-image-preview":"max-image-preview:large","max-video-preview":"max-video-preview:-1"},"canonical":"https:\/\/www.visit-ulcinj.com\/blog\/2021\/08\/17\/memoriam-haxhi-sulejman-burri\/","og_locale":"en_US","og_type":"article","og_title":"IN MEMORIAM: Haxhi Sulejman Burri - Lajme nga Ulqini","og_description":"Me dhembje n\u00eb zem\u00ebr dhe lot n\u00eb sy i mbajm\u00eb kujtimet ma t\u00eb bukura p\u00ebr ty. Ike shkove aq shpejt sa as lamtumiren e fundit nuk na e tha. Bujaria, sinqeriteti","og_url":"https:\/\/www.visit-ulcinj.com\/blog\/2021\/08\/17\/memoriam-haxhi-sulejman-burri\/","og_site_name":"Lajme nga Ulqini","article_published_time":"2021-08-17T22:43:08+00:00","article_modified_time":"2021-08-17T22:53:59+00:00","og_image":[{"url":"http:\/\/www.visit-ulcinj.com\/blog\/wp-content\/uploads\/2021\/08\/IN-MEMORIAM-Sulejman-Burri.jpg"}],"twitter_misc":{"Written by":"ulqini","Est. reading time":"1 minute"},"schema":{"@context":"https:\/\/schema.org","@graph":[{"@type":"WebSite","@id":"https:\/\/www.visit-ulcinj.com\/blog\/#website","url":"https:\/\/www.visit-ulcinj.com\/blog\/","name":"Lajme nga Ulqini","description":"Lajme,Vijesti,Ulqini,Ulqin,Crna Gora,Mali i Zi","potentialAction":[{"@type":"SearchAction","target":{"@type":"EntryPoint","urlTemplate":"https:\/\/www.visit-ulcinj.com\/blog\/?s={search_term_string}"},"query-input":"required name=search_term_string"}],"inLanguage":"en-US"},{"@type":"ImageObject","inLanguage":"en-US","@id":"https:\/\/www.visit-ulcinj.com\/blog\/2021\/08\/17\/memoriam-haxhi-sulejman-burri\/#primaryimage","url":"https:\/\/www.visit-ulcinj.com\/blog\/wp-content\/uploads\/2021\/08\/IN-MEMORIAM-Sulejman-Burri.jpg","contentUrl":"https:\/\/www.visit-ulcinj.com\/blog\/wp-content\/uploads\/2021\/08\/IN-MEMORIAM-Sulejman-Burri.jpg","width":370,"height":466},{"@type":"WebPage","@id":"https:\/\/www.visit-ulcinj.com\/blog\/2021\/08\/17\/memoriam-haxhi-sulejman-burri\/#webpage","url":"https:\/\/www.visit-ulcinj.com\/blog\/2021\/08\/17\/memoriam-haxhi-sulejman-burri\/","name":"IN MEMORIAM: Haxhi Sulejman Burri - Lajme nga Ulqini","isPartOf":{"@id":"https:\/\/www.visit-ulcinj.com\/blog\/#website"},"primaryImageOfPage":{"@id":"https:\/\/www.visit-ulcinj.com\/blog\/2021\/08\/17\/memoriam-haxhi-sulejman-burri\/#primaryimage"},"datePublished":"2021-08-17T22:43:08+00:00","dateModified":"2021-08-17T22:53:59+00:00","author":{"@id":"https:\/\/www.visit-ulcinj.com\/blog\/#\/schema\/person\/dcab619c614d3038751c63bc2aadc06d"},"description":"Me dhembje n\u00eb zem\u00ebr dhe lot n\u00eb sy i mbajm\u00eb kujtimet ma t\u00eb bukura p\u00ebr ty. Ike shkove aq shpejt sa as lamtumiren e fundit nuk na e tha. Bujaria, sinqeriteti","breadcrumb":{"@id":"https:\/\/www.visit-ulcinj.com\/blog\/2021\/08\/17\/memoriam-haxhi-sulejman-burri\/#breadcrumb"},"inLanguage":"en-US","potentialAction":[{"@type":"ReadAction","target":["https:\/\/www.visit-ulcinj.com\/blog\/2021\/08\/17\/memoriam-haxhi-sulejman-burri\/"]}]},{"@type":"BreadcrumbList","@id":"https:\/\/www.visit-ulcinj.com\/blog\/2021\/08\/17\/memoriam-haxhi-sulejman-burri\/#breadcrumb","itemListElement":[{"@type":"ListItem","position":1,"name":"IN MEMORIAM: Haxhi Sulejman Burri"}]},{"@type":"Person","@id":"https:\/\/www.visit-ulcinj.com\/blog\/#\/schema\/person\/dcab619c614d3038751c63bc2aadc06d","name":"ulqini","sameAs":["http:\/\/www.visit-ulcinj.com"],"url":"https:\/\/www.visit-ulcinj.com\/blog\/author\/admin\/"}]}},"jetpack_featured_media_url":"","jetpack_sharing_enabled":true,"jetpack_shortlink":"https:\/\/wp.me\/pe6lTn-rKk","_links":{"self":[{"href":"https:\/\/www.visit-ulcinj.com\/blog\/wp-json\/wp\/v2\/posts\/106660"}],"collection":[{"href":"https:\/\/www.visit-ulcinj.com\/blog\/wp-json\/wp\/v2\/posts"}],"about":[{"href":"https:\/\/www.visit-ulcinj.com\/blog\/wp-json\/wp\/v2\/types\/post"}],"author":[{"embeddable":true,"href":"https:\/\/www.visit-ulcinj.com\/blog\/wp-json\/wp\/v2\/users\/1"}],"replies":[{"embeddable":true,"href":"https:\/\/www.visit-ulcinj.com\/blog\/wp-json\/wp\/v2\/comments?post=106660"}],"version-history":[{"count":4,"href":"https:\/\/www.visit-ulcinj.com\/blog\/wp-json\/wp\/v2\/posts\/106660\/revisions"}],"predecessor-version":[{"id":106666,"href":"https:\/\/www.visit-ulcinj.com\/blog\/wp-json\/wp\/v2\/posts\/106660\/revisions\/106666"}],"wp:attachment":[{"href":"https:\/\/www.visit-ulcinj.com\/blog\/wp-json\/wp\/v2\/media?parent=106660"}],"wp:term":[{"taxonomy":"category","embeddable":true,"href":"https:\/\/www.visit-ulcinj.com\/blog\/wp-json\/wp\/v2\/categories?post=106660"},{"taxonomy":"post_tag","embeddable":true,"href":"https:\/\/www.visit-ulcinj.com\/blog\/wp-json\/wp\/v2\/tags?post=106660"}],"curies":[{"name":"wp","href":"https:\/\/api.w.org\/{rel}","templated":true}]}}