{"id":10669,"date":"2009-02-07T11:58:44","date_gmt":"2009-02-07T10:58:44","guid":{"rendered":"http:\/\/www.visit-ulcinj.com\/blog\/?p=10669"},"modified":"2009-02-07T11:58:47","modified_gmt":"2009-02-07T10:58:47","slug":"sekretarja-clinton-takoi-kryeministrin-berisha","status":"publish","type":"post","link":"https:\/\/www.visit-ulcinj.com\/blog\/2009\/02\/07\/sekretarja-clinton-takoi-kryeministrin-berisha\/","title":{"rendered":"Sekretarja Clinton takoi kryeministrin Berisha"},"content":{"rendered":"<p><a rel=\"attachment wp-att-10670\" href=\"http:\/\/www.visit-ulcinj.com\/blog\/2009\/02\/07\/sekretarja-clinton-takoi-kryeministrin-berisha\/2009_02_06_clinton_berisha_600_1\/\"><img loading=\"lazy\" class=\"alignleft size-full wp-image-10670\" title=\"2009_02_06_clinton_berisha_600_1\" src=\"http:\/\/www.visit-ulcinj.com\/blog\/wp-content\/uploads\/2009\/02\/2009_02_06_clinton_berisha_600_1.jpg\" alt=\"2009_02_06_clinton_berisha_600_1\" width=\"570\" height=\"400\" \/><\/a>Kryeministri Sali Berisha  zhvilloj\u00eb sot, n\u00eb Departamentin e Shtetit, zyr\u00ebn e saj nj\u00eb takim me Sekretaren e Shtetit, znj. Hilary Clinton<br \/>\nKy takim ishte i pari i Administrat\u00ebs s\u00eb Presidentit t\u00eb 44-t\u00eb Barack Obama, q\u00eb Sekretarja e Shtetit, znj. Hilary Clinton, b\u00ebn\u00eb me kryeministrin e nj\u00eb shteti. Vizita e kryeministrit t\u00eb Shqip\u00ebris\u00eb, n\u00eb Departamentin e Amerikan t\u00eb Shtetit u b\u00eb pak m\u00eb par\u00eb se Sekretaria e Shtetit, znj. Hilary Clinton , t\u00eb udh\u00ebtoj\u00eb p\u00ebr n\u00eb Azi, ku do t\u00eb ndalohet n\u00eb Japoni, Kin\u00eb dhe Koren\u00eb e Jugut.<br \/>\nTakimi ishte vazhdimi i axhend\u00ebs mjaft t\u00eb ngjeshur q\u00eb pati k\u00ebto dit\u00eb kryeministri i Shqip\u00ebris\u00eb zoti Sali Berisha gjat\u00eb vizit\u00ebs s\u00eb tij n\u00eb SHBA, n\u00eb k\u00ebt\u00eb vizit\u00eb mjaft t\u00eb sukses\u00ebshme ku ai ishte ftuar t\u00eb marr\u00eb pjes\u00eb n\u00eb M\u00ebngjesin Komb\u00ebtar t\u00eb Lutjeve. Kryeministri Berisha  zhvilloj\u00eb,  sot, n\u00eb or\u00ebn 11.30 me or\u00ebn lokale t\u00eb Washingtonit, nj\u00eb takim me Sekretaren e Shtetit, zonj\u00ebn Hilary Clinton,i cili u mbajt\u00eb  n\u00eb zyr\u00ebn e saj n\u00eb &#8220;Carl T. Rowan  Room,  Harry S. Truman building of the U.S. Department of State&#8221;.<br \/>\nN\u00eb k\u00ebt\u00eb takim, u diskutuan tema t\u00eb r\u00ebnd\u00ebsishme t\u00eb proceseve integruese t\u00eb Shqip\u00ebris\u00eb dhe \u00e7\u00ebshtje t\u00eb tjera t\u00eb r\u00ebnd\u00ebsishme t\u00eb bashk\u00ebpunimit mes Shqip\u00ebris\u00eb dhe SHBA-ve, si dhe \u00e7\u00ebshtja e t\u00eb burgosurve n\u00eb Guatanamo. Ku Shqip\u00ebria \u00ebsht\u00eb i vetmi vend n\u00eb bot\u00eb deri tani q\u00eb ka pranuar t\u00eb strehoj\u00eb gjasht\u00eb prej tyre.<br \/>\n\u201cZgjedhjet e ardhshme parlamentare do t\u00eb jen\u00eb demokratike. Nd\u00ebrsa sa p\u00ebr ligjin e lustracionit, mund t\u00eb them se ai nuk do t\u00eb p\u00ebrdoret kund\u00ebr kund\u00ebrshtar\u00ebve politik\u201d, \u00ebsht\u00eb shprehur Berisha.<br \/>\nKryeministri \u00ebsht\u00eb takuar edhe me zyrtarin tjet\u00ebr e DASH Stjuart Xhons, me t\u00eb cilin ka dal\u00eb edhe n\u00eb nj\u00eb konferenc\u00eb p\u00ebr shtyp, ku jan\u00eb vler\u00ebsuar si t\u00eb shk\u00eblqyera marr\u00ebdheniet Shqip\u00ebri-SHBA.<br \/>\nNd\u00ebr t\u00eb tjera zyrtari amerikan ka vler\u00ebsuar kontributet e Shqip\u00ebris\u00eb n\u00eb misionet n\u00eb Irak e Afganistan, duke n\u00ebnvizuar se jan\u00eb b\u00ebr\u00eb progrese p\u00ebr an\u00ebtar\u00ebsimin e plot\u00eb n\u00eb NATO.<\/p>\n<p><strong>Beqir Sina<\/strong><\/p>\n<p><!--YouTube Error: bad URL entered--><strong><br \/>\n<\/strong><\/p>\n","protected":false},"excerpt":{"rendered":"<p>Kryeministri Sali Berisha zhvilloj\u00eb sot, n\u00eb Departamentin e Shtetit, zyr\u00ebn e saj nj\u00eb takim me Sekretaren e Shtetit, znj. Hilary Clinton Ky takim ishte i pari i Administrat\u00ebs s\u00eb Presidentit t\u00eb 44-t\u00eb Barack Obama, q\u00eb Sekretarja e Shtetit, znj. Hilary Clinton, b\u00ebn\u00eb me kryeministrin e nj\u00eb shteti. Vizita e kryeministrit t\u00eb Shqip\u00ebris\u00eb, n\u00eb Departamentin e [&hellip;]<\/p>\n","protected":false},"author":1,"featured_media":0,"comment_status":"open","ping_status":"closed","sticky":false,"template":"","format":"standard","meta":{"spay_email":"","jetpack_publicize_message":"","jetpack_is_tweetstorm":false,"jetpack_publicize_feature_enabled":true},"categories":[7],"tags":[6498,6497,6492,6494,6495,6491,6493,6496],"jetpack_publicize_connections":[],"yoast_head":"<!-- This site is optimized with the Yoast SEO plugin v19.1 - https:\/\/yoast.com\/wordpress\/plugins\/seo\/ -->\n<title>Sekretarja Clinton takoi kryeministrin Berisha - Lajme nga Ulqini<\/title>\n<meta name=\"description\" content=\"Kryeministri Sali Berisha zhvilloj\u00eb sot, n\u00eb Departamentin e Shtetit, zyr\u00ebn e saj nj\u00eb takim me Sekretaren e Shtetit, znj. Hilary Clinton Ky takim ishte i\" \/>\n<meta name=\"robots\" content=\"index, follow, max-snippet:-1, max-image-preview:large, max-video-preview:-1\" \/>\n<link rel=\"canonical\" href=\"https:\/\/www.visit-ulcinj.com\/blog\/2009\/02\/07\/sekretarja-clinton-takoi-kryeministrin-berisha\/\" \/>\n<meta property=\"og:locale\" content=\"en_US\" \/>\n<meta property=\"og:type\" content=\"article\" \/>\n<meta property=\"og:title\" content=\"Sekretarja Clinton takoi kryeministrin Berisha - Lajme nga Ulqini\" \/>\n<meta property=\"og:description\" content=\"Kryeministri Sali Berisha zhvilloj\u00eb sot, n\u00eb Departamentin e Shtetit, zyr\u00ebn e saj nj\u00eb takim me Sekretaren e Shtetit, znj. Hilary Clinton Ky takim ishte i\" \/>\n<meta property=\"og:url\" content=\"https:\/\/www.visit-ulcinj.com\/blog\/2009\/02\/07\/sekretarja-clinton-takoi-kryeministrin-berisha\/\" \/>\n<meta property=\"og:site_name\" content=\"Lajme nga Ulqini\" \/>\n<meta property=\"article:published_time\" content=\"2009-02-07T10:58:44+00:00\" \/>\n<meta property=\"article:modified_time\" content=\"2009-02-07T10:58:47+00:00\" \/>\n<meta property=\"og:image\" content=\"http:\/\/www.visit-ulcinj.com\/blog\/wp-content\/uploads\/2009\/02\/2009_02_06_clinton_berisha_600_1.jpg\" \/>\n<meta name=\"twitter:label1\" content=\"Written by\" \/>\n\t<meta name=\"twitter:data1\" content=\"ulqini\" \/>\n\t<meta name=\"twitter:label2\" content=\"Est. reading time\" \/>\n\t<meta name=\"twitter:data2\" content=\"2 minutes\" \/>\n<script type=\"application\/ld+json\" class=\"yoast-schema-graph\">{\"@context\":\"https:\/\/schema.org\",\"@graph\":[{\"@type\":\"WebSite\",\"@id\":\"https:\/\/www.visit-ulcinj.com\/blog\/#website\",\"url\":\"https:\/\/www.visit-ulcinj.com\/blog\/\",\"name\":\"Lajme nga Ulqini\",\"description\":\"Lajme,Vijesti,Ulqini,Ulqin,Crna Gora,Mali i Zi\",\"potentialAction\":[{\"@type\":\"SearchAction\",\"target\":{\"@type\":\"EntryPoint\",\"urlTemplate\":\"https:\/\/www.visit-ulcinj.com\/blog\/?s={search_term_string}\"},\"query-input\":\"required name=search_term_string\"}],\"inLanguage\":\"en-US\"},{\"@type\":\"ImageObject\",\"inLanguage\":\"en-US\",\"@id\":\"https:\/\/www.visit-ulcinj.com\/blog\/2009\/02\/07\/sekretarja-clinton-takoi-kryeministrin-berisha\/#primaryimage\",\"url\":\"http:\/\/www.visit-ulcinj.com\/blog\/wp-content\/uploads\/2009\/02\/2009_02_06_clinton_berisha_600_1.jpg\",\"contentUrl\":\"http:\/\/www.visit-ulcinj.com\/blog\/wp-content\/uploads\/2009\/02\/2009_02_06_clinton_berisha_600_1.jpg\"},{\"@type\":\"WebPage\",\"@id\":\"https:\/\/www.visit-ulcinj.com\/blog\/2009\/02\/07\/sekretarja-clinton-takoi-kryeministrin-berisha\/#webpage\",\"url\":\"https:\/\/www.visit-ulcinj.com\/blog\/2009\/02\/07\/sekretarja-clinton-takoi-kryeministrin-berisha\/\",\"name\":\"Sekretarja Clinton takoi kryeministrin Berisha - Lajme nga Ulqini\",\"isPartOf\":{\"@id\":\"https:\/\/www.visit-ulcinj.com\/blog\/#website\"},\"primaryImageOfPage\":{\"@id\":\"https:\/\/www.visit-ulcinj.com\/blog\/2009\/02\/07\/sekretarja-clinton-takoi-kryeministrin-berisha\/#primaryimage\"},\"datePublished\":\"2009-02-07T10:58:44+00:00\",\"dateModified\":\"2009-02-07T10:58:47+00:00\",\"author\":{\"@id\":\"https:\/\/www.visit-ulcinj.com\/blog\/#\/schema\/person\/dcab619c614d3038751c63bc2aadc06d\"},\"description\":\"Kryeministri Sali Berisha zhvilloj\u00eb sot, n\u00eb Departamentin e Shtetit, zyr\u00ebn e saj nj\u00eb takim me Sekretaren e Shtetit, znj. Hilary Clinton Ky takim ishte i\",\"breadcrumb\":{\"@id\":\"https:\/\/www.visit-ulcinj.com\/blog\/2009\/02\/07\/sekretarja-clinton-takoi-kryeministrin-berisha\/#breadcrumb\"},\"inLanguage\":\"en-US\",\"potentialAction\":[{\"@type\":\"ReadAction\",\"target\":[\"https:\/\/www.visit-ulcinj.com\/blog\/2009\/02\/07\/sekretarja-clinton-takoi-kryeministrin-berisha\/\"]}]},{\"@type\":\"BreadcrumbList\",\"@id\":\"https:\/\/www.visit-ulcinj.com\/blog\/2009\/02\/07\/sekretarja-clinton-takoi-kryeministrin-berisha\/#breadcrumb\",\"itemListElement\":[{\"@type\":\"ListItem\",\"position\":1,\"name\":\"Sekretarja Clinton takoi kryeministrin Berisha\"}]},{\"@type\":\"Person\",\"@id\":\"https:\/\/www.visit-ulcinj.com\/blog\/#\/schema\/person\/dcab619c614d3038751c63bc2aadc06d\",\"name\":\"ulqini\",\"sameAs\":[\"http:\/\/www.visit-ulcinj.com\"],\"url\":\"https:\/\/www.visit-ulcinj.com\/blog\/author\/admin\/\"}]}<\/script>\n<!-- \/ Yoast SEO plugin. -->","yoast_head_json":{"title":"Sekretarja Clinton takoi kryeministrin Berisha - Lajme nga Ulqini","description":"Kryeministri Sali Berisha zhvilloj\u00eb sot, n\u00eb Departamentin e Shtetit, zyr\u00ebn e saj nj\u00eb takim me Sekretaren e Shtetit, znj. Hilary Clinton Ky takim ishte i","robots":{"index":"index","follow":"follow","max-snippet":"max-snippet:-1","max-image-preview":"max-image-preview:large","max-video-preview":"max-video-preview:-1"},"canonical":"https:\/\/www.visit-ulcinj.com\/blog\/2009\/02\/07\/sekretarja-clinton-takoi-kryeministrin-berisha\/","og_locale":"en_US","og_type":"article","og_title":"Sekretarja Clinton takoi kryeministrin Berisha - Lajme nga Ulqini","og_description":"Kryeministri Sali Berisha zhvilloj\u00eb sot, n\u00eb Departamentin e Shtetit, zyr\u00ebn e saj nj\u00eb takim me Sekretaren e Shtetit, znj. Hilary Clinton Ky takim ishte i","og_url":"https:\/\/www.visit-ulcinj.com\/blog\/2009\/02\/07\/sekretarja-clinton-takoi-kryeministrin-berisha\/","og_site_name":"Lajme nga Ulqini","article_published_time":"2009-02-07T10:58:44+00:00","article_modified_time":"2009-02-07T10:58:47+00:00","og_image":[{"url":"http:\/\/www.visit-ulcinj.com\/blog\/wp-content\/uploads\/2009\/02\/2009_02_06_clinton_berisha_600_1.jpg"}],"twitter_misc":{"Written by":"ulqini","Est. reading time":"2 minutes"},"schema":{"@context":"https:\/\/schema.org","@graph":[{"@type":"WebSite","@id":"https:\/\/www.visit-ulcinj.com\/blog\/#website","url":"https:\/\/www.visit-ulcinj.com\/blog\/","name":"Lajme nga Ulqini","description":"Lajme,Vijesti,Ulqini,Ulqin,Crna Gora,Mali i Zi","potentialAction":[{"@type":"SearchAction","target":{"@type":"EntryPoint","urlTemplate":"https:\/\/www.visit-ulcinj.com\/blog\/?s={search_term_string}"},"query-input":"required name=search_term_string"}],"inLanguage":"en-US"},{"@type":"ImageObject","inLanguage":"en-US","@id":"https:\/\/www.visit-ulcinj.com\/blog\/2009\/02\/07\/sekretarja-clinton-takoi-kryeministrin-berisha\/#primaryimage","url":"http:\/\/www.visit-ulcinj.com\/blog\/wp-content\/uploads\/2009\/02\/2009_02_06_clinton_berisha_600_1.jpg","contentUrl":"http:\/\/www.visit-ulcinj.com\/blog\/wp-content\/uploads\/2009\/02\/2009_02_06_clinton_berisha_600_1.jpg"},{"@type":"WebPage","@id":"https:\/\/www.visit-ulcinj.com\/blog\/2009\/02\/07\/sekretarja-clinton-takoi-kryeministrin-berisha\/#webpage","url":"https:\/\/www.visit-ulcinj.com\/blog\/2009\/02\/07\/sekretarja-clinton-takoi-kryeministrin-berisha\/","name":"Sekretarja Clinton takoi kryeministrin Berisha - Lajme nga Ulqini","isPartOf":{"@id":"https:\/\/www.visit-ulcinj.com\/blog\/#website"},"primaryImageOfPage":{"@id":"https:\/\/www.visit-ulcinj.com\/blog\/2009\/02\/07\/sekretarja-clinton-takoi-kryeministrin-berisha\/#primaryimage"},"datePublished":"2009-02-07T10:58:44+00:00","dateModified":"2009-02-07T10:58:47+00:00","author":{"@id":"https:\/\/www.visit-ulcinj.com\/blog\/#\/schema\/person\/dcab619c614d3038751c63bc2aadc06d"},"description":"Kryeministri Sali Berisha zhvilloj\u00eb sot, n\u00eb Departamentin e Shtetit, zyr\u00ebn e saj nj\u00eb takim me Sekretaren e Shtetit, znj. Hilary Clinton Ky takim ishte i","breadcrumb":{"@id":"https:\/\/www.visit-ulcinj.com\/blog\/2009\/02\/07\/sekretarja-clinton-takoi-kryeministrin-berisha\/#breadcrumb"},"inLanguage":"en-US","potentialAction":[{"@type":"ReadAction","target":["https:\/\/www.visit-ulcinj.com\/blog\/2009\/02\/07\/sekretarja-clinton-takoi-kryeministrin-berisha\/"]}]},{"@type":"BreadcrumbList","@id":"https:\/\/www.visit-ulcinj.com\/blog\/2009\/02\/07\/sekretarja-clinton-takoi-kryeministrin-berisha\/#breadcrumb","itemListElement":[{"@type":"ListItem","position":1,"name":"Sekretarja Clinton takoi kryeministrin Berisha"}]},{"@type":"Person","@id":"https:\/\/www.visit-ulcinj.com\/blog\/#\/schema\/person\/dcab619c614d3038751c63bc2aadc06d","name":"ulqini","sameAs":["http:\/\/www.visit-ulcinj.com"],"url":"https:\/\/www.visit-ulcinj.com\/blog\/author\/admin\/"}]}},"jetpack_featured_media_url":"","jetpack_sharing_enabled":true,"jetpack_shortlink":"https:\/\/wp.me\/pe6lTn-2M5","_links":{"self":[{"href":"https:\/\/www.visit-ulcinj.com\/blog\/wp-json\/wp\/v2\/posts\/10669"}],"collection":[{"href":"https:\/\/www.visit-ulcinj.com\/blog\/wp-json\/wp\/v2\/posts"}],"about":[{"href":"https:\/\/www.visit-ulcinj.com\/blog\/wp-json\/wp\/v2\/types\/post"}],"author":[{"embeddable":true,"href":"https:\/\/www.visit-ulcinj.com\/blog\/wp-json\/wp\/v2\/users\/1"}],"replies":[{"embeddable":true,"href":"https:\/\/www.visit-ulcinj.com\/blog\/wp-json\/wp\/v2\/comments?post=10669"}],"version-history":[{"count":0,"href":"https:\/\/www.visit-ulcinj.com\/blog\/wp-json\/wp\/v2\/posts\/10669\/revisions"}],"wp:attachment":[{"href":"https:\/\/www.visit-ulcinj.com\/blog\/wp-json\/wp\/v2\/media?parent=10669"}],"wp:term":[{"taxonomy":"category","embeddable":true,"href":"https:\/\/www.visit-ulcinj.com\/blog\/wp-json\/wp\/v2\/categories?post=10669"},{"taxonomy":"post_tag","embeddable":true,"href":"https:\/\/www.visit-ulcinj.com\/blog\/wp-json\/wp\/v2\/tags?post=10669"}],"curies":[{"name":"wp","href":"https:\/\/api.w.org\/{rel}","templated":true}]}}