{"id":10679,"date":"2009-02-07T18:17:50","date_gmt":"2009-02-07T17:17:50","guid":{"rendered":"http:\/\/www.visit-ulcinj.com\/blog\/?p=10679"},"modified":"2009-02-07T18:17:54","modified_gmt":"2009-02-07T17:17:54","slug":"forca-takimi-me-studentet-e-shkodres","status":"publish","type":"post","link":"https:\/\/www.visit-ulcinj.com\/blog\/2009\/02\/07\/forca-takimi-me-studentet-e-shkodres\/","title":{"rendered":"Forca: Takimi me Student\u00ebt e Shkodr\u00ebs"},"content":{"rendered":"<p><a rel=\"attachment wp-att-10680\" href=\"http:\/\/www.visit-ulcinj.com\/blog\/2009\/02\/07\/forca-takimi-me-studentet-e-shkodres\/ne-hotelin-grand-ne-shkoder-forca-organizoi\/\"><img loading=\"lazy\" class=\"alignleft size-full wp-image-10680\" title=\"ne-hotelin-grand-ne-shkoder-forca-organizoi\" src=\"http:\/\/www.visit-ulcinj.com\/blog\/wp-content\/uploads\/2009\/02\/ne-hotelin-grand-ne-shkoder-forca-organizoi.jpg\" alt=\"ne-hotelin-grand-ne-shkoder-forca-organizoi\" width=\"570\" height=\"400\" \/><\/a>Mbr\u00ebm\u00eb\u00a0 n\u00eb Hotelin Grand n\u00eb Shkod\u00ebr FORCA organizoi nj\u00eb prezantim me Student\u00ebt Shqiptar\u00eb\u00a0 nga Mali i Zi. Tema e mbr\u00ebmjes ishte FORCA, PERSPEKTIVA DHE ZHVILLIMI. Kryetari i Forc\u00ebs Nazif Cungu beri prezantimin e aktiviteteve t\u00eb Forc\u00ebs dhe parashtroj disa pika nga Programi i Forc\u00ebs dhe s\u00eb bashku me n\u00ebnkryetarin e Forc\u00ebs Genc Nimanbegun jan\u00eb p\u00ebrgjegj\u00eb pyetjevet\u00eb student\u00ebve rreth problemeve q\u00eb i brengosin.<br \/>\nN\u00eb mbr\u00ebmje ishin prezent rreth 80 student, e kjo \u00ebsht\u00eb takimi i par\u00eb nga nj\u00eb s\u00ebr\u00eb takimesh q\u00eb do organizoj\u00eb Forca.<\/p>\n<p><strong>Sh\u00ebrbimi Informativ i Forc\u00ebs<\/strong><\/p>\n<p><strong>\n\t\t<style type=\"text\/css\">\n\t\t\t#gallery-1 {\n\t\t\t\tmargin: auto;\n\t\t\t}\n\t\t\t#gallery-1 .gallery-item {\n\t\t\t\tfloat: left;\n\t\t\t\tmargin-top: 10px;\n\t\t\t\ttext-align: center;\n\t\t\t\twidth: 33%;\n\t\t\t}\n\t\t\t#gallery-1 img {\n\t\t\t\tborder: 2px solid #cfcfcf;\n\t\t\t}\n\t\t\t#gallery-1 .gallery-caption {\n\t\t\t\tmargin-left: 0;\n\t\t\t}\n\t\t\t\/* see gallery_shortcode() in wp-includes\/media.php *\/\n\t\t<\/style>\n\t\t<div id='gallery-1' class='gallery galleryid-10679 gallery-columns-3 gallery-size-thumbnail'><dl class='gallery-item'>\n\t\t\t<dt class='gallery-icon landscape'>\n\t\t\t\t<a href='https:\/\/www.visit-ulcinj.com\/blog\/wp-content\/uploads\/2009\/02\/ne-hotelin-grand-ne-shkoder-forca-organizoi_1.jpg'><img width=\"150\" height=\"150\" src=\"https:\/\/www.visit-ulcinj.com\/blog\/wp-content\/uploads\/2009\/02\/ne-hotelin-grand-ne-shkoder-forca-organizoi_1-150x150.jpg\" class=\"attachment-thumbnail size-thumbnail\" alt=\"\" loading=\"lazy\" \/><\/a>\n\t\t\t<\/dt><\/dl><dl class='gallery-item'>\n\t\t\t<dt class='gallery-icon landscape'>\n\t\t\t\t<a href='https:\/\/www.visit-ulcinj.com\/blog\/wp-content\/uploads\/2009\/02\/ne-hotelin-grand-ne-shkoder-forca-organizoi_2.jpg'><img width=\"150\" height=\"150\" src=\"https:\/\/www.visit-ulcinj.com\/blog\/wp-content\/uploads\/2009\/02\/ne-hotelin-grand-ne-shkoder-forca-organizoi_2-150x150.jpg\" class=\"attachment-thumbnail size-thumbnail\" alt=\"\" loading=\"lazy\" \/><\/a>\n\t\t\t<\/dt><\/dl>\n\t\t\t<br style='clear: both' \/>\n\t\t<\/div>\n<br \/>\n<\/strong><\/p>\n","protected":false},"excerpt":{"rendered":"<p>Mbr\u00ebm\u00eb\u00a0 n\u00eb Hotelin Grand n\u00eb Shkod\u00ebr FORCA organizoi nj\u00eb prezantim me Student\u00ebt Shqiptar\u00eb\u00a0 nga Mali i Zi. Tema e mbr\u00ebmjes ishte FORCA, PERSPEKTIVA DHE ZHVILLIMI. Kryetari i Forc\u00ebs Nazif Cungu beri prezantimin e aktiviteteve t\u00eb Forc\u00ebs dhe parashtroj disa pika nga Programi i Forc\u00ebs dhe s\u00eb bashku me n\u00ebnkryetarin e Forc\u00ebs Genc Nimanbegun jan\u00eb p\u00ebrgjegj\u00eb [&hellip;]<\/p>\n","protected":false},"author":1,"featured_media":0,"comment_status":"open","ping_status":"closed","sticky":false,"template":"","format":"standard","meta":{"spay_email":"","jetpack_publicize_message":"","jetpack_is_tweetstorm":false,"jetpack_publicize_feature_enabled":true},"categories":[14],"tags":[6501,6500,6499],"jetpack_publicize_connections":[],"yoast_head":"<!-- This site is optimized with the Yoast SEO plugin v19.1 - https:\/\/yoast.com\/wordpress\/plugins\/seo\/ -->\n<title>Forca: Takimi me Student\u00ebt e Shkodr\u00ebs - Lajme nga Ulqini<\/title>\n<meta name=\"description\" content=\"Mbr\u00ebm\u00eb\u00a0 n\u00eb Hotelin Grand n\u00eb Shkod\u00ebr FORCA organizoi nj\u00eb prezantim me Student\u00ebt Shqiptar\u00eb\u00a0 nga Mali i Zi. Tema e mbr\u00ebmjes ishte FORCA, PERSPEKTIVA DHE\" \/>\n<meta name=\"robots\" content=\"index, follow, max-snippet:-1, max-image-preview:large, max-video-preview:-1\" \/>\n<link rel=\"canonical\" href=\"https:\/\/www.visit-ulcinj.com\/blog\/2009\/02\/07\/forca-takimi-me-studentet-e-shkodres\/\" \/>\n<meta property=\"og:locale\" content=\"en_US\" \/>\n<meta property=\"og:type\" content=\"article\" \/>\n<meta property=\"og:title\" content=\"Forca: Takimi me Student\u00ebt e Shkodr\u00ebs - Lajme nga Ulqini\" \/>\n<meta property=\"og:description\" content=\"Mbr\u00ebm\u00eb\u00a0 n\u00eb Hotelin Grand n\u00eb Shkod\u00ebr FORCA organizoi nj\u00eb prezantim me Student\u00ebt Shqiptar\u00eb\u00a0 nga Mali i Zi. Tema e mbr\u00ebmjes ishte FORCA, PERSPEKTIVA DHE\" \/>\n<meta property=\"og:url\" content=\"https:\/\/www.visit-ulcinj.com\/blog\/2009\/02\/07\/forca-takimi-me-studentet-e-shkodres\/\" \/>\n<meta property=\"og:site_name\" content=\"Lajme nga Ulqini\" \/>\n<meta property=\"article:published_time\" content=\"2009-02-07T17:17:50+00:00\" \/>\n<meta property=\"article:modified_time\" content=\"2009-02-07T17:17:54+00:00\" \/>\n<meta property=\"og:image\" content=\"https:\/\/www.visit-ulcinj.com\/blog\/wp-content\/uploads\/2009\/02\/ne-hotelin-grand-ne-shkoder-forca-organizoi_1-150x150.jpg\" \/>\n<meta name=\"twitter:label1\" content=\"Written by\" \/>\n\t<meta name=\"twitter:data1\" content=\"ulqini\" \/>\n\t<meta name=\"twitter:label2\" content=\"Est. reading time\" \/>\n\t<meta name=\"twitter:data2\" content=\"1 minute\" \/>\n<script type=\"application\/ld+json\" class=\"yoast-schema-graph\">{\"@context\":\"https:\/\/schema.org\",\"@graph\":[{\"@type\":\"WebSite\",\"@id\":\"https:\/\/www.visit-ulcinj.com\/blog\/#website\",\"url\":\"https:\/\/www.visit-ulcinj.com\/blog\/\",\"name\":\"Lajme nga Ulqini\",\"description\":\"Lajme,Vijesti,Ulqini,Ulqin,Crna Gora,Mali i Zi\",\"potentialAction\":[{\"@type\":\"SearchAction\",\"target\":{\"@type\":\"EntryPoint\",\"urlTemplate\":\"https:\/\/www.visit-ulcinj.com\/blog\/?s={search_term_string}\"},\"query-input\":\"required name=search_term_string\"}],\"inLanguage\":\"en-US\"},{\"@type\":\"ImageObject\",\"inLanguage\":\"en-US\",\"@id\":\"https:\/\/www.visit-ulcinj.com\/blog\/2009\/02\/07\/forca-takimi-me-studentet-e-shkodres\/#primaryimage\",\"url\":\"http:\/\/www.visit-ulcinj.com\/blog\/wp-content\/uploads\/2009\/02\/ne-hotelin-grand-ne-shkoder-forca-organizoi.jpg\",\"contentUrl\":\"http:\/\/www.visit-ulcinj.com\/blog\/wp-content\/uploads\/2009\/02\/ne-hotelin-grand-ne-shkoder-forca-organizoi.jpg\"},{\"@type\":\"WebPage\",\"@id\":\"https:\/\/www.visit-ulcinj.com\/blog\/2009\/02\/07\/forca-takimi-me-studentet-e-shkodres\/#webpage\",\"url\":\"https:\/\/www.visit-ulcinj.com\/blog\/2009\/02\/07\/forca-takimi-me-studentet-e-shkodres\/\",\"name\":\"Forca: Takimi me Student\u00ebt e Shkodr\u00ebs - Lajme nga Ulqini\",\"isPartOf\":{\"@id\":\"https:\/\/www.visit-ulcinj.com\/blog\/#website\"},\"primaryImageOfPage\":{\"@id\":\"https:\/\/www.visit-ulcinj.com\/blog\/2009\/02\/07\/forca-takimi-me-studentet-e-shkodres\/#primaryimage\"},\"datePublished\":\"2009-02-07T17:17:50+00:00\",\"dateModified\":\"2009-02-07T17:17:54+00:00\",\"author\":{\"@id\":\"https:\/\/www.visit-ulcinj.com\/blog\/#\/schema\/person\/dcab619c614d3038751c63bc2aadc06d\"},\"description\":\"Mbr\u00ebm\u00eb\u00a0 n\u00eb Hotelin Grand n\u00eb Shkod\u00ebr FORCA organizoi nj\u00eb prezantim me Student\u00ebt Shqiptar\u00eb\u00a0 nga Mali i Zi. Tema e mbr\u00ebmjes ishte FORCA, PERSPEKTIVA DHE\",\"breadcrumb\":{\"@id\":\"https:\/\/www.visit-ulcinj.com\/blog\/2009\/02\/07\/forca-takimi-me-studentet-e-shkodres\/#breadcrumb\"},\"inLanguage\":\"en-US\",\"potentialAction\":[{\"@type\":\"ReadAction\",\"target\":[\"https:\/\/www.visit-ulcinj.com\/blog\/2009\/02\/07\/forca-takimi-me-studentet-e-shkodres\/\"]}]},{\"@type\":\"BreadcrumbList\",\"@id\":\"https:\/\/www.visit-ulcinj.com\/blog\/2009\/02\/07\/forca-takimi-me-studentet-e-shkodres\/#breadcrumb\",\"itemListElement\":[{\"@type\":\"ListItem\",\"position\":1,\"name\":\"Forca: Takimi me Student\u00ebt e Shkodr\u00ebs\"}]},{\"@type\":\"Person\",\"@id\":\"https:\/\/www.visit-ulcinj.com\/blog\/#\/schema\/person\/dcab619c614d3038751c63bc2aadc06d\",\"name\":\"ulqini\",\"sameAs\":[\"http:\/\/www.visit-ulcinj.com\"],\"url\":\"https:\/\/www.visit-ulcinj.com\/blog\/author\/admin\/\"}]}<\/script>\n<!-- \/ Yoast SEO plugin. -->","yoast_head_json":{"title":"Forca: Takimi me Student\u00ebt e Shkodr\u00ebs - Lajme nga Ulqini","description":"Mbr\u00ebm\u00eb\u00a0 n\u00eb Hotelin Grand n\u00eb Shkod\u00ebr FORCA organizoi nj\u00eb prezantim me Student\u00ebt Shqiptar\u00eb\u00a0 nga Mali i Zi. Tema e mbr\u00ebmjes ishte FORCA, PERSPEKTIVA DHE","robots":{"index":"index","follow":"follow","max-snippet":"max-snippet:-1","max-image-preview":"max-image-preview:large","max-video-preview":"max-video-preview:-1"},"canonical":"https:\/\/www.visit-ulcinj.com\/blog\/2009\/02\/07\/forca-takimi-me-studentet-e-shkodres\/","og_locale":"en_US","og_type":"article","og_title":"Forca: Takimi me Student\u00ebt e Shkodr\u00ebs - Lajme nga Ulqini","og_description":"Mbr\u00ebm\u00eb\u00a0 n\u00eb Hotelin Grand n\u00eb Shkod\u00ebr FORCA organizoi nj\u00eb prezantim me Student\u00ebt Shqiptar\u00eb\u00a0 nga Mali i Zi. Tema e mbr\u00ebmjes ishte FORCA, PERSPEKTIVA DHE","og_url":"https:\/\/www.visit-ulcinj.com\/blog\/2009\/02\/07\/forca-takimi-me-studentet-e-shkodres\/","og_site_name":"Lajme nga Ulqini","article_published_time":"2009-02-07T17:17:50+00:00","article_modified_time":"2009-02-07T17:17:54+00:00","og_image":[{"url":"https:\/\/www.visit-ulcinj.com\/blog\/wp-content\/uploads\/2009\/02\/ne-hotelin-grand-ne-shkoder-forca-organizoi_1-150x150.jpg"}],"twitter_misc":{"Written by":"ulqini","Est. reading time":"1 minute"},"schema":{"@context":"https:\/\/schema.org","@graph":[{"@type":"WebSite","@id":"https:\/\/www.visit-ulcinj.com\/blog\/#website","url":"https:\/\/www.visit-ulcinj.com\/blog\/","name":"Lajme nga Ulqini","description":"Lajme,Vijesti,Ulqini,Ulqin,Crna Gora,Mali i Zi","potentialAction":[{"@type":"SearchAction","target":{"@type":"EntryPoint","urlTemplate":"https:\/\/www.visit-ulcinj.com\/blog\/?s={search_term_string}"},"query-input":"required name=search_term_string"}],"inLanguage":"en-US"},{"@type":"ImageObject","inLanguage":"en-US","@id":"https:\/\/www.visit-ulcinj.com\/blog\/2009\/02\/07\/forca-takimi-me-studentet-e-shkodres\/#primaryimage","url":"http:\/\/www.visit-ulcinj.com\/blog\/wp-content\/uploads\/2009\/02\/ne-hotelin-grand-ne-shkoder-forca-organizoi.jpg","contentUrl":"http:\/\/www.visit-ulcinj.com\/blog\/wp-content\/uploads\/2009\/02\/ne-hotelin-grand-ne-shkoder-forca-organizoi.jpg"},{"@type":"WebPage","@id":"https:\/\/www.visit-ulcinj.com\/blog\/2009\/02\/07\/forca-takimi-me-studentet-e-shkodres\/#webpage","url":"https:\/\/www.visit-ulcinj.com\/blog\/2009\/02\/07\/forca-takimi-me-studentet-e-shkodres\/","name":"Forca: Takimi me Student\u00ebt e Shkodr\u00ebs - Lajme nga Ulqini","isPartOf":{"@id":"https:\/\/www.visit-ulcinj.com\/blog\/#website"},"primaryImageOfPage":{"@id":"https:\/\/www.visit-ulcinj.com\/blog\/2009\/02\/07\/forca-takimi-me-studentet-e-shkodres\/#primaryimage"},"datePublished":"2009-02-07T17:17:50+00:00","dateModified":"2009-02-07T17:17:54+00:00","author":{"@id":"https:\/\/www.visit-ulcinj.com\/blog\/#\/schema\/person\/dcab619c614d3038751c63bc2aadc06d"},"description":"Mbr\u00ebm\u00eb\u00a0 n\u00eb Hotelin Grand n\u00eb Shkod\u00ebr FORCA organizoi nj\u00eb prezantim me Student\u00ebt Shqiptar\u00eb\u00a0 nga Mali i Zi. Tema e mbr\u00ebmjes ishte FORCA, PERSPEKTIVA DHE","breadcrumb":{"@id":"https:\/\/www.visit-ulcinj.com\/blog\/2009\/02\/07\/forca-takimi-me-studentet-e-shkodres\/#breadcrumb"},"inLanguage":"en-US","potentialAction":[{"@type":"ReadAction","target":["https:\/\/www.visit-ulcinj.com\/blog\/2009\/02\/07\/forca-takimi-me-studentet-e-shkodres\/"]}]},{"@type":"BreadcrumbList","@id":"https:\/\/www.visit-ulcinj.com\/blog\/2009\/02\/07\/forca-takimi-me-studentet-e-shkodres\/#breadcrumb","itemListElement":[{"@type":"ListItem","position":1,"name":"Forca: Takimi me Student\u00ebt e Shkodr\u00ebs"}]},{"@type":"Person","@id":"https:\/\/www.visit-ulcinj.com\/blog\/#\/schema\/person\/dcab619c614d3038751c63bc2aadc06d","name":"ulqini","sameAs":["http:\/\/www.visit-ulcinj.com"],"url":"https:\/\/www.visit-ulcinj.com\/blog\/author\/admin\/"}]}},"jetpack_featured_media_url":"","jetpack_sharing_enabled":true,"jetpack_shortlink":"https:\/\/wp.me\/pe6lTn-2Mf","_links":{"self":[{"href":"https:\/\/www.visit-ulcinj.com\/blog\/wp-json\/wp\/v2\/posts\/10679"}],"collection":[{"href":"https:\/\/www.visit-ulcinj.com\/blog\/wp-json\/wp\/v2\/posts"}],"about":[{"href":"https:\/\/www.visit-ulcinj.com\/blog\/wp-json\/wp\/v2\/types\/post"}],"author":[{"embeddable":true,"href":"https:\/\/www.visit-ulcinj.com\/blog\/wp-json\/wp\/v2\/users\/1"}],"replies":[{"embeddable":true,"href":"https:\/\/www.visit-ulcinj.com\/blog\/wp-json\/wp\/v2\/comments?post=10679"}],"version-history":[{"count":0,"href":"https:\/\/www.visit-ulcinj.com\/blog\/wp-json\/wp\/v2\/posts\/10679\/revisions"}],"wp:attachment":[{"href":"https:\/\/www.visit-ulcinj.com\/blog\/wp-json\/wp\/v2\/media?parent=10679"}],"wp:term":[{"taxonomy":"category","embeddable":true,"href":"https:\/\/www.visit-ulcinj.com\/blog\/wp-json\/wp\/v2\/categories?post=10679"},{"taxonomy":"post_tag","embeddable":true,"href":"https:\/\/www.visit-ulcinj.com\/blog\/wp-json\/wp\/v2\/tags?post=10679"}],"curies":[{"name":"wp","href":"https:\/\/api.w.org\/{rel}","templated":true}]}}