{"id":10710,"date":"2009-02-07T20:15:10","date_gmt":"2009-02-07T19:15:10","guid":{"rendered":"http:\/\/www.visit-ulcinj.com\/blog\/?p=10710"},"modified":"2009-02-07T20:15:10","modified_gmt":"2009-02-07T19:15:10","slug":"big-brother-albania-2-flasin-drejtuesit","status":"publish","type":"post","link":"https:\/\/www.visit-ulcinj.com\/blog\/2009\/02\/07\/big-brother-albania-2-flasin-drejtuesit\/","title":{"rendered":"Big Brother Albania 2: Flasin Drejtuesit"},"content":{"rendered":"<p><a href=\"http:\/\/www.visit-ulcinj.com\/blog\/wp-content\/uploads\/2009\/02\/bigbnis.jpg\"><img loading=\"lazy\" class=\"alignleft size-full wp-image-10712\" title=\"Big Brother US\" src=\"http:\/\/www.visit-ulcinj.com\/blog\/wp-content\/uploads\/2009\/02\/bigbnis.jpg\" alt=\"Big Brother US\" width=\"280\" height=\"200\" \/><\/a>Starton sot n\u00eb mbr\u00ebmje edicioni i dyt\u00eb i \u201cBig Brother Albania\u201d. Kush do t\u00eb jen\u00eb banor\u00ebt e sht\u00ebpis\u00eb m\u00eb t\u00eb madhe dhe m\u00eb t\u00eb v\u00ebzhguar n\u00eb Shqip\u00ebri? Pse djemt\u00eb do t\u00eb vazhdojn\u00eb t\u00eb triumfojn\u00eb mbi vajzat? Nga vijn\u00eb dhe \u00e7far\u00eb b\u00ebjn\u00eb? Kjo do t\u00eb mbetet ende surpriz\u00eb deri n\u00eb or\u00ebn 20.45, n\u00eb spektaklin q\u00eb do t\u00eb transmetohet drejtp\u00ebrdrejt n\u00eb ekranin e \u201cTop Channel\u201d<br \/>\nAjo q\u00eb mund t\u00eb zbulojm\u00eb n\u00eb numrin e par\u00eb t\u00eb suplementit \u201c<strong>Big Brother 2<\/strong>? \u00ebsht\u00eb fare pak nga mekanizmi zinxhir i p\u00ebrgjimit.<\/p>\n<p>Ndryshe nga pjesa m\u00eb e madhe e atyre q\u00eb jan\u00eb t\u00eb magjepsur pas ekranit t\u00eb vog\u00ebl, autorja e programit \u201c<strong>Big Brother 2?<\/strong>, Grazia Pracilio, tregon se nuk ka \u00ebnd\u00ebrruar t\u00eb b\u00ebhet e famshme p\u00ebrpara kamerave, por ka d\u00ebshiruar ta krijoj\u00eb ajo vet\u00eb nj\u00eb produkt televiziv. Autorja e spektaklit m\u00eb t\u00eb madh \u201creality\u201d n\u00eb Shqip\u00ebri, \u201cBig<br \/>\nBrother 2?, q\u00eb sonte mbr\u00ebma starton n\u00eb \u201cTop Channel\u201d, ka studiuar balet klasik dhe kjo e ka b\u00ebr\u00eb t\u00eb provoj\u00eb emocionet q\u00eb t\u00eb jep drita e kuqe e kamer\u00ebs, p\u00ebrpara se t\u00eb provonte drith\u00ebrimat e nj\u00eb prodhimi cil\u00ebsor televiziv, t\u00eb krijuar me dashuri dhe p\u00ebrkushtim nga pas tyre. <strong>Grazia Pracilio<\/strong> ka pasur fatin t\u00eb punoj\u00eb me emra t\u00eb m\u00ebdhenj t\u00eb televizionit italian, madje ka qen\u00eb pjes\u00eb e suksesit t\u00eb padiskutuesh\u00ebm t\u00eb edicionit t\u00eb par\u00eb t\u00eb k\u00ebtij lloji formati <strong>\u201creality show\u201d<\/strong>, q\u00eb n\u00eb vendin fqinj mban emrin <strong>\u201cGrande Fratello\u201d<\/strong>. Ajo nuk e fsheh surpriz\u00ebn e bukur q\u00eb ka pasur gjat\u00eb bisedave me kandidat\u00ebt p\u00ebr konkurrent\u00eb, ku rinia shqiptare i \u00ebsht\u00eb<br \/>\nshfaqur plot energji dhe me nj\u00eb shpirt mjaft t\u00eb pasur.<br \/>\nNd\u00ebrkoh\u00eb q\u00eb prezantuesja e spektaklit, Arbana Osmani, ka vendosur t\u00eb mos l\u00ebshoj\u00eb asnj\u00eb intervist\u00eb mbi spektaklin, Grazia nuk mbeti dot pa rr\u00ebfyer disa gj\u00ebra pikante mbi p\u00ebrvoj\u00ebn e saj t\u00eb par\u00eb me nj\u00eb televizion shqiptar dhe gar\u00ebn televizive <strong>\u201cBig Brother 2?<\/strong>, q\u00eb do t\u00eb mbaj\u00eb para ekranit t\u00eb \u201cTop Channel\u201d mij\u00ebra shikues.<br \/>\n<strong>\u00c7far\u00eb ju p\u00eblqeu dhe \u00e7far\u00eb ju stepi kur mor\u00ebt ftes\u00ebn p\u00ebr t\u00eb ardhur n\u00eb \u201cBig Brother 2??<\/strong><br \/>\nZgjodha t\u00eb vij n\u00eb \u201cBig Brother 2?, sepse kam punuar me spektaklin e par\u00eb t\u00eb \u201cGrande Fratello\u201d-s n\u00eb Itali dhe nuk pash\u00eb arsye pse t\u00eb hiqja dor\u00eb nga prania ime n\u00eb k\u00ebt\u00eb edicion t\u00eb dyt\u00eb t\u00eb k\u00ebtij \u201creality show\u201d shqiptar. P\u00ebr mua, ndryshimi nuk \u00ebsht\u00eb mes Shqip\u00ebris\u00eb dhe Italis\u00eb, un\u00eb thjesht jam n\u00eb edicionin tim t\u00eb dyt\u00eb t\u00eb k\u00ebtij formati.<\/p>\n<p><strong>A mendoni se ata q\u00eb marrin pjes\u00eb n\u00eb nj\u00eb \u201creality show\u201d t\u00eb till\u00eb, jan\u00eb kategori njer\u00ebzish q\u00eb leht\u00ebsisht do t\u00eb b\u00ebnin gjith\u00e7ka p\u00ebr para?<\/strong><br \/>\nJo. Jo t\u00eb gjith\u00eb hyjn\u00eb n\u00eb \u201cBig Brother\u201d p\u00ebr para. Ka njer\u00ebz q\u00eb e b\u00ebjn\u00eb p\u00ebr t\u00eb dh\u00ebn\u00eb nj\u00eb imazh t\u00eb ndrysh\u00ebm<br \/>\nt\u00eb vetvetes, ka q\u00eb e b\u00ebjn\u00eb p\u00ebr kureshtje, ka q\u00eb e b\u00ebjn\u00eb p\u00ebr t\u2018u zbavitur. Nuk mendoj se e b\u00ebjn\u00eb vet\u00ebm p\u00ebr para.<br \/>\n<strong>A do t\u00eb kemi nj\u00eb \u201cBig Brother\u201d ndryshe k\u00ebt\u00eb vit? Pse?<\/strong><br \/>\n\u00cbsht\u00eb gjithmon\u00eb ndryshe \u201cBig Brother\u201d. Po t\u00eb mos ishte n\u00eb ndryshim, nuk do t\u00eb vazhdonin kaq edicione.<br \/>\n<strong>Di\u00e7ka m\u00eb shum\u00eb?<\/strong> <strong>Apo surpriza e s\u00eb shtun\u00ebs mbr\u00ebma nuk preket\u2026? <\/strong><\/p>\n<p>Di q\u00eb Arbana ka vendosur t\u00eb rrij\u00eb n\u00eb heshtje totale p\u00ebrball\u00eb mediave\u2026ju jeni shpresa e vetme p\u00ebr t\u00eb m\u00ebsuar di\u00e7ka\u2026 Po, Arbana ka zgjedhur t\u00eb rrij\u00eb n\u00eb heshtje p\u00ebr k\u00ebnaq\u00ebsin\u00eb q\u00eb nat\u00ebn e par\u00eb t\u00eb spektaklit, t\u00eb na dhuroj\u00eb<br \/>\nnj\u00eb surpriz\u00eb. <strong><\/strong><\/p>\n<p><strong>Megjithat\u00eb dua t\u00eb di, konkurrent\u00ebt do t\u00eb jetojn\u00eb si t\u00eb varf\u00ebr, apo si pashallar\u00eb?<\/strong> (Qesh) Do t\u00eb jetojn\u00eb\u2026do t\u00eb jetojn\u00eb si konkurrent\u00eb.<br \/>\n<strong>Pra\u2026do ta thajn\u00eb barkun?<\/strong><br \/>\nJo, \u201cBig Brother 2? nuk \u00ebsht\u00eb <strong>\u201cIsola dei Famosi\u201d<\/strong>. Por i uroj q\u00eb t\u2018i tejkalojn\u00eb provat javore, n\u00eb m\u00ebnyr\u00eb q\u00eb t\u00eb mbrojn\u00eb t\u00eb ardhurat e jav\u00ebs. Pak varet prej tyre, por edhe nga ne, sepse t\u00eb them t\u00eb drejt\u00ebn, nuk \u00ebsht\u00eb se provat do t\u2018ia japim shum\u00eb t\u00eb thjeshta.<br \/>\n<strong>Sa i pashpirt do t\u00eb jet\u00eb \u201cBig Brother 2??<\/strong><br \/>\nNuk mendoj se \u00ebsht\u00eb i pashpirt, mendoj se \u00ebsht\u00eb nj\u00eb loj\u00eb. \u201cBig Brother 2? do t\u00eb jet\u00eb nj\u00eb spektak\u00ebl ku duhet luajtur.<br \/>\n<strong>A do t\u00eb ket\u00eb rikthim n\u00eb t\u00eb shkuar\u00ebn e konkurrent\u00ebve, apo thjesht do t\u00eb merremi me jet\u00ebn e tyre brenda \u201cBig Brother\u201d?<\/strong><br \/>\nNuk ekziston nj\u00eb jet\u00eb e izoluar vet\u00ebm brenda sht\u00ebpis\u00eb s\u00eb \u201cBig Brother 2?, apo vet\u00ebm brenda kufirit kohor t\u00eb k\u00ebsaj loje, q\u00eb p\u00ebrjashton jet\u00ebn q\u00eb ata kan\u00eb b\u00ebr\u00eb jasht\u00eb. Ata jan\u00eb k\u00ebtu, si rezultat i asaj q\u00eb kan\u00eb jetuar mbi supe.<br \/>\n\u00c7far\u00eb ju ka lodhur m\u00eb shum\u00eb deri tani?<br \/>\nAsgj\u00eb.<br \/>\n<strong>A do ta quanit humbje t\u00eb madhe, sikur n\u00eb \u201cBig Brother 2? t\u00eb mos lind\u00eb nj\u00eb lidhje dashurie, si\u00e7 ndodhi me \u201cBig Brother 1??<\/strong><\/p>\n<p>Jo, nuk \u00ebsht\u00eb ndonj\u00eb humbje e madhe, n\u00eb qoft\u00eb se v\u00ebrtet nuk ndodh. Por ka lidhje dashurie q\u00eb shfaqen dhe histori q\u00eb n\u00ebnkuptohen, un\u00eb kam shum\u00eb besim te kureshtja e telespektator\u00ebve.<span id=\"more-1080\"><script type=\"text\/javascript\"><!--\n&lt;! \ngoogle_ad_client = \"pub-1202966698303102\";\n\/* 336x280, creato 08\/03\/08 *\/\ngoogle_ad_slot = \"1436229508\";\ngoogle_ad_width = 336;\ngoogle_ad_height = 280;\n\/\/ &gt;\n\/\/ --><\/script><script type=\"text\/javascript\"><!--\nndow.google_render_ad();\n\/\/ --><\/script><\/span><strong><\/strong><\/p>\n<p><strong>\u00cbsht\u00eb krijuar ideja se t\u00eb gjith\u00eb pjes\u00ebmarr\u00ebsit n\u00eb \u201cBig Brother\u201d synojn\u00eb bot\u00ebn e televizionit apo spektaklit, ju a do t\u2018i ndihmoni konkurrent\u00ebt q\u00eb t\u00eb shprehin talentin me gara ku duhet t\u00eb k\u00ebndojn\u00eb, k\u00ebrcejn\u00eb, apo edhe aktrojn\u00eb?<\/strong><br \/>\nJo, nuk mendoj k\u00ebshtu. Mes konkurrent\u00ebve t\u00eb k\u00ebtij edicioni, ka prej tyre q\u00eb jan\u00eb njer\u00ebz t\u00eb ve\u00e7ant\u00eb q\u00eb jan\u00eb n\u00eb \u201cBig Brother\u201d p\u00ebr tjet\u00ebr arsye. Madje, nj\u00ebri prej tyre, nuk \u00ebsht\u00eb n\u00eb k\u00ebt\u00eb \u201creality show\u201d sepse d\u00ebshiron t\u00eb b\u00ebhet aktor, por un\u00eb e desha k\u00ebtu, sepse mendoj se \u00ebsht\u00eb nj\u00eb aktor i lindur, q\u00eb ende nuk \u00ebsht\u00eb zbuluar.<br \/>\n<strong>N\u00ebse n\u00eb sht\u00ebpin\u00eb e \u201cBig Brother 2? do t\u00eb zot\u00ebroj\u00eb monotonia, ju e keni formul\u00ebn fituese p\u00ebr t\u2018i b\u00ebr\u00eb konkurrent\u00ebt aktiv\u00eb<br \/>\nn\u00eb loj\u00eb?<\/strong><br \/>\nUn\u00eb nuk mendoj se ata vet\u00eb do t\u00eb duan q\u00eb t\u00eb bien n\u00eb monotoni dhe nuk mendoj se ka formula magjike q\u00eb i nxjerr nga ajo gjendje. Un\u00eb nuk jam magjistari i llamb\u00ebs se Aladinit, por uroj q\u00eb ata t\u00eb mund ta gjejn\u00eb nj\u00eb t\u00eb till\u00eb. \u201cGrande Fratello Italia\u201d ka pritur af\u00ebrsisht tet\u00eb vjet q\u00eb n\u00eb sht\u00ebpin\u00eb e atij spektakli t\u00eb hyj\u00eb nj\u00eb transeksual dhe s\u00eb fundi nj\u00eb i verb\u00ebr.<\/p>\n<p><strong>Po n\u00eb Shqip\u00ebri, mendoni se mund t\u00eb ndodh\u00eb kjo gj\u00eb?<\/strong><br \/>\nUn\u00eb them se \u00ebsht\u00eb vet\u00eb Shqip\u00ebria ajo q\u00eb e vendos k\u00ebt\u00eb gj\u00eb, n\u00ebse ndonj\u00ebher\u00eb do t\u00eb ndodh\u00eb. \u201cBig Brother\u201d nuk \u00ebsht\u00eb vet\u00ebm nj\u00eb program televiziv, p\u00ebrndryshe do t\u00eb kisha punuar n\u00eb spektak\u00ebl. Ky format \u00ebsht\u00eb i vetmi q\u00eb mundet t\u00eb sjell\u00eb di\u00e7ka q\u00eb flet p\u00ebr njer\u00ebzit e thjesht\u00eb, sepse ata q\u00eb e b\u00ebjn\u00eb jan\u00eb djem dhe vajza t\u00eb zakonsh\u00ebm. Ajo q\u00eb i dallon \u00ebsht\u00eb vet\u00ebm d\u00ebshira p\u00ebr t\u2018u shfaqur. Por \u201cBig Brother\u201d \u00ebsht\u00eb edhe nj\u00eb pasqyr\u00eb e asaj q\u00eb \u00ebsht\u00eb rinia sot dhe un\u00eb kam mbetur e habitur nga lloji i temave q\u00eb prekin t\u00eb rinjt\u00eb shqiptar\u00eb. Jam e lumtur dhe them se \u00ebsht\u00eb e r\u00ebnd\u00ebsishme q\u00eb t\u2018i japim mund\u00ebsin\u00eb q\u00eb t\u00eb flasin.<br \/>\n<strong>\u00c7far\u00eb do t\u2018i jepte suksesin dhe shikueshm\u00ebrin\u00eb e menj\u00ebhershme k\u00ebtij lloj spektakli?<\/strong><br \/>\n<strong>Marr\u00ebdh\u00ebnia seksuale para kamerave?<\/strong><br \/>\n<strong>Prania e nj\u00eb personi me aft\u00ebsi t\u00eb kufizuara?<br \/>\nVet\u00ebdeklarimi i nj\u00eb gay?<br \/>\nProvokimi politik?<br \/>\nGrindja?<\/strong><br \/>\nE v\u00ebrteta, ajo q\u00eb jep suksesin \u00ebsht\u00eb e v\u00ebrteta. Triumfi i nj\u00eb spektakli t\u00eb till\u00eb ka vet\u00ebm nj\u00eb formul\u00eb q\u00eb t\u00eb jet\u00eb i v\u00ebrtet\u00eb. <strong><\/strong><\/p>\n<p><strong>Nuk ka asgj\u00eb q\u00eb t\u00eb b\u00ebn m\u00eb shum\u00eb p\u00ebr t\u00eb qeshur apo p\u00ebr t\u00eb qar\u00eb, sesa e v\u00ebrteta. N\u00ebse \u201cBig Brother 2? do t\u00eb ishte njeri, si e imagjinoni?<\/strong><br \/>\nK\u00ebt\u00eb pyetje, un\u00eb vet\u00eb ia kam b\u00ebr\u00eb t\u00eb gjith\u00eb atyre q\u00eb kan\u00eb ardhur p\u00ebr t\u00eb hyr\u00eb n\u00eb spektak\u00ebl. P\u00ebrgjigjja e tyre ka qen\u00eb: Si nj\u00eb v\u00eblla t\u00eb madh.<br \/>\n<strong>Ju vet\u00eb, do t\u00eb hynit si konkurrente n\u00eb \u201cBig Brother\u201d?<\/strong><br \/>\nK\u00ebsaj pyetjeje, un\u00eb i p\u00ebrgjigjem gjithmon\u00eb jo, p\u00ebr faktin e thjesht\u00eb se do t\u00eb humbisja at\u00eb q\u00eb m\u00eb p\u00eblqen m\u00eb shum\u00eb. Mua nuk m\u00eb p\u00eblqen t\u00eb rri para kamerave, por pas tyre. Por kam nj\u00eb simpati t\u00eb madhe p\u00ebr ata q\u00eb m\u00eb japin mund\u00ebsin\u00eb t\u00eb jem n\u00eb k\u00ebt\u00eb pozicion, pra jan\u00eb ata q\u00eb hyjn\u00eb n\u00eb sht\u00ebpin\u00eb e \u201cBig Brother\u201d. Jan\u00eb njer\u00ebz me<br \/>\nkuraj\u00eb, t\u00eb k\u00ebndsh\u00ebm, kan\u00eb nj\u00eb sens t\u00eb madh humori dhe mendoj se nuk kan\u00eb frik\u00eb t\u00eb shfaqin veten ashtu si\u00e7 jan\u00eb.<br \/>\n<strong>Keni nj\u00eb fjal\u00eb p\u00ebr lexuesit, shikuesit?<\/strong><br \/>\nT\u00eb mos humbin takimin me \u201cBig Brother\u201d.<\/p>\n<p><em><strong><em>Gazeta Shqip<\/em><\/strong><\/em><\/p>\n","protected":false},"excerpt":{"rendered":"<p>Starton sot n\u00eb mbr\u00ebmje edicioni i dyt\u00eb i \u201cBig Brother Albania\u201d. Kush do t\u00eb jen\u00eb banor\u00ebt e sht\u00ebpis\u00eb m\u00eb t\u00eb madhe dhe m\u00eb t\u00eb v\u00ebzhguar n\u00eb Shqip\u00ebri? Pse djemt\u00eb do t\u00eb vazhdojn\u00eb t\u00eb triumfojn\u00eb mbi vajzat? Nga vijn\u00eb dhe \u00e7far\u00eb b\u00ebjn\u00eb? Kjo do t\u00eb mbetet ende surpriz\u00eb deri n\u00eb or\u00ebn 20.45, n\u00eb spektaklin q\u00eb do [&hellip;]<\/p>\n","protected":false},"author":1,"featured_media":0,"comment_status":"open","ping_status":"closed","sticky":false,"template":"","format":"standard","meta":{"spay_email":"","jetpack_publicize_message":"","jetpack_is_tweetstorm":false,"jetpack_publicize_feature_enabled":true},"categories":[6502],"tags":[5057,6504,6505,6506,6507,5081],"jetpack_publicize_connections":[],"yoast_head":"<!-- This site is optimized with the Yoast SEO plugin v19.1 - https:\/\/yoast.com\/wordpress\/plugins\/seo\/ -->\n<title>Big Brother Albania 2: Flasin Drejtuesit - Lajme nga Ulqini<\/title>\n<meta name=\"description\" content=\"Starton sot n\u00eb mbr\u00ebmje edicioni i dyt\u00eb i \u201cBig Brother Albania\u201d. Kush do t\u00eb jen\u00eb banor\u00ebt e sht\u00ebpis\u00eb m\u00eb t\u00eb madhe dhe m\u00eb t\u00eb v\u00ebzhguar n\u00eb Shqip\u00ebri? Pse djemt\u00eb\" \/>\n<meta name=\"robots\" content=\"index, follow, max-snippet:-1, max-image-preview:large, max-video-preview:-1\" \/>\n<link rel=\"canonical\" href=\"https:\/\/www.visit-ulcinj.com\/blog\/2009\/02\/07\/big-brother-albania-2-flasin-drejtuesit\/\" \/>\n<meta property=\"og:locale\" content=\"en_US\" \/>\n<meta property=\"og:type\" content=\"article\" \/>\n<meta property=\"og:title\" content=\"Big Brother Albania 2: Flasin Drejtuesit - Lajme nga Ulqini\" \/>\n<meta property=\"og:description\" content=\"Starton sot n\u00eb mbr\u00ebmje edicioni i dyt\u00eb i \u201cBig Brother Albania\u201d. Kush do t\u00eb jen\u00eb banor\u00ebt e sht\u00ebpis\u00eb m\u00eb t\u00eb madhe dhe m\u00eb t\u00eb v\u00ebzhguar n\u00eb Shqip\u00ebri? Pse djemt\u00eb\" \/>\n<meta property=\"og:url\" content=\"https:\/\/www.visit-ulcinj.com\/blog\/2009\/02\/07\/big-brother-albania-2-flasin-drejtuesit\/\" \/>\n<meta property=\"og:site_name\" content=\"Lajme nga Ulqini\" \/>\n<meta property=\"article:published_time\" content=\"2009-02-07T19:15:10+00:00\" \/>\n<meta property=\"og:image\" content=\"http:\/\/www.visit-ulcinj.com\/blog\/wp-content\/uploads\/2009\/02\/bigbnis.jpg\" \/>\n<meta name=\"twitter:label1\" content=\"Written by\" \/>\n\t<meta name=\"twitter:data1\" content=\"ulqini\" \/>\n\t<meta name=\"twitter:label2\" content=\"Est. reading time\" \/>\n\t<meta name=\"twitter:data2\" content=\"7 minutes\" \/>\n<script type=\"application\/ld+json\" class=\"yoast-schema-graph\">{\"@context\":\"https:\/\/schema.org\",\"@graph\":[{\"@type\":\"WebSite\",\"@id\":\"https:\/\/www.visit-ulcinj.com\/blog\/#website\",\"url\":\"https:\/\/www.visit-ulcinj.com\/blog\/\",\"name\":\"Lajme nga Ulqini\",\"description\":\"Lajme,Vijesti,Ulqini,Ulqin,Crna Gora,Mali i Zi\",\"potentialAction\":[{\"@type\":\"SearchAction\",\"target\":{\"@type\":\"EntryPoint\",\"urlTemplate\":\"https:\/\/www.visit-ulcinj.com\/blog\/?s={search_term_string}\"},\"query-input\":\"required name=search_term_string\"}],\"inLanguage\":\"en-US\"},{\"@type\":\"ImageObject\",\"inLanguage\":\"en-US\",\"@id\":\"https:\/\/www.visit-ulcinj.com\/blog\/2009\/02\/07\/big-brother-albania-2-flasin-drejtuesit\/#primaryimage\",\"url\":\"http:\/\/www.visit-ulcinj.com\/blog\/wp-content\/uploads\/2009\/02\/bigbnis.jpg\",\"contentUrl\":\"http:\/\/www.visit-ulcinj.com\/blog\/wp-content\/uploads\/2009\/02\/bigbnis.jpg\"},{\"@type\":\"WebPage\",\"@id\":\"https:\/\/www.visit-ulcinj.com\/blog\/2009\/02\/07\/big-brother-albania-2-flasin-drejtuesit\/#webpage\",\"url\":\"https:\/\/www.visit-ulcinj.com\/blog\/2009\/02\/07\/big-brother-albania-2-flasin-drejtuesit\/\",\"name\":\"Big Brother Albania 2: Flasin Drejtuesit - Lajme nga Ulqini\",\"isPartOf\":{\"@id\":\"https:\/\/www.visit-ulcinj.com\/blog\/#website\"},\"primaryImageOfPage\":{\"@id\":\"https:\/\/www.visit-ulcinj.com\/blog\/2009\/02\/07\/big-brother-albania-2-flasin-drejtuesit\/#primaryimage\"},\"datePublished\":\"2009-02-07T19:15:10+00:00\",\"dateModified\":\"2009-02-07T19:15:10+00:00\",\"author\":{\"@id\":\"https:\/\/www.visit-ulcinj.com\/blog\/#\/schema\/person\/dcab619c614d3038751c63bc2aadc06d\"},\"description\":\"Starton sot n\u00eb mbr\u00ebmje edicioni i dyt\u00eb i \u201cBig Brother Albania\u201d. Kush do t\u00eb jen\u00eb banor\u00ebt e sht\u00ebpis\u00eb m\u00eb t\u00eb madhe dhe m\u00eb t\u00eb v\u00ebzhguar n\u00eb Shqip\u00ebri? Pse djemt\u00eb\",\"breadcrumb\":{\"@id\":\"https:\/\/www.visit-ulcinj.com\/blog\/2009\/02\/07\/big-brother-albania-2-flasin-drejtuesit\/#breadcrumb\"},\"inLanguage\":\"en-US\",\"potentialAction\":[{\"@type\":\"ReadAction\",\"target\":[\"https:\/\/www.visit-ulcinj.com\/blog\/2009\/02\/07\/big-brother-albania-2-flasin-drejtuesit\/\"]}]},{\"@type\":\"BreadcrumbList\",\"@id\":\"https:\/\/www.visit-ulcinj.com\/blog\/2009\/02\/07\/big-brother-albania-2-flasin-drejtuesit\/#breadcrumb\",\"itemListElement\":[{\"@type\":\"ListItem\",\"position\":1,\"name\":\"Big Brother Albania 2: Flasin Drejtuesit\"}]},{\"@type\":\"Person\",\"@id\":\"https:\/\/www.visit-ulcinj.com\/blog\/#\/schema\/person\/dcab619c614d3038751c63bc2aadc06d\",\"name\":\"ulqini\",\"sameAs\":[\"http:\/\/www.visit-ulcinj.com\"],\"url\":\"https:\/\/www.visit-ulcinj.com\/blog\/author\/admin\/\"}]}<\/script>\n<!-- \/ Yoast SEO plugin. -->","yoast_head_json":{"title":"Big Brother Albania 2: Flasin Drejtuesit - Lajme nga Ulqini","description":"Starton sot n\u00eb mbr\u00ebmje edicioni i dyt\u00eb i \u201cBig Brother Albania\u201d. Kush do t\u00eb jen\u00eb banor\u00ebt e sht\u00ebpis\u00eb m\u00eb t\u00eb madhe dhe m\u00eb t\u00eb v\u00ebzhguar n\u00eb Shqip\u00ebri? Pse djemt\u00eb","robots":{"index":"index","follow":"follow","max-snippet":"max-snippet:-1","max-image-preview":"max-image-preview:large","max-video-preview":"max-video-preview:-1"},"canonical":"https:\/\/www.visit-ulcinj.com\/blog\/2009\/02\/07\/big-brother-albania-2-flasin-drejtuesit\/","og_locale":"en_US","og_type":"article","og_title":"Big Brother Albania 2: Flasin Drejtuesit - Lajme nga Ulqini","og_description":"Starton sot n\u00eb mbr\u00ebmje edicioni i dyt\u00eb i \u201cBig Brother Albania\u201d. Kush do t\u00eb jen\u00eb banor\u00ebt e sht\u00ebpis\u00eb m\u00eb t\u00eb madhe dhe m\u00eb t\u00eb v\u00ebzhguar n\u00eb Shqip\u00ebri? Pse djemt\u00eb","og_url":"https:\/\/www.visit-ulcinj.com\/blog\/2009\/02\/07\/big-brother-albania-2-flasin-drejtuesit\/","og_site_name":"Lajme nga Ulqini","article_published_time":"2009-02-07T19:15:10+00:00","og_image":[{"url":"http:\/\/www.visit-ulcinj.com\/blog\/wp-content\/uploads\/2009\/02\/bigbnis.jpg"}],"twitter_misc":{"Written by":"ulqini","Est. reading time":"7 minutes"},"schema":{"@context":"https:\/\/schema.org","@graph":[{"@type":"WebSite","@id":"https:\/\/www.visit-ulcinj.com\/blog\/#website","url":"https:\/\/www.visit-ulcinj.com\/blog\/","name":"Lajme nga Ulqini","description":"Lajme,Vijesti,Ulqini,Ulqin,Crna Gora,Mali i Zi","potentialAction":[{"@type":"SearchAction","target":{"@type":"EntryPoint","urlTemplate":"https:\/\/www.visit-ulcinj.com\/blog\/?s={search_term_string}"},"query-input":"required name=search_term_string"}],"inLanguage":"en-US"},{"@type":"ImageObject","inLanguage":"en-US","@id":"https:\/\/www.visit-ulcinj.com\/blog\/2009\/02\/07\/big-brother-albania-2-flasin-drejtuesit\/#primaryimage","url":"http:\/\/www.visit-ulcinj.com\/blog\/wp-content\/uploads\/2009\/02\/bigbnis.jpg","contentUrl":"http:\/\/www.visit-ulcinj.com\/blog\/wp-content\/uploads\/2009\/02\/bigbnis.jpg"},{"@type":"WebPage","@id":"https:\/\/www.visit-ulcinj.com\/blog\/2009\/02\/07\/big-brother-albania-2-flasin-drejtuesit\/#webpage","url":"https:\/\/www.visit-ulcinj.com\/blog\/2009\/02\/07\/big-brother-albania-2-flasin-drejtuesit\/","name":"Big Brother Albania 2: Flasin Drejtuesit - Lajme nga Ulqini","isPartOf":{"@id":"https:\/\/www.visit-ulcinj.com\/blog\/#website"},"primaryImageOfPage":{"@id":"https:\/\/www.visit-ulcinj.com\/blog\/2009\/02\/07\/big-brother-albania-2-flasin-drejtuesit\/#primaryimage"},"datePublished":"2009-02-07T19:15:10+00:00","dateModified":"2009-02-07T19:15:10+00:00","author":{"@id":"https:\/\/www.visit-ulcinj.com\/blog\/#\/schema\/person\/dcab619c614d3038751c63bc2aadc06d"},"description":"Starton sot n\u00eb mbr\u00ebmje edicioni i dyt\u00eb i \u201cBig Brother Albania\u201d. Kush do t\u00eb jen\u00eb banor\u00ebt e sht\u00ebpis\u00eb m\u00eb t\u00eb madhe dhe m\u00eb t\u00eb v\u00ebzhguar n\u00eb Shqip\u00ebri? Pse djemt\u00eb","breadcrumb":{"@id":"https:\/\/www.visit-ulcinj.com\/blog\/2009\/02\/07\/big-brother-albania-2-flasin-drejtuesit\/#breadcrumb"},"inLanguage":"en-US","potentialAction":[{"@type":"ReadAction","target":["https:\/\/www.visit-ulcinj.com\/blog\/2009\/02\/07\/big-brother-albania-2-flasin-drejtuesit\/"]}]},{"@type":"BreadcrumbList","@id":"https:\/\/www.visit-ulcinj.com\/blog\/2009\/02\/07\/big-brother-albania-2-flasin-drejtuesit\/#breadcrumb","itemListElement":[{"@type":"ListItem","position":1,"name":"Big Brother Albania 2: Flasin Drejtuesit"}]},{"@type":"Person","@id":"https:\/\/www.visit-ulcinj.com\/blog\/#\/schema\/person\/dcab619c614d3038751c63bc2aadc06d","name":"ulqini","sameAs":["http:\/\/www.visit-ulcinj.com"],"url":"https:\/\/www.visit-ulcinj.com\/blog\/author\/admin\/"}]}},"jetpack_featured_media_url":"","jetpack_sharing_enabled":true,"jetpack_shortlink":"https:\/\/wp.me\/pe6lTn-2MK","_links":{"self":[{"href":"https:\/\/www.visit-ulcinj.com\/blog\/wp-json\/wp\/v2\/posts\/10710"}],"collection":[{"href":"https:\/\/www.visit-ulcinj.com\/blog\/wp-json\/wp\/v2\/posts"}],"about":[{"href":"https:\/\/www.visit-ulcinj.com\/blog\/wp-json\/wp\/v2\/types\/post"}],"author":[{"embeddable":true,"href":"https:\/\/www.visit-ulcinj.com\/blog\/wp-json\/wp\/v2\/users\/1"}],"replies":[{"embeddable":true,"href":"https:\/\/www.visit-ulcinj.com\/blog\/wp-json\/wp\/v2\/comments?post=10710"}],"version-history":[{"count":0,"href":"https:\/\/www.visit-ulcinj.com\/blog\/wp-json\/wp\/v2\/posts\/10710\/revisions"}],"wp:attachment":[{"href":"https:\/\/www.visit-ulcinj.com\/blog\/wp-json\/wp\/v2\/media?parent=10710"}],"wp:term":[{"taxonomy":"category","embeddable":true,"href":"https:\/\/www.visit-ulcinj.com\/blog\/wp-json\/wp\/v2\/categories?post=10710"},{"taxonomy":"post_tag","embeddable":true,"href":"https:\/\/www.visit-ulcinj.com\/blog\/wp-json\/wp\/v2\/tags?post=10710"}],"curies":[{"name":"wp","href":"https:\/\/api.w.org\/{rel}","templated":true}]}}