{"id":1074,"date":"2008-03-30T13:43:14","date_gmt":"2008-03-30T18:43:14","guid":{"rendered":"http:\/\/www.visit-ulcinj.com\/blog\/?p=1074"},"modified":"2008-03-30T13:47:07","modified_gmt":"2008-03-30T18:47:07","slug":"qendrimet-e-ld-ne-mz-ne-lidhje-me-zgjedhjet-presidenciale-ne-mal-te-zi","status":"publish","type":"post","link":"https:\/\/www.visit-ulcinj.com\/blog\/2008\/03\/30\/qendrimet-e-ld-ne-mz-ne-lidhje-me-zgjedhjet-presidenciale-ne-mal-te-zi\/","title":{"rendered":"Q\u00ebndrimet e LD n\u00eb MZ n\u00eb lidhje me zgjedhjet presidenciale n\u00eb Mal t\u00eb Zi"},"content":{"rendered":"<p><strong>Nr. 40 (32-2) \/ 08<a href=\"http:\/\/www.visit-ulcinj.com\/blog\/wp-content\/uploads\/2008\/03\/ldmz1.jpg\"><img loading=\"lazy\" class=\"alignright size-medium wp-image-1075\" style=\"float: right;\" title=\"ldmz1\" src=\"http:\/\/www.visit-ulcinj.com\/blog\/wp-content\/uploads\/2008\/03\/ldmz1.jpg\" alt=\"LDMZ\" width=\"238\" height=\"242\" \/><\/a><br \/>\nTuz, m\u00eb 25. 03. 2008<br \/>\nK u m t e s \u00eb<\/strong><br \/>\n<strong><br \/>\nQ\u00cbNDRIMET E LD n\u00eb MZ N\u00cb LIDHJE ME ZGJEDHJET PRESIDENCIALE N\u00cb MZ<\/strong><\/p>\n<p>Kryesia e Lidhjes Demokraktoke n\u00eb Mal t\u00eb Zi, n\u00eb mbledhjen e vet t\u00eb mbajtur, n\u00eb Tuz, m\u00eb 22. 03. 2008, n\u00eb mes t\u00eb tjerave shqyrtoi edhe situat\u00ebn politike pas shpalljes s\u00eb zgjedhjeve p\u00ebr Kryetar t\u00eb Malit t\u00eb Zi , t\u00eb caktuara m\u00eb 6 prill 2008, konkretisht pas verifikimit t\u00eb kandidaturave nga Komisioni Shtet\u00ebror i Zgjedhjeve dhe renditjes s\u00eb tyre n\u00eb list\u00ebn e p\u00ebrbashk\u00ebt zgjedhore<\/p>\n<p>( 1. Nebojsha Medojeviq, PZP \/ Partia p\u00ebr Ndryshime,2. Andrija Mandiq, SL \/ Lista Serbe,<\/p>\n<p>3. Srgjan Miliq, SNP \/ Partia Popullore Socialiste dhe 4. Filip Vujanoviq, DPS \/ Partia Demokratike e Socialist\u00ebve) dhe q\u00ebndrimin e Lidhjes Dempokratike n\u00eb lidhje me k\u00ebto zgjedhje, gjegj\u00ebsisht kandidat\u00ebt p\u00ebr kryetar.<\/p>\n<p>Fakti se as n\u00eb k\u00ebto zgjedhje Presideciale nuk kemi asnj\u00eb kandidatur\u00eb nga radh\u00ebt e shqiptar\u00ebve, tregon m\u00eb s\u00eb miri p\u00ebr nivelin e demokracis\u00eb n\u00eb Mal t\u00eb Zi. Megjithat\u00eb Lidhja Demokratike, subjekti i par\u00eb politik dhe p\u00ebrfaq\u00ebsuesja e denj\u00eb e autentike e interesave t\u00eb shqiptar\u00ebve n\u00eb Mal t\u00eb Zi, nuk \u00ebsht\u00eb aspak indiferente se kush do t\u00eb jet\u00eb Kryetar i Malit t\u00eb Zi, p\u00ebrkundrazi jemi shum\u00eb t\u00eb interesuar q\u00eb Presidenti t\u00eb jet\u00eb personalitet me cil\u00ebsi t\u00eb larta morale, demokrat n\u00eb orientimet e veta politike, njeri q\u00eb nes\u00ebr president nuk do t\u00eb hesht\u00eb as t\u00eb p\u00ebrkrah\u00eb korrupcionin e kriminalitetin e organizuar, nepotizmin, privilegjet e kupoll\u00ebs shtet\u00ebrore, diskriminimin n\u00eb sferat e ndryshme, si at\u00eb nacional e racial, sidomos at\u00eb t\u00eb klaneve mafioze n\u00eb organet e administrat\u00ebn shtet\u00ebrore e lokale &#8230; q\u00eb po i hasim kudo e n\u00eb \u00e7do koh\u00eb, por q\u00eb me figur\u00ebn e tij, p\u00ebrgatitjen profesionale, orientimet e drejta politike, vullnetin e mir\u00eb dhe guximin qytetar e njer\u00ebzor dhe mandator nga funksioni i lart\u00eb i Presidentit t\u00eb Shtetit, t\u00eb jet\u00eb shembull n\u00eb dekretimin e zbatimin e ligjeve, vendimeve demokratike t\u00eb bazuara n\u00eb p\u00ebrvoj\u00ebn e standardet e larta t\u00eb demokracis\u00eb evropiane e amerikane, funksionimin e shtetit t\u00eb s\u00eb drejt\u00ebs i gatsh\u00ebm p\u00ebr nd\u00ebrtimin dhe zbatimin e plot\u00eb t\u00eb drejtave dhe lirive t\u00eb njeriut dhe t\u00eb drejtave t\u00eb pakicave nacionale.<\/p>\n<p>Kryesia e LD-s\u00eb vler\u00ebson se kandidat\u00ebt jan\u00eb figura tashm\u00eb t\u00eb njohura mediatike dhe me nj\u00eb pervoj\u00eb t\u00eb konsiderueshme politike t\u00eb nevojshme p\u00ebr momentin dhe vendin p\u00ebr t\u00eb cilin garojn\u00eb. Var\u00ebsisht nga programet e tyre zgjedhore dhe partiake, kandidat\u00eb t\u00eb cilave subjekte politike jan\u00eb, shohim n\u00eb sken\u00ebn parazgjedhore orientimet dhe p\u00ebrcaktimet e tyre.<br \/>\nNe si subjekt politik i shqiptar\u00ebve dhe si qytetar\u00eb, disa p\u00ebrcaktime t\u00eb tyre na g\u00ebzojn\u00eb, disa na l\u00ebn\u00eb indiferent\u00eb, po disa edhe na shqet\u00ebsojn\u00eb. Sidoqoft\u00eb duke u nisur nga programet e tyre t\u00eb b\u00ebra publike gjat\u00eb fushat\u00ebs, q\u00eb kemi pas rast e mund\u00ebsi t\u2019i shohim n\u00eb media t\u00eb shkruara a elektronike, nga programet e partive t\u00eb tyre politike, kandidat\u00eb t\u00eb cilave jan\u00eb dhe nga ativiteti, puna e angazhimi i deritash\u00ebm i tyre n\u00eb sfer\u00ebn politike n\u00eb parlament e n\u00eb funksionet e larta shtet\u00ebrore, var\u00ebsisht se kush ku ka qen\u00eb dhe ende \u00ebsht\u00eb, kryesia e Lidhjes Demokratike, bazuar n\u00eb programin e vet politik konstaton edhe k\u00ebto:<br \/>\n<strong>2<\/strong><br \/>\n<strong>Deri sot, m\u00eb 22.03.2008, me asnj\u00eb prej kandidat\u00ebve nuk \u00ebsht\u00eb zhvillua ndonj\u00eb bised\u00eb zyrtare<\/strong>.<br \/>\n<strong>Lidhja Demokratike ka qen\u00eb gjithnj\u00eb e hapur.<\/strong><br \/>\nLidhja Demokratike, megjith\u00eb deklaratat dhe p\u00ebrcaktimet demokratike e josh\u00ebse t\u00eb kandidat\u00ebve n\u00eb fushat\u00eb, nuk \u00ebsht\u00eb e gatshme t\u00eb p\u00ebrkrah\u00eb kandidat\u00ebt t\u00eb cil\u00ebt, qoft\u00eb ata, qoft\u00eb subjektet e tyre politike, ishin p\u00ebrkrah\u00ebs, propagandues, arkitekt\u00eb apo pjes\u00ebmarr\u00ebs n\u00eb luftat hegjemoniste, okupuese (serbe) t\u00eb Beogradit kund\u00ebr fqinjve, kund\u00ebr Kroacis\u00eb (Konavles e Dubrovnikut), luft\u00ebs genocidiane n\u00eb Bosnje e Hercegovin\u00eb, kund\u00ebr Kosov\u00ebs, masakrave e genocidit dhe d\u00ebbimit me dhun\u00eb e gjak t\u00eb 1 mil. shqiptar\u00ebve nga vatrat st\u00ebrgjyshore. Nuk mund t\u00eb p\u00ebrkrahim kandidat\u00ebt q\u00eb nuk pranojn\u00eb realitetin, ekzistenc\u00ebn e shqiptar\u00ebve, barazin\u00eb dhe lirin\u00eb e plot\u00eb dhe realizimin e t\u00eb drejtave t\u00eb plota t\u00eb tyre, ata q\u00eb nuk pranojn\u00eb pavar\u00ebsin\u00eb e Kosov\u00ebs, realitetin e ri q\u00eb \u00ebsht\u00eb faktor stabiliteti dhe paqe afatgjate n\u00eb Ballkan dhe Evrop\u00eb.<\/p>\n<p>Lidhja Demokratike, nuk \u00ebsht\u00eb e gatshme t\u00eb p\u00ebrkrah\u00eb as kandidat\u00ebt t\u00eb cil\u00ebt, qoft\u00eb ata qoft\u00eb subjektet e tyre politike, asnj\u00ebher\u00eb deri tash, megjith\u00eb autoritetin e tyre, funksionet q\u00eb mbulonin, partin\u00eb q\u00eb i p\u00ebrkisnin obligimet q\u00eb i kishin&#8230; nuk u angazhuan t\u00eb organizojn\u00eb as nuk realizuan deri sot zgjedhje t\u00eb lira dhe t\u00eb ndershme.<\/p>\n<p>Nuk mund t\u00eb p\u00ebrkrah\u00eb at\u00eb kandidat, partia politike nga e cila vjen, \u00e7do her\u00eb keqp\u00ebrdori organet e pushtetit qendror e lokal, pa kursyer asgj\u00eb, aty ku pati mund\u00ebsi, p\u00ebr \u201ct\u00eb fituar\u201d, ruajtur pushtetin, imponuar e vendosur monopolin n\u00eb qeverisje e sfera t\u00eb tjera t\u00eb jet\u00ebs s\u00eb qytetar\u00ebve. Ata q\u00eb me an\u00eb t\u00eb keqp\u00ebrdorimeve dhe manipulimeve t\u00eb vot\u00ebs s\u00eb lir\u00eb t\u00eb qytetar\u00ebve instaluan pushtetin marionet\u00eb n\u00eb komun\u00ebn e Ulqinit e disa komuna t\u00eb tjera, p\u00ebr t\u00eb shitur e dor\u00ebzuar edhe at\u00eb pasuri q\u00eb kan\u00eb mbetur pa e tjet\u00ebrsuar.<\/p>\n<p>Lidhja nuk mund t\u00eb p\u00ebrkrah\u00eb at\u00eb kandidat, e partin\u00eb nga e cila vjen, i cili edhe pse ishte n\u00eb t\u00eb gjitha funksionet m\u00eb t\u00eb larta shtet\u00ebrore, nuk b\u00ebri asgj\u00eb p\u00ebr t\u00eb ndaluar privatizimin e nd\u00ebrmarrjeve shoq\u00ebrore, q\u00eb p\u00ebrfshinin hap\u00ebsira t\u00eb gj\u00ebra toke shum\u00eb atraktive, q\u00eb ishin grabitje e pla\u00e7kitje e past\u00ebr me t\u00eb gjitha karakteristikat e nj\u00eb kriminaliteti t\u00eb organizuar dhe me pasoja e rezultat t\u00eb nj\u00eb kolonizimi e ekupimi, madje as nuk inicoi ndonj\u00eb rishqyrtim t\u00eb k\u00ebtyre \u201cprivatizimeve\u201d q\u00eb jan\u00eb me pasoja shum\u00eb t\u00eb d\u00ebmshme p\u00ebr qytetar\u00ebt (shembull Kriporja e Ulqinit me 15 milion\u00eb metra katror\u00eb, u \u201cshit\u201d me 5 a 6 cent p\u00ebr 1 m katror!?). Ata q\u00eb na d\u00ebrguan \u201cekspert\u00eb\u201d nga veriu i Malit t\u00eb Zi q\u00eb t\u00eb administrojn\u00eb e \u201cshesin\u201d pronat tona pa na pyetur fare (rasti me hotelet e Rivier\u00ebs s\u00eb Ulqinit etj.) etj. etj. E gjith\u00eb kjo u b\u00eb kur kryetari i Qeveris\u00eb ishte dhe kryetar i K\u00ebshillit p\u00ebr Privatizim. (K\u00ebshilli ishte edhe sot \u00ebsht\u00eb \u201ci past\u00ebr\u201d pa asnj\u00eb an\u00ebtar shqiptar!?)&#8230;<\/p>\n<p>Lidhja nuk mund t\u00eb p\u00ebrkrah\u00eb at\u00eb kandidat, e partin\u00eb nga e cila vjen, q\u00eb nuk respektoi marr\u00ebveshje e dakordime, madje as ato t\u00eb n\u00ebnshkruara, si\u00e7 ishte Marr\u00ebveshja p\u00ebr Minimumin e Parimeve p\u00ebr Zhvillimin e Infrastruktur\u00ebs Demokratike n\u00eb Malin e Zi (Sporazum o minimumu principa za razvoj demokratske infrastrukture u Crnoj Gori), Podgoric\u00eb (vila \u201cGorica\u201d 01. 09. 1997, at\u00eb dit\u00eb doli numri i par\u00eb i t\u00eb p\u00ebrditshmes \u201cVIJESTI\u201d) me t\u00eb cil\u00ebn, nd\u00ebr t\u00eb tjera garantohej formimi i komun\u00ebs s\u00eb plot\u00eb t\u00eb Tuzit; garantohej q\u00eb \u201cpasuria t\u00eb cil\u00ebn e ka shfryr\u00ebzuar ish Lidhja Komuniste dhe subjektet e tjer\u00eb politik\u00eb nga ajo koh\u00eb&#8230;, do t\u2019 kthehen shtetit q\u00eb n\u00eb m\u00ebnyr\u00eb t\u00eb drejt\u00eb dhe racionale ta shfryt\u00ebzojn\u00eb subjektet politike e shoq\u00ebrore&#8230;, garantohej decentralizimi, avancimi dhe respektimi i t\u00eb drejtave t\u00eb pakicave dhe realizimi i pozit\u00ebs s\u00eb barabart\u00eb t\u00eb popujve pakic\u00eb&#8230;\u201d etj.<\/p>\n<p>Lidhja nuk mund t\u00eb p\u00ebrkrah\u00eb at\u00eb kandidat, e partin\u00eb nga e cila vjen, i cili nuk nd\u00ebrmori asnj\u00eb iniciativ\u00eb, p\u00ebrkund\u00ebr k\u00ebrkesave nga individ\u00eb, politikan\u00eb, shoqata, subjektet demokratike e d\u00ebshmive t\u00eb drejtp\u00ebrdrejta e t\u00eb t\u00ebrthorta etj. p\u00ebr t\u00eb hetuar tortur\u00ebn e papar\u00eb q\u00eb u ushtrua me rastin e<br \/>\n3<br \/>\naksionit t\u00eb policis\u00eb malazeze, m\u00eb 09. 09. 2006, n\u00eb dit\u00ebn e formimit t\u00eb Lidhjes Demokratike dhe nj\u00eb dit\u00eb para zgjedhjeve shum\u00ebpartiake, me rastin e arrestimit t\u00eb qytetar\u00ebve shqiptar\u00eb n\u00eb Mal\u00ebsi (Tuz e rrethin\u00eb), ndaj tyre dhe familjar\u00ebve t\u00eb t\u00eb arrestuarve, madje dhe plakut tet\u00ebdhjet\u00eb e sa vje\u00e7ar, f\u00ebmij\u00ebve dhe grave, t\u00eb cil\u00ebt p\u00ebsuan tortura fizike e psikike, fyerjet m\u00eb t\u00eb r\u00ebnda madje n\u00eb baza nacionale e fetare, n\u00eb sht\u00ebpiat gjat\u00eb bastisjeve, gjat\u00eb rrug\u00ebs p\u00ebr n\u00eb polici dhe n\u00eb lokalet e policis\u00eb, n\u00eb Podgoric\u00eb, n\u00eb birucat e paraburgimit, gjat\u00eb rrug\u00ebs p\u00ebr n\u00eb gjyq dhe n\u00eb lokalet e nd\u00ebrtes\u00ebs s\u00eb gjyqit , ku t\u00eb arrestuarit merreshin n\u00eb pyetje&#8230;<\/p>\n<p>Lidhja nuk mund t\u00eb p\u00ebrkrah\u00eb at\u00eb kandidat, e partin\u00eb nga e cila vjen, t\u00eb cil\u00ebt votuan Planin Hapsinor t\u00eb Malit t\u00eb Zi deri m\u00eb 2020, i cili ligj\u00ebson\u201d&#8230;kompanit\u00eb e nd\u00ebrtimit t\u00eb nd\u00ebrtojn\u00eb n\u00eb m\u00ebnyr\u00eb joligjore (q\u00eb t\u00eb ket\u00eb sa m\u00eb pak zona t\u00eb mbrojtuna n\u00eb bregdet&#8230;), q\u00eb hap\u00ebsir\u00ebn e madhe tok\u00ebsore t\u00eb Kripor\u00ebs s\u00eb Ulqinit ta shnd\u00ebrrojn\u00eb n\u00eb tok\u00eb nd\u00ebrtimore&#8230; (t\u00eb nd\u00ebrtojn\u00eb rrokaqiej me \u00e7ka do t\u00eb krijohen kushtet p\u00ebr ndryshimin e struktur\u00ebs demografike t\u00eb popullsis\u00eb), t\u00eb nd\u00ebrtojn\u00eb objekte energjetike, pa marr\u00eb parasysh\u00eb shkat\u00ebrrimin e hap\u00ebsir\u00ebs jet\u00ebsore etj.\u201d.<\/p>\n<p>Lidhja nuk mund t\u00eb p\u00ebrkrah\u00eb at\u00eb kandidat, e partin\u00eb nga e cila vjen, q\u00eb af\u00ebr dy t\u00eb tretat e territorit t\u00eb komun\u00ebs s\u00eb Plav\u00ebs, e aprovuan ta shnd\u00ebrrojn\u00eb n\u00eb park nacional \u201cProkletije\u201d me \u00e7ka k\u00ebrc\u00ebnohet realisht pasuria e qytetar\u00ebve dhe shfryt\u00ebzimi i lir\u00eb i saj, e cila n\u00eb nj\u00eb pjes\u00eb m\u00eb t\u00eb madhe p\u00ebrfshin\u00eb tokat e shqiptar\u00ebve. Me k\u00ebt\u00eb m\u00ebnyr\u00eb t\u00eb re, kinse t\u00eb mbrojtjes s\u00eb mjedisit, qeverisja malazeze vazhdon planet e vjetra, presion ndaj popullat\u00ebs &#8230;<\/p>\n<p>Lidhja nuk mund t\u00eb p\u00ebrkrah\u00eb at\u00eb kandidat, e partin\u00eb nga e cila vjen, q\u00eb nuk po realizon restituimin, kthimin e pasuris\u00eb qytetar\u00ebve, q\u00eb regjimet e m\u00ebparshme, iu mor\u00ebn n\u00eb forma e baza t\u00eb ndryshme. Kthimin e pronave ish pronar\u00ebve n\u00eb gjiun m\u00eb t\u00eb bukur Valdanos, q\u00eb ishin marr\u00eb mbi 18 mij\u00eb rr\u00ebnj\u00eb ullinj, e q\u00eb qeverisja qendrore e lokale e kan\u00eb b\u00ebr\u00eb akt t\u00eb kryer! Lidhja Demokratike nuk do t\u00eb pajtohet asnj\u00ebher\u00eb me k\u00ebt\u00eb rrembim. Kthimin e pronave pronar\u00ebve, t\u00eb tokave n\u00eb Shtoj, n\u00eb An\u00eb t\u00eb Malit, pronat n\u00eb Mal\u00ebsi dhe pyjet n\u00eb Plav\u00eb e Rozhaj\u00eb, jan\u00eb p\u00ebrcaktim yni.<\/p>\n<p>Lidhja nuk mund t\u00eb p\u00ebrkrah\u00eb at\u00eb kandidat, e partin\u00eb nga e cila vjen, q\u00eb po vazhdojn\u00eb t\u00eb mbajn\u00eb n\u00eb komun\u00ebn e Ulqinit komplet udh\u00ebheqjen n\u00eb Polici, q\u00eb nga kryeshefi e m\u00eb posht\u00eb, n\u00eb gjyqe e n\u00eb prokurori t\u00eb gjith\u00eb joshqiptar\u00eb, kuadro t\u00eb sjell\u00eb nga jasht\u00eb Ulqinit. T\u00eb theksojm\u00eb faktin q\u00eb nga 1945, p\u00ebr her\u00eb t\u00eb par\u00eb u emrua nj\u00eb kryeshef shqiptar i Policis\u00eb m\u00eb 01.10. 2001 q\u00eb punoi deri n\u00eb daljen n\u00eb pension, m\u00eb 03. 11. 2006, nga e cila dat\u00eb vazhdon p\u00ebrs\u00ebri t\u00eb jet\u00eb struktura udh\u00ebheq\u00ebse pa shqiptar\u00eb.<\/p>\n<p>Lidhja nuk mund t\u00eb p\u00ebrkrah\u00eb at\u00eb kandidat, e partin\u00eb nga e cila vjen, q\u00eb nuk b\u00ebri asgj\u00eb p\u00ebr t\u00eb \u00e7liruar ishujt n\u00eb liqenin e Shkodr\u00ebs dhe majen e malit Rumi dhe mbetjet kulturo-historike t\u00eb Sh\u00ebn Mris\u00eb s\u00eb Kraj\u00ebs nga tentativat p\u00ebr p\u00ebrvet\u00ebsim nga ana e Kish\u00ebs Pravosllave Serbe.<\/p>\n<p>Kryesia e LD-s\u00eb vler\u00ebsoi se k\u00ebto fakte jan\u00eb d\u00ebshmi e gjall\u00eb q\u00eb an\u00ebtar\u00ebt, simpatizuesit dhe qytetar\u00ebt e tjer\u00eb leht\u00eb t\u2019i hetojn\u00eb p\u00ebrcaktimet dhe orientimet jodemokratike e joligjore t\u00eb atyre kandidat\u00ebve, t\u00eb cilat fare leht\u00eb do t\u2019u tregojn\u00eb rrug\u00ebn e p\u00ebrcaktimit t\u00eb tyre n\u00eb dit\u00ebn e zgjedhjeve.<\/p>\n<p>K\u00cbSHILLI P\u00cbR INFORMIM<\/p>\n","protected":false},"excerpt":{"rendered":"<p><a href=\"http:\/\/www.visit-ulcinj.com\/blog\/wp-content\/uploads\/2008\/03\/ldmz1.jpg\"><img loading=\"lazy\" class=\"alignright size-medium wp-image-1075\" style=\"float: right;\" title=\"ldmz1\" src=\"http:\/\/www.visit-ulcinj.com\/blog\/wp-content\/uploads\/2008\/03\/ldmz1.jpg\" alt=\"LDMZ\" width=\"140\" height=\"140\" srcset=\"https:\/\/www.visit-ulcinj.com\/blog\/wp-content\/uploads\/2008\/03\/ldmz1.jpg 225w, https:\/\/www.visit-ulcinj.com\/blog\/wp-content\/uploads\/2008\/03\/ldmz1-150x150.jpg 150w\" sizes=\"(max-width: 140px) 100vw, 140px\" \/><\/a><\/p>\n","protected":false},"author":1,"featured_media":0,"comment_status":"open","ping_status":"closed","sticky":false,"template":"","format":"standard","meta":{"spay_email":"","jetpack_publicize_message":"","jetpack_is_tweetstorm":false,"jetpack_publicize_feature_enabled":true},"categories":[1,6],"tags":[],"jetpack_publicize_connections":[],"yoast_head":"<!-- This site is optimized with the Yoast SEO plugin v19.1 - https:\/\/yoast.com\/wordpress\/plugins\/seo\/ -->\n<title>Q\u00ebndrimet e LD n\u00eb MZ n\u00eb lidhje me zgjedhjet presidenciale n\u00eb Mal t\u00eb Zi - Lajme nga Ulqini<\/title>\n<meta name=\"robots\" content=\"index, follow, max-snippet:-1, max-image-preview:large, max-video-preview:-1\" \/>\n<link rel=\"canonical\" href=\"https:\/\/www.visit-ulcinj.com\/blog\/2008\/03\/30\/qendrimet-e-ld-ne-mz-ne-lidhje-me-zgjedhjet-presidenciale-ne-mal-te-zi\/\" \/>\n<meta property=\"og:locale\" content=\"en_US\" \/>\n<meta property=\"og:type\" content=\"article\" \/>\n<meta property=\"og:title\" content=\"Q\u00ebndrimet e LD n\u00eb MZ n\u00eb lidhje me zgjedhjet presidenciale n\u00eb Mal t\u00eb Zi - Lajme nga Ulqini\" \/>\n<meta property=\"og:url\" content=\"https:\/\/www.visit-ulcinj.com\/blog\/2008\/03\/30\/qendrimet-e-ld-ne-mz-ne-lidhje-me-zgjedhjet-presidenciale-ne-mal-te-zi\/\" \/>\n<meta property=\"og:site_name\" content=\"Lajme nga Ulqini\" \/>\n<meta property=\"article:published_time\" content=\"2008-03-30T18:43:14+00:00\" \/>\n<meta property=\"article:modified_time\" content=\"2008-03-30T18:47:07+00:00\" \/>\n<meta property=\"og:image\" content=\"http:\/\/www.visit-ulcinj.com\/blog\/wp-content\/uploads\/2008\/03\/ldmz1.jpg\" \/>\n<meta name=\"twitter:label1\" content=\"Written by\" \/>\n\t<meta name=\"twitter:data1\" content=\"ulqini\" \/>\n\t<meta name=\"twitter:label2\" content=\"Est. reading time\" \/>\n\t<meta name=\"twitter:data2\" content=\"10 minutes\" \/>\n<script type=\"application\/ld+json\" class=\"yoast-schema-graph\">{\"@context\":\"https:\/\/schema.org\",\"@graph\":[{\"@type\":\"WebSite\",\"@id\":\"https:\/\/www.visit-ulcinj.com\/blog\/#website\",\"url\":\"https:\/\/www.visit-ulcinj.com\/blog\/\",\"name\":\"Lajme nga Ulqini\",\"description\":\"Lajme,Vijesti,Ulqini,Ulqin,Crna Gora,Mali i Zi\",\"potentialAction\":[{\"@type\":\"SearchAction\",\"target\":{\"@type\":\"EntryPoint\",\"urlTemplate\":\"https:\/\/www.visit-ulcinj.com\/blog\/?s={search_term_string}\"},\"query-input\":\"required name=search_term_string\"}],\"inLanguage\":\"en-US\"},{\"@type\":\"ImageObject\",\"inLanguage\":\"en-US\",\"@id\":\"https:\/\/www.visit-ulcinj.com\/blog\/2008\/03\/30\/qendrimet-e-ld-ne-mz-ne-lidhje-me-zgjedhjet-presidenciale-ne-mal-te-zi\/#primaryimage\",\"url\":\"http:\/\/www.visit-ulcinj.com\/blog\/wp-content\/uploads\/2008\/03\/ldmz1.jpg\",\"contentUrl\":\"http:\/\/www.visit-ulcinj.com\/blog\/wp-content\/uploads\/2008\/03\/ldmz1.jpg\"},{\"@type\":\"WebPage\",\"@id\":\"https:\/\/www.visit-ulcinj.com\/blog\/2008\/03\/30\/qendrimet-e-ld-ne-mz-ne-lidhje-me-zgjedhjet-presidenciale-ne-mal-te-zi\/#webpage\",\"url\":\"https:\/\/www.visit-ulcinj.com\/blog\/2008\/03\/30\/qendrimet-e-ld-ne-mz-ne-lidhje-me-zgjedhjet-presidenciale-ne-mal-te-zi\/\",\"name\":\"Q\u00ebndrimet e LD n\u00eb MZ n\u00eb lidhje me zgjedhjet presidenciale n\u00eb Mal t\u00eb Zi - Lajme nga Ulqini\",\"isPartOf\":{\"@id\":\"https:\/\/www.visit-ulcinj.com\/blog\/#website\"},\"primaryImageOfPage\":{\"@id\":\"https:\/\/www.visit-ulcinj.com\/blog\/2008\/03\/30\/qendrimet-e-ld-ne-mz-ne-lidhje-me-zgjedhjet-presidenciale-ne-mal-te-zi\/#primaryimage\"},\"datePublished\":\"2008-03-30T18:43:14+00:00\",\"dateModified\":\"2008-03-30T18:47:07+00:00\",\"author\":{\"@id\":\"https:\/\/www.visit-ulcinj.com\/blog\/#\/schema\/person\/dcab619c614d3038751c63bc2aadc06d\"},\"breadcrumb\":{\"@id\":\"https:\/\/www.visit-ulcinj.com\/blog\/2008\/03\/30\/qendrimet-e-ld-ne-mz-ne-lidhje-me-zgjedhjet-presidenciale-ne-mal-te-zi\/#breadcrumb\"},\"inLanguage\":\"en-US\",\"potentialAction\":[{\"@type\":\"ReadAction\",\"target\":[\"https:\/\/www.visit-ulcinj.com\/blog\/2008\/03\/30\/qendrimet-e-ld-ne-mz-ne-lidhje-me-zgjedhjet-presidenciale-ne-mal-te-zi\/\"]}]},{\"@type\":\"BreadcrumbList\",\"@id\":\"https:\/\/www.visit-ulcinj.com\/blog\/2008\/03\/30\/qendrimet-e-ld-ne-mz-ne-lidhje-me-zgjedhjet-presidenciale-ne-mal-te-zi\/#breadcrumb\",\"itemListElement\":[{\"@type\":\"ListItem\",\"position\":1,\"name\":\"Q\u00ebndrimet e LD n\u00eb MZ n\u00eb lidhje me zgjedhjet presidenciale n\u00eb Mal t\u00eb Zi\"}]},{\"@type\":\"Person\",\"@id\":\"https:\/\/www.visit-ulcinj.com\/blog\/#\/schema\/person\/dcab619c614d3038751c63bc2aadc06d\",\"name\":\"ulqini\",\"sameAs\":[\"http:\/\/www.visit-ulcinj.com\"],\"url\":\"https:\/\/www.visit-ulcinj.com\/blog\/author\/admin\/\"}]}<\/script>\n<!-- \/ Yoast SEO plugin. -->","yoast_head_json":{"title":"Q\u00ebndrimet e LD n\u00eb MZ n\u00eb lidhje me zgjedhjet presidenciale n\u00eb Mal t\u00eb Zi - Lajme nga Ulqini","robots":{"index":"index","follow":"follow","max-snippet":"max-snippet:-1","max-image-preview":"max-image-preview:large","max-video-preview":"max-video-preview:-1"},"canonical":"https:\/\/www.visit-ulcinj.com\/blog\/2008\/03\/30\/qendrimet-e-ld-ne-mz-ne-lidhje-me-zgjedhjet-presidenciale-ne-mal-te-zi\/","og_locale":"en_US","og_type":"article","og_title":"Q\u00ebndrimet e LD n\u00eb MZ n\u00eb lidhje me zgjedhjet presidenciale n\u00eb Mal t\u00eb Zi - Lajme nga Ulqini","og_url":"https:\/\/www.visit-ulcinj.com\/blog\/2008\/03\/30\/qendrimet-e-ld-ne-mz-ne-lidhje-me-zgjedhjet-presidenciale-ne-mal-te-zi\/","og_site_name":"Lajme nga Ulqini","article_published_time":"2008-03-30T18:43:14+00:00","article_modified_time":"2008-03-30T18:47:07+00:00","og_image":[{"url":"http:\/\/www.visit-ulcinj.com\/blog\/wp-content\/uploads\/2008\/03\/ldmz1.jpg"}],"twitter_misc":{"Written by":"ulqini","Est. reading time":"10 minutes"},"schema":{"@context":"https:\/\/schema.org","@graph":[{"@type":"WebSite","@id":"https:\/\/www.visit-ulcinj.com\/blog\/#website","url":"https:\/\/www.visit-ulcinj.com\/blog\/","name":"Lajme nga Ulqini","description":"Lajme,Vijesti,Ulqini,Ulqin,Crna Gora,Mali i Zi","potentialAction":[{"@type":"SearchAction","target":{"@type":"EntryPoint","urlTemplate":"https:\/\/www.visit-ulcinj.com\/blog\/?s={search_term_string}"},"query-input":"required name=search_term_string"}],"inLanguage":"en-US"},{"@type":"ImageObject","inLanguage":"en-US","@id":"https:\/\/www.visit-ulcinj.com\/blog\/2008\/03\/30\/qendrimet-e-ld-ne-mz-ne-lidhje-me-zgjedhjet-presidenciale-ne-mal-te-zi\/#primaryimage","url":"http:\/\/www.visit-ulcinj.com\/blog\/wp-content\/uploads\/2008\/03\/ldmz1.jpg","contentUrl":"http:\/\/www.visit-ulcinj.com\/blog\/wp-content\/uploads\/2008\/03\/ldmz1.jpg"},{"@type":"WebPage","@id":"https:\/\/www.visit-ulcinj.com\/blog\/2008\/03\/30\/qendrimet-e-ld-ne-mz-ne-lidhje-me-zgjedhjet-presidenciale-ne-mal-te-zi\/#webpage","url":"https:\/\/www.visit-ulcinj.com\/blog\/2008\/03\/30\/qendrimet-e-ld-ne-mz-ne-lidhje-me-zgjedhjet-presidenciale-ne-mal-te-zi\/","name":"Q\u00ebndrimet e LD n\u00eb MZ n\u00eb lidhje me zgjedhjet presidenciale n\u00eb Mal t\u00eb Zi - Lajme nga Ulqini","isPartOf":{"@id":"https:\/\/www.visit-ulcinj.com\/blog\/#website"},"primaryImageOfPage":{"@id":"https:\/\/www.visit-ulcinj.com\/blog\/2008\/03\/30\/qendrimet-e-ld-ne-mz-ne-lidhje-me-zgjedhjet-presidenciale-ne-mal-te-zi\/#primaryimage"},"datePublished":"2008-03-30T18:43:14+00:00","dateModified":"2008-03-30T18:47:07+00:00","author":{"@id":"https:\/\/www.visit-ulcinj.com\/blog\/#\/schema\/person\/dcab619c614d3038751c63bc2aadc06d"},"breadcrumb":{"@id":"https:\/\/www.visit-ulcinj.com\/blog\/2008\/03\/30\/qendrimet-e-ld-ne-mz-ne-lidhje-me-zgjedhjet-presidenciale-ne-mal-te-zi\/#breadcrumb"},"inLanguage":"en-US","potentialAction":[{"@type":"ReadAction","target":["https:\/\/www.visit-ulcinj.com\/blog\/2008\/03\/30\/qendrimet-e-ld-ne-mz-ne-lidhje-me-zgjedhjet-presidenciale-ne-mal-te-zi\/"]}]},{"@type":"BreadcrumbList","@id":"https:\/\/www.visit-ulcinj.com\/blog\/2008\/03\/30\/qendrimet-e-ld-ne-mz-ne-lidhje-me-zgjedhjet-presidenciale-ne-mal-te-zi\/#breadcrumb","itemListElement":[{"@type":"ListItem","position":1,"name":"Q\u00ebndrimet e LD n\u00eb MZ n\u00eb lidhje me zgjedhjet presidenciale n\u00eb Mal t\u00eb Zi"}]},{"@type":"Person","@id":"https:\/\/www.visit-ulcinj.com\/blog\/#\/schema\/person\/dcab619c614d3038751c63bc2aadc06d","name":"ulqini","sameAs":["http:\/\/www.visit-ulcinj.com"],"url":"https:\/\/www.visit-ulcinj.com\/blog\/author\/admin\/"}]}},"jetpack_featured_media_url":"","jetpack_sharing_enabled":true,"jetpack_shortlink":"https:\/\/wp.me\/pe6lTn-hk","_links":{"self":[{"href":"https:\/\/www.visit-ulcinj.com\/blog\/wp-json\/wp\/v2\/posts\/1074"}],"collection":[{"href":"https:\/\/www.visit-ulcinj.com\/blog\/wp-json\/wp\/v2\/posts"}],"about":[{"href":"https:\/\/www.visit-ulcinj.com\/blog\/wp-json\/wp\/v2\/types\/post"}],"author":[{"embeddable":true,"href":"https:\/\/www.visit-ulcinj.com\/blog\/wp-json\/wp\/v2\/users\/1"}],"replies":[{"embeddable":true,"href":"https:\/\/www.visit-ulcinj.com\/blog\/wp-json\/wp\/v2\/comments?post=1074"}],"version-history":[{"count":0,"href":"https:\/\/www.visit-ulcinj.com\/blog\/wp-json\/wp\/v2\/posts\/1074\/revisions"}],"wp:attachment":[{"href":"https:\/\/www.visit-ulcinj.com\/blog\/wp-json\/wp\/v2\/media?parent=1074"}],"wp:term":[{"taxonomy":"category","embeddable":true,"href":"https:\/\/www.visit-ulcinj.com\/blog\/wp-json\/wp\/v2\/categories?post=1074"},{"taxonomy":"post_tag","embeddable":true,"href":"https:\/\/www.visit-ulcinj.com\/blog\/wp-json\/wp\/v2\/tags?post=1074"}],"curies":[{"name":"wp","href":"https:\/\/api.w.org\/{rel}","templated":true}]}}