{"id":10749,"date":"2009-02-07T22:05:10","date_gmt":"2009-02-07T21:05:10","guid":{"rendered":"http:\/\/www.visit-ulcinj.com\/blog\/?p=10749"},"modified":"2009-03-01T00:46:40","modified_gmt":"2009-02-28T23:46:40","slug":"big-brother-albania-2-pavlin-polia-profili","status":"publish","type":"post","link":"https:\/\/www.visit-ulcinj.com\/blog\/2009\/02\/07\/big-brother-albania-2-pavlin-polia-profili\/","title":{"rendered":"Big Brother Albania 2 : Pavlin Polia (Profili)"},"content":{"rendered":"<p><a href=\"http:\/\/www.visit-ulcinj.com\/blog\/wp-content\/uploads\/2009\/02\/pavlin.jpg\"><img loading=\"lazy\" class=\"alignleft size-full wp-image-10750\" title=\"pavlin\" src=\"http:\/\/www.visit-ulcinj.com\/blog\/wp-content\/uploads\/2009\/02\/pavlin.jpg\" alt=\"pavlin\" width=\"300\" height=\"350\" \/><\/a><strong>Dat\u00eblindja:<\/strong> 30 shtator 1981<br \/>\n<strong>Mosha:<\/strong> 27 vjec<br \/>\n<strong>Vendlindja:<\/strong> Theth, Shkod\u00ebr<br \/>\n<strong>Vendbanimi:<\/strong> Theth, Shkod\u00ebr<br \/>\n<strong>Gjendja civile:<\/strong> I divorcuar<br \/>\n<strong>Gjuh\u00eb t\u00eb huaja: <\/strong>italisht dhe pak anglisht<br \/>\n<strong>Instrumenta:<\/strong> Pak kitar\u00eb<br \/>\n<strong>Profesioni:<\/strong> I papun\u00eb<br \/>\n<strong>Hobi:<\/strong> Turizmi<br \/>\n<strong><br \/>\nDo t\u00eb hyj\u00eb n\u00eb Big Brother sepse:<\/strong> do t\u00eb tregoj\u00eb historin\u00eb e jet\u00ebs s\u00eb tij, t\u00eb jap\u00eb nj\u00eb mesazh pozitiv dhe t\u00eb fitoj\u00eb cmimin e madh, t\u00eb cilin do e p\u00ebrdorte p\u00ebr t\u00eb hapur nj\u00eb zyr\u00eb informacioni p\u00ebr turist\u00ebt n\u00eb zon\u00ebn e Thethit.<\/p>\n<p><strong>Karakteristika:<\/strong> I urt\u00eb, i duruar, shum\u00eb i rrahur nga jeta. \u00cbsht\u00eb i ndar\u00eb nag gruaja p\u00ebr c\u00ebshtje kanuni dhe nuk e shikon m\u00eb f\u00ebmij\u00ebn e tij. Nuk e ka problem ta diskutoj\u00eb k\u00ebt\u00eb tem\u00eb n\u00eb sht\u00ebpi. Ka jetuar 9 vjet n\u00eb Itali. Tani do t\u00eb donte t\u00eb b\u00ebnte dicka m\u00eb shum\u00eb p\u00ebr vendin e vet dhe BB do ta ndihmonte shum\u00eb p\u00ebr ta realizuar k\u00ebt\u00eb. \u00cbsht\u00eb i duruar dhe nuk nervozohet leht\u00eb. Nuk do t\u00eb jetoj\u00eb m\u00eb me \u201csyt\u00eb mbyllur\u201d.<\/p>\n<p><script type=\"text\/javascript\" charset=\"utf-8\" language=\"javascript\" src=\"http:\/\/static.polldaddy.com\/p\/1412119.js\"><\/script><noscript> <a href =\"http:\/\/answers.polldaddy.com\/poll\/1412119\/\" >Cili Banor Deshironi te Dali Nga Shtepia \u00eb Big Brother Albania ? JAVA 4<\/a>  <br \/> <span style=\"font-size:9px;\"> (<a href =\"http:\/\/www.polldaddy.com\">  surveys<\/a>)<\/span><\/noscript\n\n<\/p>\n","protected":false},"excerpt":{"rendered":"<p>Dat\u00eblindja: 30 shtator 1981 Mosha: 27 vjec Vendlindja: Theth, Shkod\u00ebr Vendbanimi: Theth, Shkod\u00ebr Gjendja civile: I divorcuar Gjuh\u00eb t\u00eb huaja: italisht dhe pak anglisht Instrumenta: Pak kitar\u00eb Profesioni: I papun\u00eb Hobi: Turizmi Do t\u00eb hyj\u00eb n\u00eb Big Brother sepse: do t\u00eb tregoj\u00eb historin\u00eb e jet\u00ebs s\u00eb tij, t\u00eb jap\u00eb nj\u00eb mesazh pozitiv dhe t\u00eb fitoj\u00eb [&hellip;]<\/p>\n","protected":false},"author":1,"featured_media":0,"comment_status":"open","ping_status":"closed","sticky":false,"template":"","format":"standard","meta":{"spay_email":"","jetpack_publicize_message":"","jetpack_is_tweetstorm":false,"jetpack_publicize_feature_enabled":true},"categories":[6502],"tags":[5057,6506,6516,6518,6519],"jetpack_publicize_connections":[],"yoast_head":"<!-- This site is optimized with the Yoast SEO plugin v19.1 - https:\/\/yoast.com\/wordpress\/plugins\/seo\/ -->\n<title>Big Brother Albania 2 : Pavlin Polia (Profili) - Lajme nga Ulqini<\/title>\n<meta name=\"description\" content=\"Dat\u00eblindja: 30 shtator 1981 Mosha: 27 vjec Vendlindja: Theth, Shkod\u00ebr Vendbanimi: Theth, Shkod\u00ebr Gjendja civile: I divorcuar Gjuh\u00eb t\u00eb huaja: italisht dhe\" \/>\n<meta name=\"robots\" content=\"index, follow, max-snippet:-1, max-image-preview:large, max-video-preview:-1\" \/>\n<link rel=\"canonical\" href=\"https:\/\/www.visit-ulcinj.com\/blog\/2009\/02\/07\/big-brother-albania-2-pavlin-polia-profili\/\" \/>\n<meta property=\"og:locale\" content=\"en_US\" \/>\n<meta property=\"og:type\" content=\"article\" \/>\n<meta property=\"og:title\" content=\"Big Brother Albania 2 : Pavlin Polia (Profili) - Lajme nga Ulqini\" \/>\n<meta property=\"og:description\" content=\"Dat\u00eblindja: 30 shtator 1981 Mosha: 27 vjec Vendlindja: Theth, Shkod\u00ebr Vendbanimi: Theth, Shkod\u00ebr Gjendja civile: I divorcuar Gjuh\u00eb t\u00eb huaja: italisht dhe\" \/>\n<meta property=\"og:url\" content=\"https:\/\/www.visit-ulcinj.com\/blog\/2009\/02\/07\/big-brother-albania-2-pavlin-polia-profili\/\" \/>\n<meta property=\"og:site_name\" content=\"Lajme nga Ulqini\" \/>\n<meta property=\"article:published_time\" content=\"2009-02-07T21:05:10+00:00\" \/>\n<meta property=\"article:modified_time\" content=\"2009-02-28T23:46:40+00:00\" \/>\n<meta property=\"og:image\" content=\"http:\/\/www.visit-ulcinj.com\/blog\/wp-content\/uploads\/2009\/02\/pavlin.jpg\" \/>\n<meta name=\"twitter:label1\" content=\"Written by\" \/>\n\t<meta name=\"twitter:data1\" content=\"ulqini\" \/>\n\t<meta name=\"twitter:label2\" content=\"Est. reading time\" \/>\n\t<meta name=\"twitter:data2\" content=\"1 minute\" \/>\n<script type=\"application\/ld+json\" class=\"yoast-schema-graph\">{\"@context\":\"https:\/\/schema.org\",\"@graph\":[{\"@type\":\"WebSite\",\"@id\":\"https:\/\/www.visit-ulcinj.com\/blog\/#website\",\"url\":\"https:\/\/www.visit-ulcinj.com\/blog\/\",\"name\":\"Lajme nga Ulqini\",\"description\":\"Lajme,Vijesti,Ulqini,Ulqin,Crna Gora,Mali i Zi\",\"potentialAction\":[{\"@type\":\"SearchAction\",\"target\":{\"@type\":\"EntryPoint\",\"urlTemplate\":\"https:\/\/www.visit-ulcinj.com\/blog\/?s={search_term_string}\"},\"query-input\":\"required name=search_term_string\"}],\"inLanguage\":\"en-US\"},{\"@type\":\"ImageObject\",\"inLanguage\":\"en-US\",\"@id\":\"https:\/\/www.visit-ulcinj.com\/blog\/2009\/02\/07\/big-brother-albania-2-pavlin-polia-profili\/#primaryimage\",\"url\":\"http:\/\/www.visit-ulcinj.com\/blog\/wp-content\/uploads\/2009\/02\/pavlin.jpg\",\"contentUrl\":\"http:\/\/www.visit-ulcinj.com\/blog\/wp-content\/uploads\/2009\/02\/pavlin.jpg\"},{\"@type\":\"WebPage\",\"@id\":\"https:\/\/www.visit-ulcinj.com\/blog\/2009\/02\/07\/big-brother-albania-2-pavlin-polia-profili\/#webpage\",\"url\":\"https:\/\/www.visit-ulcinj.com\/blog\/2009\/02\/07\/big-brother-albania-2-pavlin-polia-profili\/\",\"name\":\"Big Brother Albania 2 : Pavlin Polia (Profili) - Lajme nga Ulqini\",\"isPartOf\":{\"@id\":\"https:\/\/www.visit-ulcinj.com\/blog\/#website\"},\"primaryImageOfPage\":{\"@id\":\"https:\/\/www.visit-ulcinj.com\/blog\/2009\/02\/07\/big-brother-albania-2-pavlin-polia-profili\/#primaryimage\"},\"datePublished\":\"2009-02-07T21:05:10+00:00\",\"dateModified\":\"2009-02-28T23:46:40+00:00\",\"author\":{\"@id\":\"https:\/\/www.visit-ulcinj.com\/blog\/#\/schema\/person\/dcab619c614d3038751c63bc2aadc06d\"},\"description\":\"Dat\u00eblindja: 30 shtator 1981 Mosha: 27 vjec Vendlindja: Theth, Shkod\u00ebr Vendbanimi: Theth, Shkod\u00ebr Gjendja civile: I divorcuar Gjuh\u00eb t\u00eb huaja: italisht dhe\",\"breadcrumb\":{\"@id\":\"https:\/\/www.visit-ulcinj.com\/blog\/2009\/02\/07\/big-brother-albania-2-pavlin-polia-profili\/#breadcrumb\"},\"inLanguage\":\"en-US\",\"potentialAction\":[{\"@type\":\"ReadAction\",\"target\":[\"https:\/\/www.visit-ulcinj.com\/blog\/2009\/02\/07\/big-brother-albania-2-pavlin-polia-profili\/\"]}]},{\"@type\":\"BreadcrumbList\",\"@id\":\"https:\/\/www.visit-ulcinj.com\/blog\/2009\/02\/07\/big-brother-albania-2-pavlin-polia-profili\/#breadcrumb\",\"itemListElement\":[{\"@type\":\"ListItem\",\"position\":1,\"name\":\"Big Brother Albania 2 : Pavlin Polia (Profili)\"}]},{\"@type\":\"Person\",\"@id\":\"https:\/\/www.visit-ulcinj.com\/blog\/#\/schema\/person\/dcab619c614d3038751c63bc2aadc06d\",\"name\":\"ulqini\",\"sameAs\":[\"http:\/\/www.visit-ulcinj.com\"],\"url\":\"https:\/\/www.visit-ulcinj.com\/blog\/author\/admin\/\"}]}<\/script>\n<!-- \/ Yoast SEO plugin. -->","yoast_head_json":{"title":"Big Brother Albania 2 : Pavlin Polia (Profili) - Lajme nga Ulqini","description":"Dat\u00eblindja: 30 shtator 1981 Mosha: 27 vjec Vendlindja: Theth, Shkod\u00ebr Vendbanimi: Theth, Shkod\u00ebr Gjendja civile: I divorcuar Gjuh\u00eb t\u00eb huaja: italisht dhe","robots":{"index":"index","follow":"follow","max-snippet":"max-snippet:-1","max-image-preview":"max-image-preview:large","max-video-preview":"max-video-preview:-1"},"canonical":"https:\/\/www.visit-ulcinj.com\/blog\/2009\/02\/07\/big-brother-albania-2-pavlin-polia-profili\/","og_locale":"en_US","og_type":"article","og_title":"Big Brother Albania 2 : Pavlin Polia (Profili) - Lajme nga Ulqini","og_description":"Dat\u00eblindja: 30 shtator 1981 Mosha: 27 vjec Vendlindja: Theth, Shkod\u00ebr Vendbanimi: Theth, Shkod\u00ebr Gjendja civile: I divorcuar Gjuh\u00eb t\u00eb huaja: italisht dhe","og_url":"https:\/\/www.visit-ulcinj.com\/blog\/2009\/02\/07\/big-brother-albania-2-pavlin-polia-profili\/","og_site_name":"Lajme nga Ulqini","article_published_time":"2009-02-07T21:05:10+00:00","article_modified_time":"2009-02-28T23:46:40+00:00","og_image":[{"url":"http:\/\/www.visit-ulcinj.com\/blog\/wp-content\/uploads\/2009\/02\/pavlin.jpg"}],"twitter_misc":{"Written by":"ulqini","Est. reading time":"1 minute"},"schema":{"@context":"https:\/\/schema.org","@graph":[{"@type":"WebSite","@id":"https:\/\/www.visit-ulcinj.com\/blog\/#website","url":"https:\/\/www.visit-ulcinj.com\/blog\/","name":"Lajme nga Ulqini","description":"Lajme,Vijesti,Ulqini,Ulqin,Crna Gora,Mali i Zi","potentialAction":[{"@type":"SearchAction","target":{"@type":"EntryPoint","urlTemplate":"https:\/\/www.visit-ulcinj.com\/blog\/?s={search_term_string}"},"query-input":"required name=search_term_string"}],"inLanguage":"en-US"},{"@type":"ImageObject","inLanguage":"en-US","@id":"https:\/\/www.visit-ulcinj.com\/blog\/2009\/02\/07\/big-brother-albania-2-pavlin-polia-profili\/#primaryimage","url":"http:\/\/www.visit-ulcinj.com\/blog\/wp-content\/uploads\/2009\/02\/pavlin.jpg","contentUrl":"http:\/\/www.visit-ulcinj.com\/blog\/wp-content\/uploads\/2009\/02\/pavlin.jpg"},{"@type":"WebPage","@id":"https:\/\/www.visit-ulcinj.com\/blog\/2009\/02\/07\/big-brother-albania-2-pavlin-polia-profili\/#webpage","url":"https:\/\/www.visit-ulcinj.com\/blog\/2009\/02\/07\/big-brother-albania-2-pavlin-polia-profili\/","name":"Big Brother Albania 2 : Pavlin Polia (Profili) - Lajme nga Ulqini","isPartOf":{"@id":"https:\/\/www.visit-ulcinj.com\/blog\/#website"},"primaryImageOfPage":{"@id":"https:\/\/www.visit-ulcinj.com\/blog\/2009\/02\/07\/big-brother-albania-2-pavlin-polia-profili\/#primaryimage"},"datePublished":"2009-02-07T21:05:10+00:00","dateModified":"2009-02-28T23:46:40+00:00","author":{"@id":"https:\/\/www.visit-ulcinj.com\/blog\/#\/schema\/person\/dcab619c614d3038751c63bc2aadc06d"},"description":"Dat\u00eblindja: 30 shtator 1981 Mosha: 27 vjec Vendlindja: Theth, Shkod\u00ebr Vendbanimi: Theth, Shkod\u00ebr Gjendja civile: I divorcuar Gjuh\u00eb t\u00eb huaja: italisht dhe","breadcrumb":{"@id":"https:\/\/www.visit-ulcinj.com\/blog\/2009\/02\/07\/big-brother-albania-2-pavlin-polia-profili\/#breadcrumb"},"inLanguage":"en-US","potentialAction":[{"@type":"ReadAction","target":["https:\/\/www.visit-ulcinj.com\/blog\/2009\/02\/07\/big-brother-albania-2-pavlin-polia-profili\/"]}]},{"@type":"BreadcrumbList","@id":"https:\/\/www.visit-ulcinj.com\/blog\/2009\/02\/07\/big-brother-albania-2-pavlin-polia-profili\/#breadcrumb","itemListElement":[{"@type":"ListItem","position":1,"name":"Big Brother Albania 2 : Pavlin Polia (Profili)"}]},{"@type":"Person","@id":"https:\/\/www.visit-ulcinj.com\/blog\/#\/schema\/person\/dcab619c614d3038751c63bc2aadc06d","name":"ulqini","sameAs":["http:\/\/www.visit-ulcinj.com"],"url":"https:\/\/www.visit-ulcinj.com\/blog\/author\/admin\/"}]}},"jetpack_featured_media_url":"","jetpack_sharing_enabled":true,"jetpack_shortlink":"https:\/\/wp.me\/pe6lTn-2Nn","_links":{"self":[{"href":"https:\/\/www.visit-ulcinj.com\/blog\/wp-json\/wp\/v2\/posts\/10749"}],"collection":[{"href":"https:\/\/www.visit-ulcinj.com\/blog\/wp-json\/wp\/v2\/posts"}],"about":[{"href":"https:\/\/www.visit-ulcinj.com\/blog\/wp-json\/wp\/v2\/types\/post"}],"author":[{"embeddable":true,"href":"https:\/\/www.visit-ulcinj.com\/blog\/wp-json\/wp\/v2\/users\/1"}],"replies":[{"embeddable":true,"href":"https:\/\/www.visit-ulcinj.com\/blog\/wp-json\/wp\/v2\/comments?post=10749"}],"version-history":[{"count":0,"href":"https:\/\/www.visit-ulcinj.com\/blog\/wp-json\/wp\/v2\/posts\/10749\/revisions"}],"wp:attachment":[{"href":"https:\/\/www.visit-ulcinj.com\/blog\/wp-json\/wp\/v2\/media?parent=10749"}],"wp:term":[{"taxonomy":"category","embeddable":true,"href":"https:\/\/www.visit-ulcinj.com\/blog\/wp-json\/wp\/v2\/categories?post=10749"},{"taxonomy":"post_tag","embeddable":true,"href":"https:\/\/www.visit-ulcinj.com\/blog\/wp-json\/wp\/v2\/tags?post=10749"}],"curies":[{"name":"wp","href":"https:\/\/api.w.org\/{rel}","templated":true}]}}