{"id":10754,"date":"2009-02-07T22:10:48","date_gmt":"2009-02-07T21:10:48","guid":{"rendered":"http:\/\/www.visit-ulcinj.com\/blog\/?p=10754"},"modified":"2009-02-07T22:10:48","modified_gmt":"2009-02-07T21:10:48","slug":"jemi-ne-jeni-ju","status":"publish","type":"post","link":"https:\/\/www.visit-ulcinj.com\/blog\/2009\/02\/07\/jemi-ne-jeni-ju\/","title":{"rendered":"Jemi ne, jeni ju"},"content":{"rendered":"<p><a href=\"http:\/\/www.visit-ulcinj.com\/blog\/wp-content\/uploads\/2009\/01\/zgjedhjet-parlamentare-ne-mal-te-zi.jpg\"><img loading=\"lazy\" class=\"alignleft size-full wp-image-9374\" title=\"zgjedhjet-parlamentare-ne-mal-te-zi\" src=\"http:\/\/www.visit-ulcinj.com\/blog\/wp-content\/uploads\/2009\/01\/zgjedhjet-parlamentare-ne-mal-te-zi.jpg\" alt=\"zgjedhjet-parlamentare-ne-mal-te-zi\" width=\"366\" height=\"411\" srcset=\"https:\/\/www.visit-ulcinj.com\/blog\/wp-content\/uploads\/2009\/01\/zgjedhjet-parlamentare-ne-mal-te-zi.jpg 400w, https:\/\/www.visit-ulcinj.com\/blog\/wp-content\/uploads\/2009\/01\/zgjedhjet-parlamentare-ne-mal-te-zi-266x300.jpg 266w\" sizes=\"(max-width: 366px) 100vw, 366px\" \/><\/a>Fillimi i k\u00ebsaj jave sh\u00ebnoi lajmin kryesor q\u00eb ka t\u00eb b\u00ebj\u00eb me shp\u00ebrb\u00ebrjen e parlamentit t\u00eb deritash\u00ebm malazez si dhe mund\u00ebsin\u00eb q\u00eb kryetari i shtetit, Filip Vujanoviq t\u00eb caktoj\u00eb dat\u00ebn e zgjedhjeve t\u00eb parakohshme parlamentare, q\u00eb pritet t\u00eb jet\u00eb fundi i marsit.<br \/>\nParlamenti malazez u shkurtoi mandatin deputet\u00ebve t\u00eb deritanish\u00ebm duke krijuar k\u00ebshtu kushtet ligjore q\u00eb zgjedhjet e ardh\u00ebshme t\u00eb mbahen n\u00eb fund t\u00eb marsit. Me k\u00ebt\u00eb rast duket se u shp\u00ebrfill\u00ebn kritikat e b\u00ebra nga opozitar\u00ebt se gjoja sipas Kushtetut\u00ebs malazeze para se t\u00eb shpallet data e zgjedhjeve t\u00eb parakohshme parlamentare \u00ebsht\u00eb dashur t\u00eb miratohet Ligji i ri i zgjedhjeve.<br \/>\nMe k\u00ebt\u00eb u v\u00ebrtetua se shumica dhe numri i votave e b\u00ebn\u00eb t\u00eb vet\u00ebn duke mos u arritur nj\u00eb konsensus q\u00eb s\u00eb paku t\u00eb diskutohet ky ligj p\u00ebr t\u00eb pasur mb\u00ebshtetjen edhe nga opozita. K\u00ebshtu opozita mbeti pa mbrojtje t\u00eb shumic\u00ebs me \u00e7ka desh\u00ebn apo jo duhet t\u00eb pranojn\u00eb mbajtjen e zgjedhjeve n\u00eb dat\u00ebn e caktuar, ose t`i bojkotojn\u00eb ato, \u00e7ka v\u00ebshtir\u00eb t\u00eb besohet p\u00ebr nj\u00eb hap t\u00eb till\u00eb n\u00ebse mendohet t\u00eb jet\u00eb unik trungu i tyre votues.<br \/>\nKjo nuk mund t\u00eb ndodh\u00eb edhe p\u00ebr faktin se opozita malazeze ka provuar disa her\u00eb t`i hakmerret pozit\u00ebs aktuale me protesta nga m\u00eb t\u00eb ndryshmet. Opozita nuk mund t\u00eb merret vet\u00ebm me fjal\u00eb e vepra q\u00eb nuk i ofrojn\u00eb shoq\u00ebris\u00eb qoft\u00eb edhe nj\u00eb pik\u00eb shpres\u00eb, ndaj duhen alternativa p\u00ebr t\u00eb bindur votuesit. Ajo p\u00ebr momentin nuk ka forc\u00eb politike p\u00ebr t\u00eb ndalur projektet e shumic\u00ebs, ndaj shumica u thot\u00eb: jemi ne p\u00ebr t\u00eb b\u00ebr\u00eb ligje e p\u00ebr t\u00eb mbajtur p\u00ebrgjegj\u00ebsit\u00eb, jeni ju p\u00ebr t`i zbatuar e respektuar ato e p\u00ebr t`iu bindur vendimeve t\u00eb shumic\u00ebs, dhe p\u00ebrderisa \u00ebsht\u00eb k\u00ebshtu kjo shumic\u00eb do t\u00eb zbatoj\u00eb projektet e saj n\u00ebse fitojn\u00eb q\u00eb me mandat t\u00eb ri t\u00eb legjitimohen p\u00ebr shum\u00eb\u00e7ka. Rrjellimisht ka gjasa q\u00eb shumica e votuesve p\u00ebrs\u00ebri t\u00eb b\u00ebhet me t\u00eb &#8220;fortin&#8221; si nj\u00eb shenj\u00eb p\u00ebr opozit\u00ebn se nuk kalohet koha vet\u00ebm me kritika dhe akuza, pa paraqitur para votuesve ndonj\u00eb alternativ\u00eb t\u00eb re e p\u00ebr t\u00eb kthyer situat\u00ebn n\u00eb favor t\u00eb tyre. Po t`i referohemi asaj q\u00eb ndodhi gjat\u00eb mandatit t\u00eb sapombyllur mund t\u00eb konkludohet se opozita nuk e ka ushtruar funksionin e vet si duhet dhe tani \u00ebsht\u00eb koha e momenti q\u00eb ajo t\u00eb forcoj\u00eb radh\u00ebt e veta duke mos u marr\u00eb shum\u00eb me pozit\u00ebn e duke b\u00ebr\u00eb &#8220;luft\u00eb&#8221; t\u00eb ndershme politike, me alternativa t\u00eb reja t\u00eb d\u00ebshmoj\u00eb veten se \u00ebsht\u00eb n\u00eb sh\u00ebrbim t\u00eb qytetar\u00ebve. Po aq edhe pozit\u00ebs i mbetet t\u00eb tregoj\u00eb vullnet politik p\u00ebr t\u00eb p\u00ebrfshir\u00eb n\u00eb krahun e saj parti q\u00eb shprehin d\u00ebshir\u00ebn p\u00ebr t\u00eb qen\u00eb pjes\u00eb e nj\u00eb koalicioni t\u00eb mundsh\u00ebm.<br \/>\nTani \u00e7\u00ebshtja \u00ebsht\u00eb pjes\u00ebmarrja e partive politike shqiptare n\u00eb k\u00ebto zgjedhje. Nga lider\u00ebt e tyre u dhan\u00eb disa deklarata, por ato tani p\u00ebr tani mbet\u00ebn vet\u00ebm deklarata dhe jo ndonj\u00eb q\u00ebndrim i prer\u00eb i tyre se si do t\u00eb jet\u00eb nes\u00ebr plani p\u00ebr dalje n\u00eb zgjedhje, a do t\u00eb b\u00ebhen bashk\u00eb apo do t\u00eb dalin ndaras, gj\u00eb q\u00eb nuk \u00ebsht\u00eb di\u00e7ka e re p\u00ebr opinionin e k\u00ebtush\u00ebm. Nj\u00eb gj\u00eb duhet pasur parasysh, dalja vetmas nuk i garanton asnj\u00ebrit fitore dhe p\u00ebr k\u00ebt\u00eb duhet b\u00ebr\u00eb konsultime dhe me Prishtin\u00ebn e Tiran\u00ebn. N\u00ebse nga udh\u00ebheq\u00ebsit e dy qendrave deri tash ka pasur vet\u00ebm premtime, tani \u00ebsht\u00eb koha dhe momenti q\u00eb ata t\u00eb diskutojn\u00eb p\u00ebr k\u00ebt\u00eb \u00e7\u00ebshtje me lider\u00ebt e partive shqiptare n\u00eb Mal t\u00eb Zi p\u00ebr faktin se zgjedhjet paraqesin element ky\u00e7 p\u00ebr t\u00eb ardhmen e shqiptar\u00ebve t\u00eb k\u00ebtush\u00ebm. Kjo i obligon lider\u00ebt e partive shqiptare t\u00eb ulen e t\u00eb bisedojn\u00eb n\u00eb m\u00ebnyr\u00eb q\u00eb trupi zgjedhor t\u00eb pozicionohet karshi interesave t\u00eb p\u00ebrgjithshme komb\u00ebtare. K\u00ebt\u00eb shqiptar\u00ebt n\u00eb Mal t\u00eb Zi e d\u00ebshmuan si k\u00ebrkes\u00eb n\u00eb shumic\u00ebn e rasteve, ndaj do t\u00eb ishte me r\u00ebnd\u00ebsi q\u00ebndrimi i dy qendrave shqiptare n\u00eb m\u00ebnyr\u00eb q\u00eb t\u00eb b\u00ebhen p\u00ebrpjekje p\u00ebr t\u00eb bashkuar shqiptar\u00ebt n\u00eb nj\u00eb trung t\u00eb vet\u00ebm me nj\u00eb kurs t\u00eb caktuar p\u00ebr t\u00eb ardhmen e tyre. N\u00ebse kjo nuk ndodh\u00eb at\u00ebher\u00eb akuzat e tyre ndaj nj\u00ebri-tjetrit do t\u00eb jen\u00eb n\u00eb vazhdim\u00ebsi, \u00e7ka b\u00ebn q\u00eb votuesit t\u00eb humbasin besimin e shpres\u00ebn se nj\u00eb dit\u00eb do t\u00eb b\u00ebhet m\u00eb mir\u00eb. Sidoqoft\u00eb, deputet\u00ebt shqiptar\u00eb do t\u00eb zgjedhen nga elektorati. Do t\u00eb ken\u00eb mb\u00ebshtetjen e qytetar\u00ebve ata kandidat\u00eb q\u00eb m\u00eb s\u00eb miri do t\u00eb din\u00eb t\u00eb prezantohen para elektoratit. Tani kur \u00e7do gj\u00eb dihet, Ligji i zgjedhjeve dhe data e mbajtjes s\u00eb zgjedhjeve, nuk ka m\u00eb arsye p\u00ebr ankesa. Ajo q\u00eb shqet\u00ebson p\u00ebr momentin \u00ebsht\u00eb numri i tep\u00ebrt i partive politike shqiptare n\u00eb nj\u00eb territor t\u00eb ngusht\u00eb. P\u00ebr pasoj\u00eb duket se p\u00ebrfaq\u00ebsuesit e k\u00ebtyre partive do t\u00eb humbin shum\u00eb koh\u00eb duke u marr\u00eb me loj\u00ebra e luft\u00ebra t\u00eb f\u00eblliqta t\u00eb cilat v\u00ebshtir\u00eb se do mund t\u00eb tejkalohen. Atyre k\u00ebshtu u konvenon, p\u00ebrndryshe sa u p\u00ebrket premtimeve t\u00eb dh\u00ebna qytetar\u00ebve p\u00ebr nj\u00eb jet\u00eb m\u00eb t\u00eb mir\u00eb, ato mbesin vet\u00ebm premtime dhe asgj\u00eb m\u00eb tep\u00ebr.<br \/>\nNdoshta \u00ebsht\u00eb her\u00ebt t\u00eb jepen premtime parazgjedhore e t\u00eb b\u00ebhen publike platformat me t\u00eb cilat mendojn\u00eb t\u00eb paraqiten para zgjedh\u00ebsve, por pritet q\u00eb s\u00eb paku t\u00eb provohet nj\u00eb mund\u00ebsi e bisedimeve p\u00ebr m\u00ebnyr\u00ebn e nj\u00eb veprimi t\u00eb p\u00ebrbashk\u00ebt. Kjo do t\u00eb ishte n\u00eb dobi t\u00eb interesave t\u00eb qytetar\u00ebve ku m\u00eb shum\u00eb duhet menduar p\u00ebr votuesit, gj\u00eb q\u00eb do t\u00eb ulte tensionet e tanishme p\u00ebrmes nj\u00eb konsensusi nga ku do t\u00eb arrihej ajo q\u00eb p\u00ebrfaq\u00ebsojn\u00eb subjektet politike shqiptare. Ky konsensus normalisht se k\u00ebrkon edhe sakrifica nga fakti se ne kemi probleme t\u00eb pazgjidhura, gj\u00eb q\u00eb n\u00eb k\u00ebto momente duhet l\u00ebn\u00eb anash. Populli e ka t\u00eb qart\u00eb se kush mund t`i finalizoj\u00eb k\u00ebrkesat e tij dhe p\u00ebr k\u00ebt\u00eb ai do t\u00eb dij\u00eb se kujt duhet dh\u00ebn\u00eb vot\u00ebn.<br \/>\n<strong>Shaban Peraj<br \/>\nKoha Javore<\/strong><\/p>\n","protected":false},"excerpt":{"rendered":"<p>Fillimi i k\u00ebsaj jave sh\u00ebnoi lajmin kryesor q\u00eb ka t\u00eb b\u00ebj\u00eb me shp\u00ebrb\u00ebrjen e parlamentit t\u00eb deritash\u00ebm malazez si dhe mund\u00ebsin\u00eb q\u00eb kryetari i shtetit, Filip Vujanoviq t\u00eb caktoj\u00eb dat\u00ebn e zgjedhjeve t\u00eb parakohshme parlamentare, q\u00eb pritet t\u00eb jet\u00eb fundi i marsit. Parlamenti malazez u shkurtoi mandatin deputet\u00ebve t\u00eb deritanish\u00ebm duke krijuar k\u00ebshtu kushtet ligjore [&hellip;]<\/p>\n","protected":false},"author":1,"featured_media":0,"comment_status":"open","ping_status":"closed","sticky":false,"template":"","format":"standard","meta":{"spay_email":"","jetpack_publicize_message":"","jetpack_is_tweetstorm":false,"jetpack_publicize_feature_enabled":true},"categories":[12],"tags":[1768,6524,216,6523,3180],"jetpack_publicize_connections":[],"yoast_head":"<!-- This site is optimized with the Yoast SEO plugin v19.1 - https:\/\/yoast.com\/wordpress\/plugins\/seo\/ -->\n<title>Jemi ne, jeni ju - Lajme nga Ulqini<\/title>\n<meta name=\"description\" content=\"Fillimi i k\u00ebsaj jave sh\u00ebnoi lajmin kryesor q\u00eb ka t\u00eb b\u00ebj\u00eb me shp\u00ebrb\u00ebrjen e parlamentit t\u00eb deritash\u00ebm malazez si dhe mund\u00ebsin\u00eb q\u00eb kryetari i shtetit, Filip\" \/>\n<meta name=\"robots\" content=\"index, follow, max-snippet:-1, max-image-preview:large, max-video-preview:-1\" \/>\n<link rel=\"canonical\" href=\"https:\/\/www.visit-ulcinj.com\/blog\/2009\/02\/07\/jemi-ne-jeni-ju\/\" \/>\n<meta property=\"og:locale\" content=\"en_US\" \/>\n<meta property=\"og:type\" content=\"article\" \/>\n<meta property=\"og:title\" content=\"Jemi ne, jeni ju - Lajme nga Ulqini\" \/>\n<meta property=\"og:description\" content=\"Fillimi i k\u00ebsaj jave sh\u00ebnoi lajmin kryesor q\u00eb ka t\u00eb b\u00ebj\u00eb me shp\u00ebrb\u00ebrjen e parlamentit t\u00eb deritash\u00ebm malazez si dhe mund\u00ebsin\u00eb q\u00eb kryetari i shtetit, Filip\" \/>\n<meta property=\"og:url\" content=\"https:\/\/www.visit-ulcinj.com\/blog\/2009\/02\/07\/jemi-ne-jeni-ju\/\" \/>\n<meta property=\"og:site_name\" content=\"Lajme nga Ulqini\" \/>\n<meta property=\"article:published_time\" content=\"2009-02-07T21:10:48+00:00\" \/>\n<meta property=\"og:image\" content=\"http:\/\/www.visit-ulcinj.com\/blog\/wp-content\/uploads\/2009\/01\/zgjedhjet-parlamentare-ne-mal-te-zi.jpg\" \/>\n<meta name=\"twitter:label1\" content=\"Written by\" \/>\n\t<meta name=\"twitter:data1\" content=\"ulqini\" \/>\n\t<meta name=\"twitter:label2\" content=\"Est. reading time\" \/>\n\t<meta name=\"twitter:data2\" content=\"6 minutes\" \/>\n<script type=\"application\/ld+json\" class=\"yoast-schema-graph\">{\"@context\":\"https:\/\/schema.org\",\"@graph\":[{\"@type\":\"WebSite\",\"@id\":\"https:\/\/www.visit-ulcinj.com\/blog\/#website\",\"url\":\"https:\/\/www.visit-ulcinj.com\/blog\/\",\"name\":\"Lajme nga Ulqini\",\"description\":\"Lajme,Vijesti,Ulqini,Ulqin,Crna Gora,Mali i Zi\",\"potentialAction\":[{\"@type\":\"SearchAction\",\"target\":{\"@type\":\"EntryPoint\",\"urlTemplate\":\"https:\/\/www.visit-ulcinj.com\/blog\/?s={search_term_string}\"},\"query-input\":\"required name=search_term_string\"}],\"inLanguage\":\"en-US\"},{\"@type\":\"ImageObject\",\"inLanguage\":\"en-US\",\"@id\":\"https:\/\/www.visit-ulcinj.com\/blog\/2009\/02\/07\/jemi-ne-jeni-ju\/#primaryimage\",\"url\":\"https:\/\/www.visit-ulcinj.com\/blog\/wp-content\/uploads\/2009\/01\/zgjedhjet-parlamentare-ne-mal-te-zi.jpg\",\"contentUrl\":\"https:\/\/www.visit-ulcinj.com\/blog\/wp-content\/uploads\/2009\/01\/zgjedhjet-parlamentare-ne-mal-te-zi.jpg\",\"width\":\"400\",\"height\":\"450\"},{\"@type\":\"WebPage\",\"@id\":\"https:\/\/www.visit-ulcinj.com\/blog\/2009\/02\/07\/jemi-ne-jeni-ju\/#webpage\",\"url\":\"https:\/\/www.visit-ulcinj.com\/blog\/2009\/02\/07\/jemi-ne-jeni-ju\/\",\"name\":\"Jemi ne, jeni ju - Lajme nga Ulqini\",\"isPartOf\":{\"@id\":\"https:\/\/www.visit-ulcinj.com\/blog\/#website\"},\"primaryImageOfPage\":{\"@id\":\"https:\/\/www.visit-ulcinj.com\/blog\/2009\/02\/07\/jemi-ne-jeni-ju\/#primaryimage\"},\"datePublished\":\"2009-02-07T21:10:48+00:00\",\"dateModified\":\"2009-02-07T21:10:48+00:00\",\"author\":{\"@id\":\"https:\/\/www.visit-ulcinj.com\/blog\/#\/schema\/person\/dcab619c614d3038751c63bc2aadc06d\"},\"description\":\"Fillimi i k\u00ebsaj jave sh\u00ebnoi lajmin kryesor q\u00eb ka t\u00eb b\u00ebj\u00eb me shp\u00ebrb\u00ebrjen e parlamentit t\u00eb deritash\u00ebm malazez si dhe mund\u00ebsin\u00eb q\u00eb kryetari i shtetit, Filip\",\"breadcrumb\":{\"@id\":\"https:\/\/www.visit-ulcinj.com\/blog\/2009\/02\/07\/jemi-ne-jeni-ju\/#breadcrumb\"},\"inLanguage\":\"en-US\",\"potentialAction\":[{\"@type\":\"ReadAction\",\"target\":[\"https:\/\/www.visit-ulcinj.com\/blog\/2009\/02\/07\/jemi-ne-jeni-ju\/\"]}]},{\"@type\":\"BreadcrumbList\",\"@id\":\"https:\/\/www.visit-ulcinj.com\/blog\/2009\/02\/07\/jemi-ne-jeni-ju\/#breadcrumb\",\"itemListElement\":[{\"@type\":\"ListItem\",\"position\":1,\"name\":\"Jemi ne, jeni ju\"}]},{\"@type\":\"Person\",\"@id\":\"https:\/\/www.visit-ulcinj.com\/blog\/#\/schema\/person\/dcab619c614d3038751c63bc2aadc06d\",\"name\":\"ulqini\",\"sameAs\":[\"http:\/\/www.visit-ulcinj.com\"],\"url\":\"https:\/\/www.visit-ulcinj.com\/blog\/author\/admin\/\"}]}<\/script>\n<!-- \/ Yoast SEO plugin. -->","yoast_head_json":{"title":"Jemi ne, jeni ju - Lajme nga Ulqini","description":"Fillimi i k\u00ebsaj jave sh\u00ebnoi lajmin kryesor q\u00eb ka t\u00eb b\u00ebj\u00eb me shp\u00ebrb\u00ebrjen e parlamentit t\u00eb deritash\u00ebm malazez si dhe mund\u00ebsin\u00eb q\u00eb kryetari i shtetit, Filip","robots":{"index":"index","follow":"follow","max-snippet":"max-snippet:-1","max-image-preview":"max-image-preview:large","max-video-preview":"max-video-preview:-1"},"canonical":"https:\/\/www.visit-ulcinj.com\/blog\/2009\/02\/07\/jemi-ne-jeni-ju\/","og_locale":"en_US","og_type":"article","og_title":"Jemi ne, jeni ju - Lajme nga Ulqini","og_description":"Fillimi i k\u00ebsaj jave sh\u00ebnoi lajmin kryesor q\u00eb ka t\u00eb b\u00ebj\u00eb me shp\u00ebrb\u00ebrjen e parlamentit t\u00eb deritash\u00ebm malazez si dhe mund\u00ebsin\u00eb q\u00eb kryetari i shtetit, Filip","og_url":"https:\/\/www.visit-ulcinj.com\/blog\/2009\/02\/07\/jemi-ne-jeni-ju\/","og_site_name":"Lajme nga Ulqini","article_published_time":"2009-02-07T21:10:48+00:00","og_image":[{"url":"http:\/\/www.visit-ulcinj.com\/blog\/wp-content\/uploads\/2009\/01\/zgjedhjet-parlamentare-ne-mal-te-zi.jpg"}],"twitter_misc":{"Written by":"ulqini","Est. reading time":"6 minutes"},"schema":{"@context":"https:\/\/schema.org","@graph":[{"@type":"WebSite","@id":"https:\/\/www.visit-ulcinj.com\/blog\/#website","url":"https:\/\/www.visit-ulcinj.com\/blog\/","name":"Lajme nga Ulqini","description":"Lajme,Vijesti,Ulqini,Ulqin,Crna Gora,Mali i Zi","potentialAction":[{"@type":"SearchAction","target":{"@type":"EntryPoint","urlTemplate":"https:\/\/www.visit-ulcinj.com\/blog\/?s={search_term_string}"},"query-input":"required name=search_term_string"}],"inLanguage":"en-US"},{"@type":"ImageObject","inLanguage":"en-US","@id":"https:\/\/www.visit-ulcinj.com\/blog\/2009\/02\/07\/jemi-ne-jeni-ju\/#primaryimage","url":"https:\/\/www.visit-ulcinj.com\/blog\/wp-content\/uploads\/2009\/01\/zgjedhjet-parlamentare-ne-mal-te-zi.jpg","contentUrl":"https:\/\/www.visit-ulcinj.com\/blog\/wp-content\/uploads\/2009\/01\/zgjedhjet-parlamentare-ne-mal-te-zi.jpg","width":"400","height":"450"},{"@type":"WebPage","@id":"https:\/\/www.visit-ulcinj.com\/blog\/2009\/02\/07\/jemi-ne-jeni-ju\/#webpage","url":"https:\/\/www.visit-ulcinj.com\/blog\/2009\/02\/07\/jemi-ne-jeni-ju\/","name":"Jemi ne, jeni ju - Lajme nga Ulqini","isPartOf":{"@id":"https:\/\/www.visit-ulcinj.com\/blog\/#website"},"primaryImageOfPage":{"@id":"https:\/\/www.visit-ulcinj.com\/blog\/2009\/02\/07\/jemi-ne-jeni-ju\/#primaryimage"},"datePublished":"2009-02-07T21:10:48+00:00","dateModified":"2009-02-07T21:10:48+00:00","author":{"@id":"https:\/\/www.visit-ulcinj.com\/blog\/#\/schema\/person\/dcab619c614d3038751c63bc2aadc06d"},"description":"Fillimi i k\u00ebsaj jave sh\u00ebnoi lajmin kryesor q\u00eb ka t\u00eb b\u00ebj\u00eb me shp\u00ebrb\u00ebrjen e parlamentit t\u00eb deritash\u00ebm malazez si dhe mund\u00ebsin\u00eb q\u00eb kryetari i shtetit, Filip","breadcrumb":{"@id":"https:\/\/www.visit-ulcinj.com\/blog\/2009\/02\/07\/jemi-ne-jeni-ju\/#breadcrumb"},"inLanguage":"en-US","potentialAction":[{"@type":"ReadAction","target":["https:\/\/www.visit-ulcinj.com\/blog\/2009\/02\/07\/jemi-ne-jeni-ju\/"]}]},{"@type":"BreadcrumbList","@id":"https:\/\/www.visit-ulcinj.com\/blog\/2009\/02\/07\/jemi-ne-jeni-ju\/#breadcrumb","itemListElement":[{"@type":"ListItem","position":1,"name":"Jemi ne, jeni ju"}]},{"@type":"Person","@id":"https:\/\/www.visit-ulcinj.com\/blog\/#\/schema\/person\/dcab619c614d3038751c63bc2aadc06d","name":"ulqini","sameAs":["http:\/\/www.visit-ulcinj.com"],"url":"https:\/\/www.visit-ulcinj.com\/blog\/author\/admin\/"}]}},"jetpack_featured_media_url":"","jetpack_sharing_enabled":true,"jetpack_shortlink":"https:\/\/wp.me\/pe6lTn-2Ns","_links":{"self":[{"href":"https:\/\/www.visit-ulcinj.com\/blog\/wp-json\/wp\/v2\/posts\/10754"}],"collection":[{"href":"https:\/\/www.visit-ulcinj.com\/blog\/wp-json\/wp\/v2\/posts"}],"about":[{"href":"https:\/\/www.visit-ulcinj.com\/blog\/wp-json\/wp\/v2\/types\/post"}],"author":[{"embeddable":true,"href":"https:\/\/www.visit-ulcinj.com\/blog\/wp-json\/wp\/v2\/users\/1"}],"replies":[{"embeddable":true,"href":"https:\/\/www.visit-ulcinj.com\/blog\/wp-json\/wp\/v2\/comments?post=10754"}],"version-history":[{"count":0,"href":"https:\/\/www.visit-ulcinj.com\/blog\/wp-json\/wp\/v2\/posts\/10754\/revisions"}],"wp:attachment":[{"href":"https:\/\/www.visit-ulcinj.com\/blog\/wp-json\/wp\/v2\/media?parent=10754"}],"wp:term":[{"taxonomy":"category","embeddable":true,"href":"https:\/\/www.visit-ulcinj.com\/blog\/wp-json\/wp\/v2\/categories?post=10754"},{"taxonomy":"post_tag","embeddable":true,"href":"https:\/\/www.visit-ulcinj.com\/blog\/wp-json\/wp\/v2\/tags?post=10754"}],"curies":[{"name":"wp","href":"https:\/\/api.w.org\/{rel}","templated":true}]}}