{"id":1077,"date":"2008-03-31T10:30:40","date_gmt":"2008-03-31T15:30:40","guid":{"rendered":"http:\/\/www.visit-ulcinj.com\/blog\/?p=1077"},"modified":"2008-03-31T22:06:06","modified_gmt":"2008-04-01T03:06:06","slug":"komunalne-takse-ulcinja-moraju-biti-realne","status":"publish","type":"post","link":"https:\/\/www.visit-ulcinj.com\/blog\/2008\/03\/31\/komunalne-takse-ulcinja-moraju-biti-realne\/","title":{"rendered":"Komunalne takse Ulcinja moraju biti realne"},"content":{"rendered":"<p><a href=\"http:\/\/www.visit-ulcinj.com\/blog\/wp-content\/uploads\/2008\/03\/uba_ulcinj.jpg\"><img loading=\"lazy\" class=\"alignleft size-medium wp-image-1078\" style=\"float: left;\" title=\"uba_ulcinj\" src=\"http:\/\/www.visit-ulcinj.com\/blog\/wp-content\/uploads\/2008\/03\/uba_ulcinj-300x211.jpg\" alt=\"\" width=\"300\" height=\"211\" srcset=\"https:\/\/www.visit-ulcinj.com\/blog\/wp-content\/uploads\/2008\/03\/uba_ulcinj-300x211.jpg 300w, https:\/\/www.visit-ulcinj.com\/blog\/wp-content\/uploads\/2008\/03\/uba_ulcinj.jpg 668w\" sizes=\"(max-width: 300px) 100vw, 300px\" \/><\/a><strong>Predstavnici preduzetni?kih udru\u017eenja tra\u017ee bolju saradnju sa lokalnim vlastima<\/strong><br \/>\n<a title=\"ulqin,ulqini,ulcinj,montenegro\" href=\"http:\/\/www.visit-ulcinj.com\/gallery\/main.php\" target=\"_blank\">Ulcinj<\/a>(MINA-BUSINESS) \u2013 Predstavnici udru\u017eenja crnogorskih preduzetnika predlo\u017eili su odre?ivanje maksimalnih iznosa lokalnih taksi i naknada, kao i da njihovo uskla?ivanje prate precizni kriterijumi koji moraju biti jasni i mjerljivi, kao, na primjer, inflacija.<br \/>\nNa okruglom stolu \u201cLokalne komunalne takse i naknade &#8211; barijere za biznis\u201d, odr\u017eanom u Ulcinju, ocijenjeno je da administracija ne bi trebalo da kreira naknade i takse prema orjentacionim projekcijama ve? po realnim mogu?nostima poreskih obveznika.<br \/>\nOkrugli sto je organizovala Ulcinjska biznis alijansa (UBA), a u raspravi su u?estvovali i predstavnici Zanatsko-preduzetni?ke komore, Montenegro biznis alijanse, Unije poslodavaca, Op\u0161tine Ulcinj, kao i ulcinjski privrednici.<a href=\"http:\/\/www.visit-ulcinj.com\/blog\/wp-content\/uploads\/2008\/03\/vaso-radovic_dps.jpg\"><img loading=\"lazy\" class=\"alignright size-medium wp-image-1079\" style=\"float: right;\" title=\"vaso-radovic_dps\" src=\"http:\/\/www.visit-ulcinj.com\/blog\/wp-content\/uploads\/2008\/03\/vaso-radovic_dps-300x278.jpg\" alt=\"\" width=\"208\" height=\"193\" srcset=\"https:\/\/www.visit-ulcinj.com\/blog\/wp-content\/uploads\/2008\/03\/vaso-radovic_dps-300x278.jpg 300w, https:\/\/www.visit-ulcinj.com\/blog\/wp-content\/uploads\/2008\/03\/vaso-radovic_dps.jpg 572w\" sizes=\"(max-width: 208px) 100vw, 208px\" \/><\/a><br \/>\nOni smatraju da prilikom usvajanja odluka o lokalnim taksama i naknadama obra?iva?i bi trebalo da uklju?uju lokalne ili strukovne organizacije privrede radi boljeg sagledavanja stanja i mogu?nosti.<br \/>\n&#8211; Bez brze konsolidacije u oblasti usvajanja urbanisti?kih planova preduzetnici ?e jo\u0161 dugo nailaziti na prepreke kod dobijanja dozvola za izgradnju novih objekata i pogona \u0161to ometa investicije i pospje\u0161uje korupciju &#8211; saop\u0161teno je iz UBA.Glomazne i ?esto preskupe administracije moraju, kako su dodali, biti vi\u0161e u slu\u017ebi privrede i na adekvatniji i transparentniji na?in koristiti novac koji prikupljaju od preduze?a.U?esnici okruglog stola predlo\u017eili su, izme?u ostalog, da se intenzivira dijalog sa udru\u017eenjima privrednika Crne Gore putem ?e\u0161?ih i redovnijih susreta, podr\u017ee inicijative krovnih organizacija privrede na nivou dr\u017eave i poja?a odnosno pokrene rad lokalnih ekonomsko- socijalnih savjeta.<br \/>\n(MINA-BUSINESS)<\/p>\n","protected":false},"excerpt":{"rendered":"<p><img loading=\"lazy\" class=\"alignleft size-medium wp-image-1078\" style=\"float: left;\" title=\"uba_ulcinj\" src=\"http:\/\/www.visit-ulcinj.com\/blog\/wp-content\/uploads\/2008\/03\/uba_ulcinj-300x211.jpg\" alt=\"\" width=\"140\" height=\"140\" \/><\/p>\n","protected":false},"author":1,"featured_media":0,"comment_status":"open","ping_status":"closed","sticky":false,"template":"","format":"standard","meta":{"spay_email":"","jetpack_publicize_message":"","jetpack_is_tweetstorm":false,"jetpack_publicize_feature_enabled":true},"categories":[10],"tags":[530,118,2219,19,543,1797],"jetpack_publicize_connections":[],"yoast_head":"<!-- This site is optimized with the Yoast SEO plugin v19.1 - https:\/\/yoast.com\/wordpress\/plugins\/seo\/ -->\n<title>Komunalne takse Ulcinja moraju biti realne - Lajme nga Ulqini<\/title>\n<meta name=\"robots\" content=\"index, follow, max-snippet:-1, max-image-preview:large, max-video-preview:-1\" \/>\n<link rel=\"canonical\" href=\"https:\/\/www.visit-ulcinj.com\/blog\/2008\/03\/31\/komunalne-takse-ulcinja-moraju-biti-realne\/\" \/>\n<meta property=\"og:locale\" content=\"en_US\" \/>\n<meta property=\"og:type\" content=\"article\" \/>\n<meta property=\"og:title\" content=\"Komunalne takse Ulcinja moraju biti realne - Lajme nga Ulqini\" \/>\n<meta property=\"og:url\" content=\"https:\/\/www.visit-ulcinj.com\/blog\/2008\/03\/31\/komunalne-takse-ulcinja-moraju-biti-realne\/\" \/>\n<meta property=\"og:site_name\" content=\"Lajme nga Ulqini\" \/>\n<meta property=\"article:published_time\" content=\"2008-03-31T15:30:40+00:00\" \/>\n<meta property=\"article:modified_time\" content=\"2008-04-01T03:06:06+00:00\" \/>\n<meta property=\"og:image\" content=\"http:\/\/www.visit-ulcinj.com\/blog\/wp-content\/uploads\/2008\/03\/uba_ulcinj-300x211.jpg\" \/>\n<meta name=\"twitter:label1\" content=\"Written by\" \/>\n\t<meta name=\"twitter:data1\" content=\"ulqini\" \/>\n\t<meta name=\"twitter:label2\" content=\"Est. reading time\" \/>\n\t<meta name=\"twitter:data2\" content=\"1 minute\" \/>\n<script type=\"application\/ld+json\" class=\"yoast-schema-graph\">{\"@context\":\"https:\/\/schema.org\",\"@graph\":[{\"@type\":\"WebSite\",\"@id\":\"https:\/\/www.visit-ulcinj.com\/blog\/#website\",\"url\":\"https:\/\/www.visit-ulcinj.com\/blog\/\",\"name\":\"Lajme nga Ulqini\",\"description\":\"Lajme,Vijesti,Ulqini,Ulqin,Crna Gora,Mali i Zi\",\"potentialAction\":[{\"@type\":\"SearchAction\",\"target\":{\"@type\":\"EntryPoint\",\"urlTemplate\":\"https:\/\/www.visit-ulcinj.com\/blog\/?s={search_term_string}\"},\"query-input\":\"required name=search_term_string\"}],\"inLanguage\":\"en-US\"},{\"@type\":\"ImageObject\",\"inLanguage\":\"en-US\",\"@id\":\"https:\/\/www.visit-ulcinj.com\/blog\/2008\/03\/31\/komunalne-takse-ulcinja-moraju-biti-realne\/#primaryimage\",\"url\":\"http:\/\/www.visit-ulcinj.com\/blog\/wp-content\/uploads\/2008\/03\/uba_ulcinj-300x211.jpg\",\"contentUrl\":\"http:\/\/www.visit-ulcinj.com\/blog\/wp-content\/uploads\/2008\/03\/uba_ulcinj-300x211.jpg\"},{\"@type\":\"WebPage\",\"@id\":\"https:\/\/www.visit-ulcinj.com\/blog\/2008\/03\/31\/komunalne-takse-ulcinja-moraju-biti-realne\/#webpage\",\"url\":\"https:\/\/www.visit-ulcinj.com\/blog\/2008\/03\/31\/komunalne-takse-ulcinja-moraju-biti-realne\/\",\"name\":\"Komunalne takse Ulcinja moraju biti realne - Lajme nga Ulqini\",\"isPartOf\":{\"@id\":\"https:\/\/www.visit-ulcinj.com\/blog\/#website\"},\"primaryImageOfPage\":{\"@id\":\"https:\/\/www.visit-ulcinj.com\/blog\/2008\/03\/31\/komunalne-takse-ulcinja-moraju-biti-realne\/#primaryimage\"},\"datePublished\":\"2008-03-31T15:30:40+00:00\",\"dateModified\":\"2008-04-01T03:06:06+00:00\",\"author\":{\"@id\":\"https:\/\/www.visit-ulcinj.com\/blog\/#\/schema\/person\/dcab619c614d3038751c63bc2aadc06d\"},\"breadcrumb\":{\"@id\":\"https:\/\/www.visit-ulcinj.com\/blog\/2008\/03\/31\/komunalne-takse-ulcinja-moraju-biti-realne\/#breadcrumb\"},\"inLanguage\":\"en-US\",\"potentialAction\":[{\"@type\":\"ReadAction\",\"target\":[\"https:\/\/www.visit-ulcinj.com\/blog\/2008\/03\/31\/komunalne-takse-ulcinja-moraju-biti-realne\/\"]}]},{\"@type\":\"BreadcrumbList\",\"@id\":\"https:\/\/www.visit-ulcinj.com\/blog\/2008\/03\/31\/komunalne-takse-ulcinja-moraju-biti-realne\/#breadcrumb\",\"itemListElement\":[{\"@type\":\"ListItem\",\"position\":1,\"name\":\"Komunalne takse Ulcinja moraju biti realne\"}]},{\"@type\":\"Person\",\"@id\":\"https:\/\/www.visit-ulcinj.com\/blog\/#\/schema\/person\/dcab619c614d3038751c63bc2aadc06d\",\"name\":\"ulqini\",\"sameAs\":[\"http:\/\/www.visit-ulcinj.com\"],\"url\":\"https:\/\/www.visit-ulcinj.com\/blog\/author\/admin\/\"}]}<\/script>\n<!-- \/ Yoast SEO plugin. -->","yoast_head_json":{"title":"Komunalne takse Ulcinja moraju biti realne - Lajme nga Ulqini","robots":{"index":"index","follow":"follow","max-snippet":"max-snippet:-1","max-image-preview":"max-image-preview:large","max-video-preview":"max-video-preview:-1"},"canonical":"https:\/\/www.visit-ulcinj.com\/blog\/2008\/03\/31\/komunalne-takse-ulcinja-moraju-biti-realne\/","og_locale":"en_US","og_type":"article","og_title":"Komunalne takse Ulcinja moraju biti realne - Lajme nga Ulqini","og_url":"https:\/\/www.visit-ulcinj.com\/blog\/2008\/03\/31\/komunalne-takse-ulcinja-moraju-biti-realne\/","og_site_name":"Lajme nga Ulqini","article_published_time":"2008-03-31T15:30:40+00:00","article_modified_time":"2008-04-01T03:06:06+00:00","og_image":[{"url":"http:\/\/www.visit-ulcinj.com\/blog\/wp-content\/uploads\/2008\/03\/uba_ulcinj-300x211.jpg"}],"twitter_misc":{"Written by":"ulqini","Est. reading time":"1 minute"},"schema":{"@context":"https:\/\/schema.org","@graph":[{"@type":"WebSite","@id":"https:\/\/www.visit-ulcinj.com\/blog\/#website","url":"https:\/\/www.visit-ulcinj.com\/blog\/","name":"Lajme nga Ulqini","description":"Lajme,Vijesti,Ulqini,Ulqin,Crna Gora,Mali i Zi","potentialAction":[{"@type":"SearchAction","target":{"@type":"EntryPoint","urlTemplate":"https:\/\/www.visit-ulcinj.com\/blog\/?s={search_term_string}"},"query-input":"required name=search_term_string"}],"inLanguage":"en-US"},{"@type":"ImageObject","inLanguage":"en-US","@id":"https:\/\/www.visit-ulcinj.com\/blog\/2008\/03\/31\/komunalne-takse-ulcinja-moraju-biti-realne\/#primaryimage","url":"http:\/\/www.visit-ulcinj.com\/blog\/wp-content\/uploads\/2008\/03\/uba_ulcinj-300x211.jpg","contentUrl":"http:\/\/www.visit-ulcinj.com\/blog\/wp-content\/uploads\/2008\/03\/uba_ulcinj-300x211.jpg"},{"@type":"WebPage","@id":"https:\/\/www.visit-ulcinj.com\/blog\/2008\/03\/31\/komunalne-takse-ulcinja-moraju-biti-realne\/#webpage","url":"https:\/\/www.visit-ulcinj.com\/blog\/2008\/03\/31\/komunalne-takse-ulcinja-moraju-biti-realne\/","name":"Komunalne takse Ulcinja moraju biti realne - Lajme nga Ulqini","isPartOf":{"@id":"https:\/\/www.visit-ulcinj.com\/blog\/#website"},"primaryImageOfPage":{"@id":"https:\/\/www.visit-ulcinj.com\/blog\/2008\/03\/31\/komunalne-takse-ulcinja-moraju-biti-realne\/#primaryimage"},"datePublished":"2008-03-31T15:30:40+00:00","dateModified":"2008-04-01T03:06:06+00:00","author":{"@id":"https:\/\/www.visit-ulcinj.com\/blog\/#\/schema\/person\/dcab619c614d3038751c63bc2aadc06d"},"breadcrumb":{"@id":"https:\/\/www.visit-ulcinj.com\/blog\/2008\/03\/31\/komunalne-takse-ulcinja-moraju-biti-realne\/#breadcrumb"},"inLanguage":"en-US","potentialAction":[{"@type":"ReadAction","target":["https:\/\/www.visit-ulcinj.com\/blog\/2008\/03\/31\/komunalne-takse-ulcinja-moraju-biti-realne\/"]}]},{"@type":"BreadcrumbList","@id":"https:\/\/www.visit-ulcinj.com\/blog\/2008\/03\/31\/komunalne-takse-ulcinja-moraju-biti-realne\/#breadcrumb","itemListElement":[{"@type":"ListItem","position":1,"name":"Komunalne takse Ulcinja moraju biti realne"}]},{"@type":"Person","@id":"https:\/\/www.visit-ulcinj.com\/blog\/#\/schema\/person\/dcab619c614d3038751c63bc2aadc06d","name":"ulqini","sameAs":["http:\/\/www.visit-ulcinj.com"],"url":"https:\/\/www.visit-ulcinj.com\/blog\/author\/admin\/"}]}},"jetpack_featured_media_url":"","jetpack_sharing_enabled":true,"jetpack_shortlink":"https:\/\/wp.me\/pe6lTn-hn","_links":{"self":[{"href":"https:\/\/www.visit-ulcinj.com\/blog\/wp-json\/wp\/v2\/posts\/1077"}],"collection":[{"href":"https:\/\/www.visit-ulcinj.com\/blog\/wp-json\/wp\/v2\/posts"}],"about":[{"href":"https:\/\/www.visit-ulcinj.com\/blog\/wp-json\/wp\/v2\/types\/post"}],"author":[{"embeddable":true,"href":"https:\/\/www.visit-ulcinj.com\/blog\/wp-json\/wp\/v2\/users\/1"}],"replies":[{"embeddable":true,"href":"https:\/\/www.visit-ulcinj.com\/blog\/wp-json\/wp\/v2\/comments?post=1077"}],"version-history":[{"count":0,"href":"https:\/\/www.visit-ulcinj.com\/blog\/wp-json\/wp\/v2\/posts\/1077\/revisions"}],"wp:attachment":[{"href":"https:\/\/www.visit-ulcinj.com\/blog\/wp-json\/wp\/v2\/media?parent=1077"}],"wp:term":[{"taxonomy":"category","embeddable":true,"href":"https:\/\/www.visit-ulcinj.com\/blog\/wp-json\/wp\/v2\/categories?post=1077"},{"taxonomy":"post_tag","embeddable":true,"href":"https:\/\/www.visit-ulcinj.com\/blog\/wp-json\/wp\/v2\/tags?post=1077"}],"curies":[{"name":"wp","href":"https:\/\/api.w.org\/{rel}","templated":true}]}}