{"id":10777,"date":"2009-02-07T22:44:50","date_gmt":"2009-02-07T21:44:50","guid":{"rendered":"http:\/\/www.visit-ulcinj.com\/blog\/?p=10777"},"modified":"2009-03-01T00:48:03","modified_gmt":"2009-02-28T23:48:03","slug":"big-brother-albania-2-adelajda-xhamani-profili","status":"publish","type":"post","link":"https:\/\/www.visit-ulcinj.com\/blog\/2009\/02\/07\/big-brother-albania-2-adelajda-xhamani-profili\/","title":{"rendered":"Big Brother Albania 2 : Adelajda Xhamani (Profili)"},"content":{"rendered":"<p><a href=\"http:\/\/www.visit-ulcinj.com\/blog\/wp-content\/uploads\/2009\/02\/adelajda.jpg\"><img loading=\"lazy\" class=\"alignleft size-full wp-image-10789\" title=\"Adelajda Xhamani\" src=\"http:\/\/www.visit-ulcinj.com\/blog\/wp-content\/uploads\/2009\/02\/adelajda.jpg\" alt=\"Adelajda Xhamani\" width=\"300\" height=\"350\" \/><\/a><\/p>\n<p><strong>Mosha:<\/strong> 22 vjec<br \/>\n<strong>Vendlindja:<\/strong> Kavaj\u00eb<br \/>\n<strong>Vendbanimi:<\/strong> Kavaj\u00eb<br \/>\n<strong>Gjendja civile:<\/strong> E fejuar<br \/>\n<strong>Flok\u00ebt:<\/strong> T\u00eb kuqe<br \/>\n<strong>Arsimi:<\/strong> I lart\u00eb, Cik\u00ebl i Ul\u00ebt<br \/>\n<strong>Profesioni:<\/strong> M\u00ebsuese e Let\u00ebrsis\u00eb dhe  Gjuh\u00ebs Shqipe n\u00eb Luz t\u00eb Vog\u00ebl t\u00eb Kavaj\u00ebs.<br \/>\n<strong>Hobi:<\/strong> Muzika, let\u00ebrsia<br \/>\n<strong>Do t\u00eb hyj\u00eb n\u00eb Big Brother sepse:<\/strong> E ka \u00ebnd\u00ebrr, megjith\u00ebse nuk e l\u00ebn\u00eb familjar\u00ebt dhe ka ardhur pa lejen e tyre. E nj\u00ebjta gj\u00eb ndodhi dhe vitin e kaluar, ku nuk mundi as t\u00eb b\u00ebnte aplikimin.<\/p>\n<p><strong>Karakteristika: <\/strong>N\u00eb Kavaj\u00eb njer\u00ebzit jan\u00eb fanatik\u00eb, por ajo e kund\u00ebrshton k\u00ebt\u00eb fenomen. Thot\u00eb se, po fitoi, do hyj\u00eb n\u00eb sht\u00ebpi dhe nuk ka p\u00ebr ta ndaluar asgj\u00eb. E prezanton veten si vajz\u00eb normale, t\u00eb thjesht\u00eb dhe t\u00eb komunikueshme. \u00cbsht\u00eb tip i qet\u00eb n\u00eb p\u00ebrgjith\u00ebsi. Miq\u00ebsohet shpejt. I fejuari i saj \u00ebsht\u00eb shofer zjarrfik\u00ebseje n\u00eb Kavaj\u00eb. Nuk p\u00ebrputhen shum\u00eb me nj\u00ebri-tjetrin, madje ai \u00ebsht\u00eb dhe pak xheloz. P\u00eblqen t\u00eb k\u00ebrcej\u00eb dhe t\u00eb arg\u00ebtohet. I vetmi moment arg\u00ebtimi p\u00ebr t\u00eb jan\u00eb aktivitetet q\u00eb organizon me f\u00ebmij\u00ebt e shkoll\u00ebs.<\/p>\n<p><span class=\"Apple-style-span\" style=\"border-collapse: separate; color: #000000; font-family: courier; font-size: 10px; font-style: normal; font-variant: normal; font-weight: normal; letter-spacing: normal; line-height: normal; orphans: 2; text-indent: 0px; text-transform: none; white-space: pre-wrap; widows: 2; word-spacing: 0px;\"><br \/>\n<\/span><\/p>\n","protected":false},"excerpt":{"rendered":"<p>Mosha: 22 vjec Vendlindja: Kavaj\u00eb Vendbanimi: Kavaj\u00eb Gjendja civile: E fejuar Flok\u00ebt: T\u00eb kuqe Arsimi: I lart\u00eb, Cik\u00ebl i Ul\u00ebt Profesioni: M\u00ebsuese e Let\u00ebrsis\u00eb dhe Gjuh\u00ebs Shqipe n\u00eb Luz t\u00eb Vog\u00ebl t\u00eb Kavaj\u00ebs. Hobi: Muzika, let\u00ebrsia Do t\u00eb hyj\u00eb n\u00eb Big Brother sepse: E ka \u00ebnd\u00ebrr, megjith\u00ebse nuk e l\u00ebn\u00eb familjar\u00ebt dhe ka ardhur pa [&hellip;]<\/p>\n","protected":false},"author":1,"featured_media":0,"comment_status":"open","ping_status":"closed","sticky":false,"template":"","format":"standard","meta":{"spay_email":"","jetpack_publicize_message":"","jetpack_is_tweetstorm":false,"jetpack_publicize_feature_enabled":true},"categories":[6502],"tags":[6529,5057,6506,6516,6519],"jetpack_publicize_connections":[],"yoast_head":"<!-- This site is optimized with the Yoast SEO plugin v19.1 - https:\/\/yoast.com\/wordpress\/plugins\/seo\/ -->\n<title>Big Brother Albania 2 : Adelajda Xhamani (Profili) - Lajme nga Ulqini<\/title>\n<meta name=\"description\" content=\"Mosha: 22 vjec Vendlindja: Kavaj\u00eb Vendbanimi: Kavaj\u00eb Gjendja civile: E fejuar Flok\u00ebt: T\u00eb kuqe Arsimi: I lart\u00eb, Cik\u00ebl i Ul\u00ebt Profesioni: M\u00ebsuese e\" \/>\n<meta name=\"robots\" content=\"index, follow, max-snippet:-1, max-image-preview:large, max-video-preview:-1\" \/>\n<link rel=\"canonical\" href=\"https:\/\/www.visit-ulcinj.com\/blog\/2009\/02\/07\/big-brother-albania-2-adelajda-xhamani-profili\/\" \/>\n<meta property=\"og:locale\" content=\"en_US\" \/>\n<meta property=\"og:type\" content=\"article\" \/>\n<meta property=\"og:title\" content=\"Big Brother Albania 2 : Adelajda Xhamani (Profili) - Lajme nga Ulqini\" \/>\n<meta property=\"og:description\" content=\"Mosha: 22 vjec Vendlindja: Kavaj\u00eb Vendbanimi: Kavaj\u00eb Gjendja civile: E fejuar Flok\u00ebt: T\u00eb kuqe Arsimi: I lart\u00eb, Cik\u00ebl i Ul\u00ebt Profesioni: M\u00ebsuese e\" \/>\n<meta property=\"og:url\" content=\"https:\/\/www.visit-ulcinj.com\/blog\/2009\/02\/07\/big-brother-albania-2-adelajda-xhamani-profili\/\" \/>\n<meta property=\"og:site_name\" content=\"Lajme nga Ulqini\" \/>\n<meta property=\"article:published_time\" content=\"2009-02-07T21:44:50+00:00\" \/>\n<meta property=\"article:modified_time\" content=\"2009-02-28T23:48:03+00:00\" \/>\n<meta property=\"og:image\" content=\"http:\/\/www.visit-ulcinj.com\/blog\/wp-content\/uploads\/2009\/02\/adelajda.jpg\" \/>\n<meta name=\"twitter:label1\" content=\"Written by\" \/>\n\t<meta name=\"twitter:data1\" content=\"ulqini\" \/>\n\t<meta name=\"twitter:label2\" content=\"Est. reading time\" \/>\n\t<meta name=\"twitter:data2\" content=\"1 minute\" \/>\n<script type=\"application\/ld+json\" class=\"yoast-schema-graph\">{\"@context\":\"https:\/\/schema.org\",\"@graph\":[{\"@type\":\"WebSite\",\"@id\":\"https:\/\/www.visit-ulcinj.com\/blog\/#website\",\"url\":\"https:\/\/www.visit-ulcinj.com\/blog\/\",\"name\":\"Lajme nga Ulqini\",\"description\":\"Lajme,Vijesti,Ulqini,Ulqin,Crna Gora,Mali i Zi\",\"potentialAction\":[{\"@type\":\"SearchAction\",\"target\":{\"@type\":\"EntryPoint\",\"urlTemplate\":\"https:\/\/www.visit-ulcinj.com\/blog\/?s={search_term_string}\"},\"query-input\":\"required name=search_term_string\"}],\"inLanguage\":\"en-US\"},{\"@type\":\"ImageObject\",\"inLanguage\":\"en-US\",\"@id\":\"https:\/\/www.visit-ulcinj.com\/blog\/2009\/02\/07\/big-brother-albania-2-adelajda-xhamani-profili\/#primaryimage\",\"url\":\"http:\/\/www.visit-ulcinj.com\/blog\/wp-content\/uploads\/2009\/02\/adelajda.jpg\",\"contentUrl\":\"http:\/\/www.visit-ulcinj.com\/blog\/wp-content\/uploads\/2009\/02\/adelajda.jpg\"},{\"@type\":\"WebPage\",\"@id\":\"https:\/\/www.visit-ulcinj.com\/blog\/2009\/02\/07\/big-brother-albania-2-adelajda-xhamani-profili\/#webpage\",\"url\":\"https:\/\/www.visit-ulcinj.com\/blog\/2009\/02\/07\/big-brother-albania-2-adelajda-xhamani-profili\/\",\"name\":\"Big Brother Albania 2 : Adelajda Xhamani (Profili) - Lajme nga Ulqini\",\"isPartOf\":{\"@id\":\"https:\/\/www.visit-ulcinj.com\/blog\/#website\"},\"primaryImageOfPage\":{\"@id\":\"https:\/\/www.visit-ulcinj.com\/blog\/2009\/02\/07\/big-brother-albania-2-adelajda-xhamani-profili\/#primaryimage\"},\"datePublished\":\"2009-02-07T21:44:50+00:00\",\"dateModified\":\"2009-02-28T23:48:03+00:00\",\"author\":{\"@id\":\"https:\/\/www.visit-ulcinj.com\/blog\/#\/schema\/person\/dcab619c614d3038751c63bc2aadc06d\"},\"description\":\"Mosha: 22 vjec Vendlindja: Kavaj\u00eb Vendbanimi: Kavaj\u00eb Gjendja civile: E fejuar Flok\u00ebt: T\u00eb kuqe Arsimi: I lart\u00eb, Cik\u00ebl i Ul\u00ebt Profesioni: M\u00ebsuese e\",\"breadcrumb\":{\"@id\":\"https:\/\/www.visit-ulcinj.com\/blog\/2009\/02\/07\/big-brother-albania-2-adelajda-xhamani-profili\/#breadcrumb\"},\"inLanguage\":\"en-US\",\"potentialAction\":[{\"@type\":\"ReadAction\",\"target\":[\"https:\/\/www.visit-ulcinj.com\/blog\/2009\/02\/07\/big-brother-albania-2-adelajda-xhamani-profili\/\"]}]},{\"@type\":\"BreadcrumbList\",\"@id\":\"https:\/\/www.visit-ulcinj.com\/blog\/2009\/02\/07\/big-brother-albania-2-adelajda-xhamani-profili\/#breadcrumb\",\"itemListElement\":[{\"@type\":\"ListItem\",\"position\":1,\"name\":\"Big Brother Albania 2 : Adelajda Xhamani (Profili)\"}]},{\"@type\":\"Person\",\"@id\":\"https:\/\/www.visit-ulcinj.com\/blog\/#\/schema\/person\/dcab619c614d3038751c63bc2aadc06d\",\"name\":\"ulqini\",\"sameAs\":[\"http:\/\/www.visit-ulcinj.com\"],\"url\":\"https:\/\/www.visit-ulcinj.com\/blog\/author\/admin\/\"}]}<\/script>\n<!-- \/ Yoast SEO plugin. -->","yoast_head_json":{"title":"Big Brother Albania 2 : Adelajda Xhamani (Profili) - Lajme nga Ulqini","description":"Mosha: 22 vjec Vendlindja: Kavaj\u00eb Vendbanimi: Kavaj\u00eb Gjendja civile: E fejuar Flok\u00ebt: T\u00eb kuqe Arsimi: I lart\u00eb, Cik\u00ebl i Ul\u00ebt Profesioni: M\u00ebsuese e","robots":{"index":"index","follow":"follow","max-snippet":"max-snippet:-1","max-image-preview":"max-image-preview:large","max-video-preview":"max-video-preview:-1"},"canonical":"https:\/\/www.visit-ulcinj.com\/blog\/2009\/02\/07\/big-brother-albania-2-adelajda-xhamani-profili\/","og_locale":"en_US","og_type":"article","og_title":"Big Brother Albania 2 : Adelajda Xhamani (Profili) - Lajme nga Ulqini","og_description":"Mosha: 22 vjec Vendlindja: Kavaj\u00eb Vendbanimi: Kavaj\u00eb Gjendja civile: E fejuar Flok\u00ebt: T\u00eb kuqe Arsimi: I lart\u00eb, Cik\u00ebl i Ul\u00ebt Profesioni: M\u00ebsuese e","og_url":"https:\/\/www.visit-ulcinj.com\/blog\/2009\/02\/07\/big-brother-albania-2-adelajda-xhamani-profili\/","og_site_name":"Lajme nga Ulqini","article_published_time":"2009-02-07T21:44:50+00:00","article_modified_time":"2009-02-28T23:48:03+00:00","og_image":[{"url":"http:\/\/www.visit-ulcinj.com\/blog\/wp-content\/uploads\/2009\/02\/adelajda.jpg"}],"twitter_misc":{"Written by":"ulqini","Est. reading time":"1 minute"},"schema":{"@context":"https:\/\/schema.org","@graph":[{"@type":"WebSite","@id":"https:\/\/www.visit-ulcinj.com\/blog\/#website","url":"https:\/\/www.visit-ulcinj.com\/blog\/","name":"Lajme nga Ulqini","description":"Lajme,Vijesti,Ulqini,Ulqin,Crna Gora,Mali i Zi","potentialAction":[{"@type":"SearchAction","target":{"@type":"EntryPoint","urlTemplate":"https:\/\/www.visit-ulcinj.com\/blog\/?s={search_term_string}"},"query-input":"required name=search_term_string"}],"inLanguage":"en-US"},{"@type":"ImageObject","inLanguage":"en-US","@id":"https:\/\/www.visit-ulcinj.com\/blog\/2009\/02\/07\/big-brother-albania-2-adelajda-xhamani-profili\/#primaryimage","url":"http:\/\/www.visit-ulcinj.com\/blog\/wp-content\/uploads\/2009\/02\/adelajda.jpg","contentUrl":"http:\/\/www.visit-ulcinj.com\/blog\/wp-content\/uploads\/2009\/02\/adelajda.jpg"},{"@type":"WebPage","@id":"https:\/\/www.visit-ulcinj.com\/blog\/2009\/02\/07\/big-brother-albania-2-adelajda-xhamani-profili\/#webpage","url":"https:\/\/www.visit-ulcinj.com\/blog\/2009\/02\/07\/big-brother-albania-2-adelajda-xhamani-profili\/","name":"Big Brother Albania 2 : Adelajda Xhamani (Profili) - Lajme nga Ulqini","isPartOf":{"@id":"https:\/\/www.visit-ulcinj.com\/blog\/#website"},"primaryImageOfPage":{"@id":"https:\/\/www.visit-ulcinj.com\/blog\/2009\/02\/07\/big-brother-albania-2-adelajda-xhamani-profili\/#primaryimage"},"datePublished":"2009-02-07T21:44:50+00:00","dateModified":"2009-02-28T23:48:03+00:00","author":{"@id":"https:\/\/www.visit-ulcinj.com\/blog\/#\/schema\/person\/dcab619c614d3038751c63bc2aadc06d"},"description":"Mosha: 22 vjec Vendlindja: Kavaj\u00eb Vendbanimi: Kavaj\u00eb Gjendja civile: E fejuar Flok\u00ebt: T\u00eb kuqe Arsimi: I lart\u00eb, Cik\u00ebl i Ul\u00ebt Profesioni: M\u00ebsuese e","breadcrumb":{"@id":"https:\/\/www.visit-ulcinj.com\/blog\/2009\/02\/07\/big-brother-albania-2-adelajda-xhamani-profili\/#breadcrumb"},"inLanguage":"en-US","potentialAction":[{"@type":"ReadAction","target":["https:\/\/www.visit-ulcinj.com\/blog\/2009\/02\/07\/big-brother-albania-2-adelajda-xhamani-profili\/"]}]},{"@type":"BreadcrumbList","@id":"https:\/\/www.visit-ulcinj.com\/blog\/2009\/02\/07\/big-brother-albania-2-adelajda-xhamani-profili\/#breadcrumb","itemListElement":[{"@type":"ListItem","position":1,"name":"Big Brother Albania 2 : Adelajda Xhamani (Profili)"}]},{"@type":"Person","@id":"https:\/\/www.visit-ulcinj.com\/blog\/#\/schema\/person\/dcab619c614d3038751c63bc2aadc06d","name":"ulqini","sameAs":["http:\/\/www.visit-ulcinj.com"],"url":"https:\/\/www.visit-ulcinj.com\/blog\/author\/admin\/"}]}},"jetpack_featured_media_url":"","jetpack_sharing_enabled":true,"jetpack_shortlink":"https:\/\/wp.me\/pe6lTn-2NP","_links":{"self":[{"href":"https:\/\/www.visit-ulcinj.com\/blog\/wp-json\/wp\/v2\/posts\/10777"}],"collection":[{"href":"https:\/\/www.visit-ulcinj.com\/blog\/wp-json\/wp\/v2\/posts"}],"about":[{"href":"https:\/\/www.visit-ulcinj.com\/blog\/wp-json\/wp\/v2\/types\/post"}],"author":[{"embeddable":true,"href":"https:\/\/www.visit-ulcinj.com\/blog\/wp-json\/wp\/v2\/users\/1"}],"replies":[{"embeddable":true,"href":"https:\/\/www.visit-ulcinj.com\/blog\/wp-json\/wp\/v2\/comments?post=10777"}],"version-history":[{"count":0,"href":"https:\/\/www.visit-ulcinj.com\/blog\/wp-json\/wp\/v2\/posts\/10777\/revisions"}],"wp:attachment":[{"href":"https:\/\/www.visit-ulcinj.com\/blog\/wp-json\/wp\/v2\/media?parent=10777"}],"wp:term":[{"taxonomy":"category","embeddable":true,"href":"https:\/\/www.visit-ulcinj.com\/blog\/wp-json\/wp\/v2\/categories?post=10777"},{"taxonomy":"post_tag","embeddable":true,"href":"https:\/\/www.visit-ulcinj.com\/blog\/wp-json\/wp\/v2\/tags?post=10777"}],"curies":[{"name":"wp","href":"https:\/\/api.w.org\/{rel}","templated":true}]}}