{"id":10778,"date":"2009-02-07T23:38:50","date_gmt":"2009-02-07T22:38:50","guid":{"rendered":"http:\/\/www.visit-ulcinj.com\/blog\/?p=10778"},"modified":"2009-03-01T00:46:23","modified_gmt":"2009-02-28T23:46:23","slug":"big-brother-albania-2-aida-troka-profili","status":"publish","type":"post","link":"https:\/\/www.visit-ulcinj.com\/blog\/2009\/02\/07\/big-brother-albania-2-aida-troka-profili\/","title":{"rendered":"Big Brother Albania 2 : Aida Troka (Profili)"},"content":{"rendered":"<p><a href=\"http:\/\/www.visit-ulcinj.com\/blog\/wp-content\/uploads\/2009\/02\/aida.jpg\"><img loading=\"lazy\" class=\"alignleft size-full wp-image-10800\" title=\"Aida Troka\" src=\"http:\/\/www.visit-ulcinj.com\/blog\/wp-content\/uploads\/2009\/02\/aida.jpg\" alt=\"Aida Troka\" width=\"300\" height=\"350\" \/><\/a><strong>Mosha:<\/strong> 25 vje\u00e7<br \/>\n<strong>Vendlindja: <\/strong>Burrel<br \/>\n<strong>Vendbanimi:<\/strong> Tiran\u00eb<br \/>\n<strong>Gjendja civile:<\/strong> Beqare<br \/>\n<strong>Arsimi:<\/strong> I Lart\u00eb<br \/>\n<strong>Profesioni:<\/strong> Ekonomiste<br \/>\n<strong><br \/>\nDo t\u00eb hyj\u00eb n\u00eb &#8220;Big Brother&#8221; sepse:<\/strong> i duket nj\u00eb m\u00ebnyr\u00eb e mir\u00eb p\u00ebr t\u00eb rifituar lirin\u00eb<\/p>\n<p><strong>Karakteristika: <\/strong> Punon ekonomiste n\u00eb nj\u00eb firm\u00eb nd\u00ebrtimi. Pas humbjes s\u00eb t\u00eb dy prind\u00ebrve jeton vet\u00ebm. Lidhjet m\u00eb t\u00eb ngushta familjare i ka me motr\u00ebn q\u00eb jeton n\u00eb Itali. Sipas profesionit q\u00eb ka thot\u00eb q\u00eb \u00e7do gj\u00eb e b\u00ebn me llogari. Ka hobi muzik\u00ebn, filmin. Shkon disa her\u00eb n\u00eb jav\u00eb n\u00eb pishina. Do t\u00eb donte t\u00eb ndiqte m\u00eb shum\u00eb emocionet, ndaj d\u00ebshiron aq shum\u00eb t\u00eb b\u00ebhet pjes\u00eb e sht\u00ebpis\u00eb s\u00eb &#8220;Big Brother&#8221;.<\/p>\n<p><script type=\"text\/javascript\" charset=\"utf-8\" language=\"javascript\" src=\"http:\/\/static.polldaddy.com\/p\/1412119.js\"><\/script><noscript> <a href =\"http:\/\/answers.polldaddy.com\/poll\/1412119\/\" >Cili Banor Deshironi te Dali Nga Shtepia \u00eb Big Brother Albania ? JAVA 4<\/a>  <br \/> <span style=\"font-size:9px;\"> (<a href =\"http:\/\/www.polldaddy.com\">  surveys<\/a>)<\/span><\/noscript\n<\/p>\n","protected":false},"excerpt":{"rendered":"<p>Mosha: 25 vje\u00e7 Vendlindja: Burrel Vendbanimi: Tiran\u00eb Gjendja civile: Beqare Arsimi: I Lart\u00eb Profesioni: Ekonomiste Do t\u00eb hyj\u00eb n\u00eb &#8220;Big Brother&#8221; sepse: i duket nj\u00eb m\u00ebnyr\u00eb e mir\u00eb p\u00ebr t\u00eb rifituar lirin\u00eb Karakteristika: Punon ekonomiste n\u00eb nj\u00eb firm\u00eb nd\u00ebrtimi. Pas humbjes s\u00eb t\u00eb dy prind\u00ebrve jeton vet\u00ebm. Lidhjet m\u00eb t\u00eb ngushta familjare i ka me [&hellip;]<\/p>\n","protected":false},"author":1,"featured_media":0,"comment_status":"open","ping_status":"closed","sticky":false,"template":"","format":"standard","meta":{"spay_email":"","jetpack_publicize_message":"","jetpack_is_tweetstorm":false,"jetpack_publicize_feature_enabled":true},"categories":[6502],"tags":[6537,5057,6506,6516,6519,6891,6693,6977,6887],"jetpack_publicize_connections":[],"yoast_head":"<!-- This site is optimized with the Yoast SEO plugin v19.1 - https:\/\/yoast.com\/wordpress\/plugins\/seo\/ -->\n<title>Aida Troka - Big Brother Albania 2 :<\/title>\n<meta name=\"description\" content=\"Punon ekonomiste n\u00c3\u00ab nj\u00c3\u00ab firm\u00c3\u00ab nd\u00c3\u00abrtimi. Pas humbjes s\u00c3\u00ab t\u00c3\u00ab dy prind\u00c3\u00abrve jeton vet\u00c3\u00abm. Lidhjet m\u00c3\u00ab t\u00c3\u00ab ngushta familjare i ka me motr\u00c3\u00abn q\u00c3\u00ab jeton n\u00c3\u00ab Itali. Sipas profesionit q\u00c3\u00ab ka thot\u00c3\u00ab q\u00c3\u00ab \u00c3\u00a7do gj\u00c3\u00ab e b\u00c3\u00abn me llogari. Ka hobi muzik\u00c3\u00abn, filmin. Shkon disa her\u00c3\u00ab n\u00c3\u00ab jav\u00c3\u00ab n\u00c3\u00ab pishina. Do t\u00c3\u00ab donte t\u00c3\u00ab ndiqte m\u00c3\u00ab shum\u00c3\u00ab emocionet, ndaj d\u00c3\u00abshiron aq shum\u00c3\u00ab t\u00c3\u00ab b\u00c3\u00abhet pjes\u00c3\u00ab e sht\u00c3\u00abpis\u00c3\u00ab s\u00c3\u00ab &quot;Big Brother&quot;\" \/>\n<meta name=\"robots\" content=\"index, follow, max-snippet:-1, max-image-preview:large, max-video-preview:-1\" \/>\n<link rel=\"canonical\" href=\"https:\/\/www.visit-ulcinj.com\/blog\/2009\/02\/07\/big-brother-albania-2-aida-troka-profili\/\" \/>\n<meta property=\"og:locale\" content=\"en_US\" \/>\n<meta property=\"og:type\" content=\"article\" \/>\n<meta property=\"og:title\" content=\"Aida Troka - Big Brother Albania 2 :\" \/>\n<meta property=\"og:description\" content=\"Punon ekonomiste n\u00c3\u00ab nj\u00c3\u00ab firm\u00c3\u00ab nd\u00c3\u00abrtimi. Pas humbjes s\u00c3\u00ab t\u00c3\u00ab dy prind\u00c3\u00abrve jeton vet\u00c3\u00abm. Lidhjet m\u00c3\u00ab t\u00c3\u00ab ngushta familjare i ka me motr\u00c3\u00abn q\u00c3\u00ab jeton n\u00c3\u00ab Itali. Sipas profesionit q\u00c3\u00ab ka thot\u00c3\u00ab q\u00c3\u00ab \u00c3\u00a7do gj\u00c3\u00ab e b\u00c3\u00abn me llogari. Ka hobi muzik\u00c3\u00abn, filmin. Shkon disa her\u00c3\u00ab n\u00c3\u00ab jav\u00c3\u00ab n\u00c3\u00ab pishina. Do t\u00c3\u00ab donte t\u00c3\u00ab ndiqte m\u00c3\u00ab shum\u00c3\u00ab emocionet, ndaj d\u00c3\u00abshiron aq shum\u00c3\u00ab t\u00c3\u00ab b\u00c3\u00abhet pjes\u00c3\u00ab e sht\u00c3\u00abpis\u00c3\u00ab s\u00c3\u00ab &quot;Big Brother&quot;\" \/>\n<meta property=\"og:url\" content=\"https:\/\/www.visit-ulcinj.com\/blog\/2009\/02\/07\/big-brother-albania-2-aida-troka-profili\/\" \/>\n<meta property=\"og:site_name\" content=\"Lajme nga Ulqini\" \/>\n<meta property=\"article:published_time\" content=\"2009-02-07T22:38:50+00:00\" \/>\n<meta property=\"article:modified_time\" content=\"2009-02-28T23:46:23+00:00\" \/>\n<meta property=\"og:image\" content=\"http:\/\/www.visit-ulcinj.com\/blog\/wp-content\/uploads\/2009\/02\/aida.jpg\" \/>\n<meta name=\"twitter:label1\" content=\"Written by\" \/>\n\t<meta name=\"twitter:data1\" content=\"ulqini\" \/>\n\t<meta name=\"twitter:label2\" content=\"Est. reading time\" \/>\n\t<meta name=\"twitter:data2\" content=\"1 minute\" \/>\n<script type=\"application\/ld+json\" class=\"yoast-schema-graph\">{\"@context\":\"https:\/\/schema.org\",\"@graph\":[{\"@type\":\"WebSite\",\"@id\":\"https:\/\/www.visit-ulcinj.com\/blog\/#website\",\"url\":\"https:\/\/www.visit-ulcinj.com\/blog\/\",\"name\":\"Lajme nga Ulqini\",\"description\":\"Lajme,Vijesti,Ulqini,Ulqin,Crna Gora,Mali i Zi\",\"potentialAction\":[{\"@type\":\"SearchAction\",\"target\":{\"@type\":\"EntryPoint\",\"urlTemplate\":\"https:\/\/www.visit-ulcinj.com\/blog\/?s={search_term_string}\"},\"query-input\":\"required name=search_term_string\"}],\"inLanguage\":\"en-US\"},{\"@type\":\"ImageObject\",\"inLanguage\":\"en-US\",\"@id\":\"https:\/\/www.visit-ulcinj.com\/blog\/2009\/02\/07\/big-brother-albania-2-aida-troka-profili\/#primaryimage\",\"url\":\"http:\/\/www.visit-ulcinj.com\/blog\/wp-content\/uploads\/2009\/02\/aida.jpg\",\"contentUrl\":\"http:\/\/www.visit-ulcinj.com\/blog\/wp-content\/uploads\/2009\/02\/aida.jpg\"},{\"@type\":\"WebPage\",\"@id\":\"https:\/\/www.visit-ulcinj.com\/blog\/2009\/02\/07\/big-brother-albania-2-aida-troka-profili\/#webpage\",\"url\":\"https:\/\/www.visit-ulcinj.com\/blog\/2009\/02\/07\/big-brother-albania-2-aida-troka-profili\/\",\"name\":\"Aida Troka - Big Brother Albania 2 :\",\"isPartOf\":{\"@id\":\"https:\/\/www.visit-ulcinj.com\/blog\/#website\"},\"primaryImageOfPage\":{\"@id\":\"https:\/\/www.visit-ulcinj.com\/blog\/2009\/02\/07\/big-brother-albania-2-aida-troka-profili\/#primaryimage\"},\"datePublished\":\"2009-02-07T22:38:50+00:00\",\"dateModified\":\"2009-02-28T23:46:23+00:00\",\"author\":{\"@id\":\"https:\/\/www.visit-ulcinj.com\/blog\/#\/schema\/person\/dcab619c614d3038751c63bc2aadc06d\"},\"description\":\"Punon ekonomiste n\u00c3\u00ab nj\u00c3\u00ab firm\u00c3\u00ab nd\u00c3\u00abrtimi. Pas humbjes s\u00c3\u00ab t\u00c3\u00ab dy prind\u00c3\u00abrve jeton vet\u00c3\u00abm. Lidhjet m\u00c3\u00ab t\u00c3\u00ab ngushta familjare i ka me motr\u00c3\u00abn q\u00c3\u00ab jeton n\u00c3\u00ab Itali. Sipas profesionit q\u00c3\u00ab ka thot\u00c3\u00ab q\u00c3\u00ab \u00c3\u00a7do gj\u00c3\u00ab e b\u00c3\u00abn me llogari. Ka hobi muzik\u00c3\u00abn, filmin. Shkon disa her\u00c3\u00ab n\u00c3\u00ab jav\u00c3\u00ab n\u00c3\u00ab pishina. Do t\u00c3\u00ab donte t\u00c3\u00ab ndiqte m\u00c3\u00ab shum\u00c3\u00ab emocionet, ndaj d\u00c3\u00abshiron aq shum\u00c3\u00ab t\u00c3\u00ab b\u00c3\u00abhet pjes\u00c3\u00ab e sht\u00c3\u00abpis\u00c3\u00ab s\u00c3\u00ab \\\"Big Brother\\\"\",\"breadcrumb\":{\"@id\":\"https:\/\/www.visit-ulcinj.com\/blog\/2009\/02\/07\/big-brother-albania-2-aida-troka-profili\/#breadcrumb\"},\"inLanguage\":\"en-US\",\"potentialAction\":[{\"@type\":\"ReadAction\",\"target\":[\"https:\/\/www.visit-ulcinj.com\/blog\/2009\/02\/07\/big-brother-albania-2-aida-troka-profili\/\"]}]},{\"@type\":\"BreadcrumbList\",\"@id\":\"https:\/\/www.visit-ulcinj.com\/blog\/2009\/02\/07\/big-brother-albania-2-aida-troka-profili\/#breadcrumb\",\"itemListElement\":[{\"@type\":\"ListItem\",\"position\":1,\"name\":\"Big Brother Albania 2 : Aida Troka (Profili)\"}]},{\"@type\":\"Person\",\"@id\":\"https:\/\/www.visit-ulcinj.com\/blog\/#\/schema\/person\/dcab619c614d3038751c63bc2aadc06d\",\"name\":\"ulqini\",\"sameAs\":[\"http:\/\/www.visit-ulcinj.com\"],\"url\":\"https:\/\/www.visit-ulcinj.com\/blog\/author\/admin\/\"}]}<\/script>\n<!-- \/ Yoast SEO plugin. -->","yoast_head_json":{"title":"Aida Troka - Big Brother Albania 2 :","description":"Punon ekonomiste n\u00c3\u00ab nj\u00c3\u00ab firm\u00c3\u00ab nd\u00c3\u00abrtimi. Pas humbjes s\u00c3\u00ab t\u00c3\u00ab dy prind\u00c3\u00abrve jeton vet\u00c3\u00abm. Lidhjet m\u00c3\u00ab t\u00c3\u00ab ngushta familjare i ka me motr\u00c3\u00abn q\u00c3\u00ab jeton n\u00c3\u00ab Itali. Sipas profesionit q\u00c3\u00ab ka thot\u00c3\u00ab q\u00c3\u00ab \u00c3\u00a7do gj\u00c3\u00ab e b\u00c3\u00abn me llogari. Ka hobi muzik\u00c3\u00abn, filmin. Shkon disa her\u00c3\u00ab n\u00c3\u00ab jav\u00c3\u00ab n\u00c3\u00ab pishina. Do t\u00c3\u00ab donte t\u00c3\u00ab ndiqte m\u00c3\u00ab shum\u00c3\u00ab emocionet, ndaj d\u00c3\u00abshiron aq shum\u00c3\u00ab t\u00c3\u00ab b\u00c3\u00abhet pjes\u00c3\u00ab e sht\u00c3\u00abpis\u00c3\u00ab s\u00c3\u00ab \"Big Brother\"","robots":{"index":"index","follow":"follow","max-snippet":"max-snippet:-1","max-image-preview":"max-image-preview:large","max-video-preview":"max-video-preview:-1"},"canonical":"https:\/\/www.visit-ulcinj.com\/blog\/2009\/02\/07\/big-brother-albania-2-aida-troka-profili\/","og_locale":"en_US","og_type":"article","og_title":"Aida Troka - Big Brother Albania 2 :","og_description":"Punon ekonomiste n\u00c3\u00ab nj\u00c3\u00ab firm\u00c3\u00ab nd\u00c3\u00abrtimi. Pas humbjes s\u00c3\u00ab t\u00c3\u00ab dy prind\u00c3\u00abrve jeton vet\u00c3\u00abm. Lidhjet m\u00c3\u00ab t\u00c3\u00ab ngushta familjare i ka me motr\u00c3\u00abn q\u00c3\u00ab jeton n\u00c3\u00ab Itali. Sipas profesionit q\u00c3\u00ab ka thot\u00c3\u00ab q\u00c3\u00ab \u00c3\u00a7do gj\u00c3\u00ab e b\u00c3\u00abn me llogari. Ka hobi muzik\u00c3\u00abn, filmin. Shkon disa her\u00c3\u00ab n\u00c3\u00ab jav\u00c3\u00ab n\u00c3\u00ab pishina. Do t\u00c3\u00ab donte t\u00c3\u00ab ndiqte m\u00c3\u00ab shum\u00c3\u00ab emocionet, ndaj d\u00c3\u00abshiron aq shum\u00c3\u00ab t\u00c3\u00ab b\u00c3\u00abhet pjes\u00c3\u00ab e sht\u00c3\u00abpis\u00c3\u00ab s\u00c3\u00ab \"Big Brother\"","og_url":"https:\/\/www.visit-ulcinj.com\/blog\/2009\/02\/07\/big-brother-albania-2-aida-troka-profili\/","og_site_name":"Lajme nga Ulqini","article_published_time":"2009-02-07T22:38:50+00:00","article_modified_time":"2009-02-28T23:46:23+00:00","og_image":[{"url":"http:\/\/www.visit-ulcinj.com\/blog\/wp-content\/uploads\/2009\/02\/aida.jpg"}],"twitter_misc":{"Written by":"ulqini","Est. reading time":"1 minute"},"schema":{"@context":"https:\/\/schema.org","@graph":[{"@type":"WebSite","@id":"https:\/\/www.visit-ulcinj.com\/blog\/#website","url":"https:\/\/www.visit-ulcinj.com\/blog\/","name":"Lajme nga Ulqini","description":"Lajme,Vijesti,Ulqini,Ulqin,Crna Gora,Mali i Zi","potentialAction":[{"@type":"SearchAction","target":{"@type":"EntryPoint","urlTemplate":"https:\/\/www.visit-ulcinj.com\/blog\/?s={search_term_string}"},"query-input":"required name=search_term_string"}],"inLanguage":"en-US"},{"@type":"ImageObject","inLanguage":"en-US","@id":"https:\/\/www.visit-ulcinj.com\/blog\/2009\/02\/07\/big-brother-albania-2-aida-troka-profili\/#primaryimage","url":"http:\/\/www.visit-ulcinj.com\/blog\/wp-content\/uploads\/2009\/02\/aida.jpg","contentUrl":"http:\/\/www.visit-ulcinj.com\/blog\/wp-content\/uploads\/2009\/02\/aida.jpg"},{"@type":"WebPage","@id":"https:\/\/www.visit-ulcinj.com\/blog\/2009\/02\/07\/big-brother-albania-2-aida-troka-profili\/#webpage","url":"https:\/\/www.visit-ulcinj.com\/blog\/2009\/02\/07\/big-brother-albania-2-aida-troka-profili\/","name":"Aida Troka - Big Brother Albania 2 :","isPartOf":{"@id":"https:\/\/www.visit-ulcinj.com\/blog\/#website"},"primaryImageOfPage":{"@id":"https:\/\/www.visit-ulcinj.com\/blog\/2009\/02\/07\/big-brother-albania-2-aida-troka-profili\/#primaryimage"},"datePublished":"2009-02-07T22:38:50+00:00","dateModified":"2009-02-28T23:46:23+00:00","author":{"@id":"https:\/\/www.visit-ulcinj.com\/blog\/#\/schema\/person\/dcab619c614d3038751c63bc2aadc06d"},"description":"Punon ekonomiste n\u00c3\u00ab nj\u00c3\u00ab firm\u00c3\u00ab nd\u00c3\u00abrtimi. Pas humbjes s\u00c3\u00ab t\u00c3\u00ab dy prind\u00c3\u00abrve jeton vet\u00c3\u00abm. Lidhjet m\u00c3\u00ab t\u00c3\u00ab ngushta familjare i ka me motr\u00c3\u00abn q\u00c3\u00ab jeton n\u00c3\u00ab Itali. Sipas profesionit q\u00c3\u00ab ka thot\u00c3\u00ab q\u00c3\u00ab \u00c3\u00a7do gj\u00c3\u00ab e b\u00c3\u00abn me llogari. Ka hobi muzik\u00c3\u00abn, filmin. Shkon disa her\u00c3\u00ab n\u00c3\u00ab jav\u00c3\u00ab n\u00c3\u00ab pishina. Do t\u00c3\u00ab donte t\u00c3\u00ab ndiqte m\u00c3\u00ab shum\u00c3\u00ab emocionet, ndaj d\u00c3\u00abshiron aq shum\u00c3\u00ab t\u00c3\u00ab b\u00c3\u00abhet pjes\u00c3\u00ab e sht\u00c3\u00abpis\u00c3\u00ab s\u00c3\u00ab \"Big Brother\"","breadcrumb":{"@id":"https:\/\/www.visit-ulcinj.com\/blog\/2009\/02\/07\/big-brother-albania-2-aida-troka-profili\/#breadcrumb"},"inLanguage":"en-US","potentialAction":[{"@type":"ReadAction","target":["https:\/\/www.visit-ulcinj.com\/blog\/2009\/02\/07\/big-brother-albania-2-aida-troka-profili\/"]}]},{"@type":"BreadcrumbList","@id":"https:\/\/www.visit-ulcinj.com\/blog\/2009\/02\/07\/big-brother-albania-2-aida-troka-profili\/#breadcrumb","itemListElement":[{"@type":"ListItem","position":1,"name":"Big Brother Albania 2 : Aida Troka (Profili)"}]},{"@type":"Person","@id":"https:\/\/www.visit-ulcinj.com\/blog\/#\/schema\/person\/dcab619c614d3038751c63bc2aadc06d","name":"ulqini","sameAs":["http:\/\/www.visit-ulcinj.com"],"url":"https:\/\/www.visit-ulcinj.com\/blog\/author\/admin\/"}]}},"jetpack_featured_media_url":"","jetpack_sharing_enabled":true,"jetpack_shortlink":"https:\/\/wp.me\/pe6lTn-2NQ","_links":{"self":[{"href":"https:\/\/www.visit-ulcinj.com\/blog\/wp-json\/wp\/v2\/posts\/10778"}],"collection":[{"href":"https:\/\/www.visit-ulcinj.com\/blog\/wp-json\/wp\/v2\/posts"}],"about":[{"href":"https:\/\/www.visit-ulcinj.com\/blog\/wp-json\/wp\/v2\/types\/post"}],"author":[{"embeddable":true,"href":"https:\/\/www.visit-ulcinj.com\/blog\/wp-json\/wp\/v2\/users\/1"}],"replies":[{"embeddable":true,"href":"https:\/\/www.visit-ulcinj.com\/blog\/wp-json\/wp\/v2\/comments?post=10778"}],"version-history":[{"count":0,"href":"https:\/\/www.visit-ulcinj.com\/blog\/wp-json\/wp\/v2\/posts\/10778\/revisions"}],"wp:attachment":[{"href":"https:\/\/www.visit-ulcinj.com\/blog\/wp-json\/wp\/v2\/media?parent=10778"}],"wp:term":[{"taxonomy":"category","embeddable":true,"href":"https:\/\/www.visit-ulcinj.com\/blog\/wp-json\/wp\/v2\/categories?post=10778"},{"taxonomy":"post_tag","embeddable":true,"href":"https:\/\/www.visit-ulcinj.com\/blog\/wp-json\/wp\/v2\/tags?post=10778"}],"curies":[{"name":"wp","href":"https:\/\/api.w.org\/{rel}","templated":true}]}}