{"id":10782,"date":"2009-02-07T22:17:13","date_gmt":"2009-02-07T21:17:13","guid":{"rendered":"http:\/\/www.visit-ulcinj.com\/blog\/?p=10782"},"modified":"2009-03-01T00:47:23","modified_gmt":"2009-02-28T23:47:23","slug":"big-brother-albania-2-agon-radoniqi-profili","status":"publish","type":"post","link":"https:\/\/www.visit-ulcinj.com\/blog\/2009\/02\/07\/big-brother-albania-2-agon-radoniqi-profili\/","title":{"rendered":"Big Brother Albania 2 : Agon Radoniqi (Profili)"},"content":{"rendered":"<p><a href=\"http:\/\/www.visit-ulcinj.com\/blog\/wp-content\/uploads\/2009\/02\/agon.jpg\"><img loading=\"lazy\" class=\"alignleft size-full wp-image-10783\" title=\"agon\" src=\"http:\/\/www.visit-ulcinj.com\/blog\/wp-content\/uploads\/2009\/02\/agon.jpg\" alt=\"agon\" width=\"300\" height=\"350\" \/><\/a><strong>Mosha: <\/strong>27 vje\u00e7<br \/>\n<strong>Vendlindja: <\/strong>Dukat<br \/>\n<strong>Vendbanimi:<\/strong> Prishtin\u00eb, Kosov\u00eb<br \/>\n<strong>Gjendja civile: <\/strong>Beqar<br \/>\n<strong>Besimi:<\/strong> Ateist<br \/>\n<strong>Shenja t\u00eb ve\u00e7anta: <\/strong>Tatuazh n\u00eb kraharor me fytyr\u00ebn e Che Guevara-s<br \/>\n<strong>Arsimi:<\/strong> I lart\u00eb<br \/>\n<strong>Do t\u00eb hyj\u00eb n\u00eb &#8220;Big Brother&#8221; sepse:<\/strong> Do t\u00eb tregoj\u00eb q\u00eb \u00ebsht\u00eb n\u00eb gjendje t\u00eb b\u00ebj\u00eb \u00e7udira<\/p>\n<p><strong>Karakteristika:<\/strong> Antikonformist, i p\u00eblqen gjithmon\u00eb t\u00eb kund\u00ebrshtoj\u00eb t\u00eb tjer\u00ebt. Ka studiuar menaxhim dhe ka punuar si p\u00ebrkthyes me portugez\u00eb t\u00eb KFOR-it n\u00eb Kosov\u00eb. P\u00ebr tet\u00eb vite, ka drejtuar nj\u00eb emision radiofonik n\u00eb nj\u00eb radio privat\u00eb n\u00eb Prishtin\u00eb. N\u00eb dhom\u00ebn e tij, \u00e7do objekt ka fytyr\u00ebn e Che Guevara-s. Nuk l\u00eb film dhe ndeshje futbolli pa par\u00eb.<\/p>\n","protected":false},"excerpt":{"rendered":"<p>Mosha: 27 vje\u00e7 Vendlindja: Dukat Vendbanimi: Prishtin\u00eb, Kosov\u00eb Gjendja civile: Beqar Besimi: Ateist Shenja t\u00eb ve\u00e7anta: Tatuazh n\u00eb kraharor me fytyr\u00ebn e Che Guevara-s Arsimi: I lart\u00eb Do t\u00eb hyj\u00eb n\u00eb &#8220;Big Brother&#8221; sepse: Do t\u00eb tregoj\u00eb q\u00eb \u00ebsht\u00eb n\u00eb gjendje t\u00eb b\u00ebj\u00eb \u00e7udira Karakteristika: Antikonformist, i p\u00eblqen gjithmon\u00eb t\u00eb kund\u00ebrshtoj\u00eb t\u00eb tjer\u00ebt. Ka studiuar [&hellip;]<\/p>\n","protected":false},"author":1,"featured_media":0,"comment_status":"open","ping_status":"closed","sticky":false,"template":"","format":"standard","meta":{"spay_email":"","jetpack_publicize_message":"","jetpack_is_tweetstorm":false,"jetpack_publicize_feature_enabled":true},"categories":[6502],"tags":[6527,5057,6506,6516,6519,6975,6693,6976],"jetpack_publicize_connections":[],"yoast_head":"<!-- This site is optimized with the Yoast SEO plugin v19.1 - https:\/\/yoast.com\/wordpress\/plugins\/seo\/ -->\n<title>Big Brother Albania 2 : Agon Radoniqi (Profili) - Lajme nga Ulqini<\/title>\n<meta name=\"description\" content=\"Mosha: 27 vje\u00e7 Vendlindja: Dukat Vendbanimi: Prishtin\u00eb, Kosov\u00eb Gjendja civile: Beqar Besimi: Ateist Shenja t\u00eb ve\u00e7anta: Tatuazh n\u00eb kraharor me fytyr\u00ebn e\" \/>\n<meta name=\"robots\" content=\"index, follow, max-snippet:-1, max-image-preview:large, max-video-preview:-1\" \/>\n<link rel=\"canonical\" href=\"https:\/\/www.visit-ulcinj.com\/blog\/2009\/02\/07\/big-brother-albania-2-agon-radoniqi-profili\/\" \/>\n<meta property=\"og:locale\" content=\"en_US\" \/>\n<meta property=\"og:type\" content=\"article\" \/>\n<meta property=\"og:title\" content=\"Big Brother Albania 2 : Agon Radoniqi (Profili) - Lajme nga Ulqini\" \/>\n<meta property=\"og:description\" content=\"Mosha: 27 vje\u00e7 Vendlindja: Dukat Vendbanimi: Prishtin\u00eb, Kosov\u00eb Gjendja civile: Beqar Besimi: Ateist Shenja t\u00eb ve\u00e7anta: Tatuazh n\u00eb kraharor me fytyr\u00ebn e\" \/>\n<meta property=\"og:url\" content=\"https:\/\/www.visit-ulcinj.com\/blog\/2009\/02\/07\/big-brother-albania-2-agon-radoniqi-profili\/\" \/>\n<meta property=\"og:site_name\" content=\"Lajme nga Ulqini\" \/>\n<meta property=\"article:published_time\" content=\"2009-02-07T21:17:13+00:00\" \/>\n<meta property=\"article:modified_time\" content=\"2009-02-28T23:47:23+00:00\" \/>\n<meta property=\"og:image\" content=\"http:\/\/www.visit-ulcinj.com\/blog\/wp-content\/uploads\/2009\/02\/agon.jpg\" \/>\n<meta name=\"twitter:label1\" content=\"Written by\" \/>\n\t<meta name=\"twitter:data1\" content=\"ulqini\" \/>\n\t<meta name=\"twitter:label2\" content=\"Est. reading time\" \/>\n\t<meta name=\"twitter:data2\" content=\"1 minute\" \/>\n<script type=\"application\/ld+json\" class=\"yoast-schema-graph\">{\"@context\":\"https:\/\/schema.org\",\"@graph\":[{\"@type\":\"WebSite\",\"@id\":\"https:\/\/www.visit-ulcinj.com\/blog\/#website\",\"url\":\"https:\/\/www.visit-ulcinj.com\/blog\/\",\"name\":\"Lajme nga Ulqini\",\"description\":\"Lajme,Vijesti,Ulqini,Ulqin,Crna Gora,Mali i Zi\",\"potentialAction\":[{\"@type\":\"SearchAction\",\"target\":{\"@type\":\"EntryPoint\",\"urlTemplate\":\"https:\/\/www.visit-ulcinj.com\/blog\/?s={search_term_string}\"},\"query-input\":\"required name=search_term_string\"}],\"inLanguage\":\"en-US\"},{\"@type\":\"ImageObject\",\"inLanguage\":\"en-US\",\"@id\":\"https:\/\/www.visit-ulcinj.com\/blog\/2009\/02\/07\/big-brother-albania-2-agon-radoniqi-profili\/#primaryimage\",\"url\":\"http:\/\/www.visit-ulcinj.com\/blog\/wp-content\/uploads\/2009\/02\/agon.jpg\",\"contentUrl\":\"http:\/\/www.visit-ulcinj.com\/blog\/wp-content\/uploads\/2009\/02\/agon.jpg\"},{\"@type\":\"WebPage\",\"@id\":\"https:\/\/www.visit-ulcinj.com\/blog\/2009\/02\/07\/big-brother-albania-2-agon-radoniqi-profili\/#webpage\",\"url\":\"https:\/\/www.visit-ulcinj.com\/blog\/2009\/02\/07\/big-brother-albania-2-agon-radoniqi-profili\/\",\"name\":\"Big Brother Albania 2 : Agon Radoniqi (Profili) - Lajme nga Ulqini\",\"isPartOf\":{\"@id\":\"https:\/\/www.visit-ulcinj.com\/blog\/#website\"},\"primaryImageOfPage\":{\"@id\":\"https:\/\/www.visit-ulcinj.com\/blog\/2009\/02\/07\/big-brother-albania-2-agon-radoniqi-profili\/#primaryimage\"},\"datePublished\":\"2009-02-07T21:17:13+00:00\",\"dateModified\":\"2009-02-28T23:47:23+00:00\",\"author\":{\"@id\":\"https:\/\/www.visit-ulcinj.com\/blog\/#\/schema\/person\/dcab619c614d3038751c63bc2aadc06d\"},\"description\":\"Mosha: 27 vje\u00e7 Vendlindja: Dukat Vendbanimi: Prishtin\u00eb, Kosov\u00eb Gjendja civile: Beqar Besimi: Ateist Shenja t\u00eb ve\u00e7anta: Tatuazh n\u00eb kraharor me fytyr\u00ebn e\",\"breadcrumb\":{\"@id\":\"https:\/\/www.visit-ulcinj.com\/blog\/2009\/02\/07\/big-brother-albania-2-agon-radoniqi-profili\/#breadcrumb\"},\"inLanguage\":\"en-US\",\"potentialAction\":[{\"@type\":\"ReadAction\",\"target\":[\"https:\/\/www.visit-ulcinj.com\/blog\/2009\/02\/07\/big-brother-albania-2-agon-radoniqi-profili\/\"]}]},{\"@type\":\"BreadcrumbList\",\"@id\":\"https:\/\/www.visit-ulcinj.com\/blog\/2009\/02\/07\/big-brother-albania-2-agon-radoniqi-profili\/#breadcrumb\",\"itemListElement\":[{\"@type\":\"ListItem\",\"position\":1,\"name\":\"Big Brother Albania 2 : Agon Radoniqi (Profili)\"}]},{\"@type\":\"Person\",\"@id\":\"https:\/\/www.visit-ulcinj.com\/blog\/#\/schema\/person\/dcab619c614d3038751c63bc2aadc06d\",\"name\":\"ulqini\",\"sameAs\":[\"http:\/\/www.visit-ulcinj.com\"],\"url\":\"https:\/\/www.visit-ulcinj.com\/blog\/author\/admin\/\"}]}<\/script>\n<!-- \/ Yoast SEO plugin. -->","yoast_head_json":{"title":"Big Brother Albania 2 : Agon Radoniqi (Profili) - Lajme nga Ulqini","description":"Mosha: 27 vje\u00e7 Vendlindja: Dukat Vendbanimi: Prishtin\u00eb, Kosov\u00eb Gjendja civile: Beqar Besimi: Ateist Shenja t\u00eb ve\u00e7anta: Tatuazh n\u00eb kraharor me fytyr\u00ebn e","robots":{"index":"index","follow":"follow","max-snippet":"max-snippet:-1","max-image-preview":"max-image-preview:large","max-video-preview":"max-video-preview:-1"},"canonical":"https:\/\/www.visit-ulcinj.com\/blog\/2009\/02\/07\/big-brother-albania-2-agon-radoniqi-profili\/","og_locale":"en_US","og_type":"article","og_title":"Big Brother Albania 2 : Agon Radoniqi (Profili) - Lajme nga Ulqini","og_description":"Mosha: 27 vje\u00e7 Vendlindja: Dukat Vendbanimi: Prishtin\u00eb, Kosov\u00eb Gjendja civile: Beqar Besimi: Ateist Shenja t\u00eb ve\u00e7anta: Tatuazh n\u00eb kraharor me fytyr\u00ebn e","og_url":"https:\/\/www.visit-ulcinj.com\/blog\/2009\/02\/07\/big-brother-albania-2-agon-radoniqi-profili\/","og_site_name":"Lajme nga Ulqini","article_published_time":"2009-02-07T21:17:13+00:00","article_modified_time":"2009-02-28T23:47:23+00:00","og_image":[{"url":"http:\/\/www.visit-ulcinj.com\/blog\/wp-content\/uploads\/2009\/02\/agon.jpg"}],"twitter_misc":{"Written by":"ulqini","Est. reading time":"1 minute"},"schema":{"@context":"https:\/\/schema.org","@graph":[{"@type":"WebSite","@id":"https:\/\/www.visit-ulcinj.com\/blog\/#website","url":"https:\/\/www.visit-ulcinj.com\/blog\/","name":"Lajme nga Ulqini","description":"Lajme,Vijesti,Ulqini,Ulqin,Crna Gora,Mali i Zi","potentialAction":[{"@type":"SearchAction","target":{"@type":"EntryPoint","urlTemplate":"https:\/\/www.visit-ulcinj.com\/blog\/?s={search_term_string}"},"query-input":"required name=search_term_string"}],"inLanguage":"en-US"},{"@type":"ImageObject","inLanguage":"en-US","@id":"https:\/\/www.visit-ulcinj.com\/blog\/2009\/02\/07\/big-brother-albania-2-agon-radoniqi-profili\/#primaryimage","url":"http:\/\/www.visit-ulcinj.com\/blog\/wp-content\/uploads\/2009\/02\/agon.jpg","contentUrl":"http:\/\/www.visit-ulcinj.com\/blog\/wp-content\/uploads\/2009\/02\/agon.jpg"},{"@type":"WebPage","@id":"https:\/\/www.visit-ulcinj.com\/blog\/2009\/02\/07\/big-brother-albania-2-agon-radoniqi-profili\/#webpage","url":"https:\/\/www.visit-ulcinj.com\/blog\/2009\/02\/07\/big-brother-albania-2-agon-radoniqi-profili\/","name":"Big Brother Albania 2 : Agon Radoniqi (Profili) - Lajme nga Ulqini","isPartOf":{"@id":"https:\/\/www.visit-ulcinj.com\/blog\/#website"},"primaryImageOfPage":{"@id":"https:\/\/www.visit-ulcinj.com\/blog\/2009\/02\/07\/big-brother-albania-2-agon-radoniqi-profili\/#primaryimage"},"datePublished":"2009-02-07T21:17:13+00:00","dateModified":"2009-02-28T23:47:23+00:00","author":{"@id":"https:\/\/www.visit-ulcinj.com\/blog\/#\/schema\/person\/dcab619c614d3038751c63bc2aadc06d"},"description":"Mosha: 27 vje\u00e7 Vendlindja: Dukat Vendbanimi: Prishtin\u00eb, Kosov\u00eb Gjendja civile: Beqar Besimi: Ateist Shenja t\u00eb ve\u00e7anta: Tatuazh n\u00eb kraharor me fytyr\u00ebn e","breadcrumb":{"@id":"https:\/\/www.visit-ulcinj.com\/blog\/2009\/02\/07\/big-brother-albania-2-agon-radoniqi-profili\/#breadcrumb"},"inLanguage":"en-US","potentialAction":[{"@type":"ReadAction","target":["https:\/\/www.visit-ulcinj.com\/blog\/2009\/02\/07\/big-brother-albania-2-agon-radoniqi-profili\/"]}]},{"@type":"BreadcrumbList","@id":"https:\/\/www.visit-ulcinj.com\/blog\/2009\/02\/07\/big-brother-albania-2-agon-radoniqi-profili\/#breadcrumb","itemListElement":[{"@type":"ListItem","position":1,"name":"Big Brother Albania 2 : Agon Radoniqi (Profili)"}]},{"@type":"Person","@id":"https:\/\/www.visit-ulcinj.com\/blog\/#\/schema\/person\/dcab619c614d3038751c63bc2aadc06d","name":"ulqini","sameAs":["http:\/\/www.visit-ulcinj.com"],"url":"https:\/\/www.visit-ulcinj.com\/blog\/author\/admin\/"}]}},"jetpack_featured_media_url":"","jetpack_sharing_enabled":true,"jetpack_shortlink":"https:\/\/wp.me\/pe6lTn-2NU","_links":{"self":[{"href":"https:\/\/www.visit-ulcinj.com\/blog\/wp-json\/wp\/v2\/posts\/10782"}],"collection":[{"href":"https:\/\/www.visit-ulcinj.com\/blog\/wp-json\/wp\/v2\/posts"}],"about":[{"href":"https:\/\/www.visit-ulcinj.com\/blog\/wp-json\/wp\/v2\/types\/post"}],"author":[{"embeddable":true,"href":"https:\/\/www.visit-ulcinj.com\/blog\/wp-json\/wp\/v2\/users\/1"}],"replies":[{"embeddable":true,"href":"https:\/\/www.visit-ulcinj.com\/blog\/wp-json\/wp\/v2\/comments?post=10782"}],"version-history":[{"count":0,"href":"https:\/\/www.visit-ulcinj.com\/blog\/wp-json\/wp\/v2\/posts\/10782\/revisions"}],"wp:attachment":[{"href":"https:\/\/www.visit-ulcinj.com\/blog\/wp-json\/wp\/v2\/media?parent=10782"}],"wp:term":[{"taxonomy":"category","embeddable":true,"href":"https:\/\/www.visit-ulcinj.com\/blog\/wp-json\/wp\/v2\/categories?post=10782"},{"taxonomy":"post_tag","embeddable":true,"href":"https:\/\/www.visit-ulcinj.com\/blog\/wp-json\/wp\/v2\/tags?post=10782"}],"curies":[{"name":"wp","href":"https:\/\/api.w.org\/{rel}","templated":true}]}}