{"id":1080,"date":"2008-03-31T10:56:35","date_gmt":"2008-03-31T15:56:35","guid":{"rendered":"http:\/\/www.visit-ulcinj.com\/blog\/?p=1080"},"modified":"2008-03-31T10:56:35","modified_gmt":"2008-03-31T15:56:35","slug":"ulcinj-ce-postati-regionalni-centar-crne-gore","status":"publish","type":"post","link":"https:\/\/www.visit-ulcinj.com\/blog\/2008\/03\/31\/ulcinj-ce-postati-regionalni-centar-crne-gore\/","title":{"rendered":"Ulcinj ?e postati regionalni centar Crne Gore"},"content":{"rendered":"<p><a href=\"http:\/\/www.visit-ulcinj.com\/blog\/wp-content\/uploads\/2008\/03\/gzim-hajdinaga1.jpg\"><img loading=\"lazy\" class=\"alignleft size-medium wp-image-1082\" style=\"float: left;\" title=\"gzim-hajdinaga1\" src=\"http:\/\/www.visit-ulcinj.com\/blog\/wp-content\/uploads\/2008\/03\/gzim-hajdinaga1-224x300.jpg\" alt=\"\" width=\"186\" height=\"279\" \/><\/a><strong>Gradona?elnik najju\u017enije op\u0161tine Ulcinj,<\/strong><strong> saop\u0161tio da je ispravljena gre\u0161ka iz prostornog plana<\/strong><br \/>\nUlcinj &#8211; Odbornici u ulcinjskom parlamentu usvojili su ju?e, u nastavku zasjedanja izvje\u0161taj o radu predsjednika Op\u0161tine Gzima Hajdinage i njegovog kabineta u 2007. godini, dali saglasnost na bratimljenje Ulcinja sa Stemfordom u Konektikatu u SAD i na nacrt kovencije euro-distrikta Ju\u017enog Jadrana i vratili Islamskoj vjerskoj zajednici objekat od 184 kvadrata.<br \/>\nVe?i dio rasprave, odbornici su posvetili ekspozeu, koji je Hajdinaga podnio prekju?e u SO.<br \/>\nHajro Hajdari (DS) kazao je da prihvata realnost u izvje\u0161taju, kritikuju?i Hajdinagu zbog neravnomjernih i nesrazmjernih investicija.<br \/>\nOn je gradona?elnika pitao koliko je Op\u0161tina predvidjela bespovratnih sredstava ili kredita za razvoj poljoprivrede i koji su to potezi izvr\u0161ne vlasti kojima misli da valorizuje ekonomski razvoj i doprinese kvalitenijem \u017eivotu.<br \/>\n&#8211; Kako to da od svih gradova u Crnoj Gori samo Ulcinj ne mo\u017ee da postane univerzitetski centar &#8211; pitao je Hajdari.<br \/>\nPredstavnici pozicije podr\u017eali su ekspoze Hajdinage.<br \/>\n&#8211; Uspjeh Hajdinage i njegovog tima je ve?i ako se zna kakvo su stanje zatekli i da su po?eli, ne od nule, nego znatno ispod &#8211; kazala je Hatid\u017ea ?oni (DUA). <a href=\"http:\/\/www.visit-ulcinj.com\/blog\/wp-content\/uploads\/2008\/03\/ljoro-nrekic.jpg\"><img loading=\"lazy\" class=\"alignright size-medium wp-image-1081\" style=\"float: right;\" title=\"ljoro-nrekic_DPS\" src=\"http:\/\/www.visit-ulcinj.com\/blog\/wp-content\/uploads\/2008\/03\/ljoro-nrekic.jpg\" alt=\"\" width=\"164\" height=\"206\" \/><\/a><br \/>\nLjoro Nreki? (DPS) rekao je da je izuzetno zna?ajno \u0161to je Hajdinaga poseban akcenat stavio na plansku dokumentaciju.<br \/>\n&#8211; Budu?nost Ulcinja le\u017ei u planiranom razvoju. Hajdinaga i njegov tim pokrenuli su ma\u0161ineriju za izradu neophodne dokumentacije i to je dobro jer su planovi preduslov bogatstva jedne op\u0161tine &#8211; kazao je Nreki?.<br \/>\nHajdinaga je naglasio da su svi djelovi ulcinjske op\u0161-tine za njega isti.<br \/>\nGradona?elnik je odbornicima saop\u0161tio da je ispravljena gre\u0161ka iz prostornog plana, koja je Ulcinju predvi?ala op\u0161tinski zna?aj.<br \/>\n&#8211; Na na\u0161u inicijativu, predlaga? je uo?io i ispravio gre\u0161ku. Ulcinj ?e biti regionalni centar, kao i sve ostale primorske op\u0161tine &#8211; kazao je Hajdinaga.<\/p>\n<p><strong>Zasjedanje bez Force<\/strong><br \/>\nGradona?elnik je najavio da ?e planovi za ve?inu atraktivnih lokacija u Ulcinju uskoro biti pred odbornicima na usvajanje.<br \/>\nSjednici nijesu prisustvovali odbornici &#8220;Force&#8221;.<br \/>\nSkup\u0161tina zasjedanje nastavlja nakon Dana op\u0161tine, koji se slavi 5. aprila, prve subote u aprilu.<\/p>\n<p>S.A.<br \/>\n<strong>vijest<\/strong>i<\/p>\n","protected":false},"excerpt":{"rendered":"<p><img loading=\"lazy\" class=\"alignleft size-medium wp-image-1082\" style=\"float: left;\" title=\"gzim-hajdinaga1\" src=\"http:\/\/www.visit-ulcinj.com\/blog\/wp-content\/uploads\/2008\/03\/gzim-hajdinaga1-224x300.jpg\" alt=\"\" width=\"140\" height=\"140\" \/><\/p>\n","protected":false},"author":1,"featured_media":0,"comment_status":"open","ping_status":"closed","sticky":false,"template":"","format":"standard","meta":{"spay_email":"","jetpack_publicize_message":"","jetpack_is_tweetstorm":false,"jetpack_publicize_feature_enabled":true},"categories":[1],"tags":[87,2220,2221,801,2222],"jetpack_publicize_connections":[],"yoast_head":"<!-- This site is optimized with the Yoast SEO plugin v19.1 - https:\/\/yoast.com\/wordpress\/plugins\/seo\/ -->\n<title>Ulcinj ?e postati regionalni centar Crne Gore - Lajme nga Ulqini<\/title>\n<meta name=\"robots\" content=\"index, follow, max-snippet:-1, max-image-preview:large, max-video-preview:-1\" \/>\n<link rel=\"canonical\" href=\"https:\/\/www.visit-ulcinj.com\/blog\/2008\/03\/31\/ulcinj-ce-postati-regionalni-centar-crne-gore\/\" \/>\n<meta property=\"og:locale\" content=\"en_US\" \/>\n<meta property=\"og:type\" content=\"article\" \/>\n<meta property=\"og:title\" content=\"Ulcinj ?e postati regionalni centar Crne Gore - Lajme nga Ulqini\" \/>\n<meta property=\"og:url\" content=\"https:\/\/www.visit-ulcinj.com\/blog\/2008\/03\/31\/ulcinj-ce-postati-regionalni-centar-crne-gore\/\" \/>\n<meta property=\"og:site_name\" content=\"Lajme nga Ulqini\" \/>\n<meta property=\"article:published_time\" content=\"2008-03-31T15:56:35+00:00\" \/>\n<meta property=\"og:image\" content=\"http:\/\/www.visit-ulcinj.com\/blog\/wp-content\/uploads\/2008\/03\/gzim-hajdinaga1-224x300.jpg\" \/>\n<meta name=\"twitter:label1\" content=\"Written by\" \/>\n\t<meta name=\"twitter:data1\" content=\"ulqini\" \/>\n\t<meta name=\"twitter:label2\" content=\"Est. reading time\" \/>\n\t<meta name=\"twitter:data2\" content=\"2 minutes\" \/>\n<script type=\"application\/ld+json\" class=\"yoast-schema-graph\">{\"@context\":\"https:\/\/schema.org\",\"@graph\":[{\"@type\":\"WebSite\",\"@id\":\"https:\/\/www.visit-ulcinj.com\/blog\/#website\",\"url\":\"https:\/\/www.visit-ulcinj.com\/blog\/\",\"name\":\"Lajme nga Ulqini\",\"description\":\"Lajme,Vijesti,Ulqini,Ulqin,Crna Gora,Mali i Zi\",\"potentialAction\":[{\"@type\":\"SearchAction\",\"target\":{\"@type\":\"EntryPoint\",\"urlTemplate\":\"https:\/\/www.visit-ulcinj.com\/blog\/?s={search_term_string}\"},\"query-input\":\"required name=search_term_string\"}],\"inLanguage\":\"en-US\"},{\"@type\":\"ImageObject\",\"inLanguage\":\"en-US\",\"@id\":\"https:\/\/www.visit-ulcinj.com\/blog\/2008\/03\/31\/ulcinj-ce-postati-regionalni-centar-crne-gore\/#primaryimage\",\"url\":\"http:\/\/www.visit-ulcinj.com\/blog\/wp-content\/uploads\/2008\/03\/gzim-hajdinaga1-224x300.jpg\",\"contentUrl\":\"http:\/\/www.visit-ulcinj.com\/blog\/wp-content\/uploads\/2008\/03\/gzim-hajdinaga1-224x300.jpg\"},{\"@type\":\"WebPage\",\"@id\":\"https:\/\/www.visit-ulcinj.com\/blog\/2008\/03\/31\/ulcinj-ce-postati-regionalni-centar-crne-gore\/#webpage\",\"url\":\"https:\/\/www.visit-ulcinj.com\/blog\/2008\/03\/31\/ulcinj-ce-postati-regionalni-centar-crne-gore\/\",\"name\":\"Ulcinj ?e postati regionalni centar Crne Gore - Lajme nga Ulqini\",\"isPartOf\":{\"@id\":\"https:\/\/www.visit-ulcinj.com\/blog\/#website\"},\"primaryImageOfPage\":{\"@id\":\"https:\/\/www.visit-ulcinj.com\/blog\/2008\/03\/31\/ulcinj-ce-postati-regionalni-centar-crne-gore\/#primaryimage\"},\"datePublished\":\"2008-03-31T15:56:35+00:00\",\"dateModified\":\"2008-03-31T15:56:35+00:00\",\"author\":{\"@id\":\"https:\/\/www.visit-ulcinj.com\/blog\/#\/schema\/person\/dcab619c614d3038751c63bc2aadc06d\"},\"breadcrumb\":{\"@id\":\"https:\/\/www.visit-ulcinj.com\/blog\/2008\/03\/31\/ulcinj-ce-postati-regionalni-centar-crne-gore\/#breadcrumb\"},\"inLanguage\":\"en-US\",\"potentialAction\":[{\"@type\":\"ReadAction\",\"target\":[\"https:\/\/www.visit-ulcinj.com\/blog\/2008\/03\/31\/ulcinj-ce-postati-regionalni-centar-crne-gore\/\"]}]},{\"@type\":\"BreadcrumbList\",\"@id\":\"https:\/\/www.visit-ulcinj.com\/blog\/2008\/03\/31\/ulcinj-ce-postati-regionalni-centar-crne-gore\/#breadcrumb\",\"itemListElement\":[{\"@type\":\"ListItem\",\"position\":1,\"name\":\"Ulcinj ?e postati regionalni centar Crne Gore\"}]},{\"@type\":\"Person\",\"@id\":\"https:\/\/www.visit-ulcinj.com\/blog\/#\/schema\/person\/dcab619c614d3038751c63bc2aadc06d\",\"name\":\"ulqini\",\"sameAs\":[\"http:\/\/www.visit-ulcinj.com\"],\"url\":\"https:\/\/www.visit-ulcinj.com\/blog\/author\/admin\/\"}]}<\/script>\n<!-- \/ Yoast SEO plugin. -->","yoast_head_json":{"title":"Ulcinj ?e postati regionalni centar Crne Gore - Lajme nga Ulqini","robots":{"index":"index","follow":"follow","max-snippet":"max-snippet:-1","max-image-preview":"max-image-preview:large","max-video-preview":"max-video-preview:-1"},"canonical":"https:\/\/www.visit-ulcinj.com\/blog\/2008\/03\/31\/ulcinj-ce-postati-regionalni-centar-crne-gore\/","og_locale":"en_US","og_type":"article","og_title":"Ulcinj ?e postati regionalni centar Crne Gore - Lajme nga Ulqini","og_url":"https:\/\/www.visit-ulcinj.com\/blog\/2008\/03\/31\/ulcinj-ce-postati-regionalni-centar-crne-gore\/","og_site_name":"Lajme nga Ulqini","article_published_time":"2008-03-31T15:56:35+00:00","og_image":[{"url":"http:\/\/www.visit-ulcinj.com\/blog\/wp-content\/uploads\/2008\/03\/gzim-hajdinaga1-224x300.jpg"}],"twitter_misc":{"Written by":"ulqini","Est. reading time":"2 minutes"},"schema":{"@context":"https:\/\/schema.org","@graph":[{"@type":"WebSite","@id":"https:\/\/www.visit-ulcinj.com\/blog\/#website","url":"https:\/\/www.visit-ulcinj.com\/blog\/","name":"Lajme nga Ulqini","description":"Lajme,Vijesti,Ulqini,Ulqin,Crna Gora,Mali i Zi","potentialAction":[{"@type":"SearchAction","target":{"@type":"EntryPoint","urlTemplate":"https:\/\/www.visit-ulcinj.com\/blog\/?s={search_term_string}"},"query-input":"required name=search_term_string"}],"inLanguage":"en-US"},{"@type":"ImageObject","inLanguage":"en-US","@id":"https:\/\/www.visit-ulcinj.com\/blog\/2008\/03\/31\/ulcinj-ce-postati-regionalni-centar-crne-gore\/#primaryimage","url":"http:\/\/www.visit-ulcinj.com\/blog\/wp-content\/uploads\/2008\/03\/gzim-hajdinaga1-224x300.jpg","contentUrl":"http:\/\/www.visit-ulcinj.com\/blog\/wp-content\/uploads\/2008\/03\/gzim-hajdinaga1-224x300.jpg"},{"@type":"WebPage","@id":"https:\/\/www.visit-ulcinj.com\/blog\/2008\/03\/31\/ulcinj-ce-postati-regionalni-centar-crne-gore\/#webpage","url":"https:\/\/www.visit-ulcinj.com\/blog\/2008\/03\/31\/ulcinj-ce-postati-regionalni-centar-crne-gore\/","name":"Ulcinj ?e postati regionalni centar Crne Gore - Lajme nga Ulqini","isPartOf":{"@id":"https:\/\/www.visit-ulcinj.com\/blog\/#website"},"primaryImageOfPage":{"@id":"https:\/\/www.visit-ulcinj.com\/blog\/2008\/03\/31\/ulcinj-ce-postati-regionalni-centar-crne-gore\/#primaryimage"},"datePublished":"2008-03-31T15:56:35+00:00","dateModified":"2008-03-31T15:56:35+00:00","author":{"@id":"https:\/\/www.visit-ulcinj.com\/blog\/#\/schema\/person\/dcab619c614d3038751c63bc2aadc06d"},"breadcrumb":{"@id":"https:\/\/www.visit-ulcinj.com\/blog\/2008\/03\/31\/ulcinj-ce-postati-regionalni-centar-crne-gore\/#breadcrumb"},"inLanguage":"en-US","potentialAction":[{"@type":"ReadAction","target":["https:\/\/www.visit-ulcinj.com\/blog\/2008\/03\/31\/ulcinj-ce-postati-regionalni-centar-crne-gore\/"]}]},{"@type":"BreadcrumbList","@id":"https:\/\/www.visit-ulcinj.com\/blog\/2008\/03\/31\/ulcinj-ce-postati-regionalni-centar-crne-gore\/#breadcrumb","itemListElement":[{"@type":"ListItem","position":1,"name":"Ulcinj ?e postati regionalni centar Crne Gore"}]},{"@type":"Person","@id":"https:\/\/www.visit-ulcinj.com\/blog\/#\/schema\/person\/dcab619c614d3038751c63bc2aadc06d","name":"ulqini","sameAs":["http:\/\/www.visit-ulcinj.com"],"url":"https:\/\/www.visit-ulcinj.com\/blog\/author\/admin\/"}]}},"jetpack_featured_media_url":"","jetpack_sharing_enabled":true,"jetpack_shortlink":"https:\/\/wp.me\/pe6lTn-hq","_links":{"self":[{"href":"https:\/\/www.visit-ulcinj.com\/blog\/wp-json\/wp\/v2\/posts\/1080"}],"collection":[{"href":"https:\/\/www.visit-ulcinj.com\/blog\/wp-json\/wp\/v2\/posts"}],"about":[{"href":"https:\/\/www.visit-ulcinj.com\/blog\/wp-json\/wp\/v2\/types\/post"}],"author":[{"embeddable":true,"href":"https:\/\/www.visit-ulcinj.com\/blog\/wp-json\/wp\/v2\/users\/1"}],"replies":[{"embeddable":true,"href":"https:\/\/www.visit-ulcinj.com\/blog\/wp-json\/wp\/v2\/comments?post=1080"}],"version-history":[{"count":0,"href":"https:\/\/www.visit-ulcinj.com\/blog\/wp-json\/wp\/v2\/posts\/1080\/revisions"}],"wp:attachment":[{"href":"https:\/\/www.visit-ulcinj.com\/blog\/wp-json\/wp\/v2\/media?parent=1080"}],"wp:term":[{"taxonomy":"category","embeddable":true,"href":"https:\/\/www.visit-ulcinj.com\/blog\/wp-json\/wp\/v2\/categories?post=1080"},{"taxonomy":"post_tag","embeddable":true,"href":"https:\/\/www.visit-ulcinj.com\/blog\/wp-json\/wp\/v2\/tags?post=1080"}],"curies":[{"name":"wp","href":"https:\/\/api.w.org\/{rel}","templated":true}]}}