{"id":10801,"date":"2009-02-07T23:41:05","date_gmt":"2009-02-07T22:41:05","guid":{"rendered":"http:\/\/www.visit-ulcinj.com\/blog\/?p=10801"},"modified":"2009-02-07T23:41:05","modified_gmt":"2009-02-07T22:41:05","slug":"bardhi-idemo-na-cetiri-mandata","status":"publish","type":"post","link":"https:\/\/www.visit-ulcinj.com\/blog\/2009\/02\/07\/bardhi-idemo-na-cetiri-mandata\/","title":{"rendered":"Bardhi: Idemo na ?etiri mandata"},"content":{"rendered":"<p><a href=\"http:\/\/www.visit-ulcinj.com\/blog\/wp-content\/uploads\/2009\/02\/lider-demokratskog-saveza-albanaca-mehmet-bardhi.jpg\"><img loading=\"lazy\" class=\"alignleft size-full wp-image-10815\" title=\"lider-demokratskog-saveza-albanaca-mehmet-bardhi\" src=\"http:\/\/www.visit-ulcinj.com\/blog\/wp-content\/uploads\/2009\/02\/lider-demokratskog-saveza-albanaca-mehmet-bardhi.jpg\" alt=\"lider-demokratskog-saveza-albanaca-mehmet-bardhi\" width=\"372\" height=\"317\" \/><\/a>Lider Demokratskog saveza Albanaca Mehmet Bardhi kazao je da ?e idu?e sedmice biti poznato ho?e li pet albanskih stranaka formirati koaliciju, ocjenjuju?i da bi ona na izborima 29. marta mogla uzeti ?etiri mandata u posebnoj izbornoj jedinici.<br \/>\nAlbanci prema sada\u0161njem izbornom zakonodavstvu biraju pet poslanika na posebnim bira?kim mjestima, a Bardhi ka\u017ee da bi nova koalicija, ?ak i bez DUA, stranke Ferhata Dino\u0161e, mogla osvojiti ?etiri mandata i nanijeti katastrofu Demokratskoj partiji socijalista.<br \/>\n&#8211; Bio bi to veliki uspjeh za nas, od koga bi koristi imali svi Albanci u Crnoj Gori, kako ekonomski tako i kulturni, ali, u krajnjem, i njihovi politi?ki predstavnici jer bi odmah dobili klub poslanika, \u0161to nam je na skandalozan na?in sada uskra?eno &#8211; rekao je Bardhi za &#8220;Dan&#8221;.<br \/>\nOn isti?e da bi, bez ozbira na izjavu Dino\u0161e &#8220;da su politi?ari iz DS-a i Albanske alternative davljenici&#8221;, zarad ukupnih interesa mogao da na novoj listi vidi i kandidate DUA. Bardhi napominje da su razlike velike ali da bi svejedno mogao da se na?e zajedni?ki jezik.<br \/>\n&#8211; U svakom slu?aju, i ako DS, AA, FORCA, Jedinstvo i Prosperitet sklope savez, ima?emo sjajne \u0161anse. To moramo brzo da zavr\u0161imo jer vrijeme ne radi za nas. Dan nakon odluke o skra?enju mandata Skup\u0161tini zasjedao je Upravni odbor DS-a, usvojio zaklju?ke a jedan od njih bio je i poziv svim albanskim partijama da se napravi zajedni?ka lista &#8211; obja\u0161njava Bardhi.<br \/>\nOn je kazao da su ubrzo kao kontraudar, DPS i njegovi saveznici u albanskom narodu sitnom politi?kom trgovinom krenuli u akciju spre?avanja nove koalicije da zna?ajnije politi?ki oja?a. Istakao je da veliku ulogu u tome upravo ima DUA.<br \/>\n&#8211; Bez obzira na to, ovih pet stranaka imaju stalne sastanke i razgovaraju. Li?no nijesam ni optimista ni pesimista, ali ako znamo da smo ranije u albanskoj jedinici za 60 odsto imali vi\u0161e glasova od vladaju?e koalicije i njenih satelita, mogli bi sada do ?etiri mandata &#8211; procjenjuje Bardhi.<br \/>\nBardhi je pojasnio da su glavni principi oko kojih se trenutno okupljaju albanske stranke izmjena ustavnog polo\u017eaja albanskog naroda i jezika, autenti?na zastupljenost u zakonodavnoj, izvr\u0161noj i sudskoj vlasti, decentralizacija sa akcentom na punopravnu op\u0161tinu Tuzi, ve?a ovla\u0161?enja lokalnim upravama, posebno u dijelu gazdovanja svojinom, ali i ve?e u?e\u0161?e albanskih politi?kih struktura i stru?njaka u procesu pristupa EU.<br \/>\n<strong>M.V.<\/p>\n<p>Odgovori?e Mili?u<\/strong><br \/>\nNavode?i da ?e uskoro odgovoriti, Mehmet Bardhi potvrdio je da je od predsjednika SNP-a Sr?ana Mili?a prije nekoliko dana dobio poziv za razgovor o zajedni?koj opozicionoj listi.<br \/>\n&#8211; Krajem sedmice zasjeda?e partijski organi DS-a, vidje?emo \u0161ta sa tim. Li?no sam uvjeren da je za Albance najbolja njihova lista. Zna?i, da ne idemo ni sa kim drugim. A poslije izbora, o tom-potom &#8211; naglasio je Bardhi.<\/p>\n<p><strong>Izvor \/ Dan<\/strong><\/p>\n","protected":false},"excerpt":{"rendered":"<p>Lider Demokratskog saveza Albanaca Mehmet Bardhi kazao je da ?e idu?e sedmice biti poznato ho?e li pet albanskih stranaka formirati koaliciju, ocjenjuju?i da bi ona na izborima 29. marta mogla uzeti ?etiri mandata u posebnoj izbornoj jedinici. Albanci prema sada\u0161njem izbornom zakonodavstvu biraju pet poslanika na posebnim bira?kim mjestima, a Bardhi ka\u017ee da bi nova [&hellip;]<\/p>\n","protected":false},"author":1,"featured_media":0,"comment_status":"open","ping_status":"closed","sticky":false,"template":"","format":"standard","meta":{"spay_email":"","jetpack_publicize_message":"","jetpack_is_tweetstorm":false,"jetpack_publicize_feature_enabled":true},"categories":[6],"tags":[6547,6543,6545,6549,6546,6548,6550],"jetpack_publicize_connections":[],"yoast_head":"<!-- This site is optimized with the Yoast SEO plugin v19.1 - https:\/\/yoast.com\/wordpress\/plugins\/seo\/ -->\n<title>Bardhi: Idemo na ?etiri mandata - Lajme nga Ulqini<\/title>\n<meta name=\"description\" content=\"Lider Demokratskog saveza Albanaca Mehmet Bardhi kazao je da ?e idu?e sedmice biti poznato ho?e li pet albanskih stranaka formirati koaliciju, ocjenjuju?i\" \/>\n<meta name=\"robots\" content=\"index, follow, max-snippet:-1, max-image-preview:large, max-video-preview:-1\" \/>\n<link rel=\"canonical\" href=\"https:\/\/www.visit-ulcinj.com\/blog\/2009\/02\/07\/bardhi-idemo-na-cetiri-mandata\/\" \/>\n<meta property=\"og:locale\" content=\"en_US\" \/>\n<meta property=\"og:type\" content=\"article\" \/>\n<meta property=\"og:title\" content=\"Bardhi: Idemo na ?etiri mandata - Lajme nga Ulqini\" \/>\n<meta property=\"og:description\" content=\"Lider Demokratskog saveza Albanaca Mehmet Bardhi kazao je da ?e idu?e sedmice biti poznato ho?e li pet albanskih stranaka formirati koaliciju, ocjenjuju?i\" \/>\n<meta property=\"og:url\" content=\"https:\/\/www.visit-ulcinj.com\/blog\/2009\/02\/07\/bardhi-idemo-na-cetiri-mandata\/\" \/>\n<meta property=\"og:site_name\" content=\"Lajme nga Ulqini\" \/>\n<meta property=\"article:published_time\" content=\"2009-02-07T22:41:05+00:00\" \/>\n<meta property=\"og:image\" content=\"http:\/\/www.visit-ulcinj.com\/blog\/wp-content\/uploads\/2009\/02\/lider-demokratskog-saveza-albanaca-mehmet-bardhi.jpg\" \/>\n<meta name=\"twitter:label1\" content=\"Written by\" \/>\n\t<meta name=\"twitter:data1\" content=\"ulqini\" \/>\n\t<meta name=\"twitter:label2\" content=\"Est. reading time\" \/>\n\t<meta name=\"twitter:data2\" content=\"2 minutes\" \/>\n<script type=\"application\/ld+json\" class=\"yoast-schema-graph\">{\"@context\":\"https:\/\/schema.org\",\"@graph\":[{\"@type\":\"WebSite\",\"@id\":\"https:\/\/www.visit-ulcinj.com\/blog\/#website\",\"url\":\"https:\/\/www.visit-ulcinj.com\/blog\/\",\"name\":\"Lajme nga Ulqini\",\"description\":\"Lajme,Vijesti,Ulqini,Ulqin,Crna Gora,Mali i Zi\",\"potentialAction\":[{\"@type\":\"SearchAction\",\"target\":{\"@type\":\"EntryPoint\",\"urlTemplate\":\"https:\/\/www.visit-ulcinj.com\/blog\/?s={search_term_string}\"},\"query-input\":\"required name=search_term_string\"}],\"inLanguage\":\"en-US\"},{\"@type\":\"ImageObject\",\"inLanguage\":\"en-US\",\"@id\":\"https:\/\/www.visit-ulcinj.com\/blog\/2009\/02\/07\/bardhi-idemo-na-cetiri-mandata\/#primaryimage\",\"url\":\"http:\/\/www.visit-ulcinj.com\/blog\/wp-content\/uploads\/2009\/02\/lider-demokratskog-saveza-albanaca-mehmet-bardhi.jpg\",\"contentUrl\":\"http:\/\/www.visit-ulcinj.com\/blog\/wp-content\/uploads\/2009\/02\/lider-demokratskog-saveza-albanaca-mehmet-bardhi.jpg\"},{\"@type\":\"WebPage\",\"@id\":\"https:\/\/www.visit-ulcinj.com\/blog\/2009\/02\/07\/bardhi-idemo-na-cetiri-mandata\/#webpage\",\"url\":\"https:\/\/www.visit-ulcinj.com\/blog\/2009\/02\/07\/bardhi-idemo-na-cetiri-mandata\/\",\"name\":\"Bardhi: Idemo na ?etiri mandata - Lajme nga Ulqini\",\"isPartOf\":{\"@id\":\"https:\/\/www.visit-ulcinj.com\/blog\/#website\"},\"primaryImageOfPage\":{\"@id\":\"https:\/\/www.visit-ulcinj.com\/blog\/2009\/02\/07\/bardhi-idemo-na-cetiri-mandata\/#primaryimage\"},\"datePublished\":\"2009-02-07T22:41:05+00:00\",\"dateModified\":\"2009-02-07T22:41:05+00:00\",\"author\":{\"@id\":\"https:\/\/www.visit-ulcinj.com\/blog\/#\/schema\/person\/dcab619c614d3038751c63bc2aadc06d\"},\"description\":\"Lider Demokratskog saveza Albanaca Mehmet Bardhi kazao je da ?e idu?e sedmice biti poznato ho?e li pet albanskih stranaka formirati koaliciju, ocjenjuju?i\",\"breadcrumb\":{\"@id\":\"https:\/\/www.visit-ulcinj.com\/blog\/2009\/02\/07\/bardhi-idemo-na-cetiri-mandata\/#breadcrumb\"},\"inLanguage\":\"en-US\",\"potentialAction\":[{\"@type\":\"ReadAction\",\"target\":[\"https:\/\/www.visit-ulcinj.com\/blog\/2009\/02\/07\/bardhi-idemo-na-cetiri-mandata\/\"]}]},{\"@type\":\"BreadcrumbList\",\"@id\":\"https:\/\/www.visit-ulcinj.com\/blog\/2009\/02\/07\/bardhi-idemo-na-cetiri-mandata\/#breadcrumb\",\"itemListElement\":[{\"@type\":\"ListItem\",\"position\":1,\"name\":\"Bardhi: Idemo na ?etiri mandata\"}]},{\"@type\":\"Person\",\"@id\":\"https:\/\/www.visit-ulcinj.com\/blog\/#\/schema\/person\/dcab619c614d3038751c63bc2aadc06d\",\"name\":\"ulqini\",\"sameAs\":[\"http:\/\/www.visit-ulcinj.com\"],\"url\":\"https:\/\/www.visit-ulcinj.com\/blog\/author\/admin\/\"}]}<\/script>\n<!-- \/ Yoast SEO plugin. -->","yoast_head_json":{"title":"Bardhi: Idemo na ?etiri mandata - Lajme nga Ulqini","description":"Lider Demokratskog saveza Albanaca Mehmet Bardhi kazao je da ?e idu?e sedmice biti poznato ho?e li pet albanskih stranaka formirati koaliciju, ocjenjuju?i","robots":{"index":"index","follow":"follow","max-snippet":"max-snippet:-1","max-image-preview":"max-image-preview:large","max-video-preview":"max-video-preview:-1"},"canonical":"https:\/\/www.visit-ulcinj.com\/blog\/2009\/02\/07\/bardhi-idemo-na-cetiri-mandata\/","og_locale":"en_US","og_type":"article","og_title":"Bardhi: Idemo na ?etiri mandata - Lajme nga Ulqini","og_description":"Lider Demokratskog saveza Albanaca Mehmet Bardhi kazao je da ?e idu?e sedmice biti poznato ho?e li pet albanskih stranaka formirati koaliciju, ocjenjuju?i","og_url":"https:\/\/www.visit-ulcinj.com\/blog\/2009\/02\/07\/bardhi-idemo-na-cetiri-mandata\/","og_site_name":"Lajme nga Ulqini","article_published_time":"2009-02-07T22:41:05+00:00","og_image":[{"url":"http:\/\/www.visit-ulcinj.com\/blog\/wp-content\/uploads\/2009\/02\/lider-demokratskog-saveza-albanaca-mehmet-bardhi.jpg"}],"twitter_misc":{"Written by":"ulqini","Est. reading time":"2 minutes"},"schema":{"@context":"https:\/\/schema.org","@graph":[{"@type":"WebSite","@id":"https:\/\/www.visit-ulcinj.com\/blog\/#website","url":"https:\/\/www.visit-ulcinj.com\/blog\/","name":"Lajme nga Ulqini","description":"Lajme,Vijesti,Ulqini,Ulqin,Crna Gora,Mali i Zi","potentialAction":[{"@type":"SearchAction","target":{"@type":"EntryPoint","urlTemplate":"https:\/\/www.visit-ulcinj.com\/blog\/?s={search_term_string}"},"query-input":"required name=search_term_string"}],"inLanguage":"en-US"},{"@type":"ImageObject","inLanguage":"en-US","@id":"https:\/\/www.visit-ulcinj.com\/blog\/2009\/02\/07\/bardhi-idemo-na-cetiri-mandata\/#primaryimage","url":"http:\/\/www.visit-ulcinj.com\/blog\/wp-content\/uploads\/2009\/02\/lider-demokratskog-saveza-albanaca-mehmet-bardhi.jpg","contentUrl":"http:\/\/www.visit-ulcinj.com\/blog\/wp-content\/uploads\/2009\/02\/lider-demokratskog-saveza-albanaca-mehmet-bardhi.jpg"},{"@type":"WebPage","@id":"https:\/\/www.visit-ulcinj.com\/blog\/2009\/02\/07\/bardhi-idemo-na-cetiri-mandata\/#webpage","url":"https:\/\/www.visit-ulcinj.com\/blog\/2009\/02\/07\/bardhi-idemo-na-cetiri-mandata\/","name":"Bardhi: Idemo na ?etiri mandata - Lajme nga Ulqini","isPartOf":{"@id":"https:\/\/www.visit-ulcinj.com\/blog\/#website"},"primaryImageOfPage":{"@id":"https:\/\/www.visit-ulcinj.com\/blog\/2009\/02\/07\/bardhi-idemo-na-cetiri-mandata\/#primaryimage"},"datePublished":"2009-02-07T22:41:05+00:00","dateModified":"2009-02-07T22:41:05+00:00","author":{"@id":"https:\/\/www.visit-ulcinj.com\/blog\/#\/schema\/person\/dcab619c614d3038751c63bc2aadc06d"},"description":"Lider Demokratskog saveza Albanaca Mehmet Bardhi kazao je da ?e idu?e sedmice biti poznato ho?e li pet albanskih stranaka formirati koaliciju, ocjenjuju?i","breadcrumb":{"@id":"https:\/\/www.visit-ulcinj.com\/blog\/2009\/02\/07\/bardhi-idemo-na-cetiri-mandata\/#breadcrumb"},"inLanguage":"en-US","potentialAction":[{"@type":"ReadAction","target":["https:\/\/www.visit-ulcinj.com\/blog\/2009\/02\/07\/bardhi-idemo-na-cetiri-mandata\/"]}]},{"@type":"BreadcrumbList","@id":"https:\/\/www.visit-ulcinj.com\/blog\/2009\/02\/07\/bardhi-idemo-na-cetiri-mandata\/#breadcrumb","itemListElement":[{"@type":"ListItem","position":1,"name":"Bardhi: Idemo na ?etiri mandata"}]},{"@type":"Person","@id":"https:\/\/www.visit-ulcinj.com\/blog\/#\/schema\/person\/dcab619c614d3038751c63bc2aadc06d","name":"ulqini","sameAs":["http:\/\/www.visit-ulcinj.com"],"url":"https:\/\/www.visit-ulcinj.com\/blog\/author\/admin\/"}]}},"jetpack_featured_media_url":"","jetpack_sharing_enabled":true,"jetpack_shortlink":"https:\/\/wp.me\/pe6lTn-2Od","_links":{"self":[{"href":"https:\/\/www.visit-ulcinj.com\/blog\/wp-json\/wp\/v2\/posts\/10801"}],"collection":[{"href":"https:\/\/www.visit-ulcinj.com\/blog\/wp-json\/wp\/v2\/posts"}],"about":[{"href":"https:\/\/www.visit-ulcinj.com\/blog\/wp-json\/wp\/v2\/types\/post"}],"author":[{"embeddable":true,"href":"https:\/\/www.visit-ulcinj.com\/blog\/wp-json\/wp\/v2\/users\/1"}],"replies":[{"embeddable":true,"href":"https:\/\/www.visit-ulcinj.com\/blog\/wp-json\/wp\/v2\/comments?post=10801"}],"version-history":[{"count":0,"href":"https:\/\/www.visit-ulcinj.com\/blog\/wp-json\/wp\/v2\/posts\/10801\/revisions"}],"wp:attachment":[{"href":"https:\/\/www.visit-ulcinj.com\/blog\/wp-json\/wp\/v2\/media?parent=10801"}],"wp:term":[{"taxonomy":"category","embeddable":true,"href":"https:\/\/www.visit-ulcinj.com\/blog\/wp-json\/wp\/v2\/categories?post=10801"},{"taxonomy":"post_tag","embeddable":true,"href":"https:\/\/www.visit-ulcinj.com\/blog\/wp-json\/wp\/v2\/tags?post=10801"}],"curies":[{"name":"wp","href":"https:\/\/api.w.org\/{rel}","templated":true}]}}