{"id":10804,"date":"2009-02-07T23:30:58","date_gmt":"2009-02-07T22:30:58","guid":{"rendered":"http:\/\/www.visit-ulcinj.com\/blog\/?p=10804"},"modified":"2009-02-07T23:30:58","modified_gmt":"2009-02-07T22:30:58","slug":"big-brother-albania-2-erjola-jolldashi-profili","status":"publish","type":"post","link":"https:\/\/www.visit-ulcinj.com\/blog\/2009\/02\/07\/big-brother-albania-2-erjola-jolldashi-profili\/","title":{"rendered":"Big Brother Albania 2 : Erjola Jolldashi (Profili)"},"content":{"rendered":"<p><a href=\"http:\/\/www.visit-ulcinj.com\/blog\/wp-content\/uploads\/2009\/02\/erjola.jpg\"><img loading=\"lazy\" class=\"alignleft size-full wp-image-10805\" title=\"Erjola Jolldash\" src=\"http:\/\/www.visit-ulcinj.com\/blog\/wp-content\/uploads\/2009\/02\/erjola.jpg\" alt=\"Erjola Jolldash\" width=\"300\" height=\"350\" \/><\/a><strong>Mosha:<\/strong>\u00a025 vjec<br \/>\n<strong>Vendlindja:<\/strong>\u00a0Elbasan<br \/>\n<strong>Vendbanimi:<\/strong>\u00a0Kucov\u00eb, s\u00eb fundi ka ardhur n\u00eb Tiran\u00eb<br \/>\n<strong>Gjendja civile:<\/strong>\u00a0E martuar me nj\u00eb f\u00ebmij\u00eb<br \/>\n<strong>Syt\u00eb:<\/strong>\u00a0G\u00ebshtenj\u00eb<br \/>\n<strong>Flok\u00ebt:<\/strong>\u00a0T\u00eb verdha<br \/>\n<strong>Arsimi:<\/strong>\u00a0I lart\u00eb. Vazhdon studimet p\u00ebr Agro-Biznes, Viti II, Elbasan.<br \/>\n<strong>Profesioni:<\/strong>\u00a0Ndihmon burrin n\u00eb biznesin e fruta-perimeve<br \/>\n<strong>Hobi:<\/strong>\u00a0Llafet!<br \/>\n<strong>Do t\u00eb hyj\u00eb n\u00eb Big Brother sepse:<\/strong>\u00a0ka shum\u00eb energji pozitive q\u00eb do donte t\u2019ua transmetonte dhe t\u00eb tjer\u00ebve.<\/p>\n<p><strong>Karakteristika:<\/strong>\u00a0Thot\u00eb q\u00eb \u00ebsht\u00eb tip karizmatik, e aft\u00eb t\u00eb p\u00ebrshtatet me cdo grup shoq\u00ebror. Mendon se BB \u00ebsht\u00eb nj\u00eb trampolin\u00eb e mir\u00eb p\u00ebr njer\u00ebzit si ajo q\u00eb kan\u00eb aft\u00ebsi n\u00eb fusha t\u00eb ndryshme e q\u00eb nuk kan\u00eb mund\u00ebsi t\u00eb tjera p\u00ebr t\u2019i shpalosur ato. Zot\u00ebron anglishten, italishten, greqishten dhe pak turqisht. Ka jetuar 2 vjet e gjysm\u00eb n\u00eb Greqi. \u00cbsht\u00eb shum\u00eb e shkath\u00ebt dhe di t\u00eb p\u00ebrshtatet me cdo lloj situate. Ka b\u00ebr\u00eb profesione q\u00eb gjithmon\u00eb kan\u00eb pasur kontakte me njer\u00ebzit. Tip i sfidave dhe q\u00eb nuk dor\u00ebzohet leht\u00eb para v\u00ebshtir\u00ebsive.<\/p>\n","protected":false},"excerpt":{"rendered":"<p>Mosha:\u00a025 vjec Vendlindja:\u00a0Elbasan Vendbanimi:\u00a0Kucov\u00eb, s\u00eb fundi ka ardhur n\u00eb Tiran\u00eb Gjendja civile:\u00a0E martuar me nj\u00eb f\u00ebmij\u00eb Syt\u00eb:\u00a0G\u00ebshtenj\u00eb Flok\u00ebt:\u00a0T\u00eb verdha Arsimi:\u00a0I lart\u00eb. Vazhdon studimet p\u00ebr Agro-Biznes, Viti II, Elbasan. Profesioni:\u00a0Ndihmon burrin n\u00eb biznesin e fruta-perimeve Hobi:\u00a0Llafet! Do t\u00eb hyj\u00eb n\u00eb Big Brother sepse:\u00a0ka shum\u00eb energji pozitive q\u00eb do donte t\u2019ua transmetonte dhe t\u00eb tjer\u00ebve. Karakteristika:\u00a0Thot\u00eb q\u00eb [&hellip;]<\/p>\n","protected":false},"author":1,"featured_media":0,"comment_status":"open","ping_status":"closed","sticky":false,"template":"","format":"standard","meta":{"spay_email":"","jetpack_publicize_message":"","jetpack_is_tweetstorm":false,"jetpack_publicize_feature_enabled":true},"categories":[6502],"tags":[5057,6506,6516,6539,6519],"jetpack_publicize_connections":[],"yoast_head":"<!-- This site is optimized with the Yoast SEO plugin v19.1 - https:\/\/yoast.com\/wordpress\/plugins\/seo\/ -->\n<title>Big Brother Albania 2 : Erjola Jolldashi (Profili) - Lajme nga Ulqini<\/title>\n<meta name=\"description\" content=\"Mosha:\u00a025 vjec Vendlindja:\u00a0Elbasan Vendbanimi:\u00a0Kucov\u00eb, s\u00eb fundi ka ardhur n\u00eb Tiran\u00eb Gjendja civile:\u00a0E martuar me nj\u00eb f\u00ebmij\u00eb Syt\u00eb:\u00a0G\u00ebshtenj\u00eb Flok\u00ebt:\u00a0T\u00eb\" \/>\n<meta name=\"robots\" content=\"index, follow, max-snippet:-1, max-image-preview:large, max-video-preview:-1\" \/>\n<link rel=\"canonical\" href=\"https:\/\/www.visit-ulcinj.com\/blog\/2009\/02\/07\/big-brother-albania-2-erjola-jolldashi-profili\/\" \/>\n<meta property=\"og:locale\" content=\"en_US\" \/>\n<meta property=\"og:type\" content=\"article\" \/>\n<meta property=\"og:title\" content=\"Big Brother Albania 2 : Erjola Jolldashi (Profili) - Lajme nga Ulqini\" \/>\n<meta property=\"og:description\" content=\"Mosha:\u00a025 vjec Vendlindja:\u00a0Elbasan Vendbanimi:\u00a0Kucov\u00eb, s\u00eb fundi ka ardhur n\u00eb Tiran\u00eb Gjendja civile:\u00a0E martuar me nj\u00eb f\u00ebmij\u00eb Syt\u00eb:\u00a0G\u00ebshtenj\u00eb Flok\u00ebt:\u00a0T\u00eb\" \/>\n<meta property=\"og:url\" content=\"https:\/\/www.visit-ulcinj.com\/blog\/2009\/02\/07\/big-brother-albania-2-erjola-jolldashi-profili\/\" \/>\n<meta property=\"og:site_name\" content=\"Lajme nga Ulqini\" \/>\n<meta property=\"article:published_time\" content=\"2009-02-07T22:30:58+00:00\" \/>\n<meta property=\"og:image\" content=\"http:\/\/www.visit-ulcinj.com\/blog\/wp-content\/uploads\/2009\/02\/erjola.jpg\" \/>\n<meta name=\"twitter:label1\" content=\"Written by\" \/>\n\t<meta name=\"twitter:data1\" content=\"ulqini\" \/>\n\t<meta name=\"twitter:label2\" content=\"Est. reading time\" \/>\n\t<meta name=\"twitter:data2\" content=\"1 minute\" \/>\n<script type=\"application\/ld+json\" class=\"yoast-schema-graph\">{\"@context\":\"https:\/\/schema.org\",\"@graph\":[{\"@type\":\"WebSite\",\"@id\":\"https:\/\/www.visit-ulcinj.com\/blog\/#website\",\"url\":\"https:\/\/www.visit-ulcinj.com\/blog\/\",\"name\":\"Lajme nga Ulqini\",\"description\":\"Lajme,Vijesti,Ulqini,Ulqin,Crna Gora,Mali i Zi\",\"potentialAction\":[{\"@type\":\"SearchAction\",\"target\":{\"@type\":\"EntryPoint\",\"urlTemplate\":\"https:\/\/www.visit-ulcinj.com\/blog\/?s={search_term_string}\"},\"query-input\":\"required name=search_term_string\"}],\"inLanguage\":\"en-US\"},{\"@type\":\"ImageObject\",\"inLanguage\":\"en-US\",\"@id\":\"https:\/\/www.visit-ulcinj.com\/blog\/2009\/02\/07\/big-brother-albania-2-erjola-jolldashi-profili\/#primaryimage\",\"url\":\"http:\/\/www.visit-ulcinj.com\/blog\/wp-content\/uploads\/2009\/02\/erjola.jpg\",\"contentUrl\":\"http:\/\/www.visit-ulcinj.com\/blog\/wp-content\/uploads\/2009\/02\/erjola.jpg\"},{\"@type\":\"WebPage\",\"@id\":\"https:\/\/www.visit-ulcinj.com\/blog\/2009\/02\/07\/big-brother-albania-2-erjola-jolldashi-profili\/#webpage\",\"url\":\"https:\/\/www.visit-ulcinj.com\/blog\/2009\/02\/07\/big-brother-albania-2-erjola-jolldashi-profili\/\",\"name\":\"Big Brother Albania 2 : Erjola Jolldashi (Profili) - Lajme nga Ulqini\",\"isPartOf\":{\"@id\":\"https:\/\/www.visit-ulcinj.com\/blog\/#website\"},\"primaryImageOfPage\":{\"@id\":\"https:\/\/www.visit-ulcinj.com\/blog\/2009\/02\/07\/big-brother-albania-2-erjola-jolldashi-profili\/#primaryimage\"},\"datePublished\":\"2009-02-07T22:30:58+00:00\",\"dateModified\":\"2009-02-07T22:30:58+00:00\",\"author\":{\"@id\":\"https:\/\/www.visit-ulcinj.com\/blog\/#\/schema\/person\/dcab619c614d3038751c63bc2aadc06d\"},\"description\":\"Mosha:\u00a025 vjec Vendlindja:\u00a0Elbasan Vendbanimi:\u00a0Kucov\u00eb, s\u00eb fundi ka ardhur n\u00eb Tiran\u00eb Gjendja civile:\u00a0E martuar me nj\u00eb f\u00ebmij\u00eb Syt\u00eb:\u00a0G\u00ebshtenj\u00eb Flok\u00ebt:\u00a0T\u00eb\",\"breadcrumb\":{\"@id\":\"https:\/\/www.visit-ulcinj.com\/blog\/2009\/02\/07\/big-brother-albania-2-erjola-jolldashi-profili\/#breadcrumb\"},\"inLanguage\":\"en-US\",\"potentialAction\":[{\"@type\":\"ReadAction\",\"target\":[\"https:\/\/www.visit-ulcinj.com\/blog\/2009\/02\/07\/big-brother-albania-2-erjola-jolldashi-profili\/\"]}]},{\"@type\":\"BreadcrumbList\",\"@id\":\"https:\/\/www.visit-ulcinj.com\/blog\/2009\/02\/07\/big-brother-albania-2-erjola-jolldashi-profili\/#breadcrumb\",\"itemListElement\":[{\"@type\":\"ListItem\",\"position\":1,\"name\":\"Big Brother Albania 2 : Erjola Jolldashi (Profili)\"}]},{\"@type\":\"Person\",\"@id\":\"https:\/\/www.visit-ulcinj.com\/blog\/#\/schema\/person\/dcab619c614d3038751c63bc2aadc06d\",\"name\":\"ulqini\",\"sameAs\":[\"http:\/\/www.visit-ulcinj.com\"],\"url\":\"https:\/\/www.visit-ulcinj.com\/blog\/author\/admin\/\"}]}<\/script>\n<!-- \/ Yoast SEO plugin. -->","yoast_head_json":{"title":"Big Brother Albania 2 : Erjola Jolldashi (Profili) - Lajme nga Ulqini","description":"Mosha:\u00a025 vjec Vendlindja:\u00a0Elbasan Vendbanimi:\u00a0Kucov\u00eb, s\u00eb fundi ka ardhur n\u00eb Tiran\u00eb Gjendja civile:\u00a0E martuar me nj\u00eb f\u00ebmij\u00eb Syt\u00eb:\u00a0G\u00ebshtenj\u00eb Flok\u00ebt:\u00a0T\u00eb","robots":{"index":"index","follow":"follow","max-snippet":"max-snippet:-1","max-image-preview":"max-image-preview:large","max-video-preview":"max-video-preview:-1"},"canonical":"https:\/\/www.visit-ulcinj.com\/blog\/2009\/02\/07\/big-brother-albania-2-erjola-jolldashi-profili\/","og_locale":"en_US","og_type":"article","og_title":"Big Brother Albania 2 : Erjola Jolldashi (Profili) - Lajme nga Ulqini","og_description":"Mosha:\u00a025 vjec Vendlindja:\u00a0Elbasan Vendbanimi:\u00a0Kucov\u00eb, s\u00eb fundi ka ardhur n\u00eb Tiran\u00eb Gjendja civile:\u00a0E martuar me nj\u00eb f\u00ebmij\u00eb Syt\u00eb:\u00a0G\u00ebshtenj\u00eb Flok\u00ebt:\u00a0T\u00eb","og_url":"https:\/\/www.visit-ulcinj.com\/blog\/2009\/02\/07\/big-brother-albania-2-erjola-jolldashi-profili\/","og_site_name":"Lajme nga Ulqini","article_published_time":"2009-02-07T22:30:58+00:00","og_image":[{"url":"http:\/\/www.visit-ulcinj.com\/blog\/wp-content\/uploads\/2009\/02\/erjola.jpg"}],"twitter_misc":{"Written by":"ulqini","Est. reading time":"1 minute"},"schema":{"@context":"https:\/\/schema.org","@graph":[{"@type":"WebSite","@id":"https:\/\/www.visit-ulcinj.com\/blog\/#website","url":"https:\/\/www.visit-ulcinj.com\/blog\/","name":"Lajme nga Ulqini","description":"Lajme,Vijesti,Ulqini,Ulqin,Crna Gora,Mali i Zi","potentialAction":[{"@type":"SearchAction","target":{"@type":"EntryPoint","urlTemplate":"https:\/\/www.visit-ulcinj.com\/blog\/?s={search_term_string}"},"query-input":"required name=search_term_string"}],"inLanguage":"en-US"},{"@type":"ImageObject","inLanguage":"en-US","@id":"https:\/\/www.visit-ulcinj.com\/blog\/2009\/02\/07\/big-brother-albania-2-erjola-jolldashi-profili\/#primaryimage","url":"http:\/\/www.visit-ulcinj.com\/blog\/wp-content\/uploads\/2009\/02\/erjola.jpg","contentUrl":"http:\/\/www.visit-ulcinj.com\/blog\/wp-content\/uploads\/2009\/02\/erjola.jpg"},{"@type":"WebPage","@id":"https:\/\/www.visit-ulcinj.com\/blog\/2009\/02\/07\/big-brother-albania-2-erjola-jolldashi-profili\/#webpage","url":"https:\/\/www.visit-ulcinj.com\/blog\/2009\/02\/07\/big-brother-albania-2-erjola-jolldashi-profili\/","name":"Big Brother Albania 2 : Erjola Jolldashi (Profili) - Lajme nga Ulqini","isPartOf":{"@id":"https:\/\/www.visit-ulcinj.com\/blog\/#website"},"primaryImageOfPage":{"@id":"https:\/\/www.visit-ulcinj.com\/blog\/2009\/02\/07\/big-brother-albania-2-erjola-jolldashi-profili\/#primaryimage"},"datePublished":"2009-02-07T22:30:58+00:00","dateModified":"2009-02-07T22:30:58+00:00","author":{"@id":"https:\/\/www.visit-ulcinj.com\/blog\/#\/schema\/person\/dcab619c614d3038751c63bc2aadc06d"},"description":"Mosha:\u00a025 vjec Vendlindja:\u00a0Elbasan Vendbanimi:\u00a0Kucov\u00eb, s\u00eb fundi ka ardhur n\u00eb Tiran\u00eb Gjendja civile:\u00a0E martuar me nj\u00eb f\u00ebmij\u00eb Syt\u00eb:\u00a0G\u00ebshtenj\u00eb Flok\u00ebt:\u00a0T\u00eb","breadcrumb":{"@id":"https:\/\/www.visit-ulcinj.com\/blog\/2009\/02\/07\/big-brother-albania-2-erjola-jolldashi-profili\/#breadcrumb"},"inLanguage":"en-US","potentialAction":[{"@type":"ReadAction","target":["https:\/\/www.visit-ulcinj.com\/blog\/2009\/02\/07\/big-brother-albania-2-erjola-jolldashi-profili\/"]}]},{"@type":"BreadcrumbList","@id":"https:\/\/www.visit-ulcinj.com\/blog\/2009\/02\/07\/big-brother-albania-2-erjola-jolldashi-profili\/#breadcrumb","itemListElement":[{"@type":"ListItem","position":1,"name":"Big Brother Albania 2 : Erjola Jolldashi (Profili)"}]},{"@type":"Person","@id":"https:\/\/www.visit-ulcinj.com\/blog\/#\/schema\/person\/dcab619c614d3038751c63bc2aadc06d","name":"ulqini","sameAs":["http:\/\/www.visit-ulcinj.com"],"url":"https:\/\/www.visit-ulcinj.com\/blog\/author\/admin\/"}]}},"jetpack_featured_media_url":"","jetpack_sharing_enabled":true,"jetpack_shortlink":"https:\/\/wp.me\/pe6lTn-2Og","_links":{"self":[{"href":"https:\/\/www.visit-ulcinj.com\/blog\/wp-json\/wp\/v2\/posts\/10804"}],"collection":[{"href":"https:\/\/www.visit-ulcinj.com\/blog\/wp-json\/wp\/v2\/posts"}],"about":[{"href":"https:\/\/www.visit-ulcinj.com\/blog\/wp-json\/wp\/v2\/types\/post"}],"author":[{"embeddable":true,"href":"https:\/\/www.visit-ulcinj.com\/blog\/wp-json\/wp\/v2\/users\/1"}],"replies":[{"embeddable":true,"href":"https:\/\/www.visit-ulcinj.com\/blog\/wp-json\/wp\/v2\/comments?post=10804"}],"version-history":[{"count":0,"href":"https:\/\/www.visit-ulcinj.com\/blog\/wp-json\/wp\/v2\/posts\/10804\/revisions"}],"wp:attachment":[{"href":"https:\/\/www.visit-ulcinj.com\/blog\/wp-json\/wp\/v2\/media?parent=10804"}],"wp:term":[{"taxonomy":"category","embeddable":true,"href":"https:\/\/www.visit-ulcinj.com\/blog\/wp-json\/wp\/v2\/categories?post=10804"},{"taxonomy":"post_tag","embeddable":true,"href":"https:\/\/www.visit-ulcinj.com\/blog\/wp-json\/wp\/v2\/tags?post=10804"}],"curies":[{"name":"wp","href":"https:\/\/api.w.org\/{rel}","templated":true}]}}