{"id":10822,"date":"2009-02-08T00:14:49","date_gmt":"2009-02-07T23:14:49","guid":{"rendered":"http:\/\/www.visit-ulcinj.com\/blog\/?p=10822"},"modified":"2009-02-08T00:14:49","modified_gmt":"2009-02-07T23:14:49","slug":"altuna-sejdiu-zbulohet-miku-i-ri-i-saj","status":"publish","type":"post","link":"https:\/\/www.visit-ulcinj.com\/blog\/2009\/02\/08\/altuna-sejdiu-zbulohet-miku-i-ri-i-saj\/","title":{"rendered":"Altuna Sejdiu: Zbulohet miku i ri i saj"},"content":{"rendered":"<p><a href=\"http:\/\/www.visit-ulcinj.com\/blog\/wp-content\/uploads\/2009\/02\/altuna-sejdiu-me-te-dashurin.jpg\"><img loading=\"lazy\" class=\"alignleft size-full wp-image-10829\" title=\"altuna-sejdiu-me-te-dashurin\" src=\"http:\/\/www.visit-ulcinj.com\/blog\/wp-content\/uploads\/2009\/02\/altuna-sejdiu-me-te-dashurin.jpg\" alt=\"altuna-sejdiu-me-te-dashurin\" width=\"570\" height=\"347\" \/><\/a>Gjithmon\u00eb jeta private e k\u00ebng\u00ebtares nga Maqedonia Altuna Sejdiu ka qen\u00eb e spikatur nga mediat dhe si duket at\u00eb e ka b\u00ebr\u00eb q\u00eb t\u00eb jet\u00eb paksa e t\u00ebrhequr dhe m\u00eb e kujdesshme n\u00eb dh\u00ebnien e deklaratave dhe intervistave, madje ka ndodhur edhe ta fyej\u00eb gazetaren pasi ka menduar se ato nuk jan\u00eb sjell\u00eb korrekt\u00eb me t\u00eb. Por ka raste kur asaj i del totalisht situata jasht\u00eb kontrollit.Pas ndarjes nga Merti Asllani, i cili \u00ebsht\u00eb edhe v\u00ebllai i k\u00ebng\u00ebtarit Bertan Asllani ku \u00ebsht\u00eb p\u00ebrfolur q\u00eb Tuna k\u00ebt\u00eb lidhje e ka b\u00ebr\u00eb vet\u00ebm p\u00ebr shkak t\u00eb popullaritetit dhe pun\u00ebs q\u00eb e lidhi me Mertin, pasi me ndihm\u00ebn e tij ajo realizoi klipin &#8220;Inati&#8221; n\u00eb versionin shqip, flitet se k\u00ebng\u00ebtarja ka gjetur prehje tek nj\u00eb dashuri tjet\u00ebr. B\u00ebhet fjal\u00eb p\u00ebr nj\u00eb djal\u00eb q\u00eb \u00ebsht\u00eb akoma i panjohur p\u00ebr publikun. Duke u ndalur te jeta private e k\u00ebng\u00ebtares, ajo ka pasur nj\u00eb jet\u00eb aventureske me an\u00ebtarin e grupit \u201cSkillz\u201d, Ledrin me t\u00eb cilin u nda para disa koh\u00ebve. Por lidhjet e Tun\u00ebs nuk mbarojn\u00eb me kaq. Para Ledrit ajo ka qen\u00eb e dashuruar me Lirak Bexhetin, djalin e rektorit t\u00eb Universitetit shtet\u00ebror t\u00eb Tetov\u00ebs me t\u00eb cilin e ndau vdekja, pasi ai vdiq aksidentalisht me makin\u00eb n\u00eb rrug\u00ebn Tetov\u00eb-Shkup.<br \/>\n<strong>Vip Shqiperija<\/strong><\/p>\n\n<!--YouTube Error: bad URL entered-->\n","protected":false},"excerpt":{"rendered":"<p>Gjithmon\u00eb jeta private e k\u00ebng\u00ebtares nga Maqedonia Altuna Sejdiu ka qen\u00eb e spikatur nga mediat dhe si duket at\u00eb e ka b\u00ebr\u00eb q\u00eb t\u00eb jet\u00eb paksa e t\u00ebrhequr dhe m\u00eb e kujdesshme n\u00eb dh\u00ebnien e deklaratave dhe intervistave, madje ka ndodhur edhe ta fyej\u00eb gazetaren pasi ka menduar se ato nuk jan\u00eb sjell\u00eb korrekt\u00eb me [&hellip;]<\/p>\n","protected":false},"author":1,"featured_media":0,"comment_status":"open","ping_status":"closed","sticky":false,"template":"","format":"standard","meta":{"spay_email":"","jetpack_publicize_message":"","jetpack_is_tweetstorm":false,"jetpack_publicize_feature_enabled":true},"categories":[1],"tags":[4972,6556,6555,4971,6554,6553],"jetpack_publicize_connections":[],"yoast_head":"<!-- This site is optimized with the Yoast SEO plugin v19.1 - https:\/\/yoast.com\/wordpress\/plugins\/seo\/ -->\n<title>Altuna Sejdiu: Zbulohet miku i ri i saj - Lajme nga Ulqini<\/title>\n<meta name=\"description\" content=\"Gjithmon\u00eb jeta private e k\u00ebng\u00ebtares nga Maqedonia Altuna Sejdiu ka qen\u00eb e spikatur nga mediat dhe si duket at\u00eb e ka b\u00ebr\u00eb q\u00eb t\u00eb jet\u00eb paksa e t\u00ebrhequr dhe\" \/>\n<meta name=\"robots\" content=\"index, follow, max-snippet:-1, max-image-preview:large, max-video-preview:-1\" \/>\n<link rel=\"canonical\" href=\"https:\/\/www.visit-ulcinj.com\/blog\/2009\/02\/08\/altuna-sejdiu-zbulohet-miku-i-ri-i-saj\/\" \/>\n<meta property=\"og:locale\" content=\"en_US\" \/>\n<meta property=\"og:type\" content=\"article\" \/>\n<meta property=\"og:title\" content=\"Altuna Sejdiu: Zbulohet miku i ri i saj - Lajme nga Ulqini\" \/>\n<meta property=\"og:description\" content=\"Gjithmon\u00eb jeta private e k\u00ebng\u00ebtares nga Maqedonia Altuna Sejdiu ka qen\u00eb e spikatur nga mediat dhe si duket at\u00eb e ka b\u00ebr\u00eb q\u00eb t\u00eb jet\u00eb paksa e t\u00ebrhequr dhe\" \/>\n<meta property=\"og:url\" content=\"https:\/\/www.visit-ulcinj.com\/blog\/2009\/02\/08\/altuna-sejdiu-zbulohet-miku-i-ri-i-saj\/\" \/>\n<meta property=\"og:site_name\" content=\"Lajme nga Ulqini\" \/>\n<meta property=\"article:published_time\" content=\"2009-02-07T23:14:49+00:00\" \/>\n<meta property=\"og:image\" content=\"https:\/\/www.visit-ulcinj.com\/blog\/wp-content\/uploads\/2009\/02\/altuna-sejdiu9-150x150.jpg\" \/>\n<meta name=\"twitter:label1\" content=\"Written by\" \/>\n\t<meta name=\"twitter:data1\" content=\"ulqini\" \/>\n\t<meta name=\"twitter:label2\" content=\"Est. reading time\" \/>\n\t<meta name=\"twitter:data2\" content=\"1 minute\" \/>\n<script type=\"application\/ld+json\" class=\"yoast-schema-graph\">{\"@context\":\"https:\/\/schema.org\",\"@graph\":[{\"@type\":\"WebSite\",\"@id\":\"https:\/\/www.visit-ulcinj.com\/blog\/#website\",\"url\":\"https:\/\/www.visit-ulcinj.com\/blog\/\",\"name\":\"Lajme nga Ulqini\",\"description\":\"Lajme,Vijesti,Ulqini,Ulqin,Crna Gora,Mali i Zi\",\"potentialAction\":[{\"@type\":\"SearchAction\",\"target\":{\"@type\":\"EntryPoint\",\"urlTemplate\":\"https:\/\/www.visit-ulcinj.com\/blog\/?s={search_term_string}\"},\"query-input\":\"required name=search_term_string\"}],\"inLanguage\":\"en-US\"},{\"@type\":\"ImageObject\",\"inLanguage\":\"en-US\",\"@id\":\"https:\/\/www.visit-ulcinj.com\/blog\/2009\/02\/08\/altuna-sejdiu-zbulohet-miku-i-ri-i-saj\/#primaryimage\",\"url\":\"http:\/\/www.visit-ulcinj.com\/blog\/wp-content\/uploads\/2009\/02\/altuna-sejdiu-me-te-dashurin.jpg\",\"contentUrl\":\"http:\/\/www.visit-ulcinj.com\/blog\/wp-content\/uploads\/2009\/02\/altuna-sejdiu-me-te-dashurin.jpg\"},{\"@type\":\"WebPage\",\"@id\":\"https:\/\/www.visit-ulcinj.com\/blog\/2009\/02\/08\/altuna-sejdiu-zbulohet-miku-i-ri-i-saj\/#webpage\",\"url\":\"https:\/\/www.visit-ulcinj.com\/blog\/2009\/02\/08\/altuna-sejdiu-zbulohet-miku-i-ri-i-saj\/\",\"name\":\"Altuna Sejdiu: Zbulohet miku i ri i saj - Lajme nga Ulqini\",\"isPartOf\":{\"@id\":\"https:\/\/www.visit-ulcinj.com\/blog\/#website\"},\"primaryImageOfPage\":{\"@id\":\"https:\/\/www.visit-ulcinj.com\/blog\/2009\/02\/08\/altuna-sejdiu-zbulohet-miku-i-ri-i-saj\/#primaryimage\"},\"datePublished\":\"2009-02-07T23:14:49+00:00\",\"dateModified\":\"2009-02-07T23:14:49+00:00\",\"author\":{\"@id\":\"https:\/\/www.visit-ulcinj.com\/blog\/#\/schema\/person\/dcab619c614d3038751c63bc2aadc06d\"},\"description\":\"Gjithmon\u00eb jeta private e k\u00ebng\u00ebtares nga Maqedonia Altuna Sejdiu ka qen\u00eb e spikatur nga mediat dhe si duket at\u00eb e ka b\u00ebr\u00eb q\u00eb t\u00eb jet\u00eb paksa e t\u00ebrhequr dhe\",\"breadcrumb\":{\"@id\":\"https:\/\/www.visit-ulcinj.com\/blog\/2009\/02\/08\/altuna-sejdiu-zbulohet-miku-i-ri-i-saj\/#breadcrumb\"},\"inLanguage\":\"en-US\",\"potentialAction\":[{\"@type\":\"ReadAction\",\"target\":[\"https:\/\/www.visit-ulcinj.com\/blog\/2009\/02\/08\/altuna-sejdiu-zbulohet-miku-i-ri-i-saj\/\"]}]},{\"@type\":\"BreadcrumbList\",\"@id\":\"https:\/\/www.visit-ulcinj.com\/blog\/2009\/02\/08\/altuna-sejdiu-zbulohet-miku-i-ri-i-saj\/#breadcrumb\",\"itemListElement\":[{\"@type\":\"ListItem\",\"position\":1,\"name\":\"Altuna Sejdiu: Zbulohet miku i ri i saj\"}]},{\"@type\":\"Person\",\"@id\":\"https:\/\/www.visit-ulcinj.com\/blog\/#\/schema\/person\/dcab619c614d3038751c63bc2aadc06d\",\"name\":\"ulqini\",\"sameAs\":[\"http:\/\/www.visit-ulcinj.com\"],\"url\":\"https:\/\/www.visit-ulcinj.com\/blog\/author\/admin\/\"}]}<\/script>\n<!-- \/ Yoast SEO plugin. -->","yoast_head_json":{"title":"Altuna Sejdiu: Zbulohet miku i ri i saj - Lajme nga Ulqini","description":"Gjithmon\u00eb jeta private e k\u00ebng\u00ebtares nga Maqedonia Altuna Sejdiu ka qen\u00eb e spikatur nga mediat dhe si duket at\u00eb e ka b\u00ebr\u00eb q\u00eb t\u00eb jet\u00eb paksa e t\u00ebrhequr dhe","robots":{"index":"index","follow":"follow","max-snippet":"max-snippet:-1","max-image-preview":"max-image-preview:large","max-video-preview":"max-video-preview:-1"},"canonical":"https:\/\/www.visit-ulcinj.com\/blog\/2009\/02\/08\/altuna-sejdiu-zbulohet-miku-i-ri-i-saj\/","og_locale":"en_US","og_type":"article","og_title":"Altuna Sejdiu: Zbulohet miku i ri i saj - Lajme nga Ulqini","og_description":"Gjithmon\u00eb jeta private e k\u00ebng\u00ebtares nga Maqedonia Altuna Sejdiu ka qen\u00eb e spikatur nga mediat dhe si duket at\u00eb e ka b\u00ebr\u00eb q\u00eb t\u00eb jet\u00eb paksa e t\u00ebrhequr dhe","og_url":"https:\/\/www.visit-ulcinj.com\/blog\/2009\/02\/08\/altuna-sejdiu-zbulohet-miku-i-ri-i-saj\/","og_site_name":"Lajme nga Ulqini","article_published_time":"2009-02-07T23:14:49+00:00","og_image":[{"url":"https:\/\/www.visit-ulcinj.com\/blog\/wp-content\/uploads\/2009\/02\/altuna-sejdiu9-150x150.jpg"}],"twitter_misc":{"Written by":"ulqini","Est. reading time":"1 minute"},"schema":{"@context":"https:\/\/schema.org","@graph":[{"@type":"WebSite","@id":"https:\/\/www.visit-ulcinj.com\/blog\/#website","url":"https:\/\/www.visit-ulcinj.com\/blog\/","name":"Lajme nga Ulqini","description":"Lajme,Vijesti,Ulqini,Ulqin,Crna Gora,Mali i Zi","potentialAction":[{"@type":"SearchAction","target":{"@type":"EntryPoint","urlTemplate":"https:\/\/www.visit-ulcinj.com\/blog\/?s={search_term_string}"},"query-input":"required name=search_term_string"}],"inLanguage":"en-US"},{"@type":"ImageObject","inLanguage":"en-US","@id":"https:\/\/www.visit-ulcinj.com\/blog\/2009\/02\/08\/altuna-sejdiu-zbulohet-miku-i-ri-i-saj\/#primaryimage","url":"http:\/\/www.visit-ulcinj.com\/blog\/wp-content\/uploads\/2009\/02\/altuna-sejdiu-me-te-dashurin.jpg","contentUrl":"http:\/\/www.visit-ulcinj.com\/blog\/wp-content\/uploads\/2009\/02\/altuna-sejdiu-me-te-dashurin.jpg"},{"@type":"WebPage","@id":"https:\/\/www.visit-ulcinj.com\/blog\/2009\/02\/08\/altuna-sejdiu-zbulohet-miku-i-ri-i-saj\/#webpage","url":"https:\/\/www.visit-ulcinj.com\/blog\/2009\/02\/08\/altuna-sejdiu-zbulohet-miku-i-ri-i-saj\/","name":"Altuna Sejdiu: Zbulohet miku i ri i saj - Lajme nga Ulqini","isPartOf":{"@id":"https:\/\/www.visit-ulcinj.com\/blog\/#website"},"primaryImageOfPage":{"@id":"https:\/\/www.visit-ulcinj.com\/blog\/2009\/02\/08\/altuna-sejdiu-zbulohet-miku-i-ri-i-saj\/#primaryimage"},"datePublished":"2009-02-07T23:14:49+00:00","dateModified":"2009-02-07T23:14:49+00:00","author":{"@id":"https:\/\/www.visit-ulcinj.com\/blog\/#\/schema\/person\/dcab619c614d3038751c63bc2aadc06d"},"description":"Gjithmon\u00eb jeta private e k\u00ebng\u00ebtares nga Maqedonia Altuna Sejdiu ka qen\u00eb e spikatur nga mediat dhe si duket at\u00eb e ka b\u00ebr\u00eb q\u00eb t\u00eb jet\u00eb paksa e t\u00ebrhequr dhe","breadcrumb":{"@id":"https:\/\/www.visit-ulcinj.com\/blog\/2009\/02\/08\/altuna-sejdiu-zbulohet-miku-i-ri-i-saj\/#breadcrumb"},"inLanguage":"en-US","potentialAction":[{"@type":"ReadAction","target":["https:\/\/www.visit-ulcinj.com\/blog\/2009\/02\/08\/altuna-sejdiu-zbulohet-miku-i-ri-i-saj\/"]}]},{"@type":"BreadcrumbList","@id":"https:\/\/www.visit-ulcinj.com\/blog\/2009\/02\/08\/altuna-sejdiu-zbulohet-miku-i-ri-i-saj\/#breadcrumb","itemListElement":[{"@type":"ListItem","position":1,"name":"Altuna Sejdiu: Zbulohet miku i ri i saj"}]},{"@type":"Person","@id":"https:\/\/www.visit-ulcinj.com\/blog\/#\/schema\/person\/dcab619c614d3038751c63bc2aadc06d","name":"ulqini","sameAs":["http:\/\/www.visit-ulcinj.com"],"url":"https:\/\/www.visit-ulcinj.com\/blog\/author\/admin\/"}]}},"jetpack_featured_media_url":"","jetpack_sharing_enabled":true,"jetpack_shortlink":"https:\/\/wp.me\/pe6lTn-2Oy","_links":{"self":[{"href":"https:\/\/www.visit-ulcinj.com\/blog\/wp-json\/wp\/v2\/posts\/10822"}],"collection":[{"href":"https:\/\/www.visit-ulcinj.com\/blog\/wp-json\/wp\/v2\/posts"}],"about":[{"href":"https:\/\/www.visit-ulcinj.com\/blog\/wp-json\/wp\/v2\/types\/post"}],"author":[{"embeddable":true,"href":"https:\/\/www.visit-ulcinj.com\/blog\/wp-json\/wp\/v2\/users\/1"}],"replies":[{"embeddable":true,"href":"https:\/\/www.visit-ulcinj.com\/blog\/wp-json\/wp\/v2\/comments?post=10822"}],"version-history":[{"count":0,"href":"https:\/\/www.visit-ulcinj.com\/blog\/wp-json\/wp\/v2\/posts\/10822\/revisions"}],"wp:attachment":[{"href":"https:\/\/www.visit-ulcinj.com\/blog\/wp-json\/wp\/v2\/media?parent=10822"}],"wp:term":[{"taxonomy":"category","embeddable":true,"href":"https:\/\/www.visit-ulcinj.com\/blog\/wp-json\/wp\/v2\/categories?post=10822"},{"taxonomy":"post_tag","embeddable":true,"href":"https:\/\/www.visit-ulcinj.com\/blog\/wp-json\/wp\/v2\/tags?post=10822"}],"curies":[{"name":"wp","href":"https:\/\/api.w.org\/{rel}","templated":true}]}}