{"id":1085,"date":"2008-03-31T14:52:19","date_gmt":"2008-03-31T19:52:19","guid":{"rendered":"http:\/\/www.visit-ulcinj.com\/blog\/?p=1085"},"modified":"2008-03-31T14:52:19","modified_gmt":"2008-03-31T19:52:19","slug":"kryeministri-berisha-prit-sot-ne-takim-kryetarin-e-unionit-demokratik-te-malit-te-zi","status":"publish","type":"post","link":"https:\/\/www.visit-ulcinj.com\/blog\/2008\/03\/31\/kryeministri-berisha-prit-sot-ne-takim-kryetarin-e-unionit-demokratik-te-malit-te-zi\/","title":{"rendered":"Kryeministri Berisha prit sot n\u00eb takim Kryetarin e Unionit Demokratik t\u00eb Malit t\u00eb Zi"},"content":{"rendered":"<p><a href=\"http:\/\/www.visit-ulcinj.com\/blog\/wp-content\/uploads\/2008\/03\/sali-berisha_ferhat-dinosha.jpg\"><img loading=\"lazy\" class=\"alignleft size-medium wp-image-1086\" style=\"float: left;\" title=\"sali-berisha_ferhat-dinosha\" src=\"http:\/\/www.visit-ulcinj.com\/blog\/wp-content\/uploads\/2008\/03\/sali-berisha_ferhat-dinosha-300x184.jpg\" alt=\"Sali Berisha_Ferhat Dinosha\" width=\"262\" height=\"160\" srcset=\"https:\/\/www.visit-ulcinj.com\/blog\/wp-content\/uploads\/2008\/03\/sali-berisha_ferhat-dinosha-300x184.jpg 300w, https:\/\/www.visit-ulcinj.com\/blog\/wp-content\/uploads\/2008\/03\/sali-berisha_ferhat-dinosha.jpg 567w\" sizes=\"(max-width: 262px) 100vw, 262px\" \/><\/a><strong>Kryeministri Berisha: Bashk\u00ebpunimi mes forcave politike shqiptare kudo ku ndodhen \u00ebsht\u00eb n\u00eb interes t\u00eb mbar\u00eb kombit<\/strong><br \/>\nKryeministri Berisha prit sot n\u00eb takim Kryetarin e Unionit Demokratik t\u00eb Malit t\u00eb Zi dhe delegacionin q\u00eb e shoq\u00ebronte.<br \/>\nPasi e fal\u00ebnderoi Kryeministrin Berisha p\u00ebr mikpritjen, Kryetari i Unionit Demokratik t\u00eb Malit t\u00eb Zi  shprehu ngush\u00ebllimet e sinqerta p\u00ebr tragjedin\u00eb e G\u00ebrdecit si dhe solidaritetin dhe mb\u00ebshtetjen e shqiptar\u00ebve t\u00eb Malit t\u00eb Zi me familjar\u00ebt e atyre q\u00eb humb\u00ebn jet\u00ebn apo pron\u00ebn e tyre gjat\u00eb shp\u00ebrthimit.<br \/>\nGjithashtu Kryetari i Unionit Demokratik t\u00eb Malit t\u00eb Zi shprehu vler\u00ebsimin pozitiv p\u00ebr reagimin e menj\u00ebhersh\u00ebm t\u00eb strukturave t\u00eb shtetit shqiptar, fakt ky q\u00eb tregoi se Shqip\u00ebria \u00ebsht\u00eb e gatshme t\u00eb p\u00ebrballoj\u00eb me efikasitet momente t\u00eb tilla tejet t\u00eb v\u00ebshtira.<br \/>\nKryeminstri Berisha i njohu shqiptar\u00ebt nga Mali i Zi me ecurin\u00eb e operacionit p\u00ebr eliminimin e pasojave t\u00eb tragjedis\u00eb, me pun\u00ebn e madhe dhe t\u00eb r\u00ebnd\u00ebsishme t\u00eb forcave t\u00eb ushtris\u00eb p\u00ebr pastrimin e zon\u00ebs, me reagimin me efikasitet t\u00eb sistemit ton\u00eb sh\u00ebndet\u00ebsor  n\u00eb trajtimin e t\u00eb plagosurve.<br \/>\nKryeminstri Berisha tha mbi situat\u00ebn n\u00eb G\u00ebrdec se pas situat\u00ebs s\u00eb v\u00ebshtir\u00eb dhe p\u00ebrfundimit t\u00eb operacionit t\u00eb shp\u00ebtim k\u00ebrkimit, jemi n\u00eb faz\u00ebn e rind\u00ebrtimit t\u00eb zon\u00ebs.<br \/>\nKryeminstri Berisha dhe Kryetari i Unionit Demokratik t\u00eb Malit t\u00eb Zi u ndal\u00ebn gjat\u00eb bised\u00ebs dhe n\u00eb situat\u00ebn politike n\u00eb Malin e Zi n\u00eb prag t\u00eb zgjedhjeve presidenciale atje.<br \/>\nKryeministri Berisha u shpreh se bashk\u00ebpunimi mes forcave politike shqiptare kudo ku ata ndodhen \u00ebsht\u00eb n\u00eb interes t\u00eb mbar\u00eb kombit.<\/p>\n<p>31\/03\/2008<br \/>\nLajme nga Ministria al.<\/p>\n","protected":false},"excerpt":{"rendered":"<p><img loading=\"lazy\" class=\"alignleft size-medium wp-image-1086\" style=\"float: left;\" title=\"sali-berisha_ferhat-dinosha\" src=\"http:\/\/www.visit-ulcinj.com\/blog\/wp-content\/uploads\/2008\/03\/sali-berisha_ferhat-dinosha-300x184.jpg\" alt=\"Sali Berisha_Ferhat Dinosha\" width=\"140\" height=\"140\" \/><\/p>\n","protected":false},"author":1,"featured_media":0,"comment_status":"open","ping_status":"closed","sticky":false,"template":"","format":"standard","meta":{"spay_email":"","jetpack_publicize_message":"","jetpack_is_tweetstorm":false,"jetpack_publicize_feature_enabled":true},"categories":[1,14],"tags":[97,2224,42],"jetpack_publicize_connections":[],"yoast_head":"<!-- This site is optimized with the Yoast SEO plugin v19.1 - https:\/\/yoast.com\/wordpress\/plugins\/seo\/ -->\n<title>Kryeministri Berisha prit sot n\u00eb takim Kryetarin e Unionit Demokratik t\u00eb Malit t\u00eb Zi - Lajme nga Ulqini<\/title>\n<meta name=\"robots\" content=\"index, follow, max-snippet:-1, max-image-preview:large, max-video-preview:-1\" \/>\n<link rel=\"canonical\" href=\"https:\/\/www.visit-ulcinj.com\/blog\/2008\/03\/31\/kryeministri-berisha-prit-sot-ne-takim-kryetarin-e-unionit-demokratik-te-malit-te-zi\/\" \/>\n<meta property=\"og:locale\" content=\"en_US\" \/>\n<meta property=\"og:type\" content=\"article\" \/>\n<meta property=\"og:title\" content=\"Kryeministri Berisha prit sot n\u00eb takim Kryetarin e Unionit Demokratik t\u00eb Malit t\u00eb Zi - Lajme nga Ulqini\" \/>\n<meta property=\"og:url\" content=\"https:\/\/www.visit-ulcinj.com\/blog\/2008\/03\/31\/kryeministri-berisha-prit-sot-ne-takim-kryetarin-e-unionit-demokratik-te-malit-te-zi\/\" \/>\n<meta property=\"og:site_name\" content=\"Lajme nga Ulqini\" \/>\n<meta property=\"article:published_time\" content=\"2008-03-31T19:52:19+00:00\" \/>\n<meta property=\"og:image\" content=\"http:\/\/www.visit-ulcinj.com\/blog\/wp-content\/uploads\/2008\/03\/sali-berisha_ferhat-dinosha-300x184.jpg\" \/>\n<meta name=\"twitter:label1\" content=\"Written by\" \/>\n\t<meta name=\"twitter:data1\" content=\"ulqini\" \/>\n\t<meta name=\"twitter:label2\" content=\"Est. reading time\" \/>\n\t<meta name=\"twitter:data2\" content=\"1 minute\" \/>\n<script type=\"application\/ld+json\" class=\"yoast-schema-graph\">{\"@context\":\"https:\/\/schema.org\",\"@graph\":[{\"@type\":\"WebSite\",\"@id\":\"https:\/\/www.visit-ulcinj.com\/blog\/#website\",\"url\":\"https:\/\/www.visit-ulcinj.com\/blog\/\",\"name\":\"Lajme nga Ulqini\",\"description\":\"Lajme,Vijesti,Ulqini,Ulqin,Crna Gora,Mali i Zi\",\"potentialAction\":[{\"@type\":\"SearchAction\",\"target\":{\"@type\":\"EntryPoint\",\"urlTemplate\":\"https:\/\/www.visit-ulcinj.com\/blog\/?s={search_term_string}\"},\"query-input\":\"required name=search_term_string\"}],\"inLanguage\":\"en-US\"},{\"@type\":\"ImageObject\",\"inLanguage\":\"en-US\",\"@id\":\"https:\/\/www.visit-ulcinj.com\/blog\/2008\/03\/31\/kryeministri-berisha-prit-sot-ne-takim-kryetarin-e-unionit-demokratik-te-malit-te-zi\/#primaryimage\",\"url\":\"http:\/\/www.visit-ulcinj.com\/blog\/wp-content\/uploads\/2008\/03\/sali-berisha_ferhat-dinosha-300x184.jpg\",\"contentUrl\":\"http:\/\/www.visit-ulcinj.com\/blog\/wp-content\/uploads\/2008\/03\/sali-berisha_ferhat-dinosha-300x184.jpg\"},{\"@type\":\"WebPage\",\"@id\":\"https:\/\/www.visit-ulcinj.com\/blog\/2008\/03\/31\/kryeministri-berisha-prit-sot-ne-takim-kryetarin-e-unionit-demokratik-te-malit-te-zi\/#webpage\",\"url\":\"https:\/\/www.visit-ulcinj.com\/blog\/2008\/03\/31\/kryeministri-berisha-prit-sot-ne-takim-kryetarin-e-unionit-demokratik-te-malit-te-zi\/\",\"name\":\"Kryeministri Berisha prit sot n\u00eb takim Kryetarin e Unionit Demokratik t\u00eb Malit t\u00eb Zi - Lajme nga Ulqini\",\"isPartOf\":{\"@id\":\"https:\/\/www.visit-ulcinj.com\/blog\/#website\"},\"primaryImageOfPage\":{\"@id\":\"https:\/\/www.visit-ulcinj.com\/blog\/2008\/03\/31\/kryeministri-berisha-prit-sot-ne-takim-kryetarin-e-unionit-demokratik-te-malit-te-zi\/#primaryimage\"},\"datePublished\":\"2008-03-31T19:52:19+00:00\",\"dateModified\":\"2008-03-31T19:52:19+00:00\",\"author\":{\"@id\":\"https:\/\/www.visit-ulcinj.com\/blog\/#\/schema\/person\/dcab619c614d3038751c63bc2aadc06d\"},\"breadcrumb\":{\"@id\":\"https:\/\/www.visit-ulcinj.com\/blog\/2008\/03\/31\/kryeministri-berisha-prit-sot-ne-takim-kryetarin-e-unionit-demokratik-te-malit-te-zi\/#breadcrumb\"},\"inLanguage\":\"en-US\",\"potentialAction\":[{\"@type\":\"ReadAction\",\"target\":[\"https:\/\/www.visit-ulcinj.com\/blog\/2008\/03\/31\/kryeministri-berisha-prit-sot-ne-takim-kryetarin-e-unionit-demokratik-te-malit-te-zi\/\"]}]},{\"@type\":\"BreadcrumbList\",\"@id\":\"https:\/\/www.visit-ulcinj.com\/blog\/2008\/03\/31\/kryeministri-berisha-prit-sot-ne-takim-kryetarin-e-unionit-demokratik-te-malit-te-zi\/#breadcrumb\",\"itemListElement\":[{\"@type\":\"ListItem\",\"position\":1,\"name\":\"Kryeministri Berisha prit sot n\u00eb takim Kryetarin e Unionit Demokratik t\u00eb Malit t\u00eb Zi\"}]},{\"@type\":\"Person\",\"@id\":\"https:\/\/www.visit-ulcinj.com\/blog\/#\/schema\/person\/dcab619c614d3038751c63bc2aadc06d\",\"name\":\"ulqini\",\"sameAs\":[\"http:\/\/www.visit-ulcinj.com\"],\"url\":\"https:\/\/www.visit-ulcinj.com\/blog\/author\/admin\/\"}]}<\/script>\n<!-- \/ Yoast SEO plugin. -->","yoast_head_json":{"title":"Kryeministri Berisha prit sot n\u00eb takim Kryetarin e Unionit Demokratik t\u00eb Malit t\u00eb Zi - Lajme nga Ulqini","robots":{"index":"index","follow":"follow","max-snippet":"max-snippet:-1","max-image-preview":"max-image-preview:large","max-video-preview":"max-video-preview:-1"},"canonical":"https:\/\/www.visit-ulcinj.com\/blog\/2008\/03\/31\/kryeministri-berisha-prit-sot-ne-takim-kryetarin-e-unionit-demokratik-te-malit-te-zi\/","og_locale":"en_US","og_type":"article","og_title":"Kryeministri Berisha prit sot n\u00eb takim Kryetarin e Unionit Demokratik t\u00eb Malit t\u00eb Zi - Lajme nga Ulqini","og_url":"https:\/\/www.visit-ulcinj.com\/blog\/2008\/03\/31\/kryeministri-berisha-prit-sot-ne-takim-kryetarin-e-unionit-demokratik-te-malit-te-zi\/","og_site_name":"Lajme nga Ulqini","article_published_time":"2008-03-31T19:52:19+00:00","og_image":[{"url":"http:\/\/www.visit-ulcinj.com\/blog\/wp-content\/uploads\/2008\/03\/sali-berisha_ferhat-dinosha-300x184.jpg"}],"twitter_misc":{"Written by":"ulqini","Est. reading time":"1 minute"},"schema":{"@context":"https:\/\/schema.org","@graph":[{"@type":"WebSite","@id":"https:\/\/www.visit-ulcinj.com\/blog\/#website","url":"https:\/\/www.visit-ulcinj.com\/blog\/","name":"Lajme nga Ulqini","description":"Lajme,Vijesti,Ulqini,Ulqin,Crna Gora,Mali i Zi","potentialAction":[{"@type":"SearchAction","target":{"@type":"EntryPoint","urlTemplate":"https:\/\/www.visit-ulcinj.com\/blog\/?s={search_term_string}"},"query-input":"required name=search_term_string"}],"inLanguage":"en-US"},{"@type":"ImageObject","inLanguage":"en-US","@id":"https:\/\/www.visit-ulcinj.com\/blog\/2008\/03\/31\/kryeministri-berisha-prit-sot-ne-takim-kryetarin-e-unionit-demokratik-te-malit-te-zi\/#primaryimage","url":"http:\/\/www.visit-ulcinj.com\/blog\/wp-content\/uploads\/2008\/03\/sali-berisha_ferhat-dinosha-300x184.jpg","contentUrl":"http:\/\/www.visit-ulcinj.com\/blog\/wp-content\/uploads\/2008\/03\/sali-berisha_ferhat-dinosha-300x184.jpg"},{"@type":"WebPage","@id":"https:\/\/www.visit-ulcinj.com\/blog\/2008\/03\/31\/kryeministri-berisha-prit-sot-ne-takim-kryetarin-e-unionit-demokratik-te-malit-te-zi\/#webpage","url":"https:\/\/www.visit-ulcinj.com\/blog\/2008\/03\/31\/kryeministri-berisha-prit-sot-ne-takim-kryetarin-e-unionit-demokratik-te-malit-te-zi\/","name":"Kryeministri Berisha prit sot n\u00eb takim Kryetarin e Unionit Demokratik t\u00eb Malit t\u00eb Zi - Lajme nga Ulqini","isPartOf":{"@id":"https:\/\/www.visit-ulcinj.com\/blog\/#website"},"primaryImageOfPage":{"@id":"https:\/\/www.visit-ulcinj.com\/blog\/2008\/03\/31\/kryeministri-berisha-prit-sot-ne-takim-kryetarin-e-unionit-demokratik-te-malit-te-zi\/#primaryimage"},"datePublished":"2008-03-31T19:52:19+00:00","dateModified":"2008-03-31T19:52:19+00:00","author":{"@id":"https:\/\/www.visit-ulcinj.com\/blog\/#\/schema\/person\/dcab619c614d3038751c63bc2aadc06d"},"breadcrumb":{"@id":"https:\/\/www.visit-ulcinj.com\/blog\/2008\/03\/31\/kryeministri-berisha-prit-sot-ne-takim-kryetarin-e-unionit-demokratik-te-malit-te-zi\/#breadcrumb"},"inLanguage":"en-US","potentialAction":[{"@type":"ReadAction","target":["https:\/\/www.visit-ulcinj.com\/blog\/2008\/03\/31\/kryeministri-berisha-prit-sot-ne-takim-kryetarin-e-unionit-demokratik-te-malit-te-zi\/"]}]},{"@type":"BreadcrumbList","@id":"https:\/\/www.visit-ulcinj.com\/blog\/2008\/03\/31\/kryeministri-berisha-prit-sot-ne-takim-kryetarin-e-unionit-demokratik-te-malit-te-zi\/#breadcrumb","itemListElement":[{"@type":"ListItem","position":1,"name":"Kryeministri Berisha prit sot n\u00eb takim Kryetarin e Unionit Demokratik t\u00eb Malit t\u00eb Zi"}]},{"@type":"Person","@id":"https:\/\/www.visit-ulcinj.com\/blog\/#\/schema\/person\/dcab619c614d3038751c63bc2aadc06d","name":"ulqini","sameAs":["http:\/\/www.visit-ulcinj.com"],"url":"https:\/\/www.visit-ulcinj.com\/blog\/author\/admin\/"}]}},"jetpack_featured_media_url":"","jetpack_sharing_enabled":true,"jetpack_shortlink":"https:\/\/wp.me\/pe6lTn-hv","_links":{"self":[{"href":"https:\/\/www.visit-ulcinj.com\/blog\/wp-json\/wp\/v2\/posts\/1085"}],"collection":[{"href":"https:\/\/www.visit-ulcinj.com\/blog\/wp-json\/wp\/v2\/posts"}],"about":[{"href":"https:\/\/www.visit-ulcinj.com\/blog\/wp-json\/wp\/v2\/types\/post"}],"author":[{"embeddable":true,"href":"https:\/\/www.visit-ulcinj.com\/blog\/wp-json\/wp\/v2\/users\/1"}],"replies":[{"embeddable":true,"href":"https:\/\/www.visit-ulcinj.com\/blog\/wp-json\/wp\/v2\/comments?post=1085"}],"version-history":[{"count":0,"href":"https:\/\/www.visit-ulcinj.com\/blog\/wp-json\/wp\/v2\/posts\/1085\/revisions"}],"wp:attachment":[{"href":"https:\/\/www.visit-ulcinj.com\/blog\/wp-json\/wp\/v2\/media?parent=1085"}],"wp:term":[{"taxonomy":"category","embeddable":true,"href":"https:\/\/www.visit-ulcinj.com\/blog\/wp-json\/wp\/v2\/categories?post=1085"},{"taxonomy":"post_tag","embeddable":true,"href":"https:\/\/www.visit-ulcinj.com\/blog\/wp-json\/wp\/v2\/tags?post=1085"}],"curies":[{"name":"wp","href":"https:\/\/api.w.org\/{rel}","templated":true}]}}