{"id":1087,"date":"2008-03-31T15:37:19","date_gmt":"2008-03-31T20:37:19","guid":{"rendered":"http:\/\/www.visit-ulcinj.com\/blog\/?p=1087"},"modified":"2008-03-31T15:37:19","modified_gmt":"2008-03-31T20:37:19","slug":"ndahen-politikisht-shqiptaret-ne-mal-te-zi","status":"publish","type":"post","link":"https:\/\/www.visit-ulcinj.com\/blog\/2008\/03\/31\/ndahen-politikisht-shqiptaret-ne-mal-te-zi\/","title":{"rendered":"Ndahen Politikisht Shqiptar\u00ebt n\u00eb Mal t\u00eb Zi"},"content":{"rendered":"<p><a href=\"http:\/\/www.visit-ulcinj.com\/blog\/wp-content\/uploads\/2008\/03\/medojevic_cakuli.jpg\"><img loading=\"lazy\" class=\"alignleft size-medium wp-image-1048\" style=\"float: left;\" title=\"medojevic_cakuli\" src=\"http:\/\/www.visit-ulcinj.com\/blog\/wp-content\/uploads\/2008\/03\/medojevic_cakuli.jpg\" alt=\"\" width=\"300\" height=\"167\" \/><\/a><strong>Duket se n\u00eb zgjedhjet e ardhshme presidenciale t\u00eb Malit t\u00eb Zi dy parti shqiptare nuk do ta p\u00ebrkrahin Filip Vujanovic\u2019in,por kund\u00ebr-kandidatin e tij, Nebojsha Medojevic.<\/strong>N\u00eb zgjedhjet e ardhshme presidenciale,q\u00eb mbahen m\u00eb 6 prill,duket se nj\u00eb pjes\u00eb e shqiptar\u00ebve dhe boshnjak\u00ebve &#8211; votat e t\u00eb cil\u00ebve n\u00eb t\u00eb gjitha zgjedhjet e deritanishme parlamentare dhe presidenciale,e sidomos n\u00eb referendumin p\u00ebr pavar\u00ebsimin e Malit t\u00eb Zi, gjithnj\u00eb ia soll\u00ebn fitoret koalicionit qeveritar &#8211; nuk do t\u00eb votojn\u00eb p\u00ebr kandidatin presidencial t\u00eb Partis\u00eb Demokratike t\u00eb Socialist\u00ebve (DPS), Filip Vujanovic, por vot\u00ebn do t\u2019ia japin kandidatit presidencial t\u00eb L\u00ebvizjes p\u00ebr Ndryshime (PP), Nebojsa Medojevic.Opinioni politik malazez u befasua mjaft shum\u00eb me deklaratat e Forc\u00ebs s\u00eb Re Demokratike (FORCA) dhe t\u00eb Alternativ\u00ebs Shqiptare, t\u00eb cilat publikisht i ftuan votuesit e tyre q\u00eb n\u00eb zgjedhjet e ardhshme presidenciale t\u00eb p\u00ebrkrahin kandidatin e L\u00ebvizjes p\u00ebr Ndryshime, Nebojsa Medojevic.Lider\u00ebt e k\u00ebtyre dy partive, Nazif Cungu dhe Vesel Sinishtaj, theksuan se jan\u00eb t\u00eb pak\u00ebnaqur \u201cme nivelin e demokratizimit t\u00eb sken\u00ebs politike n\u00eb Mal t\u00eb Zi gjat\u00eb periudh\u00ebs s\u00eb qeverisjes s\u00eb DPS me partner\u00ebt e saj t\u00eb koalicionit, por edhe me nivelin e decentralizimit dhe t\u00eb implementimin t\u00eb konventave nd\u00ebrkomb\u00ebtare p\u00ebr mbrojtjen e t\u00eb drejtave t\u00eb njeriut\u201d.\u201cRrjedhimisht, jemi t\u00eb bindur se ka ardhur koha p\u00ebr ndryshime n\u00eb sken\u00ebn politike malazeze.Pjes\u00ebmarrja aktive e shqiptar\u00ebve n\u00eb ngjarjet politike n\u00eb Mal t\u00eb Zi, e sidomos pas krijimit t\u00eb shtetit t\u00eb ri,\u00ebsht\u00eb nj\u00eb baz\u00eb e mir\u00eb mbi t\u00eb cil\u00ebn duhet t\u00eb vazhdohet kontributi yn\u00eb drejt demokratizimit dhe decentralizimit t\u00eb m\u00ebtutjesh\u00ebm\u201d, deklaroi Cungu gjat\u00eb nj\u00eb konference p\u00ebr gazetar\u00eb.Sinishtaj nd\u00ebrkaq u tha gazetar\u00ebve se \u201cgjat\u00eb k\u00ebsaj kohe forca policore po hyjn\u00eb n\u00eb Mal\u00ebsi, po i arrestojn\u00eb e keqtrajtojn\u00eb, por edhe po i ofendojn\u00eb mal\u00ebsor\u00ebt n\u00eb baza komb\u00ebtare, nd\u00ebrkoh\u00eb q\u00eb nga po i nj\u00ebjti shtet, nga e nj\u00ebjta prokurori dhe gjykat\u00eb, ende po mbahen n\u00eb burg 11 banor\u00eb t\u00eb Mal\u00ebsis\u00eb pas asnj\u00eb faj\u00ebsi t\u00eb d\u00ebshmuar\u201d.<a href=\"http:\/\/www.visit-ulcinj.com\/blog\/wp-content\/uploads\/2008\/03\/cungu-sinishtaj.jpg\"><img loading=\"lazy\" class=\"alignright alignnone size-thumbnail wp-image-1052\" style=\"float: right;\" title=\"cungu-sinishtaj\" src=\"http:\/\/www.visit-ulcinj.com\/blog\/wp-content\/uploads\/2008\/03\/cungu-sinishtaj.jpg\" alt=\"Nazif Cungu_Vaselj Sinishtaj\" width=\"150\" height=\"120\" \/><\/a><br \/>\n\u201cFitorja e Medojevic\u2019it do ta kishte ndryshuar pushtetin ngase shum\u00eb shpejt do t\u00eb shpalleshin edhe zgjedhjet e jasht\u00ebzakonshme, n\u00eb t\u00eb cilat do t\u00eb fitonte opsioni demokratik. Pas k\u00ebsaj do t\u00eb kryhej auditimi i privatizimeve t\u00eb dyshimta, do t\u00eb b\u00ebhej kthimi i tokave dhe do t\u00eb kishim nj\u00eb komun\u00eb t\u00eb plotfuqishme p\u00ebr Mal\u00ebsi,Guci dhe Petnjic\u00eb, por edhe s\u2019do t\u00eb kishim m\u00eb t\u00eb burgosur politik\u00eb\u201d,konstatoi Sinishtaj.<br \/>\nDuke reaguar ndaj q\u00ebndrimeve t\u00eb k\u00ebtyre dy partive shqiptare, nga DPS u l\u00ebshua njoftimi, brenda t\u00eb cilit shprehet dyshimi se lideri i L\u00ebvizjes p\u00ebr Ndryshime, Nebojsha Medojevic, \u201csipas t\u00eb gjitha gjasave u ka premtuar lider\u00ebve t\u00eb Forc\u00ebs dhe Alternativ\u00ebs Shqiptare se, po qe se e p\u00ebrkrahin n\u00eb zgjedhjet presidenciale,ai do t\u2019i liroj\u00eb t\u00eb arrestuarit gjat\u00eb aksionit \u2018Fluturimi i <img loading=\"lazy\" class=\"alignleft\" style=\"float: left;\" src=\"http:\/\/www.dpscg.org\/images\/stories\/licnosti\/rajko-kovacevic.jpg\" alt=\"\" width=\"80\" height=\"112\" \/>Shqiponj\u00ebs\u201d, duke anashkaluar procesin gjyq\u00ebsor q\u00eb \u00ebsht\u00eb n\u00eb vijim,dhe se do t\u00eb b\u00ebj\u00eb abolimin e t\u00eb arrestuarve n\u00eb k\u00ebt\u00eb aksion, me t\u00eb cil\u00ebn gj\u00eb ai do ta shkat\u00ebrronte sistemin gjyq\u00ebsor, pra nj\u00ebrin nga themelet e secil\u00ebs demokraci\u201d.Z\u00ebdh\u00ebn\u00ebsi i DPS, Rajko Kovacevic,pohoi se thirrja e lider\u00ebve t\u00eb Forc\u00ebs dhe Alternatives Shqiptare qart\u00ebson se shkaqet p\u00ebr nj\u00eb veprim t\u00eb till\u00eb mund t\u00eb k\u00ebrkohen n\u00eb at\u00eb se \u00e7far\u00eb flasin aktivist\u00ebt e tyre n\u00eb terren. Megjithat\u00eb, Kovacevic mendon se lider\u00ebt e Forc\u00ebs dhe Alternatives Shqiptare n\u00eb arsyetimin e vendimit p\u00ebr p\u00ebrkrahjen e Medojevicit votuesve nuk ua kan\u00eb sqaruan nj\u00eb \u201ccik\u00ebrrim\u00eb\u201d shum\u00eb t\u00eb r\u00ebnd\u00ebsishme, at\u00eb se si \u00ebsht\u00eb e mundur q\u00eb n\u00eb raundin e dyt\u00eb eventual ata ta p\u00ebrkrahin Medojevicin s\u00eb bashku me ithtar\u00ebt e List\u00ebs Serbe, n\u00eb \u00e7ka kandidati i L\u00ebvizjes p\u00ebr Ndryshime gjithsesi q\u00eb llogarit\u00eb.<br \/>\n\u201cPjesa d\u00ebrrmuese e votuesve shqiptar\u00eb edhe k\u00ebsaj here, pa asnj\u00eb dilem\u00eb, do ta p\u00ebrkrah\u00eb kandidatin e DPS, Filip Vujanovic, t\u00eb vet\u00ebdijsh\u00ebm se n\u00eb k\u00ebt\u00eb m\u00ebnyr\u00eb ata po zgjedhin kryetarin e t\u00eb gjith\u00eb qytetar\u00ebve malazez\u00eb\u201d, i porositi Cungun dhe Sinishtajn, z\u00ebdh\u00ebn\u00ebsi i DPS. Jozyrtarisht, t\u00eb enjten u kuptua se as Lidhja Demokratike e Shqiptar\u00ebve n\u00eb zgjedhjet presidenciale nuk do ta p\u00ebrkrah\u00eb kandidatin e DPS.Nj\u00eb burim brenda k\u00ebsaj partie, lider i s\u00eb cil\u00ebs \u00ebsht\u00eb Mehmet Bardhi, theksoi se \u201c\u00ebsht\u00eb e v\u00ebshtir\u00eb t\u00eb besohet se cilido shqiptar n\u00eb Mal t\u00eb Zi mund ta p\u00ebrkrah\u00eb struktur\u00ebn<br \/>\naktuale qeveritare\u201d.Partia Boshnjake, si\u00e7 deklaroi para pak koh\u00ebsh deputeti i saj, Kemal Purisic, n\u00eb zgjedhje nuk do ta p\u00ebrkrah\u00eb drejtp\u00ebrs\u00ebdrejti asnj\u00ebrin kandidat, por do t\u2019ua l\u00eb simpatizuesve q\u00eb ata vet\u00eb t\u00eb vendosin se cilin do ta p\u00ebrkrahin.\u201cDisponimi \u00ebsht\u00eb i till\u00eb q\u00eb ne t\u00eb mos b\u00ebjm\u00eb thirrje q\u00eb t\u00eb votohet p\u00ebr asnj\u00ebrin kandidat. Kjo aktualisht \u00ebsht\u00eb mund\u00ebsia m\u00eb reale, dhe mendoj se ky do t\u00eb jet\u00eb edhe vendimi p\u00ebrfundimtar i partis\u00eb.Me k\u00ebt\u00eb propozim gjithsesi se do t\u00eb shkojm\u00eb edhe n\u00eb K\u00ebshillin Qendror,q\u00eb do t\u00eb mbahet dhjet\u00eb dit\u00eb para zgjedhjeve\u201d, deklaroi Purisic.Ambasadori serb, pjes\u00eb e fushat\u00ebs zgjedhore Befasi t\u00eb madhe nxiti shfaqja e ambasadorit t\u00eb Serbis\u00eb n\u00eb Mal t\u00eb Zi, , gjat\u00eb konferenc\u00ebs p\u00ebr gazetar\u00eb t\u00eb kandidatit presidencial,Nebojsha<a href=\"http:\/\/www.visit-ulcinj.com\/blog\/wp-content\/uploads\/2008\/03\/zoran-lutovac.jpg\"><img loading=\"lazy\" class=\"alignright alignnone size-thumbnail wp-image-1088\" style=\"float: right;\" title=\"zoran-lutovac\" src=\"http:\/\/www.visit-ulcinj.com\/blog\/wp-content\/uploads\/2008\/03\/zoran-lutovac-150x150.jpg\" alt=\"Zoran Lutovac\" width=\"150\" height=\"150\" \/><\/a> Medojevic.<br \/>\nPrezenc\u00ebn e tij n\u00eb fushat\u00ebn zgjedhore,L\u00ebvizja p\u00ebr Ndryshime e shfryt\u00ebzoi n\u00eb mas\u00eb t\u00eb madhe n\u00eb t\u00eb gjitha tubimet parazgjedhore n\u00eb t\u00eb gjitha qytetet e Malit t\u00eb Zi.Tubimet fillonin dhe mbaronin me xhirimin e po asaj press-konference dhe me rr\u00ebfimin p\u00ebr takimin e Medojevicit me ambasadorin Lutovac, nd\u00ebrkoh\u00eb q\u00eb xhirimi nga konferenca po emitohet edhe n\u00eb kuad\u00ebr t\u00eb programit politik n\u00eb kanalet e shumta televizive.Ambasadori Lutovac me at\u00eb rast deklaroi se q\u00ebllim i tij primar \u00ebsht\u00eb vendosja e raporteve sa m\u00eb t\u00eb mira mes Serbis\u00eb dhe Malit t\u00eb Zi dhe paralajm\u00ebroi se do t\u00eb takohej \u201cme t\u00eb gjith\u00eb ata n\u00eb Mal t\u00eb Zi q\u00eb mund t\u00eb kontribuojn\u00eb p\u00ebrmir\u00ebsimit t\u00eb tyre\u201d. Aktualisht opinioni \u00ebsht\u00eb i informuar se Lutovac \u00ebsht\u00eb takuar me kryetarin e DPS dhe t\u00eb Qeveris\u00eb malazeze, Milo Djukanovic,por edhe me kandidatin presidencial t\u00eb k\u00ebsaj partie, me kryetarin aktual t\u00eb vendit, Filip Vujanovic.Ajo q\u00eb ende nuk dihet \u00ebsht\u00eb n\u00ebse prapa t\u00eb opinionit ambasadori i Serbis\u00eb ka pasur takime edhe kandidat\u00ebt tjer\u00eb presidencial &#8211; Andrija Mandic dhe Srdja Milic, ngase p\u00ebr k\u00ebt\u00eb sqarim ai nuk u shfaq n\u00eb asnj\u00eb konferenc\u00eb p\u00ebr gazetar\u00eb.Kush do t\u00eb p\u00ebrkrahet nga pakicat .Ajo q\u00eb dihet deri tani \u00ebsht\u00eb e p\u00ebr Vujanovicin, p\u00ebrve\u00e7 an\u00ebtar\u00ebve t\u00eb partis\u00eb s\u00eb tij, do t\u00eb votojn\u00eb edhe ithtar\u00ebt e partnerit t\u00eb koalicionit,Partis\u00eb Socialdemokrate, megjith\u00ebse jo n\u00eb mas\u00ebn si m\u00eb p\u00ebrpara, sepse vler\u00ebsohet q\u00eb nj\u00eb num\u00ebr i madh i an\u00ebtar\u00ebve dhe simpatizant\u00ebve t\u00eb partis\u00eb s\u00eb Krivokapicit e preferojn\u00eb ish-an\u00ebtarin Medojevic.P\u00ebr Vujanovic pritet t\u00eb votojn\u00eb edhe ithtar\u00ebt e Unionit Demokratik t\u00eb Shqiptar\u00ebve t\u00eb Ferhat Dinosh\u00ebs, ata t\u00eb Iniciativ\u00ebs Qytetare Kroate dhe t\u00eb partive myslimano-boshnjake.Medojevic nd\u00ebrkaq llogarit n\u00eb p\u00ebrkrahjen e pjes\u00ebs s\u00eb votuesve t\u00eb rinj t\u00eb DPS, t\u00eb shumic\u00ebs shqiptare dhe boshnjake, megjith\u00ebse koh\u00eb m\u00eb par\u00eb paralajm\u00ebroi se pret edhe nj\u00eb p\u00ebrkrahje t\u00eb madhe nga Partia Socialdemokrate e Ranko Krivokapic. Vet\u00ebm kandidati i Partis\u00eb Popullore Serbe, Andrija Mandic,nuk llogarit n\u00eb votuesit q\u00eb vijn\u00eb nga pakicat komb\u00ebtare, gj\u00eb q\u00eb s\u2019mund t\u00eb thuhet edhe p\u00ebr kandidatin presidencial t\u00eb Partis\u00eb Socialiste Popullore, Srdjan Milic.<br \/>\n<strong>Lajme nga Ulqini<br \/>\nPolitika<br \/>\nGazeta express<\/strong><br \/>\n<strong><br \/>\n<\/strong><img loading=\"lazy\" class=\"alignleft\" style=\"float: left;\" src=\"http:\/\/www.filipvujanovic.cg.yu\/images\/header2.jpg\" alt=\"\" width=\"335\" height=\"108\" \/><strong> N\u00eb raund t\u00eb par\u00eb fiton Vujanovic:<\/strong><br \/>\nFilip Vujanovic me siguri do t\u00eb fitoj\u00eb n\u00eb raundin e par\u00eb t\u00eb zgjedhjeve presidenciale, vler\u00ebson Qendra p\u00ebr Demokraci dhe p\u00ebr t\u00eb Drejtat e Njeriut n\u00eb Podgoric\u00eb. Sipas hulumtimit t\u00eb fundit t\u00eb k\u00ebsaj qendre, kandidati i koalicionit qeveritar, Filip Vujanovic, do t\u00eb duhej q\u00eb qysh n\u00eb raundin e par\u00eb t\u00eb fitonte 52.8 p\u00ebr qind t\u00eb votave, nd\u00ebrkaq kandidat\u00ebt tjer\u00eb &#8211; Andrija Mandic, Nebojsa Medojevic dhe Srdjan Milic, 19.1 respektivisht 18.3 dhe 9.8 p\u00ebr qind t\u00eb votave.<\/p>\n","protected":false},"excerpt":{"rendered":"<p><img loading=\"lazy\" class=\"alignleft size-medium wp-image-1048\" style=\"float: left;\" title=\"medojevic_cakuli\" src=\"http:\/\/www.visit-ulcinj.com\/blog\/wp-content\/uploads\/2008\/03\/medojevic_cakuli.jpg\" alt=\"\" width=\"140\" height=\"140\" \/><\/p>\n","protected":false},"author":1,"featured_media":0,"comment_status":"open","ping_status":"closed","sticky":false,"template":"","format":"standard","meta":{"spay_email":"","jetpack_publicize_message":"","jetpack_is_tweetstorm":false,"jetpack_publicize_feature_enabled":true},"categories":[1,11],"tags":[97,93,347,118,794,2226,2225],"jetpack_publicize_connections":[],"yoast_head":"<!-- This site is optimized with the Yoast SEO plugin v19.1 - https:\/\/yoast.com\/wordpress\/plugins\/seo\/ -->\n<title>Ndahen Politikisht Shqiptar\u00ebt n\u00eb Mal t\u00eb Zi - Lajme nga Ulqini<\/title>\n<meta name=\"robots\" content=\"index, follow, max-snippet:-1, max-image-preview:large, max-video-preview:-1\" \/>\n<link rel=\"canonical\" href=\"https:\/\/www.visit-ulcinj.com\/blog\/2008\/03\/31\/ndahen-politikisht-shqiptaret-ne-mal-te-zi\/\" \/>\n<meta property=\"og:locale\" content=\"en_US\" \/>\n<meta property=\"og:type\" content=\"article\" \/>\n<meta property=\"og:title\" content=\"Ndahen Politikisht Shqiptar\u00ebt n\u00eb Mal t\u00eb Zi - Lajme nga Ulqini\" \/>\n<meta property=\"og:url\" content=\"https:\/\/www.visit-ulcinj.com\/blog\/2008\/03\/31\/ndahen-politikisht-shqiptaret-ne-mal-te-zi\/\" \/>\n<meta property=\"og:site_name\" content=\"Lajme nga Ulqini\" \/>\n<meta property=\"article:published_time\" content=\"2008-03-31T20:37:19+00:00\" \/>\n<meta property=\"og:image\" content=\"http:\/\/www.visit-ulcinj.com\/blog\/wp-content\/uploads\/2008\/03\/medojevic_cakuli.jpg\" \/>\n<meta name=\"twitter:label1\" content=\"Written by\" \/>\n\t<meta name=\"twitter:data1\" content=\"ulqini\" \/>\n\t<meta name=\"twitter:label2\" content=\"Est. reading time\" \/>\n\t<meta name=\"twitter:data2\" content=\"7 minutes\" \/>\n<script type=\"application\/ld+json\" class=\"yoast-schema-graph\">{\"@context\":\"https:\/\/schema.org\",\"@graph\":[{\"@type\":\"WebSite\",\"@id\":\"https:\/\/www.visit-ulcinj.com\/blog\/#website\",\"url\":\"https:\/\/www.visit-ulcinj.com\/blog\/\",\"name\":\"Lajme nga Ulqini\",\"description\":\"Lajme,Vijesti,Ulqini,Ulqin,Crna Gora,Mali i Zi\",\"potentialAction\":[{\"@type\":\"SearchAction\",\"target\":{\"@type\":\"EntryPoint\",\"urlTemplate\":\"https:\/\/www.visit-ulcinj.com\/blog\/?s={search_term_string}\"},\"query-input\":\"required name=search_term_string\"}],\"inLanguage\":\"en-US\"},{\"@type\":\"ImageObject\",\"inLanguage\":\"en-US\",\"@id\":\"https:\/\/www.visit-ulcinj.com\/blog\/2008\/03\/31\/ndahen-politikisht-shqiptaret-ne-mal-te-zi\/#primaryimage\",\"url\":\"http:\/\/www.visit-ulcinj.com\/blog\/wp-content\/uploads\/2008\/03\/medojevic_cakuli.jpg\",\"contentUrl\":\"http:\/\/www.visit-ulcinj.com\/blog\/wp-content\/uploads\/2008\/03\/medojevic_cakuli.jpg\"},{\"@type\":\"WebPage\",\"@id\":\"https:\/\/www.visit-ulcinj.com\/blog\/2008\/03\/31\/ndahen-politikisht-shqiptaret-ne-mal-te-zi\/#webpage\",\"url\":\"https:\/\/www.visit-ulcinj.com\/blog\/2008\/03\/31\/ndahen-politikisht-shqiptaret-ne-mal-te-zi\/\",\"name\":\"Ndahen Politikisht Shqiptar\u00ebt n\u00eb Mal t\u00eb Zi - Lajme nga Ulqini\",\"isPartOf\":{\"@id\":\"https:\/\/www.visit-ulcinj.com\/blog\/#website\"},\"primaryImageOfPage\":{\"@id\":\"https:\/\/www.visit-ulcinj.com\/blog\/2008\/03\/31\/ndahen-politikisht-shqiptaret-ne-mal-te-zi\/#primaryimage\"},\"datePublished\":\"2008-03-31T20:37:19+00:00\",\"dateModified\":\"2008-03-31T20:37:19+00:00\",\"author\":{\"@id\":\"https:\/\/www.visit-ulcinj.com\/blog\/#\/schema\/person\/dcab619c614d3038751c63bc2aadc06d\"},\"breadcrumb\":{\"@id\":\"https:\/\/www.visit-ulcinj.com\/blog\/2008\/03\/31\/ndahen-politikisht-shqiptaret-ne-mal-te-zi\/#breadcrumb\"},\"inLanguage\":\"en-US\",\"potentialAction\":[{\"@type\":\"ReadAction\",\"target\":[\"https:\/\/www.visit-ulcinj.com\/blog\/2008\/03\/31\/ndahen-politikisht-shqiptaret-ne-mal-te-zi\/\"]}]},{\"@type\":\"BreadcrumbList\",\"@id\":\"https:\/\/www.visit-ulcinj.com\/blog\/2008\/03\/31\/ndahen-politikisht-shqiptaret-ne-mal-te-zi\/#breadcrumb\",\"itemListElement\":[{\"@type\":\"ListItem\",\"position\":1,\"name\":\"Ndahen Politikisht Shqiptar\u00ebt n\u00eb Mal t\u00eb Zi\"}]},{\"@type\":\"Person\",\"@id\":\"https:\/\/www.visit-ulcinj.com\/blog\/#\/schema\/person\/dcab619c614d3038751c63bc2aadc06d\",\"name\":\"ulqini\",\"sameAs\":[\"http:\/\/www.visit-ulcinj.com\"],\"url\":\"https:\/\/www.visit-ulcinj.com\/blog\/author\/admin\/\"}]}<\/script>\n<!-- \/ Yoast SEO plugin. -->","yoast_head_json":{"title":"Ndahen Politikisht Shqiptar\u00ebt n\u00eb Mal t\u00eb Zi - Lajme nga Ulqini","robots":{"index":"index","follow":"follow","max-snippet":"max-snippet:-1","max-image-preview":"max-image-preview:large","max-video-preview":"max-video-preview:-1"},"canonical":"https:\/\/www.visit-ulcinj.com\/blog\/2008\/03\/31\/ndahen-politikisht-shqiptaret-ne-mal-te-zi\/","og_locale":"en_US","og_type":"article","og_title":"Ndahen Politikisht Shqiptar\u00ebt n\u00eb Mal t\u00eb Zi - Lajme nga Ulqini","og_url":"https:\/\/www.visit-ulcinj.com\/blog\/2008\/03\/31\/ndahen-politikisht-shqiptaret-ne-mal-te-zi\/","og_site_name":"Lajme nga Ulqini","article_published_time":"2008-03-31T20:37:19+00:00","og_image":[{"url":"http:\/\/www.visit-ulcinj.com\/blog\/wp-content\/uploads\/2008\/03\/medojevic_cakuli.jpg"}],"twitter_misc":{"Written by":"ulqini","Est. reading time":"7 minutes"},"schema":{"@context":"https:\/\/schema.org","@graph":[{"@type":"WebSite","@id":"https:\/\/www.visit-ulcinj.com\/blog\/#website","url":"https:\/\/www.visit-ulcinj.com\/blog\/","name":"Lajme nga Ulqini","description":"Lajme,Vijesti,Ulqini,Ulqin,Crna Gora,Mali i Zi","potentialAction":[{"@type":"SearchAction","target":{"@type":"EntryPoint","urlTemplate":"https:\/\/www.visit-ulcinj.com\/blog\/?s={search_term_string}"},"query-input":"required name=search_term_string"}],"inLanguage":"en-US"},{"@type":"ImageObject","inLanguage":"en-US","@id":"https:\/\/www.visit-ulcinj.com\/blog\/2008\/03\/31\/ndahen-politikisht-shqiptaret-ne-mal-te-zi\/#primaryimage","url":"http:\/\/www.visit-ulcinj.com\/blog\/wp-content\/uploads\/2008\/03\/medojevic_cakuli.jpg","contentUrl":"http:\/\/www.visit-ulcinj.com\/blog\/wp-content\/uploads\/2008\/03\/medojevic_cakuli.jpg"},{"@type":"WebPage","@id":"https:\/\/www.visit-ulcinj.com\/blog\/2008\/03\/31\/ndahen-politikisht-shqiptaret-ne-mal-te-zi\/#webpage","url":"https:\/\/www.visit-ulcinj.com\/blog\/2008\/03\/31\/ndahen-politikisht-shqiptaret-ne-mal-te-zi\/","name":"Ndahen Politikisht Shqiptar\u00ebt n\u00eb Mal t\u00eb Zi - Lajme nga Ulqini","isPartOf":{"@id":"https:\/\/www.visit-ulcinj.com\/blog\/#website"},"primaryImageOfPage":{"@id":"https:\/\/www.visit-ulcinj.com\/blog\/2008\/03\/31\/ndahen-politikisht-shqiptaret-ne-mal-te-zi\/#primaryimage"},"datePublished":"2008-03-31T20:37:19+00:00","dateModified":"2008-03-31T20:37:19+00:00","author":{"@id":"https:\/\/www.visit-ulcinj.com\/blog\/#\/schema\/person\/dcab619c614d3038751c63bc2aadc06d"},"breadcrumb":{"@id":"https:\/\/www.visit-ulcinj.com\/blog\/2008\/03\/31\/ndahen-politikisht-shqiptaret-ne-mal-te-zi\/#breadcrumb"},"inLanguage":"en-US","potentialAction":[{"@type":"ReadAction","target":["https:\/\/www.visit-ulcinj.com\/blog\/2008\/03\/31\/ndahen-politikisht-shqiptaret-ne-mal-te-zi\/"]}]},{"@type":"BreadcrumbList","@id":"https:\/\/www.visit-ulcinj.com\/blog\/2008\/03\/31\/ndahen-politikisht-shqiptaret-ne-mal-te-zi\/#breadcrumb","itemListElement":[{"@type":"ListItem","position":1,"name":"Ndahen Politikisht Shqiptar\u00ebt n\u00eb Mal t\u00eb Zi"}]},{"@type":"Person","@id":"https:\/\/www.visit-ulcinj.com\/blog\/#\/schema\/person\/dcab619c614d3038751c63bc2aadc06d","name":"ulqini","sameAs":["http:\/\/www.visit-ulcinj.com"],"url":"https:\/\/www.visit-ulcinj.com\/blog\/author\/admin\/"}]}},"jetpack_featured_media_url":"","jetpack_sharing_enabled":true,"jetpack_shortlink":"https:\/\/wp.me\/pe6lTn-hx","_links":{"self":[{"href":"https:\/\/www.visit-ulcinj.com\/blog\/wp-json\/wp\/v2\/posts\/1087"}],"collection":[{"href":"https:\/\/www.visit-ulcinj.com\/blog\/wp-json\/wp\/v2\/posts"}],"about":[{"href":"https:\/\/www.visit-ulcinj.com\/blog\/wp-json\/wp\/v2\/types\/post"}],"author":[{"embeddable":true,"href":"https:\/\/www.visit-ulcinj.com\/blog\/wp-json\/wp\/v2\/users\/1"}],"replies":[{"embeddable":true,"href":"https:\/\/www.visit-ulcinj.com\/blog\/wp-json\/wp\/v2\/comments?post=1087"}],"version-history":[{"count":0,"href":"https:\/\/www.visit-ulcinj.com\/blog\/wp-json\/wp\/v2\/posts\/1087\/revisions"}],"wp:attachment":[{"href":"https:\/\/www.visit-ulcinj.com\/blog\/wp-json\/wp\/v2\/media?parent=1087"}],"wp:term":[{"taxonomy":"category","embeddable":true,"href":"https:\/\/www.visit-ulcinj.com\/blog\/wp-json\/wp\/v2\/categories?post=1087"},{"taxonomy":"post_tag","embeddable":true,"href":"https:\/\/www.visit-ulcinj.com\/blog\/wp-json\/wp\/v2\/tags?post=1087"}],"curies":[{"name":"wp","href":"https:\/\/api.w.org\/{rel}","templated":true}]}}