{"id":10895,"date":"2009-02-08T15:40:42","date_gmt":"2009-02-08T14:40:42","guid":{"rendered":"http:\/\/www.visit-ulcinj.com\/blog\/?p=10895"},"modified":"2009-02-08T15:43:48","modified_gmt":"2009-02-08T14:43:48","slug":"raste-interesovanje-arheologa-za-svac","status":"publish","type":"post","link":"https:\/\/www.visit-ulcinj.com\/blog\/2009\/02\/08\/raste-interesovanje-arheologa-za-svac\/","title":{"rendered":"Raste interesovanje arheologa za Sva?"},"content":{"rendered":"<p><strong><a href=\"http:\/\/www.visit-ulcinj.com\/blog\/wp-content\/uploads\/2009\/02\/shas-_sas-_svac-_montenegro.jpg\"><img loading=\"lazy\" class=\"alignleft size-full wp-image-10914\" title=\"shas-_sas-_svac-_montenegro\" src=\"http:\/\/www.visit-ulcinj.com\/blog\/wp-content\/uploads\/2009\/02\/shas-_sas-_svac-_montenegro.jpg\" alt=\"shas-_sas-_svac-_montenegro\" width=\"570\" height=\"400\" \/><\/a>Vaskrsava umrli grad<br \/>\nRaste interesovanje arheologa za Sva? na obronku iznad \u0160askog jezera<\/strong><br \/>\nUlcinj &#8211; Najatraktivniji mrtvi grad na Jadranu, Stari grad Sva?, smje\u0161ten na obronku iznad \u0160askog jezera na oko 25 kilometara od Ulcinja, mogao bi uskoro vaskrsnuti u arheolo\u0161ku senzaciju regiona i rasko\u0161an turisti?ki proizvod. Ostaci crkava starih 700 i vi\u0161e godina, zarasli u korov i ve? decenijama prepu\u0161teni zubu vremena, trebalo bi uskoro da se na?u u centru pa\u017enje doma?ih i stranih arheologa kojima nije strana misti?na aura drevnog utvr?enja.<br \/>\nU razgovoru za \u201cVijesti\u201d to je potvrdila i vi\u0161a kustoskinja Etnolo\u0161kog muzeja u Ulcinju Mileva Nikolaidis koja tvrdi da je interesovanje arheolo\u0161kih eksperata za Sva? vi\u0161e nego ikad do sada. Razlog za to treba tra\u017eiti u nedavno uspostavljenoj saradnji muzeja i NVO ORA iz Ulcinja koja je pokrenula \u017eestoku kampanju za o?uvanje Sva?a, davno uvr\u0161tenog u spomenike prve kategorije. Nikolaidis je kazala da su prve zdru\u017eene aktivnosti ve? dale rezultate.<br \/>\n\u201cSto devedeset tri predmeta prona?ena u sonda\u017enim istra\u017eivanjima 1985. godine nedavno su proslije?ena Republi?kom zavodu za za\u0161titu spomenika prirode na konzerviranje i o?ekuje se da ve? u junu budu prezentovani posjetiocima\u201d, ka\u017ee ona.<br \/>\nStru?na javnost zna, dodaje kustoskinja, a i lai?ka polako shvata da je Sva? arsenal arheologije.<br \/>\n\u201cDa bismo to potvrdili, na Sva?u moramo obaviti i sistematska istra\u017eivanja, koja su bila planirana jo\u0161 1986. Tada je bilo dogovoreno da crkva Svete Marije ili Jovana Krstitelja bude konzervirana i da se kompletan materijal prona?en u sonda\u017enim istra\u017eivanjima prezentuje posjetiocima u jednoj od njih. Na\u017ealost, saradnja izme?u klju?nih institucija tada je izostala\u201c, prisje?a se Nikolaidis.<br \/>\nIako je prema predanju imao 365 crkava &#8211; za svaki dan u godini po jednu, u ru\u0161evinama zetskog srednjovjekovnog grada Sva?a danas se naziru temelji samo njih osam. U istorijskim aktima pretpostavlja se da je Sva? nastao u vrijeme vizantijskog cara Justinijana po?etkom 6. vijeka, a prestao je da \u017eivi sa dolaskom Turaka, krajem 16. vijeka. Malo utvr?enje udaljeno 25 kilometara sjeveroisto?no od Ulcinja tokom 11- vjekovnog postojanja bilo je interesantno i izazovno mnogim osvaja?ima, putopiscima, arheolozima a zbog bogomolja, naro?ito sve\u0161tenicima.<br \/>\nFran?esko ?ustinijani iz ?enove 1533. godine zabilje\u017eio je da se u starom episkopskom gradu nalaze ru\u0161evine 360 crkava i kapela. Obilaze?i ru\u0161evine, 80-tak godina kasnije, barski nadbiskup Marin Bici zapisao je da je u Sva?u postojalo onoliko crkava koliko u godini dana, a sli?no je pisao i Degran.<br \/>\nIstori?ari su utvrdili da se ime Sva?a kao episkopskog grada prvi put pominje u buli pape Aleksandra II 1067. godine. Srpski \u017eupan Stefan Nemanja je tokom osvaja?akog pohoda na Zetu 1183. godine osvojio i Sva? i sa ostalim gradovima pripojio ga Ra\u0161koj, 1242. horde Mongola su ga sravnile sa zemljom, ne\u0161to kasnije ga je obnovila kraljica Jelena An\u017eujska, dok je 1571. dolaskom Turaka potpuno opusto\u0161en.<br \/>\nNikolaidis je kazala da na?eni metal, perle i novac, koji se trenutno konzerviraju, poti?u iz 14. i 15. vijeka ali da u \u0161utu tog sonda\u017enog materijala ima i ilirskih ulomaka, pa ?ak i antike \u0161to \u201cupu?uje na zaklju?ak da je grad bitisao i vjekovima ranije\u201d.<br \/>\n\u201cTokom 1985, rekognocirano je 8 crkava, od kojih je 6 u temeljima dok su dvije katedralne. Jedna od njih, crkva Sv. Jovana Krstitelja ra?ena je u romani?kom stilu, a crkva Sv. Marije u franjeva?kom. Obnova obje crkve, koje su stradale u najezdi Mongola, ve\u017ee se za kraljicu Jelenu An\u017eujsku, \u017eenu kralja Uro\u0161a I, koja je tada \u017eivjela u Ulcinju. Pretpostavlja da je obnovu starije franjeva?ke crkve u gotskom stilu Jelena, po\u0161to je bila katolkinja, uradila za svoju du\u0161u dok je crkvu Sv. Jovana Krstitelja posvetila u znak ljubavi prema svom suprugu\u201d, prenosi Nikolaidis dio istorije Starog grada Sva?a kada su Ulcinjem i dr\u017eavom Zetom gospodarili srpski vlastodr\u0161ci.<br \/>\nOna je istakla da bi sistematsko istra\u017eivanje vjerovatno utvrdilo iz kog doba poti?e ostalih 6 crkava, koje se sada nalaze u temeljima.<br \/>\n\u201cI ne samo to, sistematsko istra\u017eivanje pokazalo bi kakav je Sva? arheolo\u0161ki i turisti?ki potencijal. Njegova obnova, muzeju bi donijela prijeko potrebna sredstva i dobar glas u svijetu, a gradu i dr\u017eavi oreol destinacije koja zna da ?uva i ba\u0161tini svoju istoriju\u201d, smatra Nikolaidis.<br \/>\nRu\u0161evine Starog grada Sva?a, mjesno stanovni\u0161tvo i danas zove Ki\u0161at, odnosno Kishat na albanskom jeziku, \u0161to u prevodu zna?i \u201ccrkve\u201d.<br \/>\nU izjavi za \u201cVijesti\u201d prije gotovo pet godina, Nikolaidis je kazala da nikad ne?e odustati od namjere da na?eni materijal konzervira i predstavi.<br \/>\n\u201cIako jo\u0161 nije prezentovan ni publikovan, kompletan materijal je muzeolo\u0161ki obra?en. Ideja od koje ne?emo odustati je da sav na?eni materijal na Sva?u konzerviramo i njegovim izlaganjem u dvije najvi\u0161e crkve, stvorimo svojevrstan muzejski kompleks\u201d, kazala je tada Nikolaidis.<br \/>\nNjena upornost se isplatila, a na potezu je dr\u017eava, koja do sada nije pokazivala naro?ito interesovanje za umrli grad koji se budi.<\/p>\n<p><strong>S.ADROVI?<br \/>\nIzvor \/ Vijesti<\/strong><\/p>\n\n\t\t<style type=\"text\/css\">\n\t\t\t#gallery-1 {\n\t\t\t\tmargin: auto;\n\t\t\t}\n\t\t\t#gallery-1 .gallery-item {\n\t\t\t\tfloat: left;\n\t\t\t\tmargin-top: 10px;\n\t\t\t\ttext-align: center;\n\t\t\t\twidth: 33%;\n\t\t\t}\n\t\t\t#gallery-1 img {\n\t\t\t\tborder: 2px solid #cfcfcf;\n\t\t\t}\n\t\t\t#gallery-1 .gallery-caption {\n\t\t\t\tmargin-left: 0;\n\t\t\t}\n\t\t\t\/* see gallery_shortcode() in wp-includes\/media.php *\/\n\t\t<\/style>\n\t\t<div id='gallery-1' class='gallery galleryid-10895 gallery-columns-3 gallery-size-thumbnail'><dl class='gallery-item'>\n\t\t\t<dt class='gallery-icon landscape'>\n\t\t\t\t<a href='https:\/\/www.visit-ulcinj.com\/blog\/wp-content\/uploads\/2009\/02\/motel-_shas-_sas-_svac-_montenegro.jpg'><img width=\"150\" height=\"150\" src=\"https:\/\/www.visit-ulcinj.com\/blog\/wp-content\/uploads\/2009\/02\/motel-_shas-_sas-_svac-_montenegro-150x150.jpg\" class=\"attachment-thumbnail size-thumbnail\" alt=\"\" loading=\"lazy\" \/><\/a>\n\t\t\t<\/dt><\/dl><dl class='gallery-item'>\n\t\t\t<dt class='gallery-icon landscape'>\n\t\t\t\t<a href='https:\/\/www.visit-ulcinj.com\/blog\/wp-content\/uploads\/2009\/02\/shas-_sas-_svac-_montenegro1.jpg'><img width=\"150\" height=\"150\" src=\"https:\/\/www.visit-ulcinj.com\/blog\/wp-content\/uploads\/2009\/02\/shas-_sas-_svac-_montenegro1-150x150.jpg\" class=\"attachment-thumbnail size-thumbnail\" alt=\"\" loading=\"lazy\" \/><\/a>\n\t\t\t<\/dt><\/dl><dl class='gallery-item'>\n\t\t\t<dt class='gallery-icon landscape'>\n\t\t\t\t<a href='https:\/\/www.visit-ulcinj.com\/blog\/wp-content\/uploads\/2009\/02\/shas-_sas-_svac-_montenegro3.jpg'><img width=\"150\" height=\"150\" src=\"https:\/\/www.visit-ulcinj.com\/blog\/wp-content\/uploads\/2009\/02\/shas-_sas-_svac-_montenegro3-150x150.jpg\" class=\"attachment-thumbnail size-thumbnail\" alt=\"\" loading=\"lazy\" \/><\/a>\n\t\t\t<\/dt><\/dl><br style=\"clear: both\" \/><dl class='gallery-item'>\n\t\t\t<dt class='gallery-icon portrait'>\n\t\t\t\t<a href='https:\/\/www.visit-ulcinj.com\/blog\/wp-content\/uploads\/2009\/02\/shas-_sas-_svac-_montenegro4.jpg'><img width=\"150\" height=\"150\" src=\"https:\/\/www.visit-ulcinj.com\/blog\/wp-content\/uploads\/2009\/02\/shas-_sas-_svac-_montenegro4-150x150.jpg\" class=\"attachment-thumbnail size-thumbnail\" alt=\"\" loading=\"lazy\" \/><\/a>\n\t\t\t<\/dt><\/dl><dl class='gallery-item'>\n\t\t\t<dt class='gallery-icon landscape'>\n\t\t\t\t<a href='https:\/\/www.visit-ulcinj.com\/blog\/wp-content\/uploads\/2009\/02\/shas-_sas-_svac-_montenegro5.jpg'><img width=\"150\" height=\"150\" src=\"https:\/\/www.visit-ulcinj.com\/blog\/wp-content\/uploads\/2009\/02\/shas-_sas-_svac-_montenegro5-150x150.jpg\" class=\"attachment-thumbnail size-thumbnail\" alt=\"\" loading=\"lazy\" \/><\/a>\n\t\t\t<\/dt><\/dl><dl class='gallery-item'>\n\t\t\t<dt class='gallery-icon landscape'>\n\t\t\t\t<a href='https:\/\/www.visit-ulcinj.com\/blog\/wp-content\/uploads\/2009\/02\/shas-_sas-_svac-_montenegro6.jpg'><img width=\"150\" height=\"150\" src=\"https:\/\/www.visit-ulcinj.com\/blog\/wp-content\/uploads\/2009\/02\/shas-_sas-_svac-_montenegro6-150x150.jpg\" class=\"attachment-thumbnail size-thumbnail\" alt=\"\" loading=\"lazy\" \/><\/a>\n\t\t\t<\/dt><\/dl><br style=\"clear: both\" \/><dl class='gallery-item'>\n\t\t\t<dt class='gallery-icon landscape'>\n\t\t\t\t<a href='https:\/\/www.visit-ulcinj.com\/blog\/wp-content\/uploads\/2009\/02\/shas-_sas-_svac-_montenegro7.jpg'><img width=\"150\" height=\"150\" src=\"https:\/\/www.visit-ulcinj.com\/blog\/wp-content\/uploads\/2009\/02\/shas-_sas-_svac-_montenegro7-150x150.jpg\" class=\"attachment-thumbnail size-thumbnail\" alt=\"\" loading=\"lazy\" \/><\/a>\n\t\t\t<\/dt><\/dl><dl class='gallery-item'>\n\t\t\t<dt class='gallery-icon landscape'>\n\t\t\t\t<a href='https:\/\/www.visit-ulcinj.com\/blog\/wp-content\/uploads\/2009\/02\/shas-_sas-_svac-_montenegro8.jpg'><img width=\"150\" height=\"150\" src=\"https:\/\/www.visit-ulcinj.com\/blog\/wp-content\/uploads\/2009\/02\/shas-_sas-_svac-_montenegro8-150x150.jpg\" class=\"attachment-thumbnail size-thumbnail\" alt=\"\" loading=\"lazy\" \/><\/a>\n\t\t\t<\/dt><\/dl><dl class='gallery-item'>\n\t\t\t<dt class='gallery-icon landscape'>\n\t\t\t\t<a href='https:\/\/www.visit-ulcinj.com\/blog\/wp-content\/uploads\/2009\/02\/shas-_sas-_svac-_montenegro9.jpg'><img width=\"150\" height=\"150\" src=\"https:\/\/www.visit-ulcinj.com\/blog\/wp-content\/uploads\/2009\/02\/shas-_sas-_svac-_montenegro9-150x150.jpg\" class=\"attachment-thumbnail size-thumbnail\" alt=\"\" loading=\"lazy\" \/><\/a>\n\t\t\t<\/dt><\/dl><br style=\"clear: both\" \/><dl class='gallery-item'>\n\t\t\t<dt class='gallery-icon landscape'>\n\t\t\t\t<a href='https:\/\/www.visit-ulcinj.com\/blog\/wp-content\/uploads\/2009\/02\/shas-_sas-_svac-_montenegro10.jpg'><img width=\"150\" height=\"150\" src=\"https:\/\/www.visit-ulcinj.com\/blog\/wp-content\/uploads\/2009\/02\/shas-_sas-_svac-_montenegro10-150x150.jpg\" class=\"attachment-thumbnail size-thumbnail\" alt=\"\" loading=\"lazy\" \/><\/a>\n\t\t\t<\/dt><\/dl><dl class='gallery-item'>\n\t\t\t<dt class='gallery-icon landscape'>\n\t\t\t\t<a href='https:\/\/www.visit-ulcinj.com\/blog\/wp-content\/uploads\/2009\/02\/shas-_sas-_svac-_montenegro11.jpg'><img width=\"150\" height=\"150\" src=\"https:\/\/www.visit-ulcinj.com\/blog\/wp-content\/uploads\/2009\/02\/shas-_sas-_svac-_montenegro11-150x150.jpg\" class=\"attachment-thumbnail size-thumbnail\" alt=\"\" loading=\"lazy\" \/><\/a>\n\t\t\t<\/dt><\/dl><dl class='gallery-item'>\n\t\t\t<dt class='gallery-icon landscape'>\n\t\t\t\t<a href='https:\/\/www.visit-ulcinj.com\/blog\/wp-content\/uploads\/2009\/02\/shas-_sas-_svac-_montenegro12.jpg'><img width=\"150\" height=\"150\" src=\"https:\/\/www.visit-ulcinj.com\/blog\/wp-content\/uploads\/2009\/02\/shas-_sas-_svac-_montenegro12-150x150.jpg\" class=\"attachment-thumbnail size-thumbnail\" alt=\"\" loading=\"lazy\" \/><\/a>\n\t\t\t<\/dt><\/dl><br style=\"clear: both\" \/><dl class='gallery-item'>\n\t\t\t<dt class='gallery-icon landscape'>\n\t\t\t\t<a href='https:\/\/www.visit-ulcinj.com\/blog\/wp-content\/uploads\/2009\/02\/shas-_sas-_svac-_montenegro13.jpg'><img width=\"150\" height=\"150\" src=\"https:\/\/www.visit-ulcinj.com\/blog\/wp-content\/uploads\/2009\/02\/shas-_sas-_svac-_montenegro13-150x150.jpg\" class=\"attachment-thumbnail size-thumbnail\" alt=\"\" loading=\"lazy\" \/><\/a>\n\t\t\t<\/dt><\/dl><dl class='gallery-item'>\n\t\t\t<dt class='gallery-icon landscape'>\n\t\t\t\t<a href='https:\/\/www.visit-ulcinj.com\/blog\/wp-content\/uploads\/2009\/02\/shas-_sas-_svac-_montenegro14.jpg'><img width=\"150\" height=\"150\" src=\"https:\/\/www.visit-ulcinj.com\/blog\/wp-content\/uploads\/2009\/02\/shas-_sas-_svac-_montenegro14-150x150.jpg\" class=\"attachment-thumbnail size-thumbnail\" alt=\"\" loading=\"lazy\" \/><\/a>\n\t\t\t<\/dt><\/dl><dl class='gallery-item'>\n\t\t\t<dt class='gallery-icon landscape'>\n\t\t\t\t<a href='https:\/\/www.visit-ulcinj.com\/blog\/wp-content\/uploads\/2009\/02\/shas-_sas-_svac-_montenegro15.jpg'><img width=\"150\" height=\"150\" src=\"https:\/\/www.visit-ulcinj.com\/blog\/wp-content\/uploads\/2009\/02\/shas-_sas-_svac-_montenegro15-150x150.jpg\" class=\"attachment-thumbnail size-thumbnail\" alt=\"\" loading=\"lazy\" \/><\/a>\n\t\t\t<\/dt><\/dl><br style=\"clear: both\" \/><dl class='gallery-item'>\n\t\t\t<dt class='gallery-icon landscape'>\n\t\t\t\t<a href='https:\/\/www.visit-ulcinj.com\/blog\/wp-content\/uploads\/2009\/02\/shas-_sas-_svac-_montenegro16.jpg'><img width=\"150\" height=\"150\" src=\"https:\/\/www.visit-ulcinj.com\/blog\/wp-content\/uploads\/2009\/02\/shas-_sas-_svac-_montenegro16-150x150.jpg\" class=\"attachment-thumbnail size-thumbnail\" alt=\"\" loading=\"lazy\" \/><\/a>\n\t\t\t<\/dt><\/dl><dl class='gallery-item'>\n\t\t\t<dt class='gallery-icon landscape'>\n\t\t\t\t<a href='https:\/\/www.visit-ulcinj.com\/blog\/wp-content\/uploads\/2009\/02\/shas-_sas-_svac-_montenegro17.jpg'><img width=\"150\" height=\"150\" src=\"https:\/\/www.visit-ulcinj.com\/blog\/wp-content\/uploads\/2009\/02\/shas-_sas-_svac-_montenegro17-150x150.jpg\" class=\"attachment-thumbnail size-thumbnail\" alt=\"\" loading=\"lazy\" \/><\/a>\n\t\t\t<\/dt><\/dl><dl class='gallery-item'>\n\t\t\t<dt class='gallery-icon landscape'>\n\t\t\t\t<a href='https:\/\/www.visit-ulcinj.com\/blog\/wp-content\/uploads\/2009\/02\/shas-_sas-_svac-_montenegro.jpg'><img width=\"150\" height=\"150\" src=\"https:\/\/www.visit-ulcinj.com\/blog\/wp-content\/uploads\/2009\/02\/shas-_sas-_svac-_montenegro-150x150.jpg\" class=\"attachment-thumbnail size-thumbnail\" alt=\"\" loading=\"lazy\" \/><\/a>\n\t\t\t<\/dt><\/dl><br style=\"clear: both\" \/><dl class='gallery-item'>\n\t\t\t<dt class='gallery-icon landscape'>\n\t\t\t\t<a href='https:\/\/www.visit-ulcinj.com\/blog\/wp-content\/uploads\/2009\/02\/shas-_sas-_svac-_sea_montenegro1.jpg'><img width=\"150\" height=\"150\" src=\"https:\/\/www.visit-ulcinj.com\/blog\/wp-content\/uploads\/2009\/02\/shas-_sas-_svac-_sea_montenegro1-150x150.jpg\" class=\"attachment-thumbnail size-thumbnail\" alt=\"\" loading=\"lazy\" \/><\/a>\n\t\t\t<\/dt><\/dl><dl class='gallery-item'>\n\t\t\t<dt class='gallery-icon landscape'>\n\t\t\t\t<a href='https:\/\/www.visit-ulcinj.com\/blog\/wp-content\/uploads\/2009\/02\/shas-_sas-_svac-_sea_montenegro2.jpg'><img width=\"150\" height=\"150\" src=\"https:\/\/www.visit-ulcinj.com\/blog\/wp-content\/uploads\/2009\/02\/shas-_sas-_svac-_sea_montenegro2-150x150.jpg\" class=\"attachment-thumbnail size-thumbnail\" alt=\"\" loading=\"lazy\" \/><\/a>\n\t\t\t<\/dt><\/dl><dl class='gallery-item'>\n\t\t\t<dt class='gallery-icon landscape'>\n\t\t\t\t<a href='https:\/\/www.visit-ulcinj.com\/blog\/wp-content\/uploads\/2009\/02\/shas-_sas-_svac-_sea_montenegro.jpg'><img width=\"150\" height=\"150\" src=\"https:\/\/www.visit-ulcinj.com\/blog\/wp-content\/uploads\/2009\/02\/shas-_sas-_svac-_sea_montenegro-150x150.jpg\" class=\"attachment-thumbnail size-thumbnail\" alt=\"\" loading=\"lazy\" \/><\/a>\n\t\t\t<\/dt><\/dl><br style=\"clear: both\" \/>\n\t\t<\/div>\n\n","protected":false},"excerpt":{"rendered":"<p>Vaskrsava umrli grad Raste interesovanje arheologa za Sva? na obronku iznad \u0160askog jezera Ulcinj &#8211; Najatraktivniji mrtvi grad na Jadranu, Stari grad Sva?, smje\u0161ten na obronku iznad \u0160askog jezera na oko 25 kilometara od Ulcinja, mogao bi uskoro vaskrsnuti u arheolo\u0161ku senzaciju regiona i rasko\u0161an turisti?ki proizvod. Ostaci crkava starih 700 i vi\u0161e godina, zarasli [&hellip;]<\/p>\n","protected":false},"author":1,"featured_media":0,"comment_status":"open","ping_status":"closed","sticky":false,"template":"","format":"standard","meta":{"spay_email":"","jetpack_publicize_message":"","jetpack_is_tweetstorm":false,"jetpack_publicize_feature_enabled":true},"categories":[13],"tags":[6579,6580],"jetpack_publicize_connections":[],"yoast_head":"<!-- This site is optimized with the Yoast SEO plugin v19.1 - https:\/\/yoast.com\/wordpress\/plugins\/seo\/ -->\n<title>Raste interesovanje arheologa za Sva? - Lajme nga Ulqini<\/title>\n<meta name=\"description\" content=\"Vaskrsava umrli grad Raste interesovanje arheologa za Sva? na obronku iznad \u0160askog jezera Ulcinj - Najatraktivniji mrtvi grad na Jadranu, Stari grad Sva?,\" \/>\n<meta name=\"robots\" content=\"index, follow, max-snippet:-1, max-image-preview:large, max-video-preview:-1\" \/>\n<link rel=\"canonical\" href=\"https:\/\/www.visit-ulcinj.com\/blog\/2009\/02\/08\/raste-interesovanje-arheologa-za-svac\/\" \/>\n<meta property=\"og:locale\" content=\"en_US\" \/>\n<meta property=\"og:type\" content=\"article\" \/>\n<meta property=\"og:title\" content=\"Raste interesovanje arheologa za Sva? - Lajme nga Ulqini\" \/>\n<meta property=\"og:description\" content=\"Vaskrsava umrli grad Raste interesovanje arheologa za Sva? na obronku iznad \u0160askog jezera Ulcinj - Najatraktivniji mrtvi grad na Jadranu, Stari grad Sva?,\" \/>\n<meta property=\"og:url\" content=\"https:\/\/www.visit-ulcinj.com\/blog\/2009\/02\/08\/raste-interesovanje-arheologa-za-svac\/\" \/>\n<meta property=\"og:site_name\" content=\"Lajme nga Ulqini\" \/>\n<meta property=\"article:published_time\" content=\"2009-02-08T14:40:42+00:00\" \/>\n<meta property=\"article:modified_time\" content=\"2009-02-08T14:43:48+00:00\" \/>\n<meta property=\"og:image\" content=\"https:\/\/www.visit-ulcinj.com\/blog\/wp-content\/uploads\/2009\/02\/motel-_shas-_sas-_svac-_montenegro-150x150.jpg\" \/>\n<meta name=\"twitter:label1\" content=\"Written by\" \/>\n\t<meta name=\"twitter:data1\" content=\"ulqini\" \/>\n\t<meta name=\"twitter:label2\" content=\"Est. reading time\" \/>\n\t<meta name=\"twitter:data2\" content=\"4 minutes\" \/>\n<script type=\"application\/ld+json\" class=\"yoast-schema-graph\">{\"@context\":\"https:\/\/schema.org\",\"@graph\":[{\"@type\":\"WebSite\",\"@id\":\"https:\/\/www.visit-ulcinj.com\/blog\/#website\",\"url\":\"https:\/\/www.visit-ulcinj.com\/blog\/\",\"name\":\"Lajme nga Ulqini\",\"description\":\"Lajme,Vijesti,Ulqini,Ulqin,Crna Gora,Mali i Zi\",\"potentialAction\":[{\"@type\":\"SearchAction\",\"target\":{\"@type\":\"EntryPoint\",\"urlTemplate\":\"https:\/\/www.visit-ulcinj.com\/blog\/?s={search_term_string}\"},\"query-input\":\"required name=search_term_string\"}],\"inLanguage\":\"en-US\"},{\"@type\":\"ImageObject\",\"inLanguage\":\"en-US\",\"@id\":\"https:\/\/www.visit-ulcinj.com\/blog\/2009\/02\/08\/raste-interesovanje-arheologa-za-svac\/#primaryimage\",\"url\":\"https:\/\/www.visit-ulcinj.com\/blog\/wp-content\/uploads\/2009\/02\/shas-_sas-_svac-_montenegro.jpg\",\"contentUrl\":\"https:\/\/www.visit-ulcinj.com\/blog\/wp-content\/uploads\/2009\/02\/shas-_sas-_svac-_montenegro.jpg\",\"width\":\"1024\",\"height\":\"768\"},{\"@type\":\"WebPage\",\"@id\":\"https:\/\/www.visit-ulcinj.com\/blog\/2009\/02\/08\/raste-interesovanje-arheologa-za-svac\/#webpage\",\"url\":\"https:\/\/www.visit-ulcinj.com\/blog\/2009\/02\/08\/raste-interesovanje-arheologa-za-svac\/\",\"name\":\"Raste interesovanje arheologa za Sva? - Lajme nga Ulqini\",\"isPartOf\":{\"@id\":\"https:\/\/www.visit-ulcinj.com\/blog\/#website\"},\"primaryImageOfPage\":{\"@id\":\"https:\/\/www.visit-ulcinj.com\/blog\/2009\/02\/08\/raste-interesovanje-arheologa-za-svac\/#primaryimage\"},\"datePublished\":\"2009-02-08T14:40:42+00:00\",\"dateModified\":\"2009-02-08T14:43:48+00:00\",\"author\":{\"@id\":\"https:\/\/www.visit-ulcinj.com\/blog\/#\/schema\/person\/dcab619c614d3038751c63bc2aadc06d\"},\"description\":\"Vaskrsava umrli grad Raste interesovanje arheologa za Sva? na obronku iznad \u0160askog jezera Ulcinj - Najatraktivniji mrtvi grad na Jadranu, Stari grad Sva?,\",\"breadcrumb\":{\"@id\":\"https:\/\/www.visit-ulcinj.com\/blog\/2009\/02\/08\/raste-interesovanje-arheologa-za-svac\/#breadcrumb\"},\"inLanguage\":\"en-US\",\"potentialAction\":[{\"@type\":\"ReadAction\",\"target\":[\"https:\/\/www.visit-ulcinj.com\/blog\/2009\/02\/08\/raste-interesovanje-arheologa-za-svac\/\"]}]},{\"@type\":\"BreadcrumbList\",\"@id\":\"https:\/\/www.visit-ulcinj.com\/blog\/2009\/02\/08\/raste-interesovanje-arheologa-za-svac\/#breadcrumb\",\"itemListElement\":[{\"@type\":\"ListItem\",\"position\":1,\"name\":\"Raste interesovanje arheologa za Sva?\"}]},{\"@type\":\"Person\",\"@id\":\"https:\/\/www.visit-ulcinj.com\/blog\/#\/schema\/person\/dcab619c614d3038751c63bc2aadc06d\",\"name\":\"ulqini\",\"sameAs\":[\"http:\/\/www.visit-ulcinj.com\"],\"url\":\"https:\/\/www.visit-ulcinj.com\/blog\/author\/admin\/\"}]}<\/script>\n<!-- \/ Yoast SEO plugin. -->","yoast_head_json":{"title":"Raste interesovanje arheologa za Sva? - Lajme nga Ulqini","description":"Vaskrsava umrli grad Raste interesovanje arheologa za Sva? na obronku iznad \u0160askog jezera Ulcinj - Najatraktivniji mrtvi grad na Jadranu, Stari grad Sva?,","robots":{"index":"index","follow":"follow","max-snippet":"max-snippet:-1","max-image-preview":"max-image-preview:large","max-video-preview":"max-video-preview:-1"},"canonical":"https:\/\/www.visit-ulcinj.com\/blog\/2009\/02\/08\/raste-interesovanje-arheologa-za-svac\/","og_locale":"en_US","og_type":"article","og_title":"Raste interesovanje arheologa za Sva? - Lajme nga Ulqini","og_description":"Vaskrsava umrli grad Raste interesovanje arheologa za Sva? na obronku iznad \u0160askog jezera Ulcinj - Najatraktivniji mrtvi grad na Jadranu, Stari grad Sva?,","og_url":"https:\/\/www.visit-ulcinj.com\/blog\/2009\/02\/08\/raste-interesovanje-arheologa-za-svac\/","og_site_name":"Lajme nga Ulqini","article_published_time":"2009-02-08T14:40:42+00:00","article_modified_time":"2009-02-08T14:43:48+00:00","og_image":[{"url":"https:\/\/www.visit-ulcinj.com\/blog\/wp-content\/uploads\/2009\/02\/motel-_shas-_sas-_svac-_montenegro-150x150.jpg"}],"twitter_misc":{"Written by":"ulqini","Est. reading time":"4 minutes"},"schema":{"@context":"https:\/\/schema.org","@graph":[{"@type":"WebSite","@id":"https:\/\/www.visit-ulcinj.com\/blog\/#website","url":"https:\/\/www.visit-ulcinj.com\/blog\/","name":"Lajme nga Ulqini","description":"Lajme,Vijesti,Ulqini,Ulqin,Crna Gora,Mali i Zi","potentialAction":[{"@type":"SearchAction","target":{"@type":"EntryPoint","urlTemplate":"https:\/\/www.visit-ulcinj.com\/blog\/?s={search_term_string}"},"query-input":"required name=search_term_string"}],"inLanguage":"en-US"},{"@type":"ImageObject","inLanguage":"en-US","@id":"https:\/\/www.visit-ulcinj.com\/blog\/2009\/02\/08\/raste-interesovanje-arheologa-za-svac\/#primaryimage","url":"https:\/\/www.visit-ulcinj.com\/blog\/wp-content\/uploads\/2009\/02\/shas-_sas-_svac-_montenegro.jpg","contentUrl":"https:\/\/www.visit-ulcinj.com\/blog\/wp-content\/uploads\/2009\/02\/shas-_sas-_svac-_montenegro.jpg","width":"1024","height":"768"},{"@type":"WebPage","@id":"https:\/\/www.visit-ulcinj.com\/blog\/2009\/02\/08\/raste-interesovanje-arheologa-za-svac\/#webpage","url":"https:\/\/www.visit-ulcinj.com\/blog\/2009\/02\/08\/raste-interesovanje-arheologa-za-svac\/","name":"Raste interesovanje arheologa za Sva? - Lajme nga Ulqini","isPartOf":{"@id":"https:\/\/www.visit-ulcinj.com\/blog\/#website"},"primaryImageOfPage":{"@id":"https:\/\/www.visit-ulcinj.com\/blog\/2009\/02\/08\/raste-interesovanje-arheologa-za-svac\/#primaryimage"},"datePublished":"2009-02-08T14:40:42+00:00","dateModified":"2009-02-08T14:43:48+00:00","author":{"@id":"https:\/\/www.visit-ulcinj.com\/blog\/#\/schema\/person\/dcab619c614d3038751c63bc2aadc06d"},"description":"Vaskrsava umrli grad Raste interesovanje arheologa za Sva? na obronku iznad \u0160askog jezera Ulcinj - Najatraktivniji mrtvi grad na Jadranu, Stari grad Sva?,","breadcrumb":{"@id":"https:\/\/www.visit-ulcinj.com\/blog\/2009\/02\/08\/raste-interesovanje-arheologa-za-svac\/#breadcrumb"},"inLanguage":"en-US","potentialAction":[{"@type":"ReadAction","target":["https:\/\/www.visit-ulcinj.com\/blog\/2009\/02\/08\/raste-interesovanje-arheologa-za-svac\/"]}]},{"@type":"BreadcrumbList","@id":"https:\/\/www.visit-ulcinj.com\/blog\/2009\/02\/08\/raste-interesovanje-arheologa-za-svac\/#breadcrumb","itemListElement":[{"@type":"ListItem","position":1,"name":"Raste interesovanje arheologa za Sva?"}]},{"@type":"Person","@id":"https:\/\/www.visit-ulcinj.com\/blog\/#\/schema\/person\/dcab619c614d3038751c63bc2aadc06d","name":"ulqini","sameAs":["http:\/\/www.visit-ulcinj.com"],"url":"https:\/\/www.visit-ulcinj.com\/blog\/author\/admin\/"}]}},"jetpack_featured_media_url":"","jetpack_sharing_enabled":true,"jetpack_shortlink":"https:\/\/wp.me\/pe6lTn-2PJ","_links":{"self":[{"href":"https:\/\/www.visit-ulcinj.com\/blog\/wp-json\/wp\/v2\/posts\/10895"}],"collection":[{"href":"https:\/\/www.visit-ulcinj.com\/blog\/wp-json\/wp\/v2\/posts"}],"about":[{"href":"https:\/\/www.visit-ulcinj.com\/blog\/wp-json\/wp\/v2\/types\/post"}],"author":[{"embeddable":true,"href":"https:\/\/www.visit-ulcinj.com\/blog\/wp-json\/wp\/v2\/users\/1"}],"replies":[{"embeddable":true,"href":"https:\/\/www.visit-ulcinj.com\/blog\/wp-json\/wp\/v2\/comments?post=10895"}],"version-history":[{"count":0,"href":"https:\/\/www.visit-ulcinj.com\/blog\/wp-json\/wp\/v2\/posts\/10895\/revisions"}],"wp:attachment":[{"href":"https:\/\/www.visit-ulcinj.com\/blog\/wp-json\/wp\/v2\/media?parent=10895"}],"wp:term":[{"taxonomy":"category","embeddable":true,"href":"https:\/\/www.visit-ulcinj.com\/blog\/wp-json\/wp\/v2\/categories?post=10895"},{"taxonomy":"post_tag","embeddable":true,"href":"https:\/\/www.visit-ulcinj.com\/blog\/wp-json\/wp\/v2\/tags?post=10895"}],"curies":[{"name":"wp","href":"https:\/\/api.w.org\/{rel}","templated":true}]}}