{"id":1090,"date":"2008-03-31T22:52:08","date_gmt":"2008-04-01T03:52:08","guid":{"rendered":"http:\/\/www.visit-ulcinj.com\/blog\/?p=1090"},"modified":"2008-03-31T22:55:12","modified_gmt":"2008-04-01T03:55:12","slug":"ovog-leta-10-do-15-vise-turista-iz-bosne-u-ulcinj","status":"publish","type":"post","link":"https:\/\/www.visit-ulcinj.com\/blog\/2008\/03\/31\/ovog-leta-10-do-15-vise-turista-iz-bosne-u-ulcinj\/","title":{"rendered":"Ovog leta 10 do 15% vi\u0161e turista iz Bosne u Ulcinj"},"content":{"rendered":"<p><a href=\"http:\/\/www.visit-ulcinj.com\/blog\/wp-content\/uploads\/2008\/03\/bosna-flag.jpg\"><img loading=\"lazy\" class=\"alignleft size-thumbnail wp-image-1092\" style=\"float: left;\" title=\"bosna-flag\" src=\"http:\/\/www.visit-ulcinj.com\/blog\/wp-content\/uploads\/2008\/03\/bosna-flag-150x150.jpg\" alt=\"\" width=\"150\" height=\"150\" \/><\/a>Interesovanje bosanskih turisti?kih agencija za zakup sme\u0161tajnih kapaciteta  na Ulcinjskoj rivijeri ve?i je 10 do 15 odsto nego pro\u0161le godine, tako da se  ovoga leta mo\u017ee o?ekivati oko 30.000 gostiju sa tog tr\u017ei\u0161ta, rekli su  predstavnici nekih turisti?kih organizacija BH. &#8220;Sude?i prema rezervacijama,  ove godine mo\u017eemo o?ekivati za 10 do 15 odsto vi\u0161e gostiju&#8221;, rekli oni.<\/p>\n<!-- vimeo error: not a vimeo video -->\n<p>Ulcinj.01.04.2008<\/p>\n","protected":false},"excerpt":{"rendered":"<p><img loading=\"lazy\" class=\"alignleft size-thumbnail wp-image-1092\" style=\"float: left;\" title=\"bosna-flag\" src=\"http:\/\/www.visit-ulcinj.com\/blog\/wp-content\/uploads\/2008\/03\/bosna-flag-150x150.jpg\" alt=\"\" width=\"140\" height=\"140\" \/><\/p>\n","protected":false},"author":1,"featured_media":0,"comment_status":"open","ping_status":"closed","sticky":false,"template":"","format":"standard","meta":{"spay_email":"","jetpack_publicize_message":"","jetpack_is_tweetstorm":false,"jetpack_publicize_feature_enabled":true},"categories":[4,15],"tags":[2227,2228,2229,2230,2231,2232,2233,2234,2235,2238,2236,2237,2240,2241,2243,2242,2244,2245,2246,2247,2248,2249,2251,2250,2252,2253,2255,2254,2256,2257,2258,2259,2260,2261,2262,2263,2264,2265,2266,2283,2267,2268,2269,2270,2271,2272,1716,2273,2277,2278,2279,2239,2280,2281,2282,2284,2285,2286,2287,2274,2275,2276],"jetpack_publicize_connections":[],"yoast_head":"<!-- This site is optimized with the Yoast SEO plugin v19.1 - https:\/\/yoast.com\/wordpress\/plugins\/seo\/ -->\n<title>Ovog leta 10 do 15% vi\u0161e turista iz Bosne u Ulcinj - Lajme nga Ulqini<\/title>\n<meta name=\"robots\" content=\"index, follow, max-snippet:-1, max-image-preview:large, max-video-preview:-1\" \/>\n<link rel=\"canonical\" href=\"https:\/\/www.visit-ulcinj.com\/blog\/2008\/03\/31\/ovog-leta-10-do-15-vise-turista-iz-bosne-u-ulcinj\/\" \/>\n<meta property=\"og:locale\" content=\"en_US\" \/>\n<meta property=\"og:type\" content=\"article\" \/>\n<meta property=\"og:title\" content=\"Ovog leta 10 do 15% vi\u0161e turista iz Bosne u Ulcinj - Lajme nga Ulqini\" \/>\n<meta property=\"og:url\" content=\"https:\/\/www.visit-ulcinj.com\/blog\/2008\/03\/31\/ovog-leta-10-do-15-vise-turista-iz-bosne-u-ulcinj\/\" \/>\n<meta property=\"og:site_name\" content=\"Lajme nga Ulqini\" \/>\n<meta property=\"article:published_time\" content=\"2008-04-01T03:52:08+00:00\" \/>\n<meta property=\"article:modified_time\" content=\"2008-04-01T03:55:12+00:00\" \/>\n<meta property=\"og:image\" content=\"http:\/\/www.visit-ulcinj.com\/blog\/wp-content\/uploads\/2008\/03\/bosna-flag-150x150.jpg\" \/>\n<meta name=\"twitter:label1\" content=\"Written by\" \/>\n\t<meta name=\"twitter:data1\" content=\"ulqini\" \/>\n<script type=\"application\/ld+json\" class=\"yoast-schema-graph\">{\"@context\":\"https:\/\/schema.org\",\"@graph\":[{\"@type\":\"WebSite\",\"@id\":\"https:\/\/www.visit-ulcinj.com\/blog\/#website\",\"url\":\"https:\/\/www.visit-ulcinj.com\/blog\/\",\"name\":\"Lajme nga Ulqini\",\"description\":\"Lajme,Vijesti,Ulqini,Ulqin,Crna Gora,Mali i Zi\",\"potentialAction\":[{\"@type\":\"SearchAction\",\"target\":{\"@type\":\"EntryPoint\",\"urlTemplate\":\"https:\/\/www.visit-ulcinj.com\/blog\/?s={search_term_string}\"},\"query-input\":\"required name=search_term_string\"}],\"inLanguage\":\"en-US\"},{\"@type\":\"ImageObject\",\"inLanguage\":\"en-US\",\"@id\":\"https:\/\/www.visit-ulcinj.com\/blog\/2008\/03\/31\/ovog-leta-10-do-15-vise-turista-iz-bosne-u-ulcinj\/#primaryimage\",\"url\":\"http:\/\/www.visit-ulcinj.com\/blog\/wp-content\/uploads\/2008\/03\/bosna-flag-150x150.jpg\",\"contentUrl\":\"http:\/\/www.visit-ulcinj.com\/blog\/wp-content\/uploads\/2008\/03\/bosna-flag-150x150.jpg\"},{\"@type\":\"WebPage\",\"@id\":\"https:\/\/www.visit-ulcinj.com\/blog\/2008\/03\/31\/ovog-leta-10-do-15-vise-turista-iz-bosne-u-ulcinj\/#webpage\",\"url\":\"https:\/\/www.visit-ulcinj.com\/blog\/2008\/03\/31\/ovog-leta-10-do-15-vise-turista-iz-bosne-u-ulcinj\/\",\"name\":\"Ovog leta 10 do 15% vi\u0161e turista iz Bosne u Ulcinj - Lajme nga Ulqini\",\"isPartOf\":{\"@id\":\"https:\/\/www.visit-ulcinj.com\/blog\/#website\"},\"primaryImageOfPage\":{\"@id\":\"https:\/\/www.visit-ulcinj.com\/blog\/2008\/03\/31\/ovog-leta-10-do-15-vise-turista-iz-bosne-u-ulcinj\/#primaryimage\"},\"datePublished\":\"2008-04-01T03:52:08+00:00\",\"dateModified\":\"2008-04-01T03:55:12+00:00\",\"author\":{\"@id\":\"https:\/\/www.visit-ulcinj.com\/blog\/#\/schema\/person\/dcab619c614d3038751c63bc2aadc06d\"},\"breadcrumb\":{\"@id\":\"https:\/\/www.visit-ulcinj.com\/blog\/2008\/03\/31\/ovog-leta-10-do-15-vise-turista-iz-bosne-u-ulcinj\/#breadcrumb\"},\"inLanguage\":\"en-US\",\"potentialAction\":[{\"@type\":\"ReadAction\",\"target\":[\"https:\/\/www.visit-ulcinj.com\/blog\/2008\/03\/31\/ovog-leta-10-do-15-vise-turista-iz-bosne-u-ulcinj\/\"]}]},{\"@type\":\"BreadcrumbList\",\"@id\":\"https:\/\/www.visit-ulcinj.com\/blog\/2008\/03\/31\/ovog-leta-10-do-15-vise-turista-iz-bosne-u-ulcinj\/#breadcrumb\",\"itemListElement\":[{\"@type\":\"ListItem\",\"position\":1,\"name\":\"Ovog leta 10 do 15% vi\u0161e turista iz Bosne u Ulcinj\"}]},{\"@type\":\"Person\",\"@id\":\"https:\/\/www.visit-ulcinj.com\/blog\/#\/schema\/person\/dcab619c614d3038751c63bc2aadc06d\",\"name\":\"ulqini\",\"sameAs\":[\"http:\/\/www.visit-ulcinj.com\"],\"url\":\"https:\/\/www.visit-ulcinj.com\/blog\/author\/admin\/\"}]}<\/script>\n<!-- \/ Yoast SEO plugin. -->","yoast_head_json":{"title":"Ovog leta 10 do 15% vi\u0161e turista iz Bosne u Ulcinj - Lajme nga Ulqini","robots":{"index":"index","follow":"follow","max-snippet":"max-snippet:-1","max-image-preview":"max-image-preview:large","max-video-preview":"max-video-preview:-1"},"canonical":"https:\/\/www.visit-ulcinj.com\/blog\/2008\/03\/31\/ovog-leta-10-do-15-vise-turista-iz-bosne-u-ulcinj\/","og_locale":"en_US","og_type":"article","og_title":"Ovog leta 10 do 15% vi\u0161e turista iz Bosne u Ulcinj - Lajme nga Ulqini","og_url":"https:\/\/www.visit-ulcinj.com\/blog\/2008\/03\/31\/ovog-leta-10-do-15-vise-turista-iz-bosne-u-ulcinj\/","og_site_name":"Lajme nga Ulqini","article_published_time":"2008-04-01T03:52:08+00:00","article_modified_time":"2008-04-01T03:55:12+00:00","og_image":[{"url":"http:\/\/www.visit-ulcinj.com\/blog\/wp-content\/uploads\/2008\/03\/bosna-flag-150x150.jpg"}],"twitter_misc":{"Written by":"ulqini"},"schema":{"@context":"https:\/\/schema.org","@graph":[{"@type":"WebSite","@id":"https:\/\/www.visit-ulcinj.com\/blog\/#website","url":"https:\/\/www.visit-ulcinj.com\/blog\/","name":"Lajme nga Ulqini","description":"Lajme,Vijesti,Ulqini,Ulqin,Crna Gora,Mali i Zi","potentialAction":[{"@type":"SearchAction","target":{"@type":"EntryPoint","urlTemplate":"https:\/\/www.visit-ulcinj.com\/blog\/?s={search_term_string}"},"query-input":"required name=search_term_string"}],"inLanguage":"en-US"},{"@type":"ImageObject","inLanguage":"en-US","@id":"https:\/\/www.visit-ulcinj.com\/blog\/2008\/03\/31\/ovog-leta-10-do-15-vise-turista-iz-bosne-u-ulcinj\/#primaryimage","url":"http:\/\/www.visit-ulcinj.com\/blog\/wp-content\/uploads\/2008\/03\/bosna-flag-150x150.jpg","contentUrl":"http:\/\/www.visit-ulcinj.com\/blog\/wp-content\/uploads\/2008\/03\/bosna-flag-150x150.jpg"},{"@type":"WebPage","@id":"https:\/\/www.visit-ulcinj.com\/blog\/2008\/03\/31\/ovog-leta-10-do-15-vise-turista-iz-bosne-u-ulcinj\/#webpage","url":"https:\/\/www.visit-ulcinj.com\/blog\/2008\/03\/31\/ovog-leta-10-do-15-vise-turista-iz-bosne-u-ulcinj\/","name":"Ovog leta 10 do 15% vi\u0161e turista iz Bosne u Ulcinj - Lajme nga Ulqini","isPartOf":{"@id":"https:\/\/www.visit-ulcinj.com\/blog\/#website"},"primaryImageOfPage":{"@id":"https:\/\/www.visit-ulcinj.com\/blog\/2008\/03\/31\/ovog-leta-10-do-15-vise-turista-iz-bosne-u-ulcinj\/#primaryimage"},"datePublished":"2008-04-01T03:52:08+00:00","dateModified":"2008-04-01T03:55:12+00:00","author":{"@id":"https:\/\/www.visit-ulcinj.com\/blog\/#\/schema\/person\/dcab619c614d3038751c63bc2aadc06d"},"breadcrumb":{"@id":"https:\/\/www.visit-ulcinj.com\/blog\/2008\/03\/31\/ovog-leta-10-do-15-vise-turista-iz-bosne-u-ulcinj\/#breadcrumb"},"inLanguage":"en-US","potentialAction":[{"@type":"ReadAction","target":["https:\/\/www.visit-ulcinj.com\/blog\/2008\/03\/31\/ovog-leta-10-do-15-vise-turista-iz-bosne-u-ulcinj\/"]}]},{"@type":"BreadcrumbList","@id":"https:\/\/www.visit-ulcinj.com\/blog\/2008\/03\/31\/ovog-leta-10-do-15-vise-turista-iz-bosne-u-ulcinj\/#breadcrumb","itemListElement":[{"@type":"ListItem","position":1,"name":"Ovog leta 10 do 15% vi\u0161e turista iz Bosne u Ulcinj"}]},{"@type":"Person","@id":"https:\/\/www.visit-ulcinj.com\/blog\/#\/schema\/person\/dcab619c614d3038751c63bc2aadc06d","name":"ulqini","sameAs":["http:\/\/www.visit-ulcinj.com"],"url":"https:\/\/www.visit-ulcinj.com\/blog\/author\/admin\/"}]}},"jetpack_featured_media_url":"","jetpack_sharing_enabled":true,"jetpack_shortlink":"https:\/\/wp.me\/pe6lTn-hA","_links":{"self":[{"href":"https:\/\/www.visit-ulcinj.com\/blog\/wp-json\/wp\/v2\/posts\/1090"}],"collection":[{"href":"https:\/\/www.visit-ulcinj.com\/blog\/wp-json\/wp\/v2\/posts"}],"about":[{"href":"https:\/\/www.visit-ulcinj.com\/blog\/wp-json\/wp\/v2\/types\/post"}],"author":[{"embeddable":true,"href":"https:\/\/www.visit-ulcinj.com\/blog\/wp-json\/wp\/v2\/users\/1"}],"replies":[{"embeddable":true,"href":"https:\/\/www.visit-ulcinj.com\/blog\/wp-json\/wp\/v2\/comments?post=1090"}],"version-history":[{"count":0,"href":"https:\/\/www.visit-ulcinj.com\/blog\/wp-json\/wp\/v2\/posts\/1090\/revisions"}],"wp:attachment":[{"href":"https:\/\/www.visit-ulcinj.com\/blog\/wp-json\/wp\/v2\/media?parent=1090"}],"wp:term":[{"taxonomy":"category","embeddable":true,"href":"https:\/\/www.visit-ulcinj.com\/blog\/wp-json\/wp\/v2\/categories?post=1090"},{"taxonomy":"post_tag","embeddable":true,"href":"https:\/\/www.visit-ulcinj.com\/blog\/wp-json\/wp\/v2\/tags?post=1090"}],"curies":[{"name":"wp","href":"https:\/\/api.w.org\/{rel}","templated":true}]}}