{"id":10921,"date":"2009-02-08T18:15:53","date_gmt":"2009-02-08T17:15:53","guid":{"rendered":"http:\/\/www.visit-ulcinj.com\/blog\/?p=10921"},"modified":"2009-02-08T18:15:53","modified_gmt":"2009-02-08T17:15:53","slug":"pakicat-pa-te-drejten-e-mandateve-te-garantuara","status":"publish","type":"post","link":"https:\/\/www.visit-ulcinj.com\/blog\/2009\/02\/08\/pakicat-pa-te-drejten-e-mandateve-te-garantuara\/","title":{"rendered":"Pakicat, pa t\u00eb drejt\u00ebn e mandateve t\u00eb garantuara"},"content":{"rendered":"<p><a href=\"http:\/\/www.visit-ulcinj.com\/blog\/wp-content\/uploads\/2009\/02\/pakicat-pa-mandate-te-garantuara.jpg\"><img loading=\"lazy\" class=\"alignleft size-full wp-image-10922\" title=\"pakicat-pa-mandate-te-garantuara\" src=\"http:\/\/www.visit-ulcinj.com\/blog\/wp-content\/uploads\/2009\/02\/pakicat-pa-mandate-te-garantuara.jpg\" alt=\"pakicat-pa-mandate-te-garantuara\" width=\"358\" height=\"200\" \/><\/a>Numri i madh i partive shqiptare b\u00ebn q\u00eb n\u00eb rast t\u00eb pjes\u00ebmarrjes s\u00eb tyre n\u00eb m\u00ebnyr\u00eb t\u00eb pavarur n\u00eb zgjedhje t\u00eb rrezikohet humbja dhe shkap\u00ebrderdhja e votave t\u00eb shqiptar\u00ebve. Kjo ka b\u00ebr\u00eb q\u00eb nj\u00eb pjes\u00eb e lider\u00ebve t\u00eb partive nacionale shqiptare t\u00eb b\u00ebjn\u00eb thirrje p\u00ebr pjes\u00ebmarrje t\u00eb p\u00ebrbashk\u00ebt n\u00eb k\u00ebto zgjedhje dhe q\u00eb partit\u00eb shqiptare t\u00eb dalin me nj\u00eb list\u00eb t\u00eb p\u00ebrbashk\u00ebt. Deri tani, t\u00eb pakt\u00ebn publikisht, nuk ka pasur asnj\u00eb takim konkret rreth koalicioneve t\u00eb partive shqiptare, por pritet q\u00eb dit\u00ebt e ardhshme t\u00eb zhvillohen takime t\u00eb tilla.<\/p>\n<p>Pakicat n\u00eb Mal t\u00eb Zi nuk do t\u00eb ken\u00eb t\u00eb drejt\u00ebn e mandateve t\u00eb garantuara n\u00eb Parlamentin e Malit t\u00eb Zi as n\u00eb zgjedhjet e ardhshme parlamentare t\u00eb cilat do t\u00eb mbahen m\u00eb 29 mars.<br \/>\nKjo p\u00ebr shkak se edhe zgjedhjet e ardhshme parlamentare do t\u00eb mbahen sipas legjislacionit t\u00eb vjet\u00ebr zgjedhor.<br \/>\nParlamenti i Malit t\u00eb Zi ka votuar t\u00eb h\u00ebn\u00ebn p\u00ebr shkurtimin e mandateve t\u00eb deputet\u00ebve dhe shtyrjen e koh\u00ebzgjatjes s\u00eb legjislacionit zgjedhor ekzistues edhe p\u00ebr dy vjet.<br \/>\nSi\u00e7 dihet, n\u00eb Kushtetut\u00ebn e Malit t\u00eb Zi parashikohet p\u00ebrfaq\u00ebsimi autentik i pakicave.<br \/>\nN\u00eb nenin 79, pika 9, t\u00eb Kushtetut\u00ebs thuhet se pakicat kan\u00eb t\u00eb drejt\u00ebn &#8220;e p\u00ebrfaq\u00ebsimit autentik n\u00eb Kuvendin e Malit t\u00eb Zi dhe kuvendet e vet\u00ebqeverisjes lokale n\u00eb t\u00eb cilat p\u00ebrb\u00ebjn\u00eb sasi t\u00eb konsiderueshme t\u00eb popullsis\u00eb, n\u00eb pajtim me parimin e aksionit afirmativ&#8221;.<br \/>\nN\u00eb Ligjin kushtetues, t\u00eb miratuar n\u00eb tetor t\u00eb vitit 2007, parashikohet harmonizimi i nj\u00eb s\u00ebr\u00eb ligjesh me Kushtetut\u00ebn. K\u00ebshtu, n\u00eb nenin 8 t\u00eb tij, parashikohet q\u00eb n\u00eb nj\u00eb afat prej tre muajsh nga hyrja n\u00eb fuqi e k\u00ebtij ligji duhet t\u00eb harmonizohet me Kushtetut\u00ebn Ligji p\u00ebr zgjedhjen e k\u00ebshilltar\u00ebve dhe deputet\u00ebve.<br \/>\nMir\u00ebpo, edhe pse ka koh\u00eb q\u00eb ka kaluar ky afat, akoma nuk \u00ebsht\u00eb b\u00ebr\u00eb harmonizimi.<br \/>\nKy ka qen\u00eb edhe nj\u00ebri prej shkaqeve q\u00eb ka p\u00ebrmendur opozita n\u00eb kund\u00ebrshtim t\u00eb tez\u00ebs p\u00ebr shkurtimin e mandateve dhe shtyrjen e koh\u00ebzgjatjes s\u00eb legjislacionit t\u00eb vjet\u00ebr zgjedhor.<br \/>\nDy deputet\u00ebt e partive nacionale shqiptare n\u00eb Parlamentin e Malit t\u00eb Zi, Mehmet Bardhi nga LD n\u00eb MZ dhe Vasel Sinishtaj nga Alternativa Shqiptare, t\u00eb cil\u00ebt kan\u00eb votuar kund\u00ebr shkurtimit t\u00eb mandateve t\u00eb deputet\u00ebve dhe shtyrjen e koh\u00ebzgjatjes s\u00eb legjislacionit zgjedhor ekzistues kan\u00eb vler\u00ebsuar se nuk ekziston asnj\u00eb arsye p\u00ebr shkurtimin e mandateve t\u00eb Parlamentit, si dhe q\u00eb zgjedhjet t\u00eb mbahen n\u00eb baz\u00eb t\u00eb Ligjit i cili nuk u garanton pakicave t\u00eb drejtat t\u00eb cilat ua garanton Kushtetuta.<br \/>\nDeputeti i Unionit Demokratik t\u00eb Shqiptar\u00ebve Ferhat Dinosha, i cili ka votuar p\u00ebr shkurtimin e mandateve dhe shtyrjen e koh\u00ebzgjatjes s\u00eb legjislacionit ekzistues zgjedhor, ka kritikuar edhe pozit\u00ebn edhe opozit\u00ebn p\u00ebr mosekzistenc\u00ebn e vullnetit p\u00ebr mandatet e garantuara p\u00ebr pakicat.<br \/>\nAi e ka arsyetuar vot\u00ebn pro me k\u00ebrkes\u00ebn e ekzistenc\u00ebs s\u00eb zon\u00ebs s\u00eb ve\u00e7ant\u00eb zgjedhore p\u00ebr shqiptar\u00ebt, e cila edhe pse nuk p\u00ebrmendet shprehimisht, si duket, do t\u00eb vlej\u00eb edhe p\u00ebr k\u00ebto zgjedhje.<br \/>\nNj\u00eb fakt tjet\u00ebr me r\u00ebnd\u00ebsi \u00ebsht\u00eb se zgjedhjet jan\u00eb shpallur nga Presidenti i Malit t\u00eb Zi t\u00eb mart\u00ebn pa pritur vendimin e Gjykat\u00ebs Kushtetuese lidhur me ankimimin e b\u00ebr\u00eb p\u00ebr shkak t\u00eb moskryerjes s\u00eb obligimit ligjor t\u00eb harmonizimit t\u00eb Ligjit p\u00ebr zgjedhjen e k\u00ebshilltar\u00ebve dhe deputet\u00ebve me Kushtetut\u00ebn n\u00eb fuqi t\u00eb Malit t\u00eb Zi.<br \/>\nLe t\u00eb rikujtojm\u00eb, Gjykata Kushtetuese ka shfuqizuar dy nene t\u00eb Ligjit mbi t\u00eb drejtat dhe lirit\u00eb e pakicave q\u00eb kan\u00eb t\u00eb b\u00ebjn\u00eb me p\u00ebrfaq\u00ebsimin e pakicave n\u00eb Parlamentin e Malit t\u00eb Zi, konkretisht nenet 23 dhe 24 t\u00eb k\u00ebtij ligji.<br \/>\nEdhe ky ligj \u00ebsht\u00eb dashur t\u00eb harmonizohet me Kushtetut\u00ebn e Malit t\u00eb Zi n\u00eb nj\u00eb afat prej tre muajsh nga hyrja n\u00eb fuqi e Ligjit kushtetues, q\u00eb do t\u00eb thot\u00eb se ky afat ka koh\u00eb q\u00eb ka kaluar.<br \/>\nMegjith\u00ebse Ministria p\u00ebr Mbrojtjen e t\u00eb Drejtave t\u00eb Njeriut dhe Pakicave dhe UDSH kan\u00eb th\u00ebn\u00eb se do t\u00eb b\u00ebj\u00eb \u00e7mos p\u00ebr rikthimin n\u00eb fuqi t\u00eb k\u00ebtyre dy neneve, kjo deri tani nuk \u00ebsht\u00eb b\u00ebr\u00eb.<br \/>\nNeni 23 (i shfuqizuar) i k\u00ebtij ligji parashikon q\u00eb n\u00eb legjislacionin zgjedhor, p\u00ebrmes zbatimit t\u00eb parimit t\u00eb aksionit afirmativ, p\u00ebr p\u00ebrfaq\u00ebsuesit e pakicave t\u00eb sigurohet num\u00ebr shtes\u00eb i mandateve t\u00eb deputet\u00ebve.<br \/>\nN\u00eb k\u00ebt\u00eb nen thuhet se &#8220;pakicat t\u00eb cilat n\u00eb p\u00ebrb\u00ebrjen e p\u00ebrgjithshme t\u00eb popullsis\u00eb p\u00ebrb\u00ebjn\u00eb nga 1% deri 5% sipas rezultateve t\u00eb fundit t\u00eb regjistrimit t\u00eb popullsis\u00eb, do t\u00eb jen\u00eb t\u00eb p\u00ebrfaq\u00ebsuar n\u00eb Parlamentin e Malit t\u00eb Zi me nj\u00eb deputet, p\u00ebrmes p\u00ebrfaq\u00ebsuesit t\u00eb zgjedhur nga lista zgjedhore e pakicave&#8221;.<br \/>\nNd\u00ebrsa &#8220;pakicat t\u00eb cilat n\u00eb p\u00ebrb\u00ebrjen e p\u00ebrgjithshme t\u00eb popullsis\u00eb p\u00ebrb\u00ebjn\u00eb m\u00eb shum\u00eb se 5 % n\u00eb baz\u00eb t\u00eb rezultateve t\u00eb fundit t\u00eb regjistrimit t\u00eb popullsis\u00eb, do t\u00eb ken\u00eb tre mandate deputet\u00ebsh t\u00eb garantuara n\u00eb Parlamentin e Malit t\u00eb Zi, p\u00ebrmes p\u00ebrfaq\u00ebsuesve t\u00eb zgjedhur nga listat zgjedhore t\u00eb pakicave, me \u00e7zrast duhet t\u00eb kihen parasysh specifikat gjuh\u00ebsore dhe etnike, si dhe t\u00eb drejtat zgjedhore t\u00eb arritura t\u00eb shqiptar\u00ebve&#8221;.<\/p>\n<p><strong>Shqiptar\u00ebt dhe zgjedhjet<\/strong><\/p>\n<p>\u00c7\u00ebshtja kryesore n\u00eb k\u00ebto zgjedhje \u00ebsht\u00eb se cila do t\u00eb jet\u00eb m\u00ebnyra e p\u00ebrfaq\u00ebsimit t\u00eb tyre dhe si do t\u00eb dalin ata n\u00eb zgjedhje.<br \/>\nDihet q\u00eb shqiptar\u00ebt votojn\u00eb p\u00ebr partit\u00eb e tyre nacionale, por edhe p\u00ebr partit\u00eb e tjera n\u00eb Mal t\u00eb Zi, pjesa m\u00eb e madhe e t\u00eb cil\u00ebve p\u00ebr Partin\u00eb Demokratike t\u00eb Socialist\u00ebve.<br \/>\nN\u00eb zgjedhjet e fundit parlamentare, t\u00eb mbajtura n\u00eb vitin 2006, nga zona me popullsi shumic\u00eb shqiptare dy deputet\u00eb i ka fituar Partia Demokratike e Socialist\u00ebve, nd\u00ebrsa nga nj\u00eb koalicioni LD n\u00eb MZ &#8211; PPD, UDSH dhe Alternativa Shqiptare.<br \/>\nNumri i madh i partive shqiptare, gjasht\u00eb sosh, b\u00ebn q\u00eb n\u00eb rast t\u00eb pjes\u00ebmarrjes s\u00eb tyre n\u00eb m\u00ebnyr\u00eb t\u00eb pavarur n\u00eb zgjedhje t\u00eb rrezikohet humbja dhe shkap\u00ebrderdhja e votave t\u00eb shqiptar\u00ebve.<br \/>\nKjo ka b\u00ebr\u00eb q\u00eb nj\u00eb pjes\u00eb e lider\u00ebve t\u00eb partive nacionale shqiptare t\u00eb b\u00ebjn\u00eb thirrje p\u00ebr pjes\u00ebmarrje t\u00eb p\u00ebrbashk\u00ebt n\u00eb k\u00ebto zgjedhje dhe q\u00eb partit\u00eb shqiptare t\u00eb dalin me nj\u00eb list\u00eb t\u00eb p\u00ebrbashk\u00ebt.<br \/>\nFtesa e fundit ka ardhur nga LD n\u00eb MZ e cila i ka ftuar partit\u00eb politike shqiptare p\u00ebr bisedime q\u00eb n\u00eb zgjedhjet e ardhshme parlamentare t\u00eb dilet me nj\u00eb list\u00eb t\u00eb p\u00ebrbashk\u00ebt.<br \/>\n&#8220;Nisur nga interesat e p\u00ebrgjithshme komb\u00ebtare t\u00eb shqiptar\u00ebve, q\u00eb jetojn\u00eb n\u00eb trojet e veta shekullore, sot n\u00eb Malin e Zi, ftojm\u00eb t\u00eb gjitha partit\u00eb politike shqiptare q\u00eb t\u00eb bisedojm\u00eb dhe mund\u00ebsisht t\u00eb b\u00ebjm\u00eb marr\u00ebveshje dhe t\u00eb dalim n\u00eb zgjedhjet e shpallura parlamentare me nj\u00eb list\u00eb t\u00eb p\u00ebrbashk\u00ebt, p\u00ebr t\u00eb arritur maksimumin e mundsh\u00ebm n\u00eb k\u00ebto rrethana shoq\u00ebrore e ligjore n\u00eb p\u00ebrfaq\u00ebsimin e denj\u00eb e t\u00eb plot\u00eb n\u00eb Parlamentin e Malit t\u00eb Zi&#8221;, thuhet n\u00eb deklarat\u00ebn p\u00ebr shtyp t\u00eb LD n\u00eb MZ.<br \/>\nOpinione t\u00eb ngjashme kan\u00eb shprehur edhe p\u00ebrfaq\u00ebsuesit e Alternativ\u00ebs Shqiptare dhe Forc\u00ebs s\u00eb Re Demokratike.<br \/>\nDeputeti i Alternativ\u00ebs Shqiptare n\u00eb Parlamentin e Malit t\u00eb Zi, Vasel Sinishtaj, ka k\u00ebrkuar q\u00eb &#8220;p\u00ebr t\u00eb mir\u00ebn e shqiptar\u00ebve, subjektet shqiptare t\u00eb dalin t\u00eb bashkuar&#8221;.<br \/>\n&#8220;Lista e p\u00ebrbashk\u00ebt nuk do t\u00eb lejoj\u00eb shkap\u00ebrderdhjen e votave dhe do t\u00eb krijoj\u00eb kushtet p\u00ebr unifikimin e trupit nacional&#8221;, ka th\u00ebn\u00eb Sinishtaj.<br \/>\nEdhe kryetari i Forc\u00ebs s\u00eb Re Demokratike, Nazif Cungu, ka th\u00ebn\u00eb se kjo parti angazhohet p\u00ebr list\u00eb t\u00eb p\u00ebrbashk\u00ebt, por q\u00eb n\u00eb rast t\u00eb kund\u00ebrt do t\u00eb marr\u00eb pjes\u00eb n\u00eb m\u00ebnyr\u00eb t\u00eb pavarur n\u00eb zgjedhjet parlamentare.<br \/>\nPartia e Prosperitetit Demokratik dhe Bashkimi Demokratik Shqiptar n\u00eb Malin e Zi deri tani nuk jan\u00eb shprehur rreth form\u00ebs s\u00eb pjes\u00ebmarrjes s\u00eb tyre n\u00eb zgjedhjet parlamentare.<br \/>\nSa i p\u00ebrket UDSH-s\u00eb, pozicionimi dhe pjes\u00ebmarrja n\u00eb qeveri dhe n\u00eb koalicion me PDS-s\u00eb n\u00eb disa qytete, si n\u00eb Ulqin dhe Tuz, e b\u00ebn t\u00eb v\u00ebshtir\u00eb mund\u00ebsin\u00eb e pjes\u00ebmarrjes s\u00eb p\u00ebrbashk\u00ebt me partit\u00eb e tjera shqiptare.<br \/>\nMegjithat\u00eb edhe kryetari i UDSH-s\u00eb, Ferhat Dinosha, ka b\u00ebr\u00eb thirrje p\u00ebr mund\u00ebsin\u00eb e pjes\u00ebmarrjes s\u00eb p\u00ebrbashk\u00ebt t\u00eb shqiptar\u00ebve n\u00eb zgjedhjet parlamentare apo m\u00eb s\u00eb shumti n\u00eb dy blloqe.<br \/>\n&#8220;UDSH ende nuk ka vendosur se si do t\u00eb dal\u00eb n\u00eb zgjedhjet e ardhshme parlamentare, por \u00ebsht\u00eb e qart\u00eb se edhe dalja e pavarur n\u00eb to do t\u2019i mund\u00ebsonte prezenc\u00ebn e m\u00ebtutjeshme n\u00eb sken\u00ebn politike. \u00cbsht\u00eb e qart\u00eb se Unioni nuk u frikohet zgjedhjeve dhe se edhe dalja n\u00eb m\u00ebnyr\u00eb t\u00eb pavarur do tzi mund\u00ebsonte prezenc\u00ebn e m\u00ebtutjeshme n\u00eb sken\u00ebn politike t\u00eb Malit t\u00eb Zi&#8221;, ka th\u00ebn\u00eb ai.<br \/>\nDeri tani, t\u00eb pakt\u00ebn publikisht, nuk ka pasur asnj\u00eb takim konkret rreth koalicioneve t\u00eb partive shqiptare, por pritet q\u00eb dit\u00ebt e ardhshme t\u00eb zhvillohen takime t\u00eb tilla.<br \/>\n<strong>I.Kallaba<br \/>\nKoha Javore<\/strong><\/p>\n","protected":false},"excerpt":{"rendered":"<p>Numri i madh i partive shqiptare b\u00ebn q\u00eb n\u00eb rast t\u00eb pjes\u00ebmarrjes s\u00eb tyre n\u00eb m\u00ebnyr\u00eb t\u00eb pavarur n\u00eb zgjedhje t\u00eb rrezikohet humbja dhe shkap\u00ebrderdhja e votave t\u00eb shqiptar\u00ebve. Kjo ka b\u00ebr\u00eb q\u00eb nj\u00eb pjes\u00eb e lider\u00ebve t\u00eb partive nacionale shqiptare t\u00eb b\u00ebjn\u00eb thirrje p\u00ebr pjes\u00ebmarrje t\u00eb p\u00ebrbashk\u00ebt n\u00eb k\u00ebto zgjedhje dhe q\u00eb partit\u00eb shqiptare [&hellip;]<\/p>\n","protected":false},"author":1,"featured_media":0,"comment_status":"open","ping_status":"closed","sticky":false,"template":"","format":"standard","meta":{"spay_email":"","jetpack_publicize_message":"","jetpack_is_tweetstorm":false,"jetpack_publicize_feature_enabled":true},"categories":[13],"tags":[6590,6595,6593,6591,5185,6589,6592,118,6596,6585,6582,6588,338,6587,6594,6583,6581,6584,6586,2394],"jetpack_publicize_connections":[],"yoast_head":"<!-- This site is optimized with the Yoast SEO plugin v19.1 - https:\/\/yoast.com\/wordpress\/plugins\/seo\/ -->\n<title>Pakicat, pa t\u00eb drejt\u00ebn e mandateve t\u00eb garantuara - Lajme nga Ulqini<\/title>\n<meta name=\"description\" content=\"Numri i madh i partive shqiptare b\u00ebn q\u00eb n\u00eb rast t\u00eb pjes\u00ebmarrjes s\u00eb tyre n\u00eb m\u00ebnyr\u00eb t\u00eb pavarur n\u00eb zgjedhje t\u00eb rrezikohet humbja dhe shkap\u00ebrderdhja e votave\" \/>\n<meta name=\"robots\" content=\"index, follow, max-snippet:-1, max-image-preview:large, max-video-preview:-1\" \/>\n<link rel=\"canonical\" href=\"https:\/\/www.visit-ulcinj.com\/blog\/2009\/02\/08\/pakicat-pa-te-drejten-e-mandateve-te-garantuara\/\" \/>\n<meta property=\"og:locale\" content=\"en_US\" \/>\n<meta property=\"og:type\" content=\"article\" \/>\n<meta property=\"og:title\" content=\"Pakicat, pa t\u00eb drejt\u00ebn e mandateve t\u00eb garantuara - Lajme nga Ulqini\" \/>\n<meta property=\"og:description\" content=\"Numri i madh i partive shqiptare b\u00ebn q\u00eb n\u00eb rast t\u00eb pjes\u00ebmarrjes s\u00eb tyre n\u00eb m\u00ebnyr\u00eb t\u00eb pavarur n\u00eb zgjedhje t\u00eb rrezikohet humbja dhe shkap\u00ebrderdhja e votave\" \/>\n<meta property=\"og:url\" content=\"https:\/\/www.visit-ulcinj.com\/blog\/2009\/02\/08\/pakicat-pa-te-drejten-e-mandateve-te-garantuara\/\" \/>\n<meta property=\"og:site_name\" content=\"Lajme nga Ulqini\" \/>\n<meta property=\"article:published_time\" content=\"2009-02-08T17:15:53+00:00\" \/>\n<meta property=\"og:image\" content=\"http:\/\/www.visit-ulcinj.com\/blog\/wp-content\/uploads\/2009\/02\/pakicat-pa-mandate-te-garantuara.jpg\" \/>\n<meta name=\"twitter:label1\" content=\"Written by\" \/>\n\t<meta name=\"twitter:data1\" content=\"ulqini\" \/>\n\t<meta name=\"twitter:label2\" content=\"Est. reading time\" \/>\n\t<meta name=\"twitter:data2\" content=\"8 minutes\" \/>\n<script type=\"application\/ld+json\" class=\"yoast-schema-graph\">{\"@context\":\"https:\/\/schema.org\",\"@graph\":[{\"@type\":\"WebSite\",\"@id\":\"https:\/\/www.visit-ulcinj.com\/blog\/#website\",\"url\":\"https:\/\/www.visit-ulcinj.com\/blog\/\",\"name\":\"Lajme nga Ulqini\",\"description\":\"Lajme,Vijesti,Ulqini,Ulqin,Crna Gora,Mali i Zi\",\"potentialAction\":[{\"@type\":\"SearchAction\",\"target\":{\"@type\":\"EntryPoint\",\"urlTemplate\":\"https:\/\/www.visit-ulcinj.com\/blog\/?s={search_term_string}\"},\"query-input\":\"required name=search_term_string\"}],\"inLanguage\":\"en-US\"},{\"@type\":\"ImageObject\",\"inLanguage\":\"en-US\",\"@id\":\"https:\/\/www.visit-ulcinj.com\/blog\/2009\/02\/08\/pakicat-pa-te-drejten-e-mandateve-te-garantuara\/#primaryimage\",\"url\":\"http:\/\/www.visit-ulcinj.com\/blog\/wp-content\/uploads\/2009\/02\/pakicat-pa-mandate-te-garantuara.jpg\",\"contentUrl\":\"http:\/\/www.visit-ulcinj.com\/blog\/wp-content\/uploads\/2009\/02\/pakicat-pa-mandate-te-garantuara.jpg\"},{\"@type\":\"WebPage\",\"@id\":\"https:\/\/www.visit-ulcinj.com\/blog\/2009\/02\/08\/pakicat-pa-te-drejten-e-mandateve-te-garantuara\/#webpage\",\"url\":\"https:\/\/www.visit-ulcinj.com\/blog\/2009\/02\/08\/pakicat-pa-te-drejten-e-mandateve-te-garantuara\/\",\"name\":\"Pakicat, pa t\u00eb drejt\u00ebn e mandateve t\u00eb garantuara - Lajme nga Ulqini\",\"isPartOf\":{\"@id\":\"https:\/\/www.visit-ulcinj.com\/blog\/#website\"},\"primaryImageOfPage\":{\"@id\":\"https:\/\/www.visit-ulcinj.com\/blog\/2009\/02\/08\/pakicat-pa-te-drejten-e-mandateve-te-garantuara\/#primaryimage\"},\"datePublished\":\"2009-02-08T17:15:53+00:00\",\"dateModified\":\"2009-02-08T17:15:53+00:00\",\"author\":{\"@id\":\"https:\/\/www.visit-ulcinj.com\/blog\/#\/schema\/person\/dcab619c614d3038751c63bc2aadc06d\"},\"description\":\"Numri i madh i partive shqiptare b\u00ebn q\u00eb n\u00eb rast t\u00eb pjes\u00ebmarrjes s\u00eb tyre n\u00eb m\u00ebnyr\u00eb t\u00eb pavarur n\u00eb zgjedhje t\u00eb rrezikohet humbja dhe shkap\u00ebrderdhja e votave\",\"breadcrumb\":{\"@id\":\"https:\/\/www.visit-ulcinj.com\/blog\/2009\/02\/08\/pakicat-pa-te-drejten-e-mandateve-te-garantuara\/#breadcrumb\"},\"inLanguage\":\"en-US\",\"potentialAction\":[{\"@type\":\"ReadAction\",\"target\":[\"https:\/\/www.visit-ulcinj.com\/blog\/2009\/02\/08\/pakicat-pa-te-drejten-e-mandateve-te-garantuara\/\"]}]},{\"@type\":\"BreadcrumbList\",\"@id\":\"https:\/\/www.visit-ulcinj.com\/blog\/2009\/02\/08\/pakicat-pa-te-drejten-e-mandateve-te-garantuara\/#breadcrumb\",\"itemListElement\":[{\"@type\":\"ListItem\",\"position\":1,\"name\":\"Pakicat, pa t\u00eb drejt\u00ebn e mandateve t\u00eb garantuara\"}]},{\"@type\":\"Person\",\"@id\":\"https:\/\/www.visit-ulcinj.com\/blog\/#\/schema\/person\/dcab619c614d3038751c63bc2aadc06d\",\"name\":\"ulqini\",\"sameAs\":[\"http:\/\/www.visit-ulcinj.com\"],\"url\":\"https:\/\/www.visit-ulcinj.com\/blog\/author\/admin\/\"}]}<\/script>\n<!-- \/ Yoast SEO plugin. -->","yoast_head_json":{"title":"Pakicat, pa t\u00eb drejt\u00ebn e mandateve t\u00eb garantuara - Lajme nga Ulqini","description":"Numri i madh i partive shqiptare b\u00ebn q\u00eb n\u00eb rast t\u00eb pjes\u00ebmarrjes s\u00eb tyre n\u00eb m\u00ebnyr\u00eb t\u00eb pavarur n\u00eb zgjedhje t\u00eb rrezikohet humbja dhe shkap\u00ebrderdhja e votave","robots":{"index":"index","follow":"follow","max-snippet":"max-snippet:-1","max-image-preview":"max-image-preview:large","max-video-preview":"max-video-preview:-1"},"canonical":"https:\/\/www.visit-ulcinj.com\/blog\/2009\/02\/08\/pakicat-pa-te-drejten-e-mandateve-te-garantuara\/","og_locale":"en_US","og_type":"article","og_title":"Pakicat, pa t\u00eb drejt\u00ebn e mandateve t\u00eb garantuara - Lajme nga Ulqini","og_description":"Numri i madh i partive shqiptare b\u00ebn q\u00eb n\u00eb rast t\u00eb pjes\u00ebmarrjes s\u00eb tyre n\u00eb m\u00ebnyr\u00eb t\u00eb pavarur n\u00eb zgjedhje t\u00eb rrezikohet humbja dhe shkap\u00ebrderdhja e votave","og_url":"https:\/\/www.visit-ulcinj.com\/blog\/2009\/02\/08\/pakicat-pa-te-drejten-e-mandateve-te-garantuara\/","og_site_name":"Lajme nga Ulqini","article_published_time":"2009-02-08T17:15:53+00:00","og_image":[{"url":"http:\/\/www.visit-ulcinj.com\/blog\/wp-content\/uploads\/2009\/02\/pakicat-pa-mandate-te-garantuara.jpg"}],"twitter_misc":{"Written by":"ulqini","Est. reading time":"8 minutes"},"schema":{"@context":"https:\/\/schema.org","@graph":[{"@type":"WebSite","@id":"https:\/\/www.visit-ulcinj.com\/blog\/#website","url":"https:\/\/www.visit-ulcinj.com\/blog\/","name":"Lajme nga Ulqini","description":"Lajme,Vijesti,Ulqini,Ulqin,Crna Gora,Mali i Zi","potentialAction":[{"@type":"SearchAction","target":{"@type":"EntryPoint","urlTemplate":"https:\/\/www.visit-ulcinj.com\/blog\/?s={search_term_string}"},"query-input":"required name=search_term_string"}],"inLanguage":"en-US"},{"@type":"ImageObject","inLanguage":"en-US","@id":"https:\/\/www.visit-ulcinj.com\/blog\/2009\/02\/08\/pakicat-pa-te-drejten-e-mandateve-te-garantuara\/#primaryimage","url":"http:\/\/www.visit-ulcinj.com\/blog\/wp-content\/uploads\/2009\/02\/pakicat-pa-mandate-te-garantuara.jpg","contentUrl":"http:\/\/www.visit-ulcinj.com\/blog\/wp-content\/uploads\/2009\/02\/pakicat-pa-mandate-te-garantuara.jpg"},{"@type":"WebPage","@id":"https:\/\/www.visit-ulcinj.com\/blog\/2009\/02\/08\/pakicat-pa-te-drejten-e-mandateve-te-garantuara\/#webpage","url":"https:\/\/www.visit-ulcinj.com\/blog\/2009\/02\/08\/pakicat-pa-te-drejten-e-mandateve-te-garantuara\/","name":"Pakicat, pa t\u00eb drejt\u00ebn e mandateve t\u00eb garantuara - Lajme nga Ulqini","isPartOf":{"@id":"https:\/\/www.visit-ulcinj.com\/blog\/#website"},"primaryImageOfPage":{"@id":"https:\/\/www.visit-ulcinj.com\/blog\/2009\/02\/08\/pakicat-pa-te-drejten-e-mandateve-te-garantuara\/#primaryimage"},"datePublished":"2009-02-08T17:15:53+00:00","dateModified":"2009-02-08T17:15:53+00:00","author":{"@id":"https:\/\/www.visit-ulcinj.com\/blog\/#\/schema\/person\/dcab619c614d3038751c63bc2aadc06d"},"description":"Numri i madh i partive shqiptare b\u00ebn q\u00eb n\u00eb rast t\u00eb pjes\u00ebmarrjes s\u00eb tyre n\u00eb m\u00ebnyr\u00eb t\u00eb pavarur n\u00eb zgjedhje t\u00eb rrezikohet humbja dhe shkap\u00ebrderdhja e votave","breadcrumb":{"@id":"https:\/\/www.visit-ulcinj.com\/blog\/2009\/02\/08\/pakicat-pa-te-drejten-e-mandateve-te-garantuara\/#breadcrumb"},"inLanguage":"en-US","potentialAction":[{"@type":"ReadAction","target":["https:\/\/www.visit-ulcinj.com\/blog\/2009\/02\/08\/pakicat-pa-te-drejten-e-mandateve-te-garantuara\/"]}]},{"@type":"BreadcrumbList","@id":"https:\/\/www.visit-ulcinj.com\/blog\/2009\/02\/08\/pakicat-pa-te-drejten-e-mandateve-te-garantuara\/#breadcrumb","itemListElement":[{"@type":"ListItem","position":1,"name":"Pakicat, pa t\u00eb drejt\u00ebn e mandateve t\u00eb garantuara"}]},{"@type":"Person","@id":"https:\/\/www.visit-ulcinj.com\/blog\/#\/schema\/person\/dcab619c614d3038751c63bc2aadc06d","name":"ulqini","sameAs":["http:\/\/www.visit-ulcinj.com"],"url":"https:\/\/www.visit-ulcinj.com\/blog\/author\/admin\/"}]}},"jetpack_featured_media_url":"","jetpack_sharing_enabled":true,"jetpack_shortlink":"https:\/\/wp.me\/pe6lTn-2Q9","_links":{"self":[{"href":"https:\/\/www.visit-ulcinj.com\/blog\/wp-json\/wp\/v2\/posts\/10921"}],"collection":[{"href":"https:\/\/www.visit-ulcinj.com\/blog\/wp-json\/wp\/v2\/posts"}],"about":[{"href":"https:\/\/www.visit-ulcinj.com\/blog\/wp-json\/wp\/v2\/types\/post"}],"author":[{"embeddable":true,"href":"https:\/\/www.visit-ulcinj.com\/blog\/wp-json\/wp\/v2\/users\/1"}],"replies":[{"embeddable":true,"href":"https:\/\/www.visit-ulcinj.com\/blog\/wp-json\/wp\/v2\/comments?post=10921"}],"version-history":[{"count":0,"href":"https:\/\/www.visit-ulcinj.com\/blog\/wp-json\/wp\/v2\/posts\/10921\/revisions"}],"wp:attachment":[{"href":"https:\/\/www.visit-ulcinj.com\/blog\/wp-json\/wp\/v2\/media?parent=10921"}],"wp:term":[{"taxonomy":"category","embeddable":true,"href":"https:\/\/www.visit-ulcinj.com\/blog\/wp-json\/wp\/v2\/categories?post=10921"},{"taxonomy":"post_tag","embeddable":true,"href":"https:\/\/www.visit-ulcinj.com\/blog\/wp-json\/wp\/v2\/tags?post=10921"}],"curies":[{"name":"wp","href":"https:\/\/api.w.org\/{rel}","templated":true}]}}