{"id":1094,"date":"2008-04-01T02:48:40","date_gmt":"2008-04-01T07:48:40","guid":{"rendered":"http:\/\/www.visit-ulcinj.com\/blog\/?p=1094"},"modified":"2008-04-01T02:48:40","modified_gmt":"2008-04-01T07:48:40","slug":"kumtese-per-opinion-e-deges-se-udsh-se-ne-malesi-lidhur-me-situaten-ne-komunen-urbane-te-tuzit","status":"publish","type":"post","link":"https:\/\/www.visit-ulcinj.com\/blog\/2008\/04\/01\/kumtese-per-opinion-e-deges-se-udsh-se-ne-malesi-lidhur-me-situaten-ne-komunen-urbane-te-tuzit\/","title":{"rendered":"Kumtes\u00eb p\u00ebr opinion e deg\u00ebs s\u00eb UDSH-s\u00eb n\u00eb Mal\u00ebsi lidhur me situat\u00ebn n\u00eb Komun\u00ebn Urbane t\u00eb Tuzit"},"content":{"rendered":"<p><a href=\"http:\/\/www.visit-ulcinj.com\/blog\/wp-content\/uploads\/2008\/03\/komuna-urbane-e-tuzit.jpg\"><img loading=\"lazy\" class=\"alignleft size-thumbnail wp-image-1043\" style=\"float: left;\" title=\"komuna urbane e tuzit\" src=\"http:\/\/www.visit-ulcinj.com\/blog\/wp-content\/uploads\/2008\/03\/komuna-urbane-e-tuzit.jpg\" alt=\"komuna urbane e tuzit\" width=\"168\" height=\"161\" \/><\/a><strong>Mal\u00ebsia dhe Serbia<\/strong><br \/>\nMal\u00ebsia vazhdon t\u00eb manipulohet nga Alternativa Shqiptare dhe nga LD n\u00eb MZ. Pas dor\u00ebheqjes s\u00eb z. Kol\u00eb Lulgjuraj, k\u00ebshilltar i Partis\u00eb Socialiste Popullore, me t\u00eb cilin qeverisej Komuna Urbane e Tuzit, pritej se ASH dhe LD n\u00eb MZ do t\u00eb thon\u00eb vet\u00eb se nuk kan\u00eb m\u00eb shumic\u00ebn dhe se nevojitet zgjidhje tjet\u00ebr, meq\u00eb Partia Socialiste Popullore kishte dal\u00eb publikisht se ka prishur koalicion.<br \/>\nPor ata, n\u00eb vend t\u00eb Kol\u00eb Lulgjuraj, organizojn\u00eb mbledhje t\u00eb paligjshme me k\u00ebshilltarin tjet\u00ebr t\u00eb PSP-s\u00eb, z. Zhelko Miliq, me t\u00eb cilin miratojn\u00eb Planin financiar t\u00eb KU t\u00eb Tuzit, pa pjes\u00ebmarrjen e opozit\u00ebs.<a href=\"http:\/\/www.visit-ulcinj.com\/blog\/wp-content\/uploads\/2008\/03\/kole-lulgjuraj1.jpg\"><img loading=\"lazy\" class=\"alignright size-thumbnail wp-image-1042\" style=\"float: right;\" title=\"Kol\u00eb Lulgjuraj1\" src=\"http:\/\/www.visit-ulcinj.com\/blog\/wp-content\/uploads\/2008\/03\/kole-lulgjuraj1.jpg\" alt=\"Kol\u00eb Lulgjuraj1\" width=\"150\" height=\"112\" \/><\/a><br \/>\nUDSH d\u00ebshiron t`ia t\u00ebrheq\u00eb v\u00ebrejtjen opinionit p\u00ebr disa manipulime t\u00eb reja t\u00eb rastit me dhjet\u00eb (10) k\u00ebshilltar\u00ebt e tyre. Pra, n\u00eb Komun\u00ebn Urbane t\u00eb Tuzit nuk ka shumic\u00eb, andaj asnj\u00eb akt i saj nuk mund t\u00eb jet\u00eb i vlefsh\u00ebm.<br \/>\nS\u00eb dyti, prodhimi i planit financiar me mandatin e paligjsh\u00ebm t\u00eb Zhelko Miliqit flet se ASH dhe LD n\u00eb MZ, p\u00ebr interesa personale, nuk e shohin interesin e Mal\u00ebsis\u00eb. Pavar\u00ebsia e Kosov\u00ebs ka demaskuar plot\u00ebsisht Partin\u00eb Socialiste Popullore, kryetari i t\u00eb cil\u00ebs shkon n\u00eb Mitrovic\u00eb p\u00ebr t\u00eb th\u00ebn\u00eb se Kosova na qenka Serbi. UDSH e ka ditur kaher\u00eb se nuk p\u00ebrparohet Mal\u00ebsia me parti proserbe.<br \/>\nS\u00eb treti, nuk dihet autori i Planit Financiar dhe ai nuk \u00ebsht\u00eb i drejt\u00eb, madje me disa pjes\u00eb t\u00eb dyshimta.<br \/>\nS\u00eb kat\u00ebrti, pse ASH dhe LD n\u00eb MZ kan\u00eb shpejtuar t\u00eb ken\u00eb planin financiar t\u00eb Komun\u00ebs Urbane t\u00eb Tuzit, kur ata nuk e njohin k\u00ebt\u00eb komun\u00eb dhe kur dihet se kan\u00eb pohuar se Mal\u00ebsis\u00eb nuk i nevojiten t\u00eb hollat e <a href=\"http:\/\/www.visit-ulcinj.com\/blog\/wp-content\/uploads\/2008\/03\/fadil-kajoshaj.jpg\"><img loading=\"lazy\" class=\"alignleft size-thumbnail wp-image-1021\" style=\"float: left;\" title=\"fadil kajoshaj\" src=\"http:\/\/www.visit-ulcinj.com\/blog\/wp-content\/uploads\/2008\/03\/fadil-kajoshaj.jpg\" alt=\"Fadil Kajoshaj\" width=\"145\" height=\"150\" \/><\/a>Podgoric\u00ebs, pasi q\u00eb, si komun\u00eb e pavarur, ajo do t\u00eb kishte t\u00eb ardhura shum\u00eb m\u00eb t\u00eb m\u00ebdha, sipas tyre.<br \/>\nUDSH nuk do t\u00eb jet\u00eb pjes\u00eb e k\u00ebtyre manipulimeve.<br \/>\nNe do t\u00eb flasim me argumente kur t\u00eb jet\u00eb koha q\u00eb Komuna Urbane t\u00eb avancohet n\u00eb komun\u00eb t\u00eb plot\u00eb. \u00cbsht\u00eb koha q\u00eb ata q\u00eb nuk flasin me argumente, ASH dhe LD n\u00eb MZ, t\u00eb pranojn\u00eb se e kan\u00eb manipuluar dhe vazhdojn\u00eb t\u00eb manipulojn\u00eb Mal\u00ebsin\u00eb, duke krijuar tendosje edhe n\u00eb marr\u00ebdh\u00ebniet nd\u00ebrnjer\u00ebzore, thuhet n\u00eb kumtes\u00ebn p\u00ebr opinion t\u00eb Deg\u00ebs s\u00eb UDSH-s\u00eb n\u00eb Mal\u00ebsi, t\u00eb n\u00ebnshkruar nga kryetari i saj, Fadil Kajoshaj.<br \/>\n<strong> (Kohapress)<\/strong><\/p>\n","protected":false},"excerpt":{"rendered":"<p><img loading=\"lazy\" class=\"alignleft size-thumbnail wp-image-1043\" style=\"float: left;\" title=\"komuna urbane e tuzit\" src=\"http:\/\/www.visit-ulcinj.com\/blog\/wp-content\/uploads\/2008\/03\/komuna-urbane-e-tuzit.jpg\" alt=\"komuna urbane e tuzit\" width=\"140\" height=\"140\" \/><\/p>\n","protected":false},"author":1,"featured_media":0,"comment_status":"open","ping_status":"closed","sticky":false,"template":"","format":"standard","meta":{"spay_email":"","jetpack_publicize_message":"","jetpack_is_tweetstorm":false,"jetpack_publicize_feature_enabled":true},"categories":[6],"tags":[],"jetpack_publicize_connections":[],"yoast_head":"<!-- This site is optimized with the Yoast SEO plugin v19.1 - https:\/\/yoast.com\/wordpress\/plugins\/seo\/ -->\n<title>Kumtes\u00eb p\u00ebr opinion e deg\u00ebs s\u00eb UDSH-s\u00eb n\u00eb Mal\u00ebsi lidhur me situat\u00ebn n\u00eb Komun\u00ebn Urbane t\u00eb Tuzit - Lajme nga Ulqini<\/title>\n<meta name=\"robots\" content=\"index, follow, max-snippet:-1, max-image-preview:large, max-video-preview:-1\" \/>\n<link rel=\"canonical\" href=\"https:\/\/www.visit-ulcinj.com\/blog\/2008\/04\/01\/kumtese-per-opinion-e-deges-se-udsh-se-ne-malesi-lidhur-me-situaten-ne-komunen-urbane-te-tuzit\/\" \/>\n<meta property=\"og:locale\" content=\"en_US\" \/>\n<meta property=\"og:type\" content=\"article\" \/>\n<meta property=\"og:title\" content=\"Kumtes\u00eb p\u00ebr opinion e deg\u00ebs s\u00eb UDSH-s\u00eb n\u00eb Mal\u00ebsi lidhur me situat\u00ebn n\u00eb Komun\u00ebn Urbane t\u00eb Tuzit - Lajme nga Ulqini\" \/>\n<meta property=\"og:url\" content=\"https:\/\/www.visit-ulcinj.com\/blog\/2008\/04\/01\/kumtese-per-opinion-e-deges-se-udsh-se-ne-malesi-lidhur-me-situaten-ne-komunen-urbane-te-tuzit\/\" \/>\n<meta property=\"og:site_name\" content=\"Lajme nga Ulqini\" \/>\n<meta property=\"article:published_time\" content=\"2008-04-01T07:48:40+00:00\" \/>\n<meta property=\"og:image\" content=\"http:\/\/www.visit-ulcinj.com\/blog\/wp-content\/uploads\/2008\/03\/komuna-urbane-e-tuzit.jpg\" \/>\n<meta name=\"twitter:label1\" content=\"Written by\" \/>\n\t<meta name=\"twitter:data1\" content=\"ulqini\" \/>\n\t<meta name=\"twitter:label2\" content=\"Est. reading time\" \/>\n\t<meta name=\"twitter:data2\" content=\"2 minutes\" \/>\n<script type=\"application\/ld+json\" class=\"yoast-schema-graph\">{\"@context\":\"https:\/\/schema.org\",\"@graph\":[{\"@type\":\"WebSite\",\"@id\":\"https:\/\/www.visit-ulcinj.com\/blog\/#website\",\"url\":\"https:\/\/www.visit-ulcinj.com\/blog\/\",\"name\":\"Lajme nga Ulqini\",\"description\":\"Lajme,Vijesti,Ulqini,Ulqin,Crna Gora,Mali i Zi\",\"potentialAction\":[{\"@type\":\"SearchAction\",\"target\":{\"@type\":\"EntryPoint\",\"urlTemplate\":\"https:\/\/www.visit-ulcinj.com\/blog\/?s={search_term_string}\"},\"query-input\":\"required name=search_term_string\"}],\"inLanguage\":\"en-US\"},{\"@type\":\"ImageObject\",\"inLanguage\":\"en-US\",\"@id\":\"https:\/\/www.visit-ulcinj.com\/blog\/2008\/04\/01\/kumtese-per-opinion-e-deges-se-udsh-se-ne-malesi-lidhur-me-situaten-ne-komunen-urbane-te-tuzit\/#primaryimage\",\"url\":\"http:\/\/www.visit-ulcinj.com\/blog\/wp-content\/uploads\/2008\/03\/komuna-urbane-e-tuzit.jpg\",\"contentUrl\":\"http:\/\/www.visit-ulcinj.com\/blog\/wp-content\/uploads\/2008\/03\/komuna-urbane-e-tuzit.jpg\"},{\"@type\":\"WebPage\",\"@id\":\"https:\/\/www.visit-ulcinj.com\/blog\/2008\/04\/01\/kumtese-per-opinion-e-deges-se-udsh-se-ne-malesi-lidhur-me-situaten-ne-komunen-urbane-te-tuzit\/#webpage\",\"url\":\"https:\/\/www.visit-ulcinj.com\/blog\/2008\/04\/01\/kumtese-per-opinion-e-deges-se-udsh-se-ne-malesi-lidhur-me-situaten-ne-komunen-urbane-te-tuzit\/\",\"name\":\"Kumtes\u00eb p\u00ebr opinion e deg\u00ebs s\u00eb UDSH-s\u00eb n\u00eb Mal\u00ebsi lidhur me situat\u00ebn n\u00eb Komun\u00ebn Urbane t\u00eb Tuzit - Lajme nga Ulqini\",\"isPartOf\":{\"@id\":\"https:\/\/www.visit-ulcinj.com\/blog\/#website\"},\"primaryImageOfPage\":{\"@id\":\"https:\/\/www.visit-ulcinj.com\/blog\/2008\/04\/01\/kumtese-per-opinion-e-deges-se-udsh-se-ne-malesi-lidhur-me-situaten-ne-komunen-urbane-te-tuzit\/#primaryimage\"},\"datePublished\":\"2008-04-01T07:48:40+00:00\",\"dateModified\":\"2008-04-01T07:48:40+00:00\",\"author\":{\"@id\":\"https:\/\/www.visit-ulcinj.com\/blog\/#\/schema\/person\/dcab619c614d3038751c63bc2aadc06d\"},\"breadcrumb\":{\"@id\":\"https:\/\/www.visit-ulcinj.com\/blog\/2008\/04\/01\/kumtese-per-opinion-e-deges-se-udsh-se-ne-malesi-lidhur-me-situaten-ne-komunen-urbane-te-tuzit\/#breadcrumb\"},\"inLanguage\":\"en-US\",\"potentialAction\":[{\"@type\":\"ReadAction\",\"target\":[\"https:\/\/www.visit-ulcinj.com\/blog\/2008\/04\/01\/kumtese-per-opinion-e-deges-se-udsh-se-ne-malesi-lidhur-me-situaten-ne-komunen-urbane-te-tuzit\/\"]}]},{\"@type\":\"BreadcrumbList\",\"@id\":\"https:\/\/www.visit-ulcinj.com\/blog\/2008\/04\/01\/kumtese-per-opinion-e-deges-se-udsh-se-ne-malesi-lidhur-me-situaten-ne-komunen-urbane-te-tuzit\/#breadcrumb\",\"itemListElement\":[{\"@type\":\"ListItem\",\"position\":1,\"name\":\"Kumtes\u00eb p\u00ebr opinion e deg\u00ebs s\u00eb UDSH-s\u00eb n\u00eb Mal\u00ebsi lidhur me situat\u00ebn n\u00eb Komun\u00ebn Urbane t\u00eb Tuzit\"}]},{\"@type\":\"Person\",\"@id\":\"https:\/\/www.visit-ulcinj.com\/blog\/#\/schema\/person\/dcab619c614d3038751c63bc2aadc06d\",\"name\":\"ulqini\",\"sameAs\":[\"http:\/\/www.visit-ulcinj.com\"],\"url\":\"https:\/\/www.visit-ulcinj.com\/blog\/author\/admin\/\"}]}<\/script>\n<!-- \/ Yoast SEO plugin. -->","yoast_head_json":{"title":"Kumtes\u00eb p\u00ebr opinion e deg\u00ebs s\u00eb UDSH-s\u00eb n\u00eb Mal\u00ebsi lidhur me situat\u00ebn n\u00eb Komun\u00ebn Urbane t\u00eb Tuzit - Lajme nga Ulqini","robots":{"index":"index","follow":"follow","max-snippet":"max-snippet:-1","max-image-preview":"max-image-preview:large","max-video-preview":"max-video-preview:-1"},"canonical":"https:\/\/www.visit-ulcinj.com\/blog\/2008\/04\/01\/kumtese-per-opinion-e-deges-se-udsh-se-ne-malesi-lidhur-me-situaten-ne-komunen-urbane-te-tuzit\/","og_locale":"en_US","og_type":"article","og_title":"Kumtes\u00eb p\u00ebr opinion e deg\u00ebs s\u00eb UDSH-s\u00eb n\u00eb Mal\u00ebsi lidhur me situat\u00ebn n\u00eb Komun\u00ebn Urbane t\u00eb Tuzit - Lajme nga Ulqini","og_url":"https:\/\/www.visit-ulcinj.com\/blog\/2008\/04\/01\/kumtese-per-opinion-e-deges-se-udsh-se-ne-malesi-lidhur-me-situaten-ne-komunen-urbane-te-tuzit\/","og_site_name":"Lajme nga Ulqini","article_published_time":"2008-04-01T07:48:40+00:00","og_image":[{"url":"http:\/\/www.visit-ulcinj.com\/blog\/wp-content\/uploads\/2008\/03\/komuna-urbane-e-tuzit.jpg"}],"twitter_misc":{"Written by":"ulqini","Est. reading time":"2 minutes"},"schema":{"@context":"https:\/\/schema.org","@graph":[{"@type":"WebSite","@id":"https:\/\/www.visit-ulcinj.com\/blog\/#website","url":"https:\/\/www.visit-ulcinj.com\/blog\/","name":"Lajme nga Ulqini","description":"Lajme,Vijesti,Ulqini,Ulqin,Crna Gora,Mali i Zi","potentialAction":[{"@type":"SearchAction","target":{"@type":"EntryPoint","urlTemplate":"https:\/\/www.visit-ulcinj.com\/blog\/?s={search_term_string}"},"query-input":"required name=search_term_string"}],"inLanguage":"en-US"},{"@type":"ImageObject","inLanguage":"en-US","@id":"https:\/\/www.visit-ulcinj.com\/blog\/2008\/04\/01\/kumtese-per-opinion-e-deges-se-udsh-se-ne-malesi-lidhur-me-situaten-ne-komunen-urbane-te-tuzit\/#primaryimage","url":"http:\/\/www.visit-ulcinj.com\/blog\/wp-content\/uploads\/2008\/03\/komuna-urbane-e-tuzit.jpg","contentUrl":"http:\/\/www.visit-ulcinj.com\/blog\/wp-content\/uploads\/2008\/03\/komuna-urbane-e-tuzit.jpg"},{"@type":"WebPage","@id":"https:\/\/www.visit-ulcinj.com\/blog\/2008\/04\/01\/kumtese-per-opinion-e-deges-se-udsh-se-ne-malesi-lidhur-me-situaten-ne-komunen-urbane-te-tuzit\/#webpage","url":"https:\/\/www.visit-ulcinj.com\/blog\/2008\/04\/01\/kumtese-per-opinion-e-deges-se-udsh-se-ne-malesi-lidhur-me-situaten-ne-komunen-urbane-te-tuzit\/","name":"Kumtes\u00eb p\u00ebr opinion e deg\u00ebs s\u00eb UDSH-s\u00eb n\u00eb Mal\u00ebsi lidhur me situat\u00ebn n\u00eb Komun\u00ebn Urbane t\u00eb Tuzit - Lajme nga Ulqini","isPartOf":{"@id":"https:\/\/www.visit-ulcinj.com\/blog\/#website"},"primaryImageOfPage":{"@id":"https:\/\/www.visit-ulcinj.com\/blog\/2008\/04\/01\/kumtese-per-opinion-e-deges-se-udsh-se-ne-malesi-lidhur-me-situaten-ne-komunen-urbane-te-tuzit\/#primaryimage"},"datePublished":"2008-04-01T07:48:40+00:00","dateModified":"2008-04-01T07:48:40+00:00","author":{"@id":"https:\/\/www.visit-ulcinj.com\/blog\/#\/schema\/person\/dcab619c614d3038751c63bc2aadc06d"},"breadcrumb":{"@id":"https:\/\/www.visit-ulcinj.com\/blog\/2008\/04\/01\/kumtese-per-opinion-e-deges-se-udsh-se-ne-malesi-lidhur-me-situaten-ne-komunen-urbane-te-tuzit\/#breadcrumb"},"inLanguage":"en-US","potentialAction":[{"@type":"ReadAction","target":["https:\/\/www.visit-ulcinj.com\/blog\/2008\/04\/01\/kumtese-per-opinion-e-deges-se-udsh-se-ne-malesi-lidhur-me-situaten-ne-komunen-urbane-te-tuzit\/"]}]},{"@type":"BreadcrumbList","@id":"https:\/\/www.visit-ulcinj.com\/blog\/2008\/04\/01\/kumtese-per-opinion-e-deges-se-udsh-se-ne-malesi-lidhur-me-situaten-ne-komunen-urbane-te-tuzit\/#breadcrumb","itemListElement":[{"@type":"ListItem","position":1,"name":"Kumtes\u00eb p\u00ebr opinion e deg\u00ebs s\u00eb UDSH-s\u00eb n\u00eb Mal\u00ebsi lidhur me situat\u00ebn n\u00eb Komun\u00ebn Urbane t\u00eb Tuzit"}]},{"@type":"Person","@id":"https:\/\/www.visit-ulcinj.com\/blog\/#\/schema\/person\/dcab619c614d3038751c63bc2aadc06d","name":"ulqini","sameAs":["http:\/\/www.visit-ulcinj.com"],"url":"https:\/\/www.visit-ulcinj.com\/blog\/author\/admin\/"}]}},"jetpack_featured_media_url":"","jetpack_sharing_enabled":true,"jetpack_shortlink":"https:\/\/wp.me\/pe6lTn-hE","_links":{"self":[{"href":"https:\/\/www.visit-ulcinj.com\/blog\/wp-json\/wp\/v2\/posts\/1094"}],"collection":[{"href":"https:\/\/www.visit-ulcinj.com\/blog\/wp-json\/wp\/v2\/posts"}],"about":[{"href":"https:\/\/www.visit-ulcinj.com\/blog\/wp-json\/wp\/v2\/types\/post"}],"author":[{"embeddable":true,"href":"https:\/\/www.visit-ulcinj.com\/blog\/wp-json\/wp\/v2\/users\/1"}],"replies":[{"embeddable":true,"href":"https:\/\/www.visit-ulcinj.com\/blog\/wp-json\/wp\/v2\/comments?post=1094"}],"version-history":[{"count":0,"href":"https:\/\/www.visit-ulcinj.com\/blog\/wp-json\/wp\/v2\/posts\/1094\/revisions"}],"wp:attachment":[{"href":"https:\/\/www.visit-ulcinj.com\/blog\/wp-json\/wp\/v2\/media?parent=1094"}],"wp:term":[{"taxonomy":"category","embeddable":true,"href":"https:\/\/www.visit-ulcinj.com\/blog\/wp-json\/wp\/v2\/categories?post=1094"},{"taxonomy":"post_tag","embeddable":true,"href":"https:\/\/www.visit-ulcinj.com\/blog\/wp-json\/wp\/v2\/tags?post=1094"}],"curies":[{"name":"wp","href":"https:\/\/api.w.org\/{rel}","templated":true}]}}