{"id":1095,"date":"2008-04-01T04:03:16","date_gmt":"2008-04-01T09:03:16","guid":{"rendered":"http:\/\/www.visit-ulcinj.com\/blog\/?p=1095"},"modified":"2008-04-01T04:03:16","modified_gmt":"2008-04-01T09:03:16","slug":"planovi-za-ulcinjsku-solanu","status":"publish","type":"post","link":"https:\/\/www.visit-ulcinj.com\/blog\/2008\/04\/01\/planovi-za-ulcinjsku-solanu\/","title":{"rendered":"Planovi za Ulcinjsku Solanu"},"content":{"rendered":"<p><a href=\"http:\/\/www.visit-ulcinj.com\/blog\/wp-content\/uploads\/2008\/03\/portmilena.jpg\"><img loading=\"lazy\" class=\"alignleft size-thumbnail wp-image-1045\" style=\"float: left;\" title=\"port milen_solana_ulcinj\" src=\"http:\/\/www.visit-ulcinj.com\/blog\/wp-content\/uploads\/2008\/03\/portmilena.jpg\" alt=\"port milen_solana_ulcinj\" width=\"150\" height=\"99\" \/><\/a><strong>Barovi?ev grad na soli<\/strong><br \/>\nI ovoga prolje?a na prostrana ulcinjska polja soli doletjele su \u2013 martovke.Jedna od 240 vrsta ptica koje su na\u0161le stani\u0161te upravo tu gdje se od sunca, vjetra i ?iste morske vode stvara so.<br \/>\nNjih bi uskoro mogle zamijeniti gra?evinske ma\u0161ine. Jer &#8211; tvorci Prostornog plana predvidjeli su, a poslanici u crnogorskoj Skupstini aminovali, da se solana nadomak Ulcinja pretvori u jo\u0161 jedno turisti?ko naselje.Stani\u0161te ptica od me?unarodnog zna?aja u kona?noj se verziji Prostornog plana na\u0161lo na spisku vojnih i industrijskih lokacija za koje obra?iva?i plana predvi?aju mogu?nost da se pretvori u zonu turizma.<br \/>\n<strong>OD SPOMENIKA PRIRODE DO GRADILI\u0160TA:<\/strong><a href=\"http:\/\/www.visit-ulcinj.com\/blog\/wp-content\/uploads\/2008\/03\/plani-hapsinor-ulqin.jpg\"><img loading=\"lazy\" class=\"alignright size-thumbnail wp-image-1025\" style=\"float: right;\" title=\"plani hapsinor ulqin\" src=\"http:\/\/www.visit-ulcinj.com\/blog\/wp-content\/uploads\/2008\/03\/plani-hapsinor-ulqin.jpg\" alt=\"plani hapsinor ulqin\" width=\"150\" height=\"126\" \/><\/a><br \/>\nOd pretvaranja polja soli u hotele korist ?e imati vlasnik firme &#8211; kontroverzni biznismen Veselin Barovi?. Njegov Eurofond posjeduje 75 odsto vlasni\u0161tva tog preduze?a, a dr\u017eava mu je sada omogu?ila da ga, kad mu se prohtje, ugasi. I podigne \u2013 zgrade.<br \/>\nA samo nekoliko mjeseci ranije, u Nacrtu prostornog plana koji je bio dostupan javnosti \u2013 na javnim raspravama &#8211; nije bilo ni govora o prenamjeni Solane Bajo Sekuli?. Tada su obra?iva?i imali druga?ije planove za nju \u2013 da postane spomenik prirode, sa mogu?no\u0161?u da se stavi u ve?u kategoriju za\u0161tite \u2013 da postane regionalni park ili rezervat.<br \/>\nUlcinjani i ekolozi bili su zadovoljni tim rje\u0161enjem pa tokom javne rasprave nisu imali primjedbe na zacrtanu sudbinu solane. Gra?ani Ulcinja su zato glas digli protiv ?itave gomile drugih pojedinosti iz Plana. Ispisali su preko 700 raznih primjedbi na Nacrt prostornog plana. Ozbiljno ljudi shvatili pozive iz Vlade da aktivno u?estvuju u kreiranju sopstvenog prostora.<br \/>\nUzalud. Obra?iva?i plana su ih ignorisali. Ni jedna im primjedba nije uvr\u0161tena u kona?nu verziju Prostornog plana. Ali su zato, iako to niko zvani?no od njih nije tra\u017eio, ulcinjskoj solani prekrojili sudbinu.<br \/>\nNa pitanje Monitora za\u0161to je to ura?eno &#8211; jedan od ?lanova komisije koju je crnogorska Vlada anga\u017eovala da radi na zavr\u0161noj verziji plana, Predrag Bulaji?, obja\u0161njava: \u201cKomisija je utvrdila da je u prvoj verziji napravila propust i shvatila da solani treba pru\u017eiti mogu?nost za prenamjenu, pa smo to i u?injeli\u201d.<br \/>\nBulaji? poja\u0161njava kako je solana, u stvari, nepovoljna po \u017eivotnu sredinu i ugro\u017eava okolna poljoprivredna dobra. \u201cSvaka solana, pa i ova u Ulcinju, devastira prirodnu sredinu i zato smo predvidjeli mogu?nost da se tu izgrade turisti?ki objekti. Jer &#8211; isplativije je, i sa ekonomskog i ekolo\u0161kog aspekta, pretvoriti je u turisti?ki kompleks\u201d, obja\u0161njava Bulaji?.<br \/>\nTvrdi &#8211; solana je tek jedna u nizu objekata ?ija se prenamjena planira i da su se prilikom izrade Prostornog plana trudili \u201cda se sve \u0161tetne djelatnosti izmjeste sa primorja jer je to najvrjedniji dio Crne Gore\u201d.<br \/>\n<strong>NEZNANJE ILI KORIST LOBIJA:<\/strong><br \/>\nNo, Bulaji?a demantuju ostali sagovornici Monitora. Jelena Aleksi?, direktorica Solane Bajo Sekuli? obja\u0161njava: \u201cU proizvodnji soli nema ni jednog detalja kojim se naru\u0161ava prirodni sklad, a ulcinjska solana je jedna od 10 u svijetu u kojima se so proizvodi na tradicionalan, ekolo\u0161ki na?in\u201c.<br \/>\nZa tvrdnje da su polja soli \u0161tetna po \u017eivotnu sredinu Aleksi?eva ka\u017ee da su neodgovorne izjave neupu?enih i neznavenih ljudi koji solanu nikada nisu posjetili\u201d.<br \/>\n\u201cSada je o?igledno da je Prostorni plan napravljen za ne?iji interes, jer kako drugo tuma?iti tvrdnje da je solana opasna za prirodnu sredinu i da je bolje pretvoriti je u turisti?ki kompleks. Pa tamo je registrovano 240 vrsta ptica, od kojih se 70 nalazi na spisku za\u0161ti?enih ptica Evropske unije\u201c, tvrdi ornitolog Darko Savelji?. Upozorava da solana nije samo crnogorska, ve? i evropska i svjetska jer je priznato stani\u0161te ptica pa je gotovo nemogu?e da bi u svjetskim nau?nim krugovima ostali ravnodu\u0161ni na bilo kakvu intervenciju i gradnju hotela.<br \/>\n\u201dNijedna solana na Mediteranu koja je prestala sa radom nije betonirana \u2013 postala je ili ribnjak, uzgajali\u0161te ra?i?a ili slu\u017ei za razvoj ekoturizma &#8211; vi\u0161e od 70 odsto solana na Mediteranu u\u017eiva nacionalnu za\u0161titu\u201d, obja\u0161njava on.<br \/>\n<a href=\"http:\/\/www.visit-ulcinj.com\/blog\/wp-content\/uploads\/2008\/04\/amblemi_ulqinit2.jpg\"><img loading=\"lazy\" class=\"alignleft size-thumbnail wp-image-1096\" style=\"float: left;\" title=\"amblemi_ulqinit2\" src=\"http:\/\/www.visit-ulcinj.com\/blog\/wp-content\/uploads\/2008\/04\/amblemi_ulqinit2-150x150.jpg\" alt=\"amblemi_ulqinit2\" width=\"150\" height=\"150\" \/><\/a><strong>KRIVA I LOKALNA VLAST: <\/strong><br \/>\nSavelji? tvrdi da dio odgovornosti snosi i lokalna vlast u Ulcinju koja je prethodnih deset godina samo deklarativno bila za za\u0161titu tog podru?ja, ali nikada nisu ni\u0161ta uradili da je stvarno za\u0161tite. \u201eDok je na me?unarodnim mapama ozna?ena kao va\u017eno podru?je, ni op\u0161tinske ni republi?ke vlasti je nisu \u017eeljele staviti pod za\u0161titu, a Prostornim planom to prirodno bogatstvo guraju u kona?nu propast radi privatnih interesa\u201c, ka\u017ee Savelji?.<br \/>\nIstina, op\u0161tinske vlasti nisu se oglasile zato \u0161to je zemlji\u0161te na kojem se nalazi solana predvi?eno za zidanje i nizanje novih kreveta kojih, ionako u Ulcinju ima previ\u0161e. Odreagovale su samo lokalne nevladine organizacija poslav\u0161i apel poslanicima u Skup\u0161tini da ne glasaju za Prostorni plan i ne dozvole betoniranje solane.<br \/>\n\u201eO?igledno je da se ovim Prostornim planom ne \u0161tite interesi gra?ana, ve? lobija i pojedinaca samo zbog njihove finansijske koristi, na \u0161tetu razvoja op\u0161tine Ulcinj\u201c, kaze Ilir Lazorja iz ulcinjske NVO MogUl.<br \/>\n<strong>PO BAROVI?EVOM KROJU:<\/strong><br \/>\nNakon svih poslovnih poduhvata diljem Crne Gore <a href=\"http:\/\/www.visit-ulcinj.com\/blog\/wp-content\/uploads\/2008\/04\/veselin-barovic.jpg\"><img loading=\"lazy\" class=\"alignright size-thumbnail wp-image-1100\" style=\"float: right;\" title=\"veselin-barovic\" src=\"http:\/\/www.visit-ulcinj.com\/blog\/wp-content\/uploads\/2008\/04\/veselin-barovic-150x150.jpg\" alt=\"Veselin Barovi?\" width=\"150\" height=\"150\" \/><\/a>u se ponovo smije\u0161i veliki dobitak. Kako i ne bi kad mu vlast, na svim nivoima, ide na ruku. Nakon \u0161to je u Baru izmjenjen DUP samo da bi sru\u0161io robnu ku?u Izbor, u centru grada, izgradio grandioznu vi\u0161espratnicu i promijenio vizuleni identitet grada \u2013 sada mu se i Prostornim planom, u susjednoj op\u0161tini, izlazi u susret.<br \/>\nBarovi? ?e na solani, zahvaljuju?i izmjenama Prostornog plana &#8211; zaraditi podosta novca. Valja se sjetiti &#8211; prostranstvo od 15 miliona kvadratnih metara u blizini morske obale ko\u0161talo ga je oko trideset centi po kvadratu zemlji\u0161ta. Sada cijena neizgra?enog gra?evinskog zemlji\u0161ta u zale?u Velike pla\u017ee, bez infrastrukture,<br \/>\ndosti\u017ee 100 eura za kvadrat. Tako da bi promjenom namjene zemlji\u0161ta zaradio 330 puta vi\u0161e nego \u0161to je ulo\u017eio u kupovinu ulcinjskog zemlji\u0161ta. Ta?nije &#8211; oko 1,5 milijardi eura.<br \/>\nNe treba zaboraviti ni da je Barovi?u vlast ve? jednom, kada je u pitanju solana, iza\u0161la u susret. On ju ve?inski vlasnik, prije nekoliko godina, postao zahvaljuju?i trgovanju akcijama na berzi. Pa je ta ulcinjska firma, umjesti strate\u0161kom partneru na tenderu &#8211; kako je vlast najavljivala \u2013 prodata na berzi.<br \/>\n<a href=\"http:\/\/www.visit-ulcinj.com\/blog\/wp-content\/uploads\/2008\/03\/dubai-big.jpg\"><img loading=\"lazy\" class=\"alignleft size-thumbnail wp-image-863\" style=\"float: left;\" title=\"Ulcinj_Dubai\" src=\"http:\/\/www.visit-ulcinj.com\/blog\/wp-content\/uploads\/2008\/03\/dubai-big.jpg\" alt=\"Ulcinj_Dubai\" width=\"150\" height=\"125\" \/><\/a><strong>SOLANA ILI HOTEL:<\/strong><br \/>\nJo\u0161 je neizvjesno kako ?e, za koju godinu, izgledati okolina Ulcinja. Ho?e li, nakon \u0161to izgrade staklene solitere ne Velikoj pla\u017ei, graditelji pre?i i na stani\u0161te ptica? Direktor Barovi?evog Eurofonda \u2013 Boi\u0161a \u0160otra \u2013 nije odgovarao na Monitorove telefonske pozive.<br \/>\nDirektorica solane se, ipak, nada da se ta firma, ne?e ugasiti. Obrazla\u017ee: \u201eVlasnik je ulo\u017eio vi\u0161e od tri miliona eura, a u toku je dokapitalizacija sa jo\u0161 milion i dvjesta eura za osavremenjavanje pogona i polja odakle se bere so\u201d. Niko je, tvrdi, zvani?no nije obavijestio o prekrajanju solanine budu?nosti.<br \/>\nIma tamo i sada turista. Obilaze solanu, gledaju rijetke ptice, ulaze u muzej sa eksponatima iz istorije solarstva. Mirno je.<br \/>\nNo, na tom ogromnom prostranstvu ima jo\u0161 dovoljno mjesta i za ?itavo turisti?ko<br \/>\nnaselje. Mogu?nosti je mnogo &#8211; tu je i nalazi\u0161te ljekovitog blata koje bi, prema procjenama stranih stru?njaka, itekako mogla da se unov?i. Da se napravi, banja, na primjer.<br \/>\nA mo\u017ee Barovi? sve to prosto \u2013 da proda. Samo ako mu se prohtje. Njegovo je. A ptice ?e se ve? nekako sna?i &#8211; potra\u017ei?e zemlju sa manje betona.<br \/>\n<strong> Marijana Bojani?<br \/>\nwww.monitor.cg.yu<\/strong><\/p>\n","protected":false},"excerpt":{"rendered":"<p><img loading=\"lazy\" class=\"alignleft size-thumbnail wp-image-1045\" style=\"float: left;\" title=\"port milen_solana_ulcinj\" src=\"http:\/\/www.visit-ulcinj.com\/blog\/wp-content\/uploads\/2008\/03\/portmilena.jpg\" alt=\"port milen_solana_ulcinj\" width=\"140\" height=\"140\" \/><\/p>\n","protected":false},"author":1,"featured_media":0,"comment_status":"open","ping_status":"closed","sticky":false,"template":"","format":"standard","meta":{"spay_email":"","jetpack_publicize_message":"","jetpack_is_tweetstorm":false,"jetpack_publicize_feature_enabled":true},"categories":[10],"tags":[1968,2365],"jetpack_publicize_connections":[],"yoast_head":"<!-- This site is optimized with the Yoast SEO plugin v19.1 - https:\/\/yoast.com\/wordpress\/plugins\/seo\/ -->\n<title>Planovi za Ulcinjsku Solanu - Lajme nga Ulqini<\/title>\n<meta name=\"robots\" content=\"index, follow, max-snippet:-1, max-image-preview:large, max-video-preview:-1\" \/>\n<link rel=\"canonical\" href=\"https:\/\/www.visit-ulcinj.com\/blog\/2008\/04\/01\/planovi-za-ulcinjsku-solanu\/\" \/>\n<meta property=\"og:locale\" content=\"en_US\" \/>\n<meta property=\"og:type\" content=\"article\" \/>\n<meta property=\"og:title\" content=\"Planovi za Ulcinjsku Solanu - Lajme nga Ulqini\" \/>\n<meta property=\"og:url\" content=\"https:\/\/www.visit-ulcinj.com\/blog\/2008\/04\/01\/planovi-za-ulcinjsku-solanu\/\" \/>\n<meta property=\"og:site_name\" content=\"Lajme nga Ulqini\" \/>\n<meta property=\"article:published_time\" content=\"2008-04-01T09:03:16+00:00\" \/>\n<meta property=\"og:image\" content=\"http:\/\/www.visit-ulcinj.com\/blog\/wp-content\/uploads\/2008\/03\/portmilena.jpg\" \/>\n<meta name=\"twitter:label1\" content=\"Written by\" \/>\n\t<meta name=\"twitter:data1\" content=\"ulqini\" \/>\n\t<meta name=\"twitter:label2\" content=\"Est. reading time\" \/>\n\t<meta name=\"twitter:data2\" content=\"6 minutes\" \/>\n<script type=\"application\/ld+json\" class=\"yoast-schema-graph\">{\"@context\":\"https:\/\/schema.org\",\"@graph\":[{\"@type\":\"WebSite\",\"@id\":\"https:\/\/www.visit-ulcinj.com\/blog\/#website\",\"url\":\"https:\/\/www.visit-ulcinj.com\/blog\/\",\"name\":\"Lajme nga Ulqini\",\"description\":\"Lajme,Vijesti,Ulqini,Ulqin,Crna Gora,Mali i Zi\",\"potentialAction\":[{\"@type\":\"SearchAction\",\"target\":{\"@type\":\"EntryPoint\",\"urlTemplate\":\"https:\/\/www.visit-ulcinj.com\/blog\/?s={search_term_string}\"},\"query-input\":\"required name=search_term_string\"}],\"inLanguage\":\"en-US\"},{\"@type\":\"ImageObject\",\"inLanguage\":\"en-US\",\"@id\":\"https:\/\/www.visit-ulcinj.com\/blog\/2008\/04\/01\/planovi-za-ulcinjsku-solanu\/#primaryimage\",\"url\":\"http:\/\/www.visit-ulcinj.com\/blog\/wp-content\/uploads\/2008\/03\/portmilena.jpg\",\"contentUrl\":\"http:\/\/www.visit-ulcinj.com\/blog\/wp-content\/uploads\/2008\/03\/portmilena.jpg\"},{\"@type\":\"WebPage\",\"@id\":\"https:\/\/www.visit-ulcinj.com\/blog\/2008\/04\/01\/planovi-za-ulcinjsku-solanu\/#webpage\",\"url\":\"https:\/\/www.visit-ulcinj.com\/blog\/2008\/04\/01\/planovi-za-ulcinjsku-solanu\/\",\"name\":\"Planovi za Ulcinjsku Solanu - Lajme nga Ulqini\",\"isPartOf\":{\"@id\":\"https:\/\/www.visit-ulcinj.com\/blog\/#website\"},\"primaryImageOfPage\":{\"@id\":\"https:\/\/www.visit-ulcinj.com\/blog\/2008\/04\/01\/planovi-za-ulcinjsku-solanu\/#primaryimage\"},\"datePublished\":\"2008-04-01T09:03:16+00:00\",\"dateModified\":\"2008-04-01T09:03:16+00:00\",\"author\":{\"@id\":\"https:\/\/www.visit-ulcinj.com\/blog\/#\/schema\/person\/dcab619c614d3038751c63bc2aadc06d\"},\"breadcrumb\":{\"@id\":\"https:\/\/www.visit-ulcinj.com\/blog\/2008\/04\/01\/planovi-za-ulcinjsku-solanu\/#breadcrumb\"},\"inLanguage\":\"en-US\",\"potentialAction\":[{\"@type\":\"ReadAction\",\"target\":[\"https:\/\/www.visit-ulcinj.com\/blog\/2008\/04\/01\/planovi-za-ulcinjsku-solanu\/\"]}]},{\"@type\":\"BreadcrumbList\",\"@id\":\"https:\/\/www.visit-ulcinj.com\/blog\/2008\/04\/01\/planovi-za-ulcinjsku-solanu\/#breadcrumb\",\"itemListElement\":[{\"@type\":\"ListItem\",\"position\":1,\"name\":\"Planovi za Ulcinjsku Solanu\"}]},{\"@type\":\"Person\",\"@id\":\"https:\/\/www.visit-ulcinj.com\/blog\/#\/schema\/person\/dcab619c614d3038751c63bc2aadc06d\",\"name\":\"ulqini\",\"sameAs\":[\"http:\/\/www.visit-ulcinj.com\"],\"url\":\"https:\/\/www.visit-ulcinj.com\/blog\/author\/admin\/\"}]}<\/script>\n<!-- \/ Yoast SEO plugin. -->","yoast_head_json":{"title":"Planovi za Ulcinjsku Solanu - Lajme nga Ulqini","robots":{"index":"index","follow":"follow","max-snippet":"max-snippet:-1","max-image-preview":"max-image-preview:large","max-video-preview":"max-video-preview:-1"},"canonical":"https:\/\/www.visit-ulcinj.com\/blog\/2008\/04\/01\/planovi-za-ulcinjsku-solanu\/","og_locale":"en_US","og_type":"article","og_title":"Planovi za Ulcinjsku Solanu - Lajme nga Ulqini","og_url":"https:\/\/www.visit-ulcinj.com\/blog\/2008\/04\/01\/planovi-za-ulcinjsku-solanu\/","og_site_name":"Lajme nga Ulqini","article_published_time":"2008-04-01T09:03:16+00:00","og_image":[{"url":"http:\/\/www.visit-ulcinj.com\/blog\/wp-content\/uploads\/2008\/03\/portmilena.jpg"}],"twitter_misc":{"Written by":"ulqini","Est. reading time":"6 minutes"},"schema":{"@context":"https:\/\/schema.org","@graph":[{"@type":"WebSite","@id":"https:\/\/www.visit-ulcinj.com\/blog\/#website","url":"https:\/\/www.visit-ulcinj.com\/blog\/","name":"Lajme nga Ulqini","description":"Lajme,Vijesti,Ulqini,Ulqin,Crna Gora,Mali i Zi","potentialAction":[{"@type":"SearchAction","target":{"@type":"EntryPoint","urlTemplate":"https:\/\/www.visit-ulcinj.com\/blog\/?s={search_term_string}"},"query-input":"required name=search_term_string"}],"inLanguage":"en-US"},{"@type":"ImageObject","inLanguage":"en-US","@id":"https:\/\/www.visit-ulcinj.com\/blog\/2008\/04\/01\/planovi-za-ulcinjsku-solanu\/#primaryimage","url":"http:\/\/www.visit-ulcinj.com\/blog\/wp-content\/uploads\/2008\/03\/portmilena.jpg","contentUrl":"http:\/\/www.visit-ulcinj.com\/blog\/wp-content\/uploads\/2008\/03\/portmilena.jpg"},{"@type":"WebPage","@id":"https:\/\/www.visit-ulcinj.com\/blog\/2008\/04\/01\/planovi-za-ulcinjsku-solanu\/#webpage","url":"https:\/\/www.visit-ulcinj.com\/blog\/2008\/04\/01\/planovi-za-ulcinjsku-solanu\/","name":"Planovi za Ulcinjsku Solanu - Lajme nga Ulqini","isPartOf":{"@id":"https:\/\/www.visit-ulcinj.com\/blog\/#website"},"primaryImageOfPage":{"@id":"https:\/\/www.visit-ulcinj.com\/blog\/2008\/04\/01\/planovi-za-ulcinjsku-solanu\/#primaryimage"},"datePublished":"2008-04-01T09:03:16+00:00","dateModified":"2008-04-01T09:03:16+00:00","author":{"@id":"https:\/\/www.visit-ulcinj.com\/blog\/#\/schema\/person\/dcab619c614d3038751c63bc2aadc06d"},"breadcrumb":{"@id":"https:\/\/www.visit-ulcinj.com\/blog\/2008\/04\/01\/planovi-za-ulcinjsku-solanu\/#breadcrumb"},"inLanguage":"en-US","potentialAction":[{"@type":"ReadAction","target":["https:\/\/www.visit-ulcinj.com\/blog\/2008\/04\/01\/planovi-za-ulcinjsku-solanu\/"]}]},{"@type":"BreadcrumbList","@id":"https:\/\/www.visit-ulcinj.com\/blog\/2008\/04\/01\/planovi-za-ulcinjsku-solanu\/#breadcrumb","itemListElement":[{"@type":"ListItem","position":1,"name":"Planovi za Ulcinjsku Solanu"}]},{"@type":"Person","@id":"https:\/\/www.visit-ulcinj.com\/blog\/#\/schema\/person\/dcab619c614d3038751c63bc2aadc06d","name":"ulqini","sameAs":["http:\/\/www.visit-ulcinj.com"],"url":"https:\/\/www.visit-ulcinj.com\/blog\/author\/admin\/"}]}},"jetpack_featured_media_url":"","jetpack_sharing_enabled":true,"jetpack_shortlink":"https:\/\/wp.me\/pe6lTn-hF","_links":{"self":[{"href":"https:\/\/www.visit-ulcinj.com\/blog\/wp-json\/wp\/v2\/posts\/1095"}],"collection":[{"href":"https:\/\/www.visit-ulcinj.com\/blog\/wp-json\/wp\/v2\/posts"}],"about":[{"href":"https:\/\/www.visit-ulcinj.com\/blog\/wp-json\/wp\/v2\/types\/post"}],"author":[{"embeddable":true,"href":"https:\/\/www.visit-ulcinj.com\/blog\/wp-json\/wp\/v2\/users\/1"}],"replies":[{"embeddable":true,"href":"https:\/\/www.visit-ulcinj.com\/blog\/wp-json\/wp\/v2\/comments?post=1095"}],"version-history":[{"count":0,"href":"https:\/\/www.visit-ulcinj.com\/blog\/wp-json\/wp\/v2\/posts\/1095\/revisions"}],"wp:attachment":[{"href":"https:\/\/www.visit-ulcinj.com\/blog\/wp-json\/wp\/v2\/media?parent=1095"}],"wp:term":[{"taxonomy":"category","embeddable":true,"href":"https:\/\/www.visit-ulcinj.com\/blog\/wp-json\/wp\/v2\/categories?post=1095"},{"taxonomy":"post_tag","embeddable":true,"href":"https:\/\/www.visit-ulcinj.com\/blog\/wp-json\/wp\/v2\/tags?post=1095"}],"curies":[{"name":"wp","href":"https:\/\/api.w.org\/{rel}","templated":true}]}}