{"id":10967,"date":"2009-02-08T22:10:36","date_gmt":"2009-02-08T21:10:36","guid":{"rendered":"http:\/\/www.visit-ulcinj.com\/blog\/?p=10967"},"modified":"2009-02-08T22:11:03","modified_gmt":"2009-02-08T21:11:03","slug":"prova-e-javes-nis-sfida-e-rradhes","status":"publish","type":"post","link":"https:\/\/www.visit-ulcinj.com\/blog\/2009\/02\/08\/prova-e-javes-nis-sfida-e-rradhes\/","title":{"rendered":"Big Brother : Prova e jav\u00ebs, nis sfida e rradh\u00ebs"},"content":{"rendered":"<p><strong><\/strong><a href=\"http:\/\/www.visit-ulcinj.com\/blog\/wp-content\/uploads\/2009\/02\/prova-e-javes-okok.jpg\"><img loading=\"lazy\" class=\"alignleft size-full wp-image-10968\" title=\"prova-e-javes-okok\" src=\"http:\/\/www.visit-ulcinj.com\/blog\/wp-content\/uploads\/2009\/02\/prova-e-javes-okok.jpg\" alt=\"prova-e-javes-okok\" width=\"300\" height=\"205\" \/><\/a>P\u00ebr 14 banor\u00ebt e sht\u00ebpis\u00eb s\u00eb Big Brother fillon sifda e rradh\u00ebs, q\u00eb do t\u00eb jet\u00eb prova e jav\u00ebs. Bjordi lexon rregullat t\u00eb cilat k\u00ebrkojn\u00eb impenjimin e t\u00eb gjith\u00ebve, pasi nga realizimi i plot\u00eb i k\u00ebsaj prove varet edhe buxheti i jav\u00ebs. Prova e jav\u00ebs titullohet \u201cArti i Dashuris\u00eb\u201d dhe secili prej tyre duhet t\u00eb jap\u00eb maksimumin : dy banor\u00eb do t\u00eb interpretojn\u00eb nj\u00eb rol filmi, dy t\u00eb tjer\u00eb do t\u00eb ekzekutojn\u00eb nj\u00eb duet me k\u00ebng\u00eb, kat\u00ebr t\u00eb tjer\u00eb do t\u00eb realizojn\u00eb nj\u00eb murale me tem\u00ebn e dashuris\u00eb, nd\u00ebrsa dy t\u00eb tjer\u00eb do t\u00eb merren me regjin\u00eb dhe prezantimin e spektaklit. Duket se prova e jav\u00ebs i ka v\u00ebn\u00eb n\u00eb l\u00ebvizje t\u00eb gjith\u00eb, nj\u00eb motiv i fort\u00eb q\u00eb t\u00eb gjith\u00eb t\u00eb diskutojn\u00eb fort p\u00ebr m\u00ebnyr\u00ebn sesi mund t\u00eb realizojn\u00eb sa m\u00eb bukur tem\u00ebn e ngarkuar, n\u00eb t\u00eb kund\u00ebrt buxheti i tyre do t\u00eb jet\u00eb i reduktuar.<\/p>\n<p><em><strong>Top Channel<\/strong><\/em><\/p>\n","protected":false},"excerpt":{"rendered":"<p>P\u00ebr 14 banor\u00ebt e sht\u00ebpis\u00eb s\u00eb Big Brother fillon sifda e rradh\u00ebs, q\u00eb do t\u00eb jet\u00eb prova e jav\u00ebs. Bjordi lexon rregullat t\u00eb cilat k\u00ebrkojn\u00eb impenjimin e t\u00eb gjith\u00ebve, pasi nga realizimi i plot\u00eb i k\u00ebsaj prove varet edhe buxheti i jav\u00ebs. Prova e jav\u00ebs titullohet \u201cArti i Dashuris\u00eb\u201d dhe secili prej tyre duhet t\u00eb [&hellip;]<\/p>\n","protected":false},"author":1,"featured_media":0,"comment_status":"open","ping_status":"closed","sticky":false,"template":"","format":"standard","meta":{"spay_email":"","jetpack_publicize_message":"","jetpack_is_tweetstorm":false,"jetpack_publicize_feature_enabled":true},"categories":[6502],"tags":[6504,6506,6604,6605,6606,6568,6607,6608,1563,6609,6610,5081,1461],"jetpack_publicize_connections":[],"yoast_head":"<!-- This site is optimized with the Yoast SEO plugin v19.1 - https:\/\/yoast.com\/wordpress\/plugins\/seo\/ -->\n<title>Big Brother : Prova e jav\u00ebs, nis sfida e rradh\u00ebs - Lajme nga Ulqini<\/title>\n<meta name=\"description\" content=\"P\u00ebr 14 banor\u00ebt e sht\u00ebpis\u00eb s\u00eb Big Brother fillon sifda e rradh\u00ebs, q\u00eb do t\u00eb jet\u00eb prova e jav\u00ebs. Bjordi lexon rregullat t\u00eb cilat k\u00ebrkojn\u00eb impenjimin e t\u00eb\" \/>\n<meta name=\"robots\" content=\"index, follow, max-snippet:-1, max-image-preview:large, max-video-preview:-1\" \/>\n<link rel=\"canonical\" href=\"https:\/\/www.visit-ulcinj.com\/blog\/2009\/02\/08\/prova-e-javes-nis-sfida-e-rradhes\/\" \/>\n<meta property=\"og:locale\" content=\"en_US\" \/>\n<meta property=\"og:type\" content=\"article\" \/>\n<meta property=\"og:title\" content=\"Big Brother : Prova e jav\u00ebs, nis sfida e rradh\u00ebs - Lajme nga Ulqini\" \/>\n<meta property=\"og:description\" content=\"P\u00ebr 14 banor\u00ebt e sht\u00ebpis\u00eb s\u00eb Big Brother fillon sifda e rradh\u00ebs, q\u00eb do t\u00eb jet\u00eb prova e jav\u00ebs. Bjordi lexon rregullat t\u00eb cilat k\u00ebrkojn\u00eb impenjimin e t\u00eb\" \/>\n<meta property=\"og:url\" content=\"https:\/\/www.visit-ulcinj.com\/blog\/2009\/02\/08\/prova-e-javes-nis-sfida-e-rradhes\/\" \/>\n<meta property=\"og:site_name\" content=\"Lajme nga Ulqini\" \/>\n<meta property=\"article:published_time\" content=\"2009-02-08T21:10:36+00:00\" \/>\n<meta property=\"article:modified_time\" content=\"2009-02-08T21:11:03+00:00\" \/>\n<meta property=\"og:image\" content=\"http:\/\/www.visit-ulcinj.com\/blog\/wp-content\/uploads\/2009\/02\/prova-e-javes-okok.jpg\" \/>\n<meta name=\"twitter:label1\" content=\"Written by\" \/>\n\t<meta name=\"twitter:data1\" content=\"ulqini\" \/>\n\t<meta name=\"twitter:label2\" content=\"Est. reading time\" \/>\n\t<meta name=\"twitter:data2\" content=\"1 minute\" \/>\n<script type=\"application\/ld+json\" class=\"yoast-schema-graph\">{\"@context\":\"https:\/\/schema.org\",\"@graph\":[{\"@type\":\"WebSite\",\"@id\":\"https:\/\/www.visit-ulcinj.com\/blog\/#website\",\"url\":\"https:\/\/www.visit-ulcinj.com\/blog\/\",\"name\":\"Lajme nga Ulqini\",\"description\":\"Lajme,Vijesti,Ulqini,Ulqin,Crna Gora,Mali i Zi\",\"potentialAction\":[{\"@type\":\"SearchAction\",\"target\":{\"@type\":\"EntryPoint\",\"urlTemplate\":\"https:\/\/www.visit-ulcinj.com\/blog\/?s={search_term_string}\"},\"query-input\":\"required name=search_term_string\"}],\"inLanguage\":\"en-US\"},{\"@type\":\"ImageObject\",\"inLanguage\":\"en-US\",\"@id\":\"https:\/\/www.visit-ulcinj.com\/blog\/2009\/02\/08\/prova-e-javes-nis-sfida-e-rradhes\/#primaryimage\",\"url\":\"http:\/\/www.visit-ulcinj.com\/blog\/wp-content\/uploads\/2009\/02\/prova-e-javes-okok.jpg\",\"contentUrl\":\"http:\/\/www.visit-ulcinj.com\/blog\/wp-content\/uploads\/2009\/02\/prova-e-javes-okok.jpg\"},{\"@type\":\"WebPage\",\"@id\":\"https:\/\/www.visit-ulcinj.com\/blog\/2009\/02\/08\/prova-e-javes-nis-sfida-e-rradhes\/#webpage\",\"url\":\"https:\/\/www.visit-ulcinj.com\/blog\/2009\/02\/08\/prova-e-javes-nis-sfida-e-rradhes\/\",\"name\":\"Big Brother : Prova e jav\u00ebs, nis sfida e rradh\u00ebs - Lajme nga Ulqini\",\"isPartOf\":{\"@id\":\"https:\/\/www.visit-ulcinj.com\/blog\/#website\"},\"primaryImageOfPage\":{\"@id\":\"https:\/\/www.visit-ulcinj.com\/blog\/2009\/02\/08\/prova-e-javes-nis-sfida-e-rradhes\/#primaryimage\"},\"datePublished\":\"2009-02-08T21:10:36+00:00\",\"dateModified\":\"2009-02-08T21:11:03+00:00\",\"author\":{\"@id\":\"https:\/\/www.visit-ulcinj.com\/blog\/#\/schema\/person\/dcab619c614d3038751c63bc2aadc06d\"},\"description\":\"P\u00ebr 14 banor\u00ebt e sht\u00ebpis\u00eb s\u00eb Big Brother fillon sifda e rradh\u00ebs, q\u00eb do t\u00eb jet\u00eb prova e jav\u00ebs. Bjordi lexon rregullat t\u00eb cilat k\u00ebrkojn\u00eb impenjimin e t\u00eb\",\"breadcrumb\":{\"@id\":\"https:\/\/www.visit-ulcinj.com\/blog\/2009\/02\/08\/prova-e-javes-nis-sfida-e-rradhes\/#breadcrumb\"},\"inLanguage\":\"en-US\",\"potentialAction\":[{\"@type\":\"ReadAction\",\"target\":[\"https:\/\/www.visit-ulcinj.com\/blog\/2009\/02\/08\/prova-e-javes-nis-sfida-e-rradhes\/\"]}]},{\"@type\":\"BreadcrumbList\",\"@id\":\"https:\/\/www.visit-ulcinj.com\/blog\/2009\/02\/08\/prova-e-javes-nis-sfida-e-rradhes\/#breadcrumb\",\"itemListElement\":[{\"@type\":\"ListItem\",\"position\":1,\"name\":\"Big Brother : Prova e jav\u00ebs, nis sfida e rradh\u00ebs\"}]},{\"@type\":\"Person\",\"@id\":\"https:\/\/www.visit-ulcinj.com\/blog\/#\/schema\/person\/dcab619c614d3038751c63bc2aadc06d\",\"name\":\"ulqini\",\"sameAs\":[\"http:\/\/www.visit-ulcinj.com\"],\"url\":\"https:\/\/www.visit-ulcinj.com\/blog\/author\/admin\/\"}]}<\/script>\n<!-- \/ Yoast SEO plugin. -->","yoast_head_json":{"title":"Big Brother : Prova e jav\u00ebs, nis sfida e rradh\u00ebs - Lajme nga Ulqini","description":"P\u00ebr 14 banor\u00ebt e sht\u00ebpis\u00eb s\u00eb Big Brother fillon sifda e rradh\u00ebs, q\u00eb do t\u00eb jet\u00eb prova e jav\u00ebs. Bjordi lexon rregullat t\u00eb cilat k\u00ebrkojn\u00eb impenjimin e t\u00eb","robots":{"index":"index","follow":"follow","max-snippet":"max-snippet:-1","max-image-preview":"max-image-preview:large","max-video-preview":"max-video-preview:-1"},"canonical":"https:\/\/www.visit-ulcinj.com\/blog\/2009\/02\/08\/prova-e-javes-nis-sfida-e-rradhes\/","og_locale":"en_US","og_type":"article","og_title":"Big Brother : Prova e jav\u00ebs, nis sfida e rradh\u00ebs - Lajme nga Ulqini","og_description":"P\u00ebr 14 banor\u00ebt e sht\u00ebpis\u00eb s\u00eb Big Brother fillon sifda e rradh\u00ebs, q\u00eb do t\u00eb jet\u00eb prova e jav\u00ebs. Bjordi lexon rregullat t\u00eb cilat k\u00ebrkojn\u00eb impenjimin e t\u00eb","og_url":"https:\/\/www.visit-ulcinj.com\/blog\/2009\/02\/08\/prova-e-javes-nis-sfida-e-rradhes\/","og_site_name":"Lajme nga Ulqini","article_published_time":"2009-02-08T21:10:36+00:00","article_modified_time":"2009-02-08T21:11:03+00:00","og_image":[{"url":"http:\/\/www.visit-ulcinj.com\/blog\/wp-content\/uploads\/2009\/02\/prova-e-javes-okok.jpg"}],"twitter_misc":{"Written by":"ulqini","Est. reading time":"1 minute"},"schema":{"@context":"https:\/\/schema.org","@graph":[{"@type":"WebSite","@id":"https:\/\/www.visit-ulcinj.com\/blog\/#website","url":"https:\/\/www.visit-ulcinj.com\/blog\/","name":"Lajme nga Ulqini","description":"Lajme,Vijesti,Ulqini,Ulqin,Crna Gora,Mali i Zi","potentialAction":[{"@type":"SearchAction","target":{"@type":"EntryPoint","urlTemplate":"https:\/\/www.visit-ulcinj.com\/blog\/?s={search_term_string}"},"query-input":"required name=search_term_string"}],"inLanguage":"en-US"},{"@type":"ImageObject","inLanguage":"en-US","@id":"https:\/\/www.visit-ulcinj.com\/blog\/2009\/02\/08\/prova-e-javes-nis-sfida-e-rradhes\/#primaryimage","url":"http:\/\/www.visit-ulcinj.com\/blog\/wp-content\/uploads\/2009\/02\/prova-e-javes-okok.jpg","contentUrl":"http:\/\/www.visit-ulcinj.com\/blog\/wp-content\/uploads\/2009\/02\/prova-e-javes-okok.jpg"},{"@type":"WebPage","@id":"https:\/\/www.visit-ulcinj.com\/blog\/2009\/02\/08\/prova-e-javes-nis-sfida-e-rradhes\/#webpage","url":"https:\/\/www.visit-ulcinj.com\/blog\/2009\/02\/08\/prova-e-javes-nis-sfida-e-rradhes\/","name":"Big Brother : Prova e jav\u00ebs, nis sfida e rradh\u00ebs - Lajme nga Ulqini","isPartOf":{"@id":"https:\/\/www.visit-ulcinj.com\/blog\/#website"},"primaryImageOfPage":{"@id":"https:\/\/www.visit-ulcinj.com\/blog\/2009\/02\/08\/prova-e-javes-nis-sfida-e-rradhes\/#primaryimage"},"datePublished":"2009-02-08T21:10:36+00:00","dateModified":"2009-02-08T21:11:03+00:00","author":{"@id":"https:\/\/www.visit-ulcinj.com\/blog\/#\/schema\/person\/dcab619c614d3038751c63bc2aadc06d"},"description":"P\u00ebr 14 banor\u00ebt e sht\u00ebpis\u00eb s\u00eb Big Brother fillon sifda e rradh\u00ebs, q\u00eb do t\u00eb jet\u00eb prova e jav\u00ebs. Bjordi lexon rregullat t\u00eb cilat k\u00ebrkojn\u00eb impenjimin e t\u00eb","breadcrumb":{"@id":"https:\/\/www.visit-ulcinj.com\/blog\/2009\/02\/08\/prova-e-javes-nis-sfida-e-rradhes\/#breadcrumb"},"inLanguage":"en-US","potentialAction":[{"@type":"ReadAction","target":["https:\/\/www.visit-ulcinj.com\/blog\/2009\/02\/08\/prova-e-javes-nis-sfida-e-rradhes\/"]}]},{"@type":"BreadcrumbList","@id":"https:\/\/www.visit-ulcinj.com\/blog\/2009\/02\/08\/prova-e-javes-nis-sfida-e-rradhes\/#breadcrumb","itemListElement":[{"@type":"ListItem","position":1,"name":"Big Brother : Prova e jav\u00ebs, nis sfida e rradh\u00ebs"}]},{"@type":"Person","@id":"https:\/\/www.visit-ulcinj.com\/blog\/#\/schema\/person\/dcab619c614d3038751c63bc2aadc06d","name":"ulqini","sameAs":["http:\/\/www.visit-ulcinj.com"],"url":"https:\/\/www.visit-ulcinj.com\/blog\/author\/admin\/"}]}},"jetpack_featured_media_url":"","jetpack_sharing_enabled":true,"jetpack_shortlink":"https:\/\/wp.me\/pe6lTn-2QT","_links":{"self":[{"href":"https:\/\/www.visit-ulcinj.com\/blog\/wp-json\/wp\/v2\/posts\/10967"}],"collection":[{"href":"https:\/\/www.visit-ulcinj.com\/blog\/wp-json\/wp\/v2\/posts"}],"about":[{"href":"https:\/\/www.visit-ulcinj.com\/blog\/wp-json\/wp\/v2\/types\/post"}],"author":[{"embeddable":true,"href":"https:\/\/www.visit-ulcinj.com\/blog\/wp-json\/wp\/v2\/users\/1"}],"replies":[{"embeddable":true,"href":"https:\/\/www.visit-ulcinj.com\/blog\/wp-json\/wp\/v2\/comments?post=10967"}],"version-history":[{"count":0,"href":"https:\/\/www.visit-ulcinj.com\/blog\/wp-json\/wp\/v2\/posts\/10967\/revisions"}],"wp:attachment":[{"href":"https:\/\/www.visit-ulcinj.com\/blog\/wp-json\/wp\/v2\/media?parent=10967"}],"wp:term":[{"taxonomy":"category","embeddable":true,"href":"https:\/\/www.visit-ulcinj.com\/blog\/wp-json\/wp\/v2\/categories?post=10967"},{"taxonomy":"post_tag","embeddable":true,"href":"https:\/\/www.visit-ulcinj.com\/blog\/wp-json\/wp\/v2\/tags?post=10967"}],"curies":[{"name":"wp","href":"https:\/\/api.w.org\/{rel}","templated":true}]}}