{"id":10977,"date":"2009-02-09T01:08:39","date_gmt":"2009-02-09T00:08:39","guid":{"rendered":"http:\/\/www.visit-ulcinj.com\/blog\/?p=10977"},"modified":"2009-02-09T01:08:39","modified_gmt":"2009-02-09T00:08:39","slug":"big-brother-albania-qetesori-ankohet-per-darken","status":"publish","type":"post","link":"https:\/\/www.visit-ulcinj.com\/blog\/2009\/02\/09\/big-brother-albania-qetesori-ankohet-per-darken\/","title":{"rendered":"Big Brother Albania: Qet\u00ebsori, ankohet p\u00ebr dark\u00ebn"},"content":{"rendered":"<p><strong><\/strong><a href=\"http:\/\/www.visit-ulcinj.com\/blog\/wp-content\/uploads\/2009\/02\/qetesorir-ok.jpg\"><img loading=\"lazy\" class=\"alignleft size-full wp-image-10978\" title=\"qetesorir-ok\" src=\"http:\/\/www.visit-ulcinj.com\/blog\/wp-content\/uploads\/2009\/02\/qetesorir-ok.jpg\" alt=\"qetesorir-ok\" width=\"300\" height=\"205\" \/><\/a><em><\/em>Duket se t\u00eb gjith\u00eb banor\u00ebt e sht\u00ebpis\u00eb s\u00eb Big Brother jan\u00eb t\u00eb interesuar p\u00ebr p\u00ebrgatitjen e dark\u00ebs, ve\u00e7an\u00ebrisht Qet\u00ebsori i cili \u00ebsht\u00eb m\u00eb i paduruari, madje ai faj\u00ebson sob\u00ebn se nuk \u00ebsht\u00eb shum\u00eb e nxeht\u00eb p\u00ebr ta b\u00ebr\u00eb dark\u00ebn n\u00eb koh\u00eb. Por, Aida e qet\u00ebson duke i th\u00ebn\u00eb se spageti gatuhet m\u00eb mir\u00eb kur zjen ngadal\u00eb dhe b\u00ebhet m\u00eb e shijshme. Ata ngrihen t\u00eb dy dhe akomodehen af\u00ebr kuzhin\u00ebs ku edhe shohin l\u00ebvizjet banor\u00ebve t\u00eb tjer\u00eb q\u00eb jan\u00eb duke b\u00ebr\u00eb provat p\u00ebr inskenimet q\u00eb kan\u00eb marr\u00eb p\u00ebrsip\u00ebr dhe duket se e kan\u00eb harruar dark\u00ebn. M\u00eb n\u00eb fund pasi darka \u00ebsht\u00eb shtruar dhe t\u00eb t\u00eb gjith\u00eb kan\u00eb kontribuar sado pak p\u00ebr p\u00ebrgatitjen apo shtrimin e saj t\u00eb tryez\u00eb, 14 banor\u00ebt do t\u00eb merren m\u00eb seriozisht me prov\u00ebn e jav\u00ebs. Dritani \u00ebsht\u00eb i pari q\u00eb si ushtarak q\u00eb \u00ebsht\u00eb premton se nes\u00ebr t\u00eb gjith\u00eb doo t\u00eb ndajn\u00eb detyrat p\u00ebr t\u00eb kaluar sfid\u00ebn e tyre t\u00eb par\u00eb.<\/p>\n<p><em><strong>Top Channel<\/strong><\/em><\/p>\n","protected":false},"excerpt":{"rendered":"<p>Duket se t\u00eb gjith\u00eb banor\u00ebt e sht\u00ebpis\u00eb s\u00eb Big Brother jan\u00eb t\u00eb interesuar p\u00ebr p\u00ebrgatitjen e dark\u00ebs, ve\u00e7an\u00ebrisht Qet\u00ebsori i cili \u00ebsht\u00eb m\u00eb i paduruari, madje ai faj\u00ebson sob\u00ebn se nuk \u00ebsht\u00eb shum\u00eb e nxeht\u00eb p\u00ebr ta b\u00ebr\u00eb dark\u00ebn n\u00eb koh\u00eb. Por, Aida e qet\u00ebson duke i th\u00ebn\u00eb se spageti gatuhet m\u00eb mir\u00eb kur zjen [&hellip;]<\/p>\n","protected":false},"author":1,"featured_media":0,"comment_status":"open","ping_status":"closed","sticky":false,"template":"","format":"standard","meta":{"spay_email":"","jetpack_publicize_message":"","jetpack_is_tweetstorm":false,"jetpack_publicize_feature_enabled":true},"categories":[6502],"tags":[6504,6506,6604,6605,6606,6568,6607,6608,1563,6609,6610,5081,1461],"jetpack_publicize_connections":[],"yoast_head":"<!-- This site is optimized with the Yoast SEO plugin v19.1 - https:\/\/yoast.com\/wordpress\/plugins\/seo\/ -->\n<title>Big Brother Albania: Qet\u00ebsori, ankohet p\u00ebr dark\u00ebn - Lajme nga Ulqini<\/title>\n<meta name=\"description\" content=\"Duket se t\u00eb gjith\u00eb banor\u00ebt e sht\u00ebpis\u00eb s\u00eb Big Brother jan\u00eb t\u00eb interesuar p\u00ebr p\u00ebrgatitjen e dark\u00ebs, ve\u00e7an\u00ebrisht Qet\u00ebsori i cili \u00ebsht\u00eb m\u00eb i paduruari, madje\" \/>\n<meta name=\"robots\" content=\"index, follow, max-snippet:-1, max-image-preview:large, max-video-preview:-1\" \/>\n<link rel=\"canonical\" href=\"https:\/\/www.visit-ulcinj.com\/blog\/2009\/02\/09\/big-brother-albania-qetesori-ankohet-per-darken\/\" \/>\n<meta property=\"og:locale\" content=\"en_US\" \/>\n<meta property=\"og:type\" content=\"article\" \/>\n<meta property=\"og:title\" content=\"Big Brother Albania: Qet\u00ebsori, ankohet p\u00ebr dark\u00ebn - Lajme nga Ulqini\" \/>\n<meta property=\"og:description\" content=\"Duket se t\u00eb gjith\u00eb banor\u00ebt e sht\u00ebpis\u00eb s\u00eb Big Brother jan\u00eb t\u00eb interesuar p\u00ebr p\u00ebrgatitjen e dark\u00ebs, ve\u00e7an\u00ebrisht Qet\u00ebsori i cili \u00ebsht\u00eb m\u00eb i paduruari, madje\" \/>\n<meta property=\"og:url\" content=\"https:\/\/www.visit-ulcinj.com\/blog\/2009\/02\/09\/big-brother-albania-qetesori-ankohet-per-darken\/\" \/>\n<meta property=\"og:site_name\" content=\"Lajme nga Ulqini\" \/>\n<meta property=\"article:published_time\" content=\"2009-02-09T00:08:39+00:00\" \/>\n<meta property=\"og:image\" content=\"http:\/\/www.visit-ulcinj.com\/blog\/wp-content\/uploads\/2009\/02\/qetesorir-ok.jpg\" \/>\n<meta name=\"twitter:label1\" content=\"Written by\" \/>\n\t<meta name=\"twitter:data1\" content=\"ulqini\" \/>\n\t<meta name=\"twitter:label2\" content=\"Est. reading time\" \/>\n\t<meta name=\"twitter:data2\" content=\"1 minute\" \/>\n<script type=\"application\/ld+json\" class=\"yoast-schema-graph\">{\"@context\":\"https:\/\/schema.org\",\"@graph\":[{\"@type\":\"WebSite\",\"@id\":\"https:\/\/www.visit-ulcinj.com\/blog\/#website\",\"url\":\"https:\/\/www.visit-ulcinj.com\/blog\/\",\"name\":\"Lajme nga Ulqini\",\"description\":\"Lajme,Vijesti,Ulqini,Ulqin,Crna Gora,Mali i Zi\",\"potentialAction\":[{\"@type\":\"SearchAction\",\"target\":{\"@type\":\"EntryPoint\",\"urlTemplate\":\"https:\/\/www.visit-ulcinj.com\/blog\/?s={search_term_string}\"},\"query-input\":\"required name=search_term_string\"}],\"inLanguage\":\"en-US\"},{\"@type\":\"ImageObject\",\"inLanguage\":\"en-US\",\"@id\":\"https:\/\/www.visit-ulcinj.com\/blog\/2009\/02\/09\/big-brother-albania-qetesori-ankohet-per-darken\/#primaryimage\",\"url\":\"http:\/\/www.visit-ulcinj.com\/blog\/wp-content\/uploads\/2009\/02\/qetesorir-ok.jpg\",\"contentUrl\":\"http:\/\/www.visit-ulcinj.com\/blog\/wp-content\/uploads\/2009\/02\/qetesorir-ok.jpg\"},{\"@type\":\"WebPage\",\"@id\":\"https:\/\/www.visit-ulcinj.com\/blog\/2009\/02\/09\/big-brother-albania-qetesori-ankohet-per-darken\/#webpage\",\"url\":\"https:\/\/www.visit-ulcinj.com\/blog\/2009\/02\/09\/big-brother-albania-qetesori-ankohet-per-darken\/\",\"name\":\"Big Brother Albania: Qet\u00ebsori, ankohet p\u00ebr dark\u00ebn - Lajme nga Ulqini\",\"isPartOf\":{\"@id\":\"https:\/\/www.visit-ulcinj.com\/blog\/#website\"},\"primaryImageOfPage\":{\"@id\":\"https:\/\/www.visit-ulcinj.com\/blog\/2009\/02\/09\/big-brother-albania-qetesori-ankohet-per-darken\/#primaryimage\"},\"datePublished\":\"2009-02-09T00:08:39+00:00\",\"dateModified\":\"2009-02-09T00:08:39+00:00\",\"author\":{\"@id\":\"https:\/\/www.visit-ulcinj.com\/blog\/#\/schema\/person\/dcab619c614d3038751c63bc2aadc06d\"},\"description\":\"Duket se t\u00eb gjith\u00eb banor\u00ebt e sht\u00ebpis\u00eb s\u00eb Big Brother jan\u00eb t\u00eb interesuar p\u00ebr p\u00ebrgatitjen e dark\u00ebs, ve\u00e7an\u00ebrisht Qet\u00ebsori i cili \u00ebsht\u00eb m\u00eb i paduruari, madje\",\"breadcrumb\":{\"@id\":\"https:\/\/www.visit-ulcinj.com\/blog\/2009\/02\/09\/big-brother-albania-qetesori-ankohet-per-darken\/#breadcrumb\"},\"inLanguage\":\"en-US\",\"potentialAction\":[{\"@type\":\"ReadAction\",\"target\":[\"https:\/\/www.visit-ulcinj.com\/blog\/2009\/02\/09\/big-brother-albania-qetesori-ankohet-per-darken\/\"]}]},{\"@type\":\"BreadcrumbList\",\"@id\":\"https:\/\/www.visit-ulcinj.com\/blog\/2009\/02\/09\/big-brother-albania-qetesori-ankohet-per-darken\/#breadcrumb\",\"itemListElement\":[{\"@type\":\"ListItem\",\"position\":1,\"name\":\"Big Brother Albania: Qet\u00ebsori, ankohet p\u00ebr dark\u00ebn\"}]},{\"@type\":\"Person\",\"@id\":\"https:\/\/www.visit-ulcinj.com\/blog\/#\/schema\/person\/dcab619c614d3038751c63bc2aadc06d\",\"name\":\"ulqini\",\"sameAs\":[\"http:\/\/www.visit-ulcinj.com\"],\"url\":\"https:\/\/www.visit-ulcinj.com\/blog\/author\/admin\/\"}]}<\/script>\n<!-- \/ Yoast SEO plugin. -->","yoast_head_json":{"title":"Big Brother Albania: Qet\u00ebsori, ankohet p\u00ebr dark\u00ebn - Lajme nga Ulqini","description":"Duket se t\u00eb gjith\u00eb banor\u00ebt e sht\u00ebpis\u00eb s\u00eb Big Brother jan\u00eb t\u00eb interesuar p\u00ebr p\u00ebrgatitjen e dark\u00ebs, ve\u00e7an\u00ebrisht Qet\u00ebsori i cili \u00ebsht\u00eb m\u00eb i paduruari, madje","robots":{"index":"index","follow":"follow","max-snippet":"max-snippet:-1","max-image-preview":"max-image-preview:large","max-video-preview":"max-video-preview:-1"},"canonical":"https:\/\/www.visit-ulcinj.com\/blog\/2009\/02\/09\/big-brother-albania-qetesori-ankohet-per-darken\/","og_locale":"en_US","og_type":"article","og_title":"Big Brother Albania: Qet\u00ebsori, ankohet p\u00ebr dark\u00ebn - Lajme nga Ulqini","og_description":"Duket se t\u00eb gjith\u00eb banor\u00ebt e sht\u00ebpis\u00eb s\u00eb Big Brother jan\u00eb t\u00eb interesuar p\u00ebr p\u00ebrgatitjen e dark\u00ebs, ve\u00e7an\u00ebrisht Qet\u00ebsori i cili \u00ebsht\u00eb m\u00eb i paduruari, madje","og_url":"https:\/\/www.visit-ulcinj.com\/blog\/2009\/02\/09\/big-brother-albania-qetesori-ankohet-per-darken\/","og_site_name":"Lajme nga Ulqini","article_published_time":"2009-02-09T00:08:39+00:00","og_image":[{"url":"http:\/\/www.visit-ulcinj.com\/blog\/wp-content\/uploads\/2009\/02\/qetesorir-ok.jpg"}],"twitter_misc":{"Written by":"ulqini","Est. reading time":"1 minute"},"schema":{"@context":"https:\/\/schema.org","@graph":[{"@type":"WebSite","@id":"https:\/\/www.visit-ulcinj.com\/blog\/#website","url":"https:\/\/www.visit-ulcinj.com\/blog\/","name":"Lajme nga Ulqini","description":"Lajme,Vijesti,Ulqini,Ulqin,Crna Gora,Mali i Zi","potentialAction":[{"@type":"SearchAction","target":{"@type":"EntryPoint","urlTemplate":"https:\/\/www.visit-ulcinj.com\/blog\/?s={search_term_string}"},"query-input":"required name=search_term_string"}],"inLanguage":"en-US"},{"@type":"ImageObject","inLanguage":"en-US","@id":"https:\/\/www.visit-ulcinj.com\/blog\/2009\/02\/09\/big-brother-albania-qetesori-ankohet-per-darken\/#primaryimage","url":"http:\/\/www.visit-ulcinj.com\/blog\/wp-content\/uploads\/2009\/02\/qetesorir-ok.jpg","contentUrl":"http:\/\/www.visit-ulcinj.com\/blog\/wp-content\/uploads\/2009\/02\/qetesorir-ok.jpg"},{"@type":"WebPage","@id":"https:\/\/www.visit-ulcinj.com\/blog\/2009\/02\/09\/big-brother-albania-qetesori-ankohet-per-darken\/#webpage","url":"https:\/\/www.visit-ulcinj.com\/blog\/2009\/02\/09\/big-brother-albania-qetesori-ankohet-per-darken\/","name":"Big Brother Albania: Qet\u00ebsori, ankohet p\u00ebr dark\u00ebn - Lajme nga Ulqini","isPartOf":{"@id":"https:\/\/www.visit-ulcinj.com\/blog\/#website"},"primaryImageOfPage":{"@id":"https:\/\/www.visit-ulcinj.com\/blog\/2009\/02\/09\/big-brother-albania-qetesori-ankohet-per-darken\/#primaryimage"},"datePublished":"2009-02-09T00:08:39+00:00","dateModified":"2009-02-09T00:08:39+00:00","author":{"@id":"https:\/\/www.visit-ulcinj.com\/blog\/#\/schema\/person\/dcab619c614d3038751c63bc2aadc06d"},"description":"Duket se t\u00eb gjith\u00eb banor\u00ebt e sht\u00ebpis\u00eb s\u00eb Big Brother jan\u00eb t\u00eb interesuar p\u00ebr p\u00ebrgatitjen e dark\u00ebs, ve\u00e7an\u00ebrisht Qet\u00ebsori i cili \u00ebsht\u00eb m\u00eb i paduruari, madje","breadcrumb":{"@id":"https:\/\/www.visit-ulcinj.com\/blog\/2009\/02\/09\/big-brother-albania-qetesori-ankohet-per-darken\/#breadcrumb"},"inLanguage":"en-US","potentialAction":[{"@type":"ReadAction","target":["https:\/\/www.visit-ulcinj.com\/blog\/2009\/02\/09\/big-brother-albania-qetesori-ankohet-per-darken\/"]}]},{"@type":"BreadcrumbList","@id":"https:\/\/www.visit-ulcinj.com\/blog\/2009\/02\/09\/big-brother-albania-qetesori-ankohet-per-darken\/#breadcrumb","itemListElement":[{"@type":"ListItem","position":1,"name":"Big Brother Albania: Qet\u00ebsori, ankohet p\u00ebr dark\u00ebn"}]},{"@type":"Person","@id":"https:\/\/www.visit-ulcinj.com\/blog\/#\/schema\/person\/dcab619c614d3038751c63bc2aadc06d","name":"ulqini","sameAs":["http:\/\/www.visit-ulcinj.com"],"url":"https:\/\/www.visit-ulcinj.com\/blog\/author\/admin\/"}]}},"jetpack_featured_media_url":"","jetpack_sharing_enabled":true,"jetpack_shortlink":"https:\/\/wp.me\/pe6lTn-2R3","_links":{"self":[{"href":"https:\/\/www.visit-ulcinj.com\/blog\/wp-json\/wp\/v2\/posts\/10977"}],"collection":[{"href":"https:\/\/www.visit-ulcinj.com\/blog\/wp-json\/wp\/v2\/posts"}],"about":[{"href":"https:\/\/www.visit-ulcinj.com\/blog\/wp-json\/wp\/v2\/types\/post"}],"author":[{"embeddable":true,"href":"https:\/\/www.visit-ulcinj.com\/blog\/wp-json\/wp\/v2\/users\/1"}],"replies":[{"embeddable":true,"href":"https:\/\/www.visit-ulcinj.com\/blog\/wp-json\/wp\/v2\/comments?post=10977"}],"version-history":[{"count":0,"href":"https:\/\/www.visit-ulcinj.com\/blog\/wp-json\/wp\/v2\/posts\/10977\/revisions"}],"wp:attachment":[{"href":"https:\/\/www.visit-ulcinj.com\/blog\/wp-json\/wp\/v2\/media?parent=10977"}],"wp:term":[{"taxonomy":"category","embeddable":true,"href":"https:\/\/www.visit-ulcinj.com\/blog\/wp-json\/wp\/v2\/categories?post=10977"},{"taxonomy":"post_tag","embeddable":true,"href":"https:\/\/www.visit-ulcinj.com\/blog\/wp-json\/wp\/v2\/tags?post=10977"}],"curies":[{"name":"wp","href":"https:\/\/api.w.org\/{rel}","templated":true}]}}