{"id":10994,"date":"2009-02-09T16:47:09","date_gmt":"2009-02-09T15:47:09","guid":{"rendered":"http:\/\/www.visit-ulcinj.com\/blog\/?p=10994"},"modified":"2009-02-09T16:47:09","modified_gmt":"2009-02-09T15:47:09","slug":"big-brother-fat-apo-merite","status":"publish","type":"post","link":"https:\/\/www.visit-ulcinj.com\/blog\/2009\/02\/09\/big-brother-fat-apo-merite\/","title":{"rendered":"Big Brother: Fat apo merit\u00eb?"},"content":{"rendered":"<p><strong><\/strong><a href=\"http:\/\/www.visit-ulcinj.com\/blog\/wp-content\/uploads\/2009\/02\/fat-apo-merite.jpg\"><img loading=\"lazy\" class=\"alignleft size-full wp-image-11002\" title=\"fat-apo-merite\" src=\"http:\/\/www.visit-ulcinj.com\/blog\/wp-content\/uploads\/2009\/02\/fat-apo-merite.jpg\" alt=\"fat-apo-merite\" width=\"300\" height=\"205\" \/><\/a>Nj\u00eb tjet\u00ebr diskutim \u00ebsht\u00eb zhvilluar mes banor\u00ebve t\u00eb sht\u00ebpis\u00eb: Hyrja n\u00eb Big Brother \u00ebsht\u00eb fat apo merit\u00eb? Sipas Erjoles, n\u00ebse ata jan\u00eb k\u00ebtu, arsyeja \u00ebsht\u00eb se dikush ka menduar se vlejn\u00eb, se kan\u00eb di\u00e7ka p\u00ebr t\u00eb treguar, q\u00eb t\u00eb tjer\u00ebt ia vlen ta shohin. Por nj\u00eb arsye tjet\u00ebr sipas Arjonit, mund t\u00eb jet\u00eb fakti q\u00eb autor\u00ebt kan\u00eb dashur t\u2019 i tregojn\u00eb publikut fytyr\u00ebn e tyre t\u00eb v\u00ebrtet\u00eb e jo at\u00eb q\u00eb ata mundohen t\u00eb shfaqin.-N\u00ebse un\u00eb b\u00ebj show,-thot\u00eb ai,- k\u00ebt\u00eb e b\u00ebj p\u00ebr veten time, q\u00eb t\u00eb m\u00eb hyj\u00eb di\u00e7ka n\u00eb xhep. N\u00eb k\u00ebt\u00eb bot\u00eb, sot, gjith\u00e7ka b\u00ebhet p\u00ebr an\u00ebn ekonomike. N\u00ebse kam hyr\u00eb, nuk besoj t\u00eb jet\u00eb shans, sepse un\u00eb kam fat n\u00eb dashuri e jo n\u00eb loj\u00eb!<\/p>\n<p><em><strong>Top Channel<\/strong><\/em><\/p>\n","protected":false},"excerpt":{"rendered":"<p>Nj\u00eb tjet\u00ebr diskutim \u00ebsht\u00eb zhvilluar mes banor\u00ebve t\u00eb sht\u00ebpis\u00eb: Hyrja n\u00eb Big Brother \u00ebsht\u00eb fat apo merit\u00eb? Sipas Erjoles, n\u00ebse ata jan\u00eb k\u00ebtu, arsyeja \u00ebsht\u00eb se dikush ka menduar se vlejn\u00eb, se kan\u00eb di\u00e7ka p\u00ebr t\u00eb treguar, q\u00eb t\u00eb tjer\u00ebt ia vlen ta shohin. Por nj\u00eb arsye tjet\u00ebr sipas Arjonit, mund t\u00eb jet\u00eb fakti q\u00eb [&hellip;]<\/p>\n","protected":false},"author":1,"featured_media":0,"comment_status":"open","ping_status":"closed","sticky":false,"template":"","format":"standard","meta":{"spay_email":"","jetpack_publicize_message":"","jetpack_is_tweetstorm":false,"jetpack_publicize_feature_enabled":true},"categories":[6502],"tags":[6504,6506,6611,6617,6604,6605,6606,6568,6607,6608,1563,6609,6610,5081],"jetpack_publicize_connections":[],"yoast_head":"<!-- This site is optimized with the Yoast SEO plugin v19.1 - https:\/\/yoast.com\/wordpress\/plugins\/seo\/ -->\n<title>Big Brother: Fat apo merit\u00eb? - Lajme nga Ulqini<\/title>\n<meta name=\"description\" content=\"Nj\u00eb tjet\u00ebr diskutim \u00ebsht\u00eb zhvilluar mes banor\u00ebve t\u00eb sht\u00ebpis\u00eb: Hyrja n\u00eb Big Brother \u00ebsht\u00eb fat apo merit\u00eb? Sipas Erjoles, n\u00ebse ata jan\u00eb k\u00ebtu, arsyeja \u00ebsht\u00eb\" \/>\n<meta name=\"robots\" content=\"index, follow, max-snippet:-1, max-image-preview:large, max-video-preview:-1\" \/>\n<link rel=\"canonical\" href=\"https:\/\/www.visit-ulcinj.com\/blog\/2009\/02\/09\/big-brother-fat-apo-merite\/\" \/>\n<meta property=\"og:locale\" content=\"en_US\" \/>\n<meta property=\"og:type\" content=\"article\" \/>\n<meta property=\"og:title\" content=\"Big Brother: Fat apo merit\u00eb? - Lajme nga Ulqini\" \/>\n<meta property=\"og:description\" content=\"Nj\u00eb tjet\u00ebr diskutim \u00ebsht\u00eb zhvilluar mes banor\u00ebve t\u00eb sht\u00ebpis\u00eb: Hyrja n\u00eb Big Brother \u00ebsht\u00eb fat apo merit\u00eb? Sipas Erjoles, n\u00ebse ata jan\u00eb k\u00ebtu, arsyeja \u00ebsht\u00eb\" \/>\n<meta property=\"og:url\" content=\"https:\/\/www.visit-ulcinj.com\/blog\/2009\/02\/09\/big-brother-fat-apo-merite\/\" \/>\n<meta property=\"og:site_name\" content=\"Lajme nga Ulqini\" \/>\n<meta property=\"article:published_time\" content=\"2009-02-09T15:47:09+00:00\" \/>\n<meta property=\"og:image\" content=\"http:\/\/www.visit-ulcinj.com\/blog\/wp-content\/uploads\/2009\/02\/fat-apo-merite.jpg\" \/>\n<meta name=\"twitter:label1\" content=\"Written by\" \/>\n\t<meta name=\"twitter:data1\" content=\"ulqini\" \/>\n\t<meta name=\"twitter:label2\" content=\"Est. reading time\" \/>\n\t<meta name=\"twitter:data2\" content=\"1 minute\" \/>\n<script type=\"application\/ld+json\" class=\"yoast-schema-graph\">{\"@context\":\"https:\/\/schema.org\",\"@graph\":[{\"@type\":\"WebSite\",\"@id\":\"https:\/\/www.visit-ulcinj.com\/blog\/#website\",\"url\":\"https:\/\/www.visit-ulcinj.com\/blog\/\",\"name\":\"Lajme nga Ulqini\",\"description\":\"Lajme,Vijesti,Ulqini,Ulqin,Crna Gora,Mali i Zi\",\"potentialAction\":[{\"@type\":\"SearchAction\",\"target\":{\"@type\":\"EntryPoint\",\"urlTemplate\":\"https:\/\/www.visit-ulcinj.com\/blog\/?s={search_term_string}\"},\"query-input\":\"required name=search_term_string\"}],\"inLanguage\":\"en-US\"},{\"@type\":\"ImageObject\",\"inLanguage\":\"en-US\",\"@id\":\"https:\/\/www.visit-ulcinj.com\/blog\/2009\/02\/09\/big-brother-fat-apo-merite\/#primaryimage\",\"url\":\"http:\/\/www.visit-ulcinj.com\/blog\/wp-content\/uploads\/2009\/02\/fat-apo-merite.jpg\",\"contentUrl\":\"http:\/\/www.visit-ulcinj.com\/blog\/wp-content\/uploads\/2009\/02\/fat-apo-merite.jpg\"},{\"@type\":\"WebPage\",\"@id\":\"https:\/\/www.visit-ulcinj.com\/blog\/2009\/02\/09\/big-brother-fat-apo-merite\/#webpage\",\"url\":\"https:\/\/www.visit-ulcinj.com\/blog\/2009\/02\/09\/big-brother-fat-apo-merite\/\",\"name\":\"Big Brother: Fat apo merit\u00eb? - Lajme nga Ulqini\",\"isPartOf\":{\"@id\":\"https:\/\/www.visit-ulcinj.com\/blog\/#website\"},\"primaryImageOfPage\":{\"@id\":\"https:\/\/www.visit-ulcinj.com\/blog\/2009\/02\/09\/big-brother-fat-apo-merite\/#primaryimage\"},\"datePublished\":\"2009-02-09T15:47:09+00:00\",\"dateModified\":\"2009-02-09T15:47:09+00:00\",\"author\":{\"@id\":\"https:\/\/www.visit-ulcinj.com\/blog\/#\/schema\/person\/dcab619c614d3038751c63bc2aadc06d\"},\"description\":\"Nj\u00eb tjet\u00ebr diskutim \u00ebsht\u00eb zhvilluar mes banor\u00ebve t\u00eb sht\u00ebpis\u00eb: Hyrja n\u00eb Big Brother \u00ebsht\u00eb fat apo merit\u00eb? Sipas Erjoles, n\u00ebse ata jan\u00eb k\u00ebtu, arsyeja \u00ebsht\u00eb\",\"breadcrumb\":{\"@id\":\"https:\/\/www.visit-ulcinj.com\/blog\/2009\/02\/09\/big-brother-fat-apo-merite\/#breadcrumb\"},\"inLanguage\":\"en-US\",\"potentialAction\":[{\"@type\":\"ReadAction\",\"target\":[\"https:\/\/www.visit-ulcinj.com\/blog\/2009\/02\/09\/big-brother-fat-apo-merite\/\"]}]},{\"@type\":\"BreadcrumbList\",\"@id\":\"https:\/\/www.visit-ulcinj.com\/blog\/2009\/02\/09\/big-brother-fat-apo-merite\/#breadcrumb\",\"itemListElement\":[{\"@type\":\"ListItem\",\"position\":1,\"name\":\"Big Brother: Fat apo merit\u00eb?\"}]},{\"@type\":\"Person\",\"@id\":\"https:\/\/www.visit-ulcinj.com\/blog\/#\/schema\/person\/dcab619c614d3038751c63bc2aadc06d\",\"name\":\"ulqini\",\"sameAs\":[\"http:\/\/www.visit-ulcinj.com\"],\"url\":\"https:\/\/www.visit-ulcinj.com\/blog\/author\/admin\/\"}]}<\/script>\n<!-- \/ Yoast SEO plugin. -->","yoast_head_json":{"title":"Big Brother: Fat apo merit\u00eb? - Lajme nga Ulqini","description":"Nj\u00eb tjet\u00ebr diskutim \u00ebsht\u00eb zhvilluar mes banor\u00ebve t\u00eb sht\u00ebpis\u00eb: Hyrja n\u00eb Big Brother \u00ebsht\u00eb fat apo merit\u00eb? Sipas Erjoles, n\u00ebse ata jan\u00eb k\u00ebtu, arsyeja \u00ebsht\u00eb","robots":{"index":"index","follow":"follow","max-snippet":"max-snippet:-1","max-image-preview":"max-image-preview:large","max-video-preview":"max-video-preview:-1"},"canonical":"https:\/\/www.visit-ulcinj.com\/blog\/2009\/02\/09\/big-brother-fat-apo-merite\/","og_locale":"en_US","og_type":"article","og_title":"Big Brother: Fat apo merit\u00eb? - Lajme nga Ulqini","og_description":"Nj\u00eb tjet\u00ebr diskutim \u00ebsht\u00eb zhvilluar mes banor\u00ebve t\u00eb sht\u00ebpis\u00eb: Hyrja n\u00eb Big Brother \u00ebsht\u00eb fat apo merit\u00eb? Sipas Erjoles, n\u00ebse ata jan\u00eb k\u00ebtu, arsyeja \u00ebsht\u00eb","og_url":"https:\/\/www.visit-ulcinj.com\/blog\/2009\/02\/09\/big-brother-fat-apo-merite\/","og_site_name":"Lajme nga Ulqini","article_published_time":"2009-02-09T15:47:09+00:00","og_image":[{"url":"http:\/\/www.visit-ulcinj.com\/blog\/wp-content\/uploads\/2009\/02\/fat-apo-merite.jpg"}],"twitter_misc":{"Written by":"ulqini","Est. reading time":"1 minute"},"schema":{"@context":"https:\/\/schema.org","@graph":[{"@type":"WebSite","@id":"https:\/\/www.visit-ulcinj.com\/blog\/#website","url":"https:\/\/www.visit-ulcinj.com\/blog\/","name":"Lajme nga Ulqini","description":"Lajme,Vijesti,Ulqini,Ulqin,Crna Gora,Mali i Zi","potentialAction":[{"@type":"SearchAction","target":{"@type":"EntryPoint","urlTemplate":"https:\/\/www.visit-ulcinj.com\/blog\/?s={search_term_string}"},"query-input":"required name=search_term_string"}],"inLanguage":"en-US"},{"@type":"ImageObject","inLanguage":"en-US","@id":"https:\/\/www.visit-ulcinj.com\/blog\/2009\/02\/09\/big-brother-fat-apo-merite\/#primaryimage","url":"http:\/\/www.visit-ulcinj.com\/blog\/wp-content\/uploads\/2009\/02\/fat-apo-merite.jpg","contentUrl":"http:\/\/www.visit-ulcinj.com\/blog\/wp-content\/uploads\/2009\/02\/fat-apo-merite.jpg"},{"@type":"WebPage","@id":"https:\/\/www.visit-ulcinj.com\/blog\/2009\/02\/09\/big-brother-fat-apo-merite\/#webpage","url":"https:\/\/www.visit-ulcinj.com\/blog\/2009\/02\/09\/big-brother-fat-apo-merite\/","name":"Big Brother: Fat apo merit\u00eb? - Lajme nga Ulqini","isPartOf":{"@id":"https:\/\/www.visit-ulcinj.com\/blog\/#website"},"primaryImageOfPage":{"@id":"https:\/\/www.visit-ulcinj.com\/blog\/2009\/02\/09\/big-brother-fat-apo-merite\/#primaryimage"},"datePublished":"2009-02-09T15:47:09+00:00","dateModified":"2009-02-09T15:47:09+00:00","author":{"@id":"https:\/\/www.visit-ulcinj.com\/blog\/#\/schema\/person\/dcab619c614d3038751c63bc2aadc06d"},"description":"Nj\u00eb tjet\u00ebr diskutim \u00ebsht\u00eb zhvilluar mes banor\u00ebve t\u00eb sht\u00ebpis\u00eb: Hyrja n\u00eb Big Brother \u00ebsht\u00eb fat apo merit\u00eb? Sipas Erjoles, n\u00ebse ata jan\u00eb k\u00ebtu, arsyeja \u00ebsht\u00eb","breadcrumb":{"@id":"https:\/\/www.visit-ulcinj.com\/blog\/2009\/02\/09\/big-brother-fat-apo-merite\/#breadcrumb"},"inLanguage":"en-US","potentialAction":[{"@type":"ReadAction","target":["https:\/\/www.visit-ulcinj.com\/blog\/2009\/02\/09\/big-brother-fat-apo-merite\/"]}]},{"@type":"BreadcrumbList","@id":"https:\/\/www.visit-ulcinj.com\/blog\/2009\/02\/09\/big-brother-fat-apo-merite\/#breadcrumb","itemListElement":[{"@type":"ListItem","position":1,"name":"Big Brother: Fat apo merit\u00eb?"}]},{"@type":"Person","@id":"https:\/\/www.visit-ulcinj.com\/blog\/#\/schema\/person\/dcab619c614d3038751c63bc2aadc06d","name":"ulqini","sameAs":["http:\/\/www.visit-ulcinj.com"],"url":"https:\/\/www.visit-ulcinj.com\/blog\/author\/admin\/"}]}},"jetpack_featured_media_url":"","jetpack_sharing_enabled":true,"jetpack_shortlink":"https:\/\/wp.me\/pe6lTn-2Rk","_links":{"self":[{"href":"https:\/\/www.visit-ulcinj.com\/blog\/wp-json\/wp\/v2\/posts\/10994"}],"collection":[{"href":"https:\/\/www.visit-ulcinj.com\/blog\/wp-json\/wp\/v2\/posts"}],"about":[{"href":"https:\/\/www.visit-ulcinj.com\/blog\/wp-json\/wp\/v2\/types\/post"}],"author":[{"embeddable":true,"href":"https:\/\/www.visit-ulcinj.com\/blog\/wp-json\/wp\/v2\/users\/1"}],"replies":[{"embeddable":true,"href":"https:\/\/www.visit-ulcinj.com\/blog\/wp-json\/wp\/v2\/comments?post=10994"}],"version-history":[{"count":0,"href":"https:\/\/www.visit-ulcinj.com\/blog\/wp-json\/wp\/v2\/posts\/10994\/revisions"}],"wp:attachment":[{"href":"https:\/\/www.visit-ulcinj.com\/blog\/wp-json\/wp\/v2\/media?parent=10994"}],"wp:term":[{"taxonomy":"category","embeddable":true,"href":"https:\/\/www.visit-ulcinj.com\/blog\/wp-json\/wp\/v2\/categories?post=10994"},{"taxonomy":"post_tag","embeddable":true,"href":"https:\/\/www.visit-ulcinj.com\/blog\/wp-json\/wp\/v2\/tags?post=10994"}],"curies":[{"name":"wp","href":"https:\/\/api.w.org\/{rel}","templated":true}]}}